{"id":11622,"date":"2016-03-05T22:40:51","date_gmt":"2016-03-05T21:40:51","guid":{"rendered":"http:\/\/vremeplov.ba\/?p=11622"},"modified":"2025-05-18T14:53:29","modified_gmt":"2025-05-18T12:53:29","slug":"red-voznje-za-1956-57-godinu-sarajevo","status":"publish","type":"post","link":"https:\/\/vremeplov.ba\/2025\/2016\/03\/05\/red-voznje-za-1956-57-godinu-sarajevo\/","title":{"rendered":"Red vo\u017enje za 1956.\/57. godinu, Sarajevo"},"content":{"rendered":"<p><a href=\"https:\/\/vremeplov.ba\/2025\/wp-content\/uploads\/2016\/03\/1.jpg\" rel=\"attachment wp-att-11623\"><img loading=\"lazy\" decoding=\"async\" class=\" wp-image-11623 alignleft\" src=\"https:\/\/vremeplov.ba\/2025\/wp-content\/uploads\/2016\/03\/1.jpg\" alt=\"1\" width=\"175\" height=\"237\" \/><\/a>Objavljujemo Red vo\u017enje za Sarajevo \u2013 dokazni primerak \u2013 koji va\u017ei od 3.VI 1956. g. za vozove, autobuse i avione u izdanju redakcije \u201eTransporta\u201c i \u201eLokomotive\u201c iz Beograda.<br \/>\n\u0160tamparija \u201eKosmos\u201c Beograd.<\/p>\n<p>U sadr\u017eaju knji\u017eice mo\u017eete vidjeti polaske vozova iz Sarajeva prema Beogradu (via Vrpolje &#8211; via \u010ca\u010dak), Zagrebu (via Vrpolje, via Banja Luka \u2013 Sunja), Dubrovniku i obratno te vozove za uzani kolosijek Kakanj \u2013 Zenica i natrag. Tako\u0111er, iz sadr\u017eaja polazak i dolazak autobusa i aviona iz\/za Sarajevo.<\/p>\n<p><img decoding=\"async\" class=\"ngg_displayed_gallery mceItem\" src=\"https:\/\/vremeplov.ba\/2025\/wp-admin\/?nextgen-attach_to_post=nextgen-attach_to_post\/preview\/id--11662\" alt=\"\" data-mce-placeholder=\"1\" \/><\/p>\n\n<div class=\"pgc-sgb-cb wp-block-pgcsimplygalleryblock-grid \" data-gallery-id=\"d4e72803\"><div class=\"sgb-preloader\" id=\"pr_d4e72803\">\n\t<div class=\"sgb-square\" style=\"background:#d4d4d4\"><\/div>\n\t<div class=\"sgb-square\" style=\"background:#d4d4d4\"><\/div>\n\t<div class=\"sgb-square\" style=\"background:#d4d4d4\"><\/div>\n\t<div class=\"sgb-square\" style=\"background:#d4d4d4\"><\/div><\/div><div class=\"simply-gallery-amp pgc_sgb_slider \"><noscript><div class=\"sgb-gallery\"><div class=\"sgb-item\"><a href=\"https:\/\/vremeplov.ba\/2025\/2016\/03\/05\/red-voznje-za-1956-57-godinu-sarajevo\/red-voznje-1956-57-1\/\" target=\"_blank\"><img decoding=\"async\" alt=\"\" width=\"743\" height=\"1000\" loading=\"lazy\" src=\"https:\/\/vremeplov.ba\/2025\/wp-content\/uploads\/2016\/03\/Red-voznje-1956-57-1.jpg\" srcset=\",https:\/\/vremeplov.ba\/2025\/wp-content\/uploads\/2016\/03\/Red-voznje-1956-57-1.jpg 743w\" sizes=\"auto, 250px\"\/><\/a><\/div><div class=\"sgb-item\"><a href=\"https:\/\/vremeplov.ba\/2025\/2016\/03\/05\/red-voznje-za-1956-57-godinu-sarajevo\/red-voznje-1956-57-2\/\" target=\"_blank\"><img decoding=\"async\" alt=\"\" width=\"1000\" height=\"665\" loading=\"lazy\" src=\"https:\/\/vremeplov.ba\/2025\/wp-content\/uploads\/2016\/03\/Red-voznje-1956-57-2.jpg\" srcset=\",https:\/\/vremeplov.ba\/2025\/wp-content\/uploads\/2016\/03\/Red-voznje-1956-57-2.jpg 1000w\" sizes=\"auto, 250px\"\/><\/a><\/div><div class=\"sgb-item\"><a href=\"https:\/\/vremeplov.ba\/2025\/2016\/03\/05\/red-voznje-za-1956-57-godinu-sarajevo\/red-voznje-1956-57-3\/\" target=\"_blank\"><img decoding=\"async\" alt=\"\" width=\"1000\" height=\"664\" loading=\"lazy\" src=\"https:\/\/vremeplov.ba\/2025\/wp-content\/uploads\/2016\/03\/Red-voznje-1956-57-3.jpg\" srcset=\",https:\/\/vremeplov.ba\/2025\/wp-content\/uploads\/2016\/03\/Red-voznje-1956-57-3.jpg 1000w\" sizes=\"auto, 250px\"\/><\/a><\/div><div class=\"sgb-item\"><a href=\"https:\/\/vremeplov.ba\/2025\/2016\/03\/05\/red-voznje-za-1956-57-godinu-sarajevo\/red-voznje-1956-57-4\/\" target=\"_blank\"><img decoding=\"async\" alt=\"\" width=\"819\" height=\"1200\" loading=\"lazy\" src=\"https:\/\/vremeplov.ba\/2025\/wp-content\/uploads\/2016\/03\/Red-voznje-1956-57-4.jpg\" srcset=\",https:\/\/vremeplov.ba\/2025\/wp-content\/uploads\/2016\/03\/Red-voznje-1956-57-4.jpg 819w\" sizes=\"auto, 250px\"\/><\/a><\/div><div class=\"sgb-item\"><a href=\"https:\/\/vremeplov.ba\/2025\/2016\/03\/05\/red-voznje-za-1956-57-godinu-sarajevo\/red-voznje-1956-57-5\/\" target=\"_blank\"><img decoding=\"async\" alt=\"\" width=\"802\" height=\"1200\" loading=\"lazy\" src=\"https:\/\/vremeplov.ba\/2025\/wp-content\/uploads\/2016\/03\/Red-voznje-1956-57-5.jpg\" srcset=\",https:\/\/vremeplov.ba\/2025\/wp-content\/uploads\/2016\/03\/Red-voznje-1956-57-5.jpg 802w\" sizes=\"auto, 250px\"\/><\/a><\/div><div class=\"sgb-item\"><a href=\"https:\/\/vremeplov.ba\/2025\/2016\/03\/05\/red-voznje-za-1956-57-godinu-sarajevo\/red-voznje-1956-57-6\/\" target=\"_blank\"><img decoding=\"async\" alt=\"\" width=\"801\" height=\"1200\" loading=\"lazy\" src=\"https:\/\/vremeplov.ba\/2025\/wp-content\/uploads\/2016\/03\/Red-voznje-1956-57-6.jpg\" srcset=\",https:\/\/vremeplov.ba\/2025\/wp-content\/uploads\/2016\/03\/Red-voznje-1956-57-6.jpg 801w\" sizes=\"auto, 250px\"\/><\/a><\/div><div class=\"sgb-item\"><a href=\"https:\/\/vremeplov.ba\/2025\/2016\/03\/05\/red-voznje-za-1956-57-godinu-sarajevo\/red-voznje-1956-57-7\/\" target=\"_blank\"><img decoding=\"async\" alt=\"\" width=\"1200\" height=\"818\" loading=\"lazy\" src=\"https:\/\/vremeplov.ba\/2025\/wp-content\/uploads\/2016\/03\/Red-voznje-1956-57-7.jpg\" srcset=\",https:\/\/vremeplov.ba\/2025\/wp-content\/uploads\/2016\/03\/Red-voznje-1956-57-7.jpg 1200w\" sizes=\"auto, 250px\"\/><\/a><\/div><div class=\"sgb-item\"><a href=\"https:\/\/vremeplov.ba\/2025\/2016\/03\/05\/red-voznje-za-1956-57-godinu-sarajevo\/red-voznje-1956-57-8\/\" target=\"_blank\"><img decoding=\"async\" alt=\"\" width=\"1200\" height=\"814\" loading=\"lazy\" src=\"https:\/\/vremeplov.ba\/2025\/wp-content\/uploads\/2016\/03\/Red-voznje-1956-57-8.jpg\" srcset=\",https:\/\/vremeplov.ba\/2025\/wp-content\/uploads\/2016\/03\/Red-voznje-1956-57-8.jpg 1200w\" sizes=\"auto, 250px\"\/><\/a><\/div><div class=\"sgb-item\"><a href=\"https:\/\/vremeplov.ba\/2025\/2016\/03\/05\/red-voznje-za-1956-57-godinu-sarajevo\/red-voznje-1956-57-9\/\" target=\"_blank\"><img decoding=\"async\" alt=\"\" width=\"1200\" height=\"814\" loading=\"lazy\" src=\"https:\/\/vremeplov.ba\/2025\/wp-content\/uploads\/2016\/03\/Red-voznje-1956-57-9.jpg\" srcset=\",https:\/\/vremeplov.ba\/2025\/wp-content\/uploads\/2016\/03\/Red-voznje-1956-57-9.jpg 1200w\" sizes=\"auto, 250px\"\/><\/a><\/div><div class=\"sgb-item\"><a href=\"https:\/\/vremeplov.ba\/2025\/2016\/03\/05\/red-voznje-za-1956-57-godinu-sarajevo\/red-voznje-1956-57-10\/\" target=\"_blank\"><img decoding=\"async\" alt=\"\" width=\"813\" height=\"1200\" loading=\"lazy\" src=\"https:\/\/vremeplov.ba\/2025\/wp-content\/uploads\/2016\/03\/Red-voznje-1956-57-10.jpg\" srcset=\",https:\/\/vremeplov.ba\/2025\/wp-content\/uploads\/2016\/03\/Red-voznje-1956-57-10.jpg 813w\" sizes=\"auto, 250px\"\/><\/a><\/div><div class=\"sgb-item\"><a href=\"https:\/\/vremeplov.ba\/2025\/2016\/03\/05\/red-voznje-za-1956-57-godinu-sarajevo\/red-voznje-1956-57-11\/\" target=\"_blank\"><img decoding=\"async\" alt=\"\" width=\"833\" height=\"1200\" loading=\"lazy\" src=\"https:\/\/vremeplov.ba\/2025\/wp-content\/uploads\/2016\/03\/Red-voznje-1956-57-11.jpg\" srcset=\",https:\/\/vremeplov.ba\/2025\/wp-content\/uploads\/2016\/03\/Red-voznje-1956-57-11.jpg 833w\" sizes=\"auto, 250px\"\/><\/a><\/div><div class=\"sgb-item\"><a href=\"https:\/\/vremeplov.ba\/2025\/2016\/03\/05\/red-voznje-za-1956-57-godinu-sarajevo\/red-voznje-1956-57-12\/\" target=\"_blank\"><img decoding=\"async\" alt=\"\" width=\"836\" height=\"1200\" loading=\"lazy\" src=\"https:\/\/vremeplov.ba\/2025\/wp-content\/uploads\/2016\/03\/Red-voznje-1956-57-12.jpg\" srcset=\",https:\/\/vremeplov.ba\/2025\/wp-content\/uploads\/2016\/03\/Red-voznje-1956-57-12.jpg 836w\" sizes=\"auto, 250px\"\/><\/a><\/div><div class=\"sgb-item\"><a href=\"https:\/\/vremeplov.ba\/2025\/2016\/03\/05\/red-voznje-za-1956-57-godinu-sarajevo\/red-voznje-1956-57-13\/\" target=\"_blank\"><img decoding=\"async\" alt=\"\" width=\"819\" height=\"1200\" loading=\"lazy\" src=\"https:\/\/vremeplov.ba\/2025\/wp-content\/uploads\/2016\/03\/Red-voznje-1956-57-13.jpg\" srcset=\",https:\/\/vremeplov.ba\/2025\/wp-content\/uploads\/2016\/03\/Red-voznje-1956-57-13.jpg 819w\" sizes=\"auto, 250px\"\/><\/a><\/div><div class=\"sgb-item\"><a href=\"https:\/\/vremeplov.ba\/2025\/2016\/03\/05\/red-voznje-za-1956-57-godinu-sarajevo\/red-voznje-1956-57-14\/\" target=\"_blank\"><img decoding=\"async\" alt=\"\" width=\"1200\" height=\"824\" loading=\"lazy\" src=\"https:\/\/vremeplov.ba\/2025\/wp-content\/uploads\/2016\/03\/Red-voznje-1956-57-14.jpg\" srcset=\",https:\/\/vremeplov.ba\/2025\/wp-content\/uploads\/2016\/03\/Red-voznje-1956-57-14.jpg 1200w\" sizes=\"auto, 250px\"\/><\/a><\/div><div class=\"sgb-item\"><a href=\"https:\/\/vremeplov.ba\/2025\/2016\/03\/05\/red-voznje-za-1956-57-godinu-sarajevo\/red-voznje-1956-57-15\/\" target=\"_blank\"><img decoding=\"async\" alt=\"\" width=\"1200\" height=\"826\" loading=\"lazy\" src=\"https:\/\/vremeplov.ba\/2025\/wp-content\/uploads\/2016\/03\/Red-voznje-1956-57-15.jpg\" srcset=\",https:\/\/vremeplov.ba\/2025\/wp-content\/uploads\/2016\/03\/Red-voznje-1956-57-15.jpg 1200w\" sizes=\"auto, 250px\"\/><\/a><\/div><div class=\"sgb-item\"><a href=\"https:\/\/vremeplov.ba\/2025\/2016\/03\/05\/red-voznje-za-1956-57-godinu-sarajevo\/red-voznje-1956-57-16\/\" target=\"_blank\"><img decoding=\"async\" alt=\"\" width=\"818\" height=\"1200\" loading=\"lazy\" src=\"https:\/\/vremeplov.ba\/2025\/wp-content\/uploads\/2016\/03\/Red-voznje-1956-57-16.jpg\" srcset=\",https:\/\/vremeplov.ba\/2025\/wp-content\/uploads\/2016\/03\/Red-voznje-1956-57-16.jpg 818w\" sizes=\"auto, 250px\"\/><\/a><\/div><div class=\"sgb-item\"><a href=\"https:\/\/vremeplov.ba\/2025\/2016\/03\/05\/red-voznje-za-1956-57-godinu-sarajevo\/red-voznje-1956-57-17\/\" target=\"_blank\"><img decoding=\"async\" alt=\"\" width=\"1200\" height=\"828\" loading=\"lazy\" src=\"https:\/\/vremeplov.ba\/2025\/wp-content\/uploads\/2016\/03\/Red-voznje-1956-57-17.jpg\" srcset=\",https:\/\/vremeplov.ba\/2025\/wp-content\/uploads\/2016\/03\/Red-voznje-1956-57-17.jpg 1200w\" sizes=\"auto, 250px\"\/><\/a><\/div><div class=\"sgb-item\"><a href=\"https:\/\/vremeplov.ba\/2025\/2016\/03\/05\/red-voznje-za-1956-57-godinu-sarajevo\/red-voznje-1956-57-18\/\" target=\"_blank\"><img decoding=\"async\" alt=\"\" width=\"1200\" height=\"795\" loading=\"lazy\" src=\"https:\/\/vremeplov.ba\/2025\/wp-content\/uploads\/2016\/03\/Red-voznje-1956-57-18.jpg\" srcset=\",https:\/\/vremeplov.ba\/2025\/wp-content\/uploads\/2016\/03\/Red-voznje-1956-57-18.jpg 1200w\" sizes=\"auto, 250px\"\/><\/a><\/div><\/div><\/noscript><\/div><script type=\"application\/json\" class=\"sgb-data\">{\"collectionColumns\":5,\"collectionThumbRecomendedWidth\":100,\"externalLink\":false,\"captions\":false,\"collectionThumbSubMenuDownload\":false,\"collectionThumbSubMenuShare\":false,\"galleryType\":\"pgc_sgb_grid\",\"galleryId\":\"d4e72803\",\"images\":[{\"id\":28159,\"title\":\"Red-voznje-1956-57-1\",\"url\":\"https:\/\/vremeplov.ba\/2025\/wp-content\/uploads\/2016\/03\/Red-voznje-1956-57-1.jpg\",\"link\":\"https:\/\/vremeplov.ba\/2025\/2016\/03\/05\/red-voznje-za-1956-57-godinu-sarajevo\/red-voznje-1956-57-1\/\",\"alt\":\"\",\"description\":\"\",\"caption\":\"\",\"mime\":\"image\/jpeg\",\"type\":\"image\",\"width\":743,\"height\":1000,\"sizes\":{\"full\":{\"url\":\"https:\/\/vremeplov.ba\/2025\/wp-content\/uploads\/2016\/03\/Red-voznje-1956-57-1.jpg\",\"height\":1000,\"width\":743,\"orientation\":\"portrait\"}},\"imageMeta\":{\"aperture\":\"0\",\"credit\":\"Srecko Ignjatovic, Sarajevo, BiH\",\"camera\":\"HP Scanjet 2400\",\"caption\":\"\",\"created_timestamp\":\"0\",\"copyright\":\"www.photogalerija.com\",\"focal_length\":\"0\",\"iso\":\"0\",\"shutter_speed\":\"0\",\"title\":\"\",\"orientation\":\"1\",\"keywords\":[\"red vo\u017enje\",\"kurir\",\"vozni red vozova\"]},\"meta\":false,\"postlink\":\"https:\/\/vremeplov.ba\/2025\/2016\/03\/05\/red-voznje-za-1956-57-godinu-sarajevo\/red-voznje-1956-57-1\/\"},{\"id\":28160,\"title\":\"Red-voznje-1956-57-2\",\"url\":\"https:\/\/vremeplov.ba\/2025\/wp-content\/uploads\/2016\/03\/Red-voznje-1956-57-2.jpg\",\"link\":\"https:\/\/vremeplov.ba\/2025\/2016\/03\/05\/red-voznje-za-1956-57-godinu-sarajevo\/red-voznje-1956-57-2\/\",\"alt\":\"\",\"description\":\"\",\"caption\":\"\",\"mime\":\"image\/jpeg\",\"type\":\"image\",\"width\":1000,\"height\":665,\"sizes\":{\"full\":{\"url\":\"https:\/\/vremeplov.ba\/2025\/wp-content\/uploads\/2016\/03\/Red-voznje-1956-57-2.jpg\",\"height\":665,\"width\":1000,\"orientation\":\"landscape\"}},\"imageMeta\":{\"aperture\":\"0\",\"credit\":\"Srecko Ignjatovic, Sarajevo, BiH\",\"camera\":\"HP Scanjet 2400\",\"caption\":\"\",\"created_timestamp\":\"0\",\"copyright\":\"www.photogalerija.com\",\"focal_length\":\"0\",\"iso\":\"0\",\"shutter_speed\":\"0\",\"title\":\"\",\"orientation\":\"1\",\"keywords\":[\"red vo\u017enje\",\"kurir\",\"vozni red vozova\"]},\"meta\":false,\"postlink\":\"https:\/\/vremeplov.ba\/2025\/2016\/03\/05\/red-voznje-za-1956-57-godinu-sarajevo\/red-voznje-1956-57-2\/\"},{\"id\":28161,\"title\":\"Red-voznje-1956-57-3\",\"url\":\"https:\/\/vremeplov.ba\/2025\/wp-content\/uploads\/2016\/03\/Red-voznje-1956-57-3.jpg\",\"link\":\"https:\/\/vremeplov.ba\/2025\/2016\/03\/05\/red-voznje-za-1956-57-godinu-sarajevo\/red-voznje-1956-57-3\/\",\"alt\":\"\",\"description\":\"\",\"caption\":\"\",\"mime\":\"image\/jpeg\",\"type\":\"image\",\"width\":1000,\"height\":664,\"sizes\":{\"full\":{\"url\":\"https:\/\/vremeplov.ba\/2025\/wp-content\/uploads\/2016\/03\/Red-voznje-1956-57-3.jpg\",\"height\":664,\"width\":1000,\"orientation\":\"landscape\"}},\"imageMeta\":{\"aperture\":\"0\",\"credit\":\"Srecko Ignjatovic, Sarajevo, BiH\",\"camera\":\"HP Scanjet 2400\",\"caption\":\"\",\"created_timestamp\":\"0\",\"copyright\":\"www.photogalerija.com\",\"focal_length\":\"0\",\"iso\":\"0\",\"shutter_speed\":\"0\",\"title\":\"\",\"orientation\":\"1\",\"keywords\":[\"red vo\u017enje\",\"kurir\",\"vozni red vozova\"]},\"meta\":false,\"postlink\":\"https:\/\/vremeplov.ba\/2025\/2016\/03\/05\/red-voznje-za-1956-57-godinu-sarajevo\/red-voznje-1956-57-3\/\"},{\"id\":28162,\"title\":\"Red-voznje-1956-57-4\",\"url\":\"https:\/\/vremeplov.ba\/2025\/wp-content\/uploads\/2016\/03\/Red-voznje-1956-57-4.jpg\",\"link\":\"https:\/\/vremeplov.ba\/2025\/2016\/03\/05\/red-voznje-za-1956-57-godinu-sarajevo\/red-voznje-1956-57-4\/\",\"alt\":\"\",\"description\":\"\",\"caption\":\"\",\"mime\":\"image\/jpeg\",\"type\":\"image\",\"width\":819,\"height\":1200,\"sizes\":{\"full\":{\"url\":\"https:\/\/vremeplov.ba\/2025\/wp-content\/uploads\/2016\/03\/Red-voznje-1956-57-4.jpg\",\"height\":1200,\"width\":819,\"orientation\":\"portrait\"}},\"imageMeta\":{\"aperture\":\"0\",\"credit\":\"Srecko Ignjatovic, Sarajevo, BiH\",\"camera\":\"HP Scanjet 2400\",\"caption\":\"\",\"created_timestamp\":\"0\",\"copyright\":\"www.photogalerija.com\",\"focal_length\":\"0\",\"iso\":\"0\",\"shutter_speed\":\"0\",\"title\":\"\",\"orientation\":\"1\",\"keywords\":[\"red vo\u017enje\",\"kurir\",\"vozni red vozova\"]},\"meta\":false,\"postlink\":\"https:\/\/vremeplov.ba\/2025\/2016\/03\/05\/red-voznje-za-1956-57-godinu-sarajevo\/red-voznje-1956-57-4\/\"},{\"id\":28164,\"title\":\"Red-voznje-1956-57-5\",\"url\":\"https:\/\/vremeplov.ba\/2025\/wp-content\/uploads\/2016\/03\/Red-voznje-1956-57-5.jpg\",\"link\":\"https:\/\/vremeplov.ba\/2025\/2016\/03\/05\/red-voznje-za-1956-57-godinu-sarajevo\/red-voznje-1956-57-5\/\",\"alt\":\"\",\"description\":\"\",\"caption\":\"\",\"mime\":\"image\/jpeg\",\"type\":\"image\",\"width\":802,\"height\":1200,\"sizes\":{\"full\":{\"url\":\"https:\/\/vremeplov.ba\/2025\/wp-content\/uploads\/2016\/03\/Red-voznje-1956-57-5.jpg\",\"height\":1200,\"width\":802,\"orientation\":\"portrait\"}},\"imageMeta\":{\"aperture\":\"0\",\"credit\":\"Srecko Ignjatovic, Sarajevo, BiH\",\"camera\":\"HP Scanjet 2400\",\"caption\":\"\",\"created_timestamp\":\"0\",\"copyright\":\"www.photogalerija.com\",\"focal_length\":\"0\",\"iso\":\"0\",\"shutter_speed\":\"0\",\"title\":\"\",\"orientation\":\"1\",\"keywords\":[\"red vo\u017enje\",\"kurir\",\"vozni red vozova\"]},\"meta\":false,\"postlink\":\"https:\/\/vremeplov.ba\/2025\/2016\/03\/05\/red-voznje-za-1956-57-godinu-sarajevo\/red-voznje-1956-57-5\/\"},{\"id\":28165,\"title\":\"Red-voznje-1956-57-6\",\"url\":\"https:\/\/vremeplov.ba\/2025\/wp-content\/uploads\/2016\/03\/Red-voznje-1956-57-6.jpg\",\"link\":\"https:\/\/vremeplov.ba\/2025\/2016\/03\/05\/red-voznje-za-1956-57-godinu-sarajevo\/red-voznje-1956-57-6\/\",\"alt\":\"\",\"description\":\"\",\"caption\":\"\",\"mime\":\"image\/jpeg\",\"type\":\"image\",\"width\":801,\"height\":1200,\"sizes\":{\"full\":{\"url\":\"https:\/\/vremeplov.ba\/2025\/wp-content\/uploads\/2016\/03\/Red-voznje-1956-57-6.jpg\",\"height\":1200,\"width\":801,\"orientation\":\"portrait\"}},\"imageMeta\":{\"aperture\":\"0\",\"credit\":\"Srecko Ignjatovic, Sarajevo, BiH\",\"camera\":\"HP Scanjet 2400\",\"caption\":\"\",\"created_timestamp\":\"0\",\"copyright\":\"www.photogalerija.com\",\"focal_length\":\"0\",\"iso\":\"0\",\"shutter_speed\":\"0\",\"title\":\"\",\"orientation\":\"1\",\"keywords\":[\"red vo\u017enje\",\"kurir\",\"vozni red vozova\"]},\"meta\":false,\"postlink\":\"https:\/\/vremeplov.ba\/2025\/2016\/03\/05\/red-voznje-za-1956-57-godinu-sarajevo\/red-voznje-1956-57-6\/\"},{\"id\":28166,\"title\":\"Red-voznje-1956-57-7\",\"url\":\"https:\/\/vremeplov.ba\/2025\/wp-content\/uploads\/2016\/03\/Red-voznje-1956-57-7.jpg\",\"link\":\"https:\/\/vremeplov.ba\/2025\/2016\/03\/05\/red-voznje-za-1956-57-godinu-sarajevo\/red-voznje-1956-57-7\/\",\"alt\":\"\",\"description\":\"\",\"caption\":\"\",\"mime\":\"image\/jpeg\",\"type\":\"image\",\"width\":1200,\"height\":818,\"sizes\":{\"full\":{\"url\":\"https:\/\/vremeplov.ba\/2025\/wp-content\/uploads\/2016\/03\/Red-voznje-1956-57-7.jpg\",\"height\":818,\"width\":1200,\"orientation\":\"landscape\"}},\"imageMeta\":{\"aperture\":\"0\",\"credit\":\"Srecko Ignjatovic, Sarajevo, BiH\",\"camera\":\"HP Scanjet 2400\",\"caption\":\"\",\"created_timestamp\":\"0\",\"copyright\":\"www.photogalerija.com\",\"focal_length\":\"0\",\"iso\":\"0\",\"shutter_speed\":\"0\",\"title\":\"\",\"orientation\":\"1\",\"keywords\":[\"red vo\u017enje\",\"kurir\",\"vozni red vozova\"]},\"meta\":false,\"postlink\":\"https:\/\/vremeplov.ba\/2025\/2016\/03\/05\/red-voznje-za-1956-57-godinu-sarajevo\/red-voznje-1956-57-7\/\"},{\"id\":28167,\"title\":\"Red-voznje-1956-57-8\",\"url\":\"https:\/\/vremeplov.ba\/2025\/wp-content\/uploads\/2016\/03\/Red-voznje-1956-57-8.jpg\",\"link\":\"https:\/\/vremeplov.ba\/2025\/2016\/03\/05\/red-voznje-za-1956-57-godinu-sarajevo\/red-voznje-1956-57-8\/\",\"alt\":\"\",\"description\":\"\",\"caption\":\"\",\"mime\":\"image\/jpeg\",\"type\":\"image\",\"width\":1200,\"height\":814,\"sizes\":{\"full\":{\"url\":\"https:\/\/vremeplov.ba\/2025\/wp-content\/uploads\/2016\/03\/Red-voznje-1956-57-8.jpg\",\"height\":814,\"width\":1200,\"orientation\":\"landscape\"}},\"imageMeta\":{\"aperture\":\"0\",\"credit\":\"Srecko Ignjatovic, Sarajevo, BiH\",\"camera\":\"HP Scanjet 2400\",\"caption\":\"\",\"created_timestamp\":\"0\",\"copyright\":\"www.photogalerija.com\",\"focal_length\":\"0\",\"iso\":\"0\",\"shutter_speed\":\"0\",\"title\":\"\",\"orientation\":\"1\",\"keywords\":[\"red vo\u017enje\",\"kurir\",\"vozni red vozova\"]},\"meta\":false,\"postlink\":\"https:\/\/vremeplov.ba\/2025\/2016\/03\/05\/red-voznje-za-1956-57-godinu-sarajevo\/red-voznje-1956-57-8\/\"},{\"id\":28168,\"title\":\"Red-voznje-1956-57-9\",\"url\":\"https:\/\/vremeplov.ba\/2025\/wp-content\/uploads\/2016\/03\/Red-voznje-1956-57-9.jpg\",\"link\":\"https:\/\/vremeplov.ba\/2025\/2016\/03\/05\/red-voznje-za-1956-57-godinu-sarajevo\/red-voznje-1956-57-9\/\",\"alt\":\"\",\"description\":\"\",\"caption\":\"\",\"mime\":\"image\/jpeg\",\"type\":\"image\",\"width\":1200,\"height\":814,\"sizes\":{\"full\":{\"url\":\"https:\/\/vremeplov.ba\/2025\/wp-content\/uploads\/2016\/03\/Red-voznje-1956-57-9.jpg\",\"height\":814,\"width\":1200,\"orientation\":\"landscape\"}},\"imageMeta\":{\"aperture\":\"0\",\"credit\":\"Srecko Ignjatovic, Sarajevo, BiH\",\"camera\":\"HP Scanjet 2400\",\"caption\":\"\",\"created_timestamp\":\"0\",\"copyright\":\"www.photogalerija.com\",\"focal_length\":\"0\",\"iso\":\"0\",\"shutter_speed\":\"0\",\"title\":\"\",\"orientation\":\"1\",\"keywords\":[\"red vo\u017enje\",\"kurir\",\"vozni red vozova\"]},\"meta\":false,\"postlink\":\"https:\/\/vremeplov.ba\/2025\/2016\/03\/05\/red-voznje-za-1956-57-godinu-sarajevo\/red-voznje-1956-57-9\/\"},{\"id\":28169,\"title\":\"Red-voznje-1956-57-10\",\"url\":\"https:\/\/vremeplov.ba\/2025\/wp-content\/uploads\/2016\/03\/Red-voznje-1956-57-10.jpg\",\"link\":\"https:\/\/vremeplov.ba\/2025\/2016\/03\/05\/red-voznje-za-1956-57-godinu-sarajevo\/red-voznje-1956-57-10\/\",\"alt\":\"\",\"description\":\"\",\"caption\":\"\",\"mime\":\"image\/jpeg\",\"type\":\"image\",\"width\":813,\"height\":1200,\"sizes\":{\"full\":{\"url\":\"https:\/\/vremeplov.ba\/2025\/wp-content\/uploads\/2016\/03\/Red-voznje-1956-57-10.jpg\",\"height\":1200,\"width\":813,\"orientation\":\"portrait\"}},\"imageMeta\":{\"aperture\":\"0\",\"credit\":\"Srecko Ignjatovic, Sarajevo, BiH\",\"camera\":\"HP Scanjet 2400\",\"caption\":\"\",\"created_timestamp\":\"0\",\"copyright\":\"www.photogalerija.com\",\"focal_length\":\"0\",\"iso\":\"0\",\"shutter_speed\":\"0\",\"title\":\"\",\"orientation\":\"1\",\"keywords\":[\"red vo\u017enje\",\"kurir\",\"vozni red vozova\"]},\"meta\":false,\"postlink\":\"https:\/\/vremeplov.ba\/2025\/2016\/03\/05\/red-voznje-za-1956-57-godinu-sarajevo\/red-voznje-1956-57-10\/\"},{\"id\":28170,\"title\":\"Red-voznje-1956-57-11\",\"url\":\"https:\/\/vremeplov.ba\/2025\/wp-content\/uploads\/2016\/03\/Red-voznje-1956-57-11.jpg\",\"link\":\"https:\/\/vremeplov.ba\/2025\/2016\/03\/05\/red-voznje-za-1956-57-godinu-sarajevo\/red-voznje-1956-57-11\/\",\"alt\":\"\",\"description\":\"\",\"caption\":\"\",\"mime\":\"image\/jpeg\",\"type\":\"image\",\"width\":833,\"height\":1200,\"sizes\":{\"full\":{\"url\":\"https:\/\/vremeplov.ba\/2025\/wp-content\/uploads\/2016\/03\/Red-voznje-1956-57-11.jpg\",\"height\":1200,\"width\":833,\"orientation\":\"portrait\"}},\"imageMeta\":{\"aperture\":\"0\",\"credit\":\"Srecko Ignjatovic, Sarajevo, BiH\",\"camera\":\"HP Scanjet 2400\",\"caption\":\"\",\"created_timestamp\":\"0\",\"copyright\":\"www.photogalerija.com\",\"focal_length\":\"0\",\"iso\":\"0\",\"shutter_speed\":\"0\",\"title\":\"\",\"orientation\":\"1\",\"keywords\":[\"red vo\u017enje\",\"kurir\",\"vozni red vozova\"]},\"meta\":false,\"postlink\":\"https:\/\/vremeplov.ba\/2025\/2016\/03\/05\/red-voznje-za-1956-57-godinu-sarajevo\/red-voznje-1956-57-11\/\"},{\"id\":28171,\"title\":\"Red-voznje-1956-57-12\",\"url\":\"https:\/\/vremeplov.ba\/2025\/wp-content\/uploads\/2016\/03\/Red-voznje-1956-57-12.jpg\",\"link\":\"https:\/\/vremeplov.ba\/2025\/2016\/03\/05\/red-voznje-za-1956-57-godinu-sarajevo\/red-voznje-1956-57-12\/\",\"alt\":\"\",\"description\":\"\",\"caption\":\"\",\"mime\":\"image\/jpeg\",\"type\":\"image\",\"width\":836,\"height\":1200,\"sizes\":{\"full\":{\"url\":\"https:\/\/vremeplov.ba\/2025\/wp-content\/uploads\/2016\/03\/Red-voznje-1956-57-12.jpg\",\"height\":1200,\"width\":836,\"orientation\":\"portrait\"}},\"imageMeta\":{\"aperture\":\"0\",\"credit\":\"Srecko Ignjatovic, Sarajevo, BiH\",\"camera\":\"HP Scanjet 2400\",\"caption\":\"\",\"created_timestamp\":\"0\",\"copyright\":\"www.photogalerija.com\",\"focal_length\":\"0\",\"iso\":\"0\",\"shutter_speed\":\"0\",\"title\":\"\",\"orientation\":\"1\",\"keywords\":[\"red vo\u017enje\",\"kurir\",\"vozni red vozova\"]},\"meta\":false,\"postlink\":\"https:\/\/vremeplov.ba\/2025\/2016\/03\/05\/red-voznje-za-1956-57-godinu-sarajevo\/red-voznje-1956-57-12\/\"},{\"id\":28172,\"title\":\"Red-voznje-1956-57-13\",\"url\":\"https:\/\/vremeplov.ba\/2025\/wp-content\/uploads\/2016\/03\/Red-voznje-1956-57-13.jpg\",\"link\":\"https:\/\/vremeplov.ba\/2025\/2016\/03\/05\/red-voznje-za-1956-57-godinu-sarajevo\/red-voznje-1956-57-13\/\",\"alt\":\"\",\"description\":\"\",\"caption\":\"\",\"mime\":\"image\/jpeg\",\"type\":\"image\",\"width\":819,\"height\":1200,\"sizes\":{\"full\":{\"url\":\"https:\/\/vremeplov.ba\/2025\/wp-content\/uploads\/2016\/03\/Red-voznje-1956-57-13.jpg\",\"height\":1200,\"width\":819,\"orientation\":\"portrait\"}},\"imageMeta\":{\"aperture\":\"0\",\"credit\":\"Srecko Ignjatovic, Sarajevo, BiH\",\"camera\":\"HP Scanjet 2400\",\"caption\":\"\",\"created_timestamp\":\"0\",\"copyright\":\"www.photogalerija.com\",\"focal_length\":\"0\",\"iso\":\"0\",\"shutter_speed\":\"0\",\"title\":\"\",\"orientation\":\"1\",\"keywords\":[\"red vo\u017enje\",\"kurir\",\"vozni red vozova\"]},\"meta\":false,\"postlink\":\"https:\/\/vremeplov.ba\/2025\/2016\/03\/05\/red-voznje-za-1956-57-godinu-sarajevo\/red-voznje-1956-57-13\/\"},{\"id\":28173,\"title\":\"Red-voznje-1956-57-14\",\"url\":\"https:\/\/vremeplov.ba\/2025\/wp-content\/uploads\/2016\/03\/Red-voznje-1956-57-14.jpg\",\"link\":\"https:\/\/vremeplov.ba\/2025\/2016\/03\/05\/red-voznje-za-1956-57-godinu-sarajevo\/red-voznje-1956-57-14\/\",\"alt\":\"\",\"description\":\"\",\"caption\":\"\",\"mime\":\"image\/jpeg\",\"type\":\"image\",\"width\":1200,\"height\":824,\"sizes\":{\"full\":{\"url\":\"https:\/\/vremeplov.ba\/2025\/wp-content\/uploads\/2016\/03\/Red-voznje-1956-57-14.jpg\",\"height\":824,\"width\":1200,\"orientation\":\"landscape\"}},\"imageMeta\":{\"aperture\":\"0\",\"credit\":\"Srecko Ignjatovic, Sarajevo, BiH\",\"camera\":\"HP Scanjet 2400\",\"caption\":\"\",\"created_timestamp\":\"0\",\"copyright\":\"www.photogalerija.com\",\"focal_length\":\"0\",\"iso\":\"0\",\"shutter_speed\":\"0\",\"title\":\"\",\"orientation\":\"1\",\"keywords\":[\"red vo\u017enje\",\"kurir\",\"vozni red vozova\"]},\"meta\":false,\"postlink\":\"https:\/\/vremeplov.ba\/2025\/2016\/03\/05\/red-voznje-za-1956-57-godinu-sarajevo\/red-voznje-1956-57-14\/\"},{\"id\":28174,\"title\":\"Red-voznje-1956-57-15\",\"url\":\"https:\/\/vremeplov.ba\/2025\/wp-content\/uploads\/2016\/03\/Red-voznje-1956-57-15.jpg\",\"link\":\"https:\/\/vremeplov.ba\/2025\/2016\/03\/05\/red-voznje-za-1956-57-godinu-sarajevo\/red-voznje-1956-57-15\/\",\"alt\":\"\",\"description\":\"\",\"caption\":\"\",\"mime\":\"image\/jpeg\",\"type\":\"image\",\"width\":1200,\"height\":826,\"sizes\":{\"full\":{\"url\":\"https:\/\/vremeplov.ba\/2025\/wp-content\/uploads\/2016\/03\/Red-voznje-1956-57-15.jpg\",\"height\":826,\"width\":1200,\"orientation\":\"landscape\"}},\"imageMeta\":{\"aperture\":\"0\",\"credit\":\"Srecko Ignjatovic, Sarajevo, BiH\",\"camera\":\"HP Scanjet 2400\",\"caption\":\"\",\"created_timestamp\":\"0\",\"copyright\":\"www.photogalerija.com\",\"focal_length\":\"0\",\"iso\":\"0\",\"shutter_speed\":\"0\",\"title\":\"\",\"orientation\":\"1\",\"keywords\":[\"red vo\u017enje\",\"kurir\",\"vozni red vozova\"]},\"meta\":false,\"postlink\":\"https:\/\/vremeplov.ba\/2025\/2016\/03\/05\/red-voznje-za-1956-57-godinu-sarajevo\/red-voznje-1956-57-15\/\"},{\"id\":28175,\"title\":\"Red-voznje-1956-57-16\",\"url\":\"https:\/\/vremeplov.ba\/2025\/wp-content\/uploads\/2016\/03\/Red-voznje-1956-57-16.jpg\",\"link\":\"https:\/\/vremeplov.ba\/2025\/2016\/03\/05\/red-voznje-za-1956-57-godinu-sarajevo\/red-voznje-1956-57-16\/\",\"alt\":\"\",\"description\":\"\",\"caption\":\"\",\"mime\":\"image\/jpeg\",\"type\":\"image\",\"width\":818,\"height\":1200,\"sizes\":{\"full\":{\"url\":\"https:\/\/vremeplov.ba\/2025\/wp-content\/uploads\/2016\/03\/Red-voznje-1956-57-16.jpg\",\"height\":1200,\"width\":818,\"orientation\":\"portrait\"}},\"imageMeta\":{\"aperture\":\"0\",\"credit\":\"Srecko Ignjatovic, Sarajevo, BiH\",\"camera\":\"HP Scanjet 2400\",\"caption\":\"\",\"created_timestamp\":\"0\",\"copyright\":\"www.photogalerija.com\",\"focal_length\":\"0\",\"iso\":\"0\",\"shutter_speed\":\"0\",\"title\":\"\",\"orientation\":\"1\",\"keywords\":[\"red vo\u017enje\",\"kurir\",\"vozni red vozova\"]},\"meta\":false,\"postlink\":\"https:\/\/vremeplov.ba\/2025\/2016\/03\/05\/red-voznje-za-1956-57-godinu-sarajevo\/red-voznje-1956-57-16\/\"},{\"id\":28176,\"title\":\"Red-voznje-1956-57-17\",\"url\":\"https:\/\/vremeplov.ba\/2025\/wp-content\/uploads\/2016\/03\/Red-voznje-1956-57-17.jpg\",\"link\":\"https:\/\/vremeplov.ba\/2025\/2016\/03\/05\/red-voznje-za-1956-57-godinu-sarajevo\/red-voznje-1956-57-17\/\",\"alt\":\"\",\"description\":\"\",\"caption\":\"\",\"mime\":\"image\/jpeg\",\"type\":\"image\",\"width\":1200,\"height\":828,\"sizes\":{\"full\":{\"url\":\"https:\/\/vremeplov.ba\/2025\/wp-content\/uploads\/2016\/03\/Red-voznje-1956-57-17.jpg\",\"height\":828,\"width\":1200,\"orientation\":\"landscape\"}},\"imageMeta\":{\"aperture\":\"0\",\"credit\":\"Srecko Ignjatovic, Sarajevo, BiH\",\"camera\":\"HP Scanjet 2400\",\"caption\":\"\",\"created_timestamp\":\"0\",\"copyright\":\"www.photogalerija.com\",\"focal_length\":\"0\",\"iso\":\"0\",\"shutter_speed\":\"0\",\"title\":\"\",\"orientation\":\"1\",\"keywords\":[\"red vo\u017enje\",\"kurir\",\"vozni red vozova\"]},\"meta\":false,\"postlink\":\"https:\/\/vremeplov.ba\/2025\/2016\/03\/05\/red-voznje-za-1956-57-godinu-sarajevo\/red-voznje-1956-57-17\/\"},{\"id\":28177,\"title\":\"Red-voznje-1956-57-18\",\"url\":\"https:\/\/vremeplov.ba\/2025\/wp-content\/uploads\/2016\/03\/Red-voznje-1956-57-18.jpg\",\"link\":\"https:\/\/vremeplov.ba\/2025\/2016\/03\/05\/red-voznje-za-1956-57-godinu-sarajevo\/red-voznje-1956-57-18\/\",\"alt\":\"\",\"description\":\"\",\"caption\":\"\",\"mime\":\"image\/jpeg\",\"type\":\"image\",\"width\":1200,\"height\":795,\"sizes\":{\"full\":{\"url\":\"https:\/\/vremeplov.ba\/2025\/wp-content\/uploads\/2016\/03\/Red-voznje-1956-57-18.jpg\",\"height\":795,\"width\":1200,\"orientation\":\"landscape\"}},\"imageMeta\":{\"aperture\":\"0\",\"credit\":\"Srecko Ignjatovic, Sarajevo, BiH\",\"camera\":\"HP Scanjet 2400\",\"caption\":\"\",\"created_timestamp\":\"0\",\"copyright\":\"www.photogalerija.com\",\"focal_length\":\"0\",\"iso\":\"0\",\"shutter_speed\":\"0\",\"title\":\"\",\"orientation\":\"1\",\"keywords\":[\"red vo\u017enje\",\"kurir\",\"vozni red vozova\"]},\"meta\":false,\"postlink\":\"https:\/\/vremeplov.ba\/2025\/2016\/03\/05\/red-voznje-za-1956-57-godinu-sarajevo\/red-voznje-1956-57-18\/\"}],\"hasCustomCSS\":false,\"customCSS\":\"\",\"otterConditions\":[],\"itemsMetaDataCollection\":[]}<\/script><script>(function(){if(window.PGC_SGB && window.PGC_SGB.searcher){window.PGC_SGB.searcher.initBlocks()}})()<\/script><\/div>","protected":false},"excerpt":{"rendered":"<p>Objavljujemo Red vo\u017enje za Sarajevo \u2013 dokazni primerak \u2013 koji va\u017ei od 3.VI 1956. g. za vozove, autobuse i avione u izdanju redakcije \u201eTransporta\u201c i \u201eLokomotive\u201c iz Beograda. \u0160tamparija \u201eKosmos\u201c Beograd. U sadr\u017eaju knji\u017eice mo\u017eete vidjeti polaske vozova iz Sarajeva prema Beogradu (via Vrpolje &#8211; via \u010ca\u010dak), Zagrebu (via Vrpolje, via Banja Luka \u2013 Sunja),&hellip;&nbsp;<a href=\"https:\/\/vremeplov.ba\/2025\/2016\/03\/05\/red-voznje-za-1956-57-godinu-sarajevo\/\" rel=\"bookmark\">Read More &raquo;<span class=\"screen-reader-text\">Red vo\u017enje za 1956.\/57. godinu, Sarajevo<\/span><\/a><\/p>\n","protected":false},"author":2,"featured_media":0,"comment_status":"open","ping_status":"closed","sticky":false,"template":"","format":"standard","meta":{"give_campaign_id":0,"neve_meta_sidebar":"","neve_meta_container":"","neve_meta_enable_content_width":"","neve_meta_content_width":0,"neve_meta_title_alignment":"","neve_meta_author_avatar":"","neve_post_elements_order":"","neve_meta_disable_header":"","neve_meta_disable_footer":"","neve_meta_disable_title":"","ngg_post_thumbnail":0,"pgc_sgb_lightbox_settings":"","_themeisle_gutenberg_block_has_review":false,"footnotes":""},"categories":[28,24],"tags":[],"class_list":["post-11622","post","type-post","status-publish","format-standard","hentry","category-red-voznje-vozova-arhivska-grada","category-zeljeznicko-stivo"],"_links":{"self":[{"href":"https:\/\/vremeplov.ba\/2025\/wp-json\/wp\/v2\/posts\/11622","targetHints":{"allow":["GET"]}}],"collection":[{"href":"https:\/\/vremeplov.ba\/2025\/wp-json\/wp\/v2\/posts"}],"about":[{"href":"https:\/\/vremeplov.ba\/2025\/wp-json\/wp\/v2\/types\/post"}],"author":[{"embeddable":true,"href":"https:\/\/vremeplov.ba\/2025\/wp-json\/wp\/v2\/users\/2"}],"replies":[{"embeddable":true,"href":"https:\/\/vremeplov.ba\/2025\/wp-json\/wp\/v2\/comments?post=11622"}],"version-history":[{"count":2,"href":"https:\/\/vremeplov.ba\/2025\/wp-json\/wp\/v2\/posts\/11622\/revisions"}],"predecessor-version":[{"id":35077,"href":"https:\/\/vremeplov.ba\/2025\/wp-json\/wp\/v2\/posts\/11622\/revisions\/35077"}],"wp:attachment":[{"href":"https:\/\/vremeplov.ba\/2025\/wp-json\/wp\/v2\/media?parent=11622"}],"wp:term":[{"taxonomy":"category","embeddable":true,"href":"https:\/\/vremeplov.ba\/2025\/wp-json\/wp\/v2\/categories?post=11622"},{"taxonomy":"post_tag","embeddable":true,"href":"https:\/\/vremeplov.ba\/2025\/wp-json\/wp\/v2\/tags?post=11622"}],"curies":[{"name":"wp","href":"https:\/\/api.w.org\/{rel}","templated":true}]}}