{"id":15827,"date":"2019-04-29T20:05:46","date_gmt":"2019-04-29T18:05:46","guid":{"rendered":"http:\/\/vremeplov.ba\/?p=15827"},"modified":"2025-05-18T14:35:59","modified_gmt":"2025-05-18T12:35:59","slug":"red-voznje-parobroda-i-zeljeznicke-veze-za-bosnu-iz-1882-godine","status":"publish","type":"post","link":"https:\/\/vremeplov.ba\/2025\/2019\/04\/29\/red-voznje-parobroda-i-zeljeznicke-veze-za-bosnu-iz-1882-godine\/","title":{"rendered":"Red vo\u017enje parobroda i \u017eeljezni\u010dke veze za Bosnu iz 1882."},"content":{"rendered":"\n<figure class=\"wp-block-image\"><img decoding=\"async\" src=\"https:\/\/vremeplov.ba\/2025\/wp-content\/uploads\/2019\/04\/image-8.png\" alt=\"\" class=\"wp-image-15828\"\/><\/figure>\n\n\n\n<p>Objavljujemo red vo\u017enje parobroda u vlasni\u0161tvu Dunavsko-parobrodarskog\ndru\u0161tva (<em>Die\nDonau-Damf-Schiffahrts-Gesellschaft<\/em>) sa sastajanjem vozova c. i k.\nBosanskih \u017eeljeznica (<em>k.k. Bosna Bahn<\/em>)\nsa va\u017eno\u0161\u0107u od 27. juna 1882. godine.<\/p>\n\n\n\n<p>Iz prilo\u017eenog reda vo\u017enje mo\u017eete vidjeti vo\u017enju parobroda od Siska do Zemuna sa sastajanjem vozova Ju\u017enih \u017eeljeznica i c. i k. Bosanskih \u017eeljeznica kod Siekovca, Broda i&nbsp; Br\u010dkog. &nbsp;<\/p>\n\n\n\n<figure class=\"wp-block-image\"><img decoding=\"async\" src=\"https:\/\/vremeplov.ba\/2025\/wp-content\/uploads\/2019\/04\/Parobrod_vozovi_1882-686x1024.jpg\" alt=\"\" class=\"wp-image-15829\"\/><\/figure>\n","protected":false},"excerpt":{"rendered":"<p>Objavljujemo red vo\u017enje parobroda u vlasni\u0161tvu Dunavsko-parobrodarskog dru\u0161tva (Die Donau-Damf-Schiffahrts-Gesellschaft) sa sastajanjem vozova c. i k. Bosanskih \u017eeljeznica (k.k. Bosna Bahn) sa va\u017eno\u0161\u0107u od 27. juna 1882. godine. Iz prilo\u017eenog reda vo\u017enje mo\u017eete vidjeti vo\u017enju parobroda od Siska do Zemuna sa sastajanjem vozova Ju\u017enih \u017eeljeznica i c. i k. Bosanskih \u017eeljeznica kod Siekovca, Broda i&nbsp;&hellip;&nbsp;<a href=\"https:\/\/vremeplov.ba\/2025\/2019\/04\/29\/red-voznje-parobroda-i-zeljeznicke-veze-za-bosnu-iz-1882-godine\/\" rel=\"bookmark\">Read More &raquo;<span class=\"screen-reader-text\">Red vo\u017enje parobroda i \u017eeljezni\u010dke veze za Bosnu iz 1882.<\/span><\/a><\/p>\n","protected":false},"author":2,"featured_media":0,"comment_status":"open","ping_status":"closed","sticky":false,"template":"","format":"standard","meta":{"give_campaign_id":0,"neve_meta_sidebar":"","neve_meta_container":"","neve_meta_enable_content_width":"","neve_meta_content_width":0,"neve_meta_title_alignment":"","neve_meta_author_avatar":"","neve_post_elements_order":"","neve_meta_disable_header":"","neve_meta_disable_footer":"","neve_meta_disable_title":"","ngg_post_thumbnail":0,"pgc_sgb_lightbox_settings":"","_themeisle_gutenberg_block_has_review":false,"footnotes":""},"categories":[28],"tags":[],"class_list":["post-15827","post","type-post","status-publish","format-standard","hentry","category-red-voznje-vozova-arhivska-grada"],"_links":{"self":[{"href":"https:\/\/vremeplov.ba\/2025\/wp-json\/wp\/v2\/posts\/15827","targetHints":{"allow":["GET"]}}],"collection":[{"href":"https:\/\/vremeplov.ba\/2025\/wp-json\/wp\/v2\/posts"}],"about":[{"href":"https:\/\/vremeplov.ba\/2025\/wp-json\/wp\/v2\/types\/post"}],"author":[{"embeddable":true,"href":"https:\/\/vremeplov.ba\/2025\/wp-json\/wp\/v2\/users\/2"}],"replies":[{"embeddable":true,"href":"https:\/\/vremeplov.ba\/2025\/wp-json\/wp\/v2\/comments?post=15827"}],"version-history":[{"count":2,"href":"https:\/\/vremeplov.ba\/2025\/wp-json\/wp\/v2\/posts\/15827\/revisions"}],"predecessor-version":[{"id":34643,"href":"https:\/\/vremeplov.ba\/2025\/wp-json\/wp\/v2\/posts\/15827\/revisions\/34643"}],"wp:attachment":[{"href":"https:\/\/vremeplov.ba\/2025\/wp-json\/wp\/v2\/media?parent=15827"}],"wp:term":[{"taxonomy":"category","embeddable":true,"href":"https:\/\/vremeplov.ba\/2025\/wp-json\/wp\/v2\/categories?post=15827"},{"taxonomy":"post_tag","embeddable":true,"href":"https:\/\/vremeplov.ba\/2025\/wp-json\/wp\/v2\/tags?post=15827"}],"curies":[{"name":"wp","href":"https:\/\/api.w.org\/{rel}","templated":true}]}}