{"id":16129,"date":"2019-05-02T12:26:54","date_gmt":"2019-05-02T10:26:54","guid":{"rendered":"http:\/\/vremeplov.ba\/?p=16129"},"modified":"2025-05-18T14:20:25","modified_gmt":"2025-05-18T12:20:25","slug":"red-voznje-vozova-za-bosnu-i-hercegovinu-iz-1953-godine","status":"publish","type":"post","link":"https:\/\/vremeplov.ba\/2025\/2019\/05\/02\/red-voznje-vozova-za-bosnu-i-hercegovinu-iz-1953-godine\/","title":{"rendered":"Red vo\u017enje vozova za Bosnu i Hercegovinu iz 1953. godine"},"content":{"rendered":"\n<figure class=\"wp-block-image\"><img decoding=\"async\" src=\"https:\/\/vremeplov.ba\/2025\/wp-content\/uploads\/2019\/05\/image-1.png\" alt=\"\" class=\"wp-image-16130\"\/><\/figure>\n\n\n\n<p>Objavljujemo Red vo\u017enje vozova Jugoslovenskih \u017eeljeznica za\nDirekciju \u017eeljeznica Sarajevo broj: 38, 60, 61, 62, 64 do 69 i saobra\u0107ajno\nuputstvo sa va\u017eno\u0161\u0107u od 17. maja 1953. godine. Knjigu Reda vo\u017enji \u0161tampao je\n\u0160tamparski zavod \u201eVeselin Masle\u0161a\u201c iz Sarajeva 1953. godine.<\/p>\n\n\n\n<p><strong>Iz sadr\u017eaja<\/strong><\/p>\n\n\n\n<p>Za prugu pod brojem i relaciju:<\/p>\n\n\n\n<p><strong>38 \u2013 Sunja \u2013 Knin\ni Karlovac \u2013 Sisak. <\/strong>Na ovim prugama vozile su lokomotive serije: 01,\n22, 31, 32, 35, 37 i 51. <\/p>\n\n\n\n<p><strong>60 \u2013 Vrpolje \u2013\nSarajevo Novo<\/strong> (normalni kolosijek), vozile lokomotive serije broj 60\n(stara 389), 09, 20 (stara 6000), 33 (stara 50 i 52 DR) i 37 (prije Unrra \u2013\nlak\u0161i tip). <\/p>\n\n\n\n<p><strong>61 \u2013 Br\u010dko Novo \u2013\nBanovi\u0107i, Doboj Novi \u2013 Tuzla, So\u010dkovac \u2013 Gra\u010danica 0,76 m, Kreka\n\u2013 Simin Han 0,76 m &nbsp;i Modri\u010da \u2013\nGrada\u010dac. <\/strong>Na ovim prugama vozile su lokomotive serije: 20, 33, 51, 53 i\n106.<\/p>\n\n\n\n<p><strong>62 \u2013 Bosanski Novi\n\u2013 Doboj Novi, Banja Luka Predgra\u0111e \u2013 Banja Luka i Brezi\u010dani &#8211;\nLjubija Rudnik. <\/strong>Na ovim prugama vozile su lokomotive serije: 20, 22,\n33, 35 i 51.<\/p>\n\n\n\n<p><strong>64 \u2013 Vi\u0161egrad \u2013 Sarajevo \u2013 Alipa\u0161in Most, Me\u0111e\u0111a \u2013 Priboj na Limu i Ustipra\u010da \u2013 Fo\u010da.<\/strong> Na ovim prugama vozile su lokomotive serije: 83 i 85 sa tenderom.<\/p>\n\n\n\n<p><strong>65 \u2013 Slav. Brod \u2013 Doboj \u2013 Pribini\u0107 i Zavidovi\u0107i \u2013 Kusa\u010de. <\/strong>Na ovim prugama 0,76 m vozile su lokomotive serije: 73, 81, 55, 185, Unrra i Bimba. Lokomotiva \u201eBimba\u201c vozila je isklju\u010divo na relaciji Olovo \u2013 Han Pijesak i obratno, lok. Serije Unrra Zavidovi\u0107i \u2013 Olovo i obratno, lok. Serije 185 Pribini\u0107i \u2013 Doboj i obratno.<\/p>\n\n\n\n<p><strong>66 \u2013 Zenica \u2013\nSarajevo, Semizovac \u2013 Ivan\u010di\u0107i, Podlugovi \u2013 Vare\u0161, La\u0161va \u2013\nJajce i Donji Vakuf \u2013 Gornji Vakuf 0,76 m<\/strong>. Na ovim prugama\nvozile su lokomotive serije: 73, 81, 83, 97 i 189.<\/p>\n\n\n\n<p><strong>67 \u2013 Sarajevo \u2013\nDubrovnik i Gabela \u2013 Kardeljevo. <\/strong>Na ovim prugama vozile su\nlokomotive serije: 73, 83, 85 i 97.<\/p>\n\n\n\n<p><strong>68 \u2013 Hum \u2013\nTitograd, Titograd \u2013 Donja Plavnica (0,60 m), Virpazar \u2013 Bar\n(0,75 m) i Uskoplje \u2013 Zelenika.<\/strong> Na ovim prugama vozile su\nlokomotive serije: 83 (1000 ; 1100) i 85.<\/p>\n\n\n\n<p><strong>69 \u2013 Jajce \u2013 Srnetica i Prijedor \u2013 Li\u010dka Kaldrma.<\/strong> Na ovim prugama vozile su lokomotive serije: Unrra, \u0160koda, \u0160IP 15, 20, 22, 24, 26, 29, 32 i 36.<\/p>\n\n\n<div class=\"pgc-sgb-cb wp-block-pgcsimplygalleryblock-grid \" data-gallery-id=\"03551101\"><div class=\"sgb-preloader\" id=\"pr_03551101\">\n\t<div class=\"sgb-square\" style=\"background:#d4d4d4\"><\/div>\n\t<div class=\"sgb-square\" style=\"background:#d4d4d4\"><\/div>\n\t<div class=\"sgb-square\" style=\"background:#d4d4d4\"><\/div>\n\t<div class=\"sgb-square\" style=\"background:#d4d4d4\"><\/div><\/div><div class=\"simply-gallery-amp pgc_sgb_slider \"><noscript><div class=\"sgb-gallery\"><div class=\"sgb-item\"><a href=\"https:\/\/vremeplov.ba\/2025\/2019\/05\/02\/red-voznje-vozova-za-bosnu-i-hercegovinu-iz-1953-godine\/red_voznje_1953-1\/\" target=\"_blank\"><img decoding=\"async\" alt=\"\" width=\"999\" height=\"1417\" loading=\"lazy\" src=\"https:\/\/vremeplov.ba\/2025\/wp-content\/uploads\/2019\/05\/Red_voznje_1953-1.jpg\" srcset=\",https:\/\/vremeplov.ba\/2025\/wp-content\/uploads\/2019\/05\/Red_voznje_1953-1.jpg 999w\" sizes=\"auto, 250px\"\/><\/a><\/div><div class=\"sgb-item\"><a href=\"https:\/\/vremeplov.ba\/2025\/2019\/05\/02\/red-voznje-vozova-za-bosnu-i-hercegovinu-iz-1953-godine\/red_voznje_1953-2\/\" target=\"_blank\"><img decoding=\"async\" alt=\"\" width=\"668\" height=\"950\" loading=\"lazy\" src=\"https:\/\/vremeplov.ba\/2025\/wp-content\/uploads\/2019\/05\/Red_voznje_1953-2.jpg\" srcset=\",https:\/\/vremeplov.ba\/2025\/wp-content\/uploads\/2019\/05\/Red_voznje_1953-2.jpg 668w\" sizes=\"auto, 250px\"\/><\/a><\/div><div class=\"sgb-item\"><a href=\"https:\/\/vremeplov.ba\/2025\/2019\/05\/02\/red-voznje-vozova-za-bosnu-i-hercegovinu-iz-1953-godine\/red_voznje_1953-3\/\" target=\"_blank\"><img decoding=\"async\" alt=\"\" width=\"658\" height=\"950\" loading=\"lazy\" src=\"https:\/\/vremeplov.ba\/2025\/wp-content\/uploads\/2019\/05\/Red_voznje_1953-3.jpg\" srcset=\",https:\/\/vremeplov.ba\/2025\/wp-content\/uploads\/2019\/05\/Red_voznje_1953-3.jpg 658w\" sizes=\"auto, 250px\"\/><\/a><\/div><div class=\"sgb-item\"><a href=\"https:\/\/vremeplov.ba\/2025\/2019\/05\/02\/red-voznje-vozova-za-bosnu-i-hercegovinu-iz-1953-godine\/red_voznje_1953-4\/\" target=\"_blank\"><img decoding=\"async\" alt=\"\" width=\"950\" height=\"655\" loading=\"lazy\" src=\"https:\/\/vremeplov.ba\/2025\/wp-content\/uploads\/2019\/05\/Red_voznje_1953-4.jpg\" srcset=\",https:\/\/vremeplov.ba\/2025\/wp-content\/uploads\/2019\/05\/Red_voznje_1953-4.jpg 950w\" sizes=\"auto, 250px\"\/><\/a><\/div><div class=\"sgb-item\"><a href=\"https:\/\/vremeplov.ba\/2025\/2019\/05\/02\/red-voznje-vozova-za-bosnu-i-hercegovinu-iz-1953-godine\/red_voznje_1953-5\/\" target=\"_blank\"><img decoding=\"async\" alt=\"\" width=\"950\" height=\"664\" loading=\"lazy\" src=\"https:\/\/vremeplov.ba\/2025\/wp-content\/uploads\/2019\/05\/Red_voznje_1953-5.jpg\" srcset=\",https:\/\/vremeplov.ba\/2025\/wp-content\/uploads\/2019\/05\/Red_voznje_1953-5.jpg 950w\" sizes=\"auto, 250px\"\/><\/a><\/div><div class=\"sgb-item\"><a href=\"https:\/\/vremeplov.ba\/2025\/2019\/05\/02\/red-voznje-vozova-za-bosnu-i-hercegovinu-iz-1953-godine\/red_voznje_1953-6\/\" target=\"_blank\"><img decoding=\"async\" alt=\"\" width=\"950\" height=\"683\" loading=\"lazy\" src=\"https:\/\/vremeplov.ba\/2025\/wp-content\/uploads\/2019\/05\/Red_voznje_1953-6.jpg\" srcset=\",https:\/\/vremeplov.ba\/2025\/wp-content\/uploads\/2019\/05\/Red_voznje_1953-6.jpg 950w\" sizes=\"auto, 250px\"\/><\/a><\/div><div class=\"sgb-item\"><a href=\"https:\/\/vremeplov.ba\/2025\/2019\/05\/02\/red-voznje-vozova-za-bosnu-i-hercegovinu-iz-1953-godine\/red_voznje_1953-7\/\" target=\"_blank\"><img decoding=\"async\" alt=\"\" width=\"950\" height=\"687\" loading=\"lazy\" src=\"https:\/\/vremeplov.ba\/2025\/wp-content\/uploads\/2019\/05\/Red_voznje_1953-7.jpg\" srcset=\",https:\/\/vremeplov.ba\/2025\/wp-content\/uploads\/2019\/05\/Red_voznje_1953-7.jpg 950w\" sizes=\"auto, 250px\"\/><\/a><\/div><div class=\"sgb-item\"><a href=\"https:\/\/vremeplov.ba\/2025\/2019\/05\/02\/red-voznje-vozova-za-bosnu-i-hercegovinu-iz-1953-godine\/red_voznje_1953-8\/\" target=\"_blank\"><img decoding=\"async\" alt=\"\" width=\"950\" height=\"691\" loading=\"lazy\" src=\"https:\/\/vremeplov.ba\/2025\/wp-content\/uploads\/2019\/05\/Red_voznje_1953-8.jpg\" srcset=\",https:\/\/vremeplov.ba\/2025\/wp-content\/uploads\/2019\/05\/Red_voznje_1953-8.jpg 950w\" sizes=\"auto, 250px\"\/><\/a><\/div><div class=\"sgb-item\"><a href=\"https:\/\/vremeplov.ba\/2025\/2019\/05\/02\/red-voznje-vozova-za-bosnu-i-hercegovinu-iz-1953-godine\/red_voznje_1953-9\/\" target=\"_blank\"><img decoding=\"async\" alt=\"\" width=\"950\" height=\"699\" loading=\"lazy\" src=\"https:\/\/vremeplov.ba\/2025\/wp-content\/uploads\/2019\/05\/Red_voznje_1953-9.jpg\" srcset=\",https:\/\/vremeplov.ba\/2025\/wp-content\/uploads\/2019\/05\/Red_voznje_1953-9.jpg 950w\" sizes=\"auto, 250px\"\/><\/a><\/div><div class=\"sgb-item\"><a href=\"https:\/\/vremeplov.ba\/2025\/2019\/05\/02\/red-voznje-vozova-za-bosnu-i-hercegovinu-iz-1953-godine\/red_voznje_1953-10\/\" target=\"_blank\"><img decoding=\"async\" alt=\"\" width=\"950\" height=\"704\" loading=\"lazy\" src=\"https:\/\/vremeplov.ba\/2025\/wp-content\/uploads\/2019\/05\/Red_voznje_1953-10.jpg\" srcset=\",https:\/\/vremeplov.ba\/2025\/wp-content\/uploads\/2019\/05\/Red_voznje_1953-10.jpg 950w\" sizes=\"auto, 250px\"\/><\/a><\/div><div class=\"sgb-item\"><a href=\"https:\/\/vremeplov.ba\/2025\/2019\/05\/02\/red-voznje-vozova-za-bosnu-i-hercegovinu-iz-1953-godine\/red_voznje_1953-11\/\" target=\"_blank\"><img decoding=\"async\" alt=\"\" width=\"950\" height=\"692\" loading=\"lazy\" src=\"https:\/\/vremeplov.ba\/2025\/wp-content\/uploads\/2019\/05\/Red_voznje_1953-11.jpg\" srcset=\",https:\/\/vremeplov.ba\/2025\/wp-content\/uploads\/2019\/05\/Red_voznje_1953-11.jpg 950w\" sizes=\"auto, 250px\"\/><\/a><\/div><div class=\"sgb-item\"><a href=\"https:\/\/vremeplov.ba\/2025\/2019\/05\/02\/red-voznje-vozova-za-bosnu-i-hercegovinu-iz-1953-godine\/red_voznje_1953-12\/\" target=\"_blank\"><img decoding=\"async\" alt=\"\" width=\"950\" height=\"710\" loading=\"lazy\" src=\"https:\/\/vremeplov.ba\/2025\/wp-content\/uploads\/2019\/05\/Red_voznje_1953-12.jpg\" srcset=\",https:\/\/vremeplov.ba\/2025\/wp-content\/uploads\/2019\/05\/Red_voznje_1953-12.jpg 950w\" sizes=\"auto, 250px\"\/><\/a><\/div><div class=\"sgb-item\"><a href=\"https:\/\/vremeplov.ba\/2025\/2019\/05\/02\/red-voznje-vozova-za-bosnu-i-hercegovinu-iz-1953-godine\/red_voznje_1953-13\/\" target=\"_blank\"><img decoding=\"async\" alt=\"\" width=\"950\" height=\"672\" loading=\"lazy\" src=\"https:\/\/vremeplov.ba\/2025\/wp-content\/uploads\/2019\/05\/Red_voznje_1953-13.jpg\" srcset=\",https:\/\/vremeplov.ba\/2025\/wp-content\/uploads\/2019\/05\/Red_voznje_1953-13.jpg 950w\" sizes=\"auto, 250px\"\/><\/a><\/div><div class=\"sgb-item\"><a href=\"https:\/\/vremeplov.ba\/2025\/2019\/05\/02\/red-voznje-vozova-za-bosnu-i-hercegovinu-iz-1953-godine\/red_voznje_1953-14\/\" target=\"_blank\"><img decoding=\"async\" alt=\"\" width=\"950\" height=\"656\" loading=\"lazy\" src=\"https:\/\/vremeplov.ba\/2025\/wp-content\/uploads\/2019\/05\/Red_voznje_1953-14.jpg\" srcset=\",https:\/\/vremeplov.ba\/2025\/wp-content\/uploads\/2019\/05\/Red_voznje_1953-14.jpg 950w\" sizes=\"auto, 250px\"\/><\/a><\/div><div class=\"sgb-item\"><a href=\"https:\/\/vremeplov.ba\/2025\/2019\/05\/02\/red-voznje-vozova-za-bosnu-i-hercegovinu-iz-1953-godine\/red_voznje_1953-15\/\" target=\"_blank\"><img decoding=\"async\" alt=\"\" width=\"950\" height=\"667\" loading=\"lazy\" src=\"https:\/\/vremeplov.ba\/2025\/wp-content\/uploads\/2019\/05\/Red_voznje_1953-15.jpg\" srcset=\",https:\/\/vremeplov.ba\/2025\/wp-content\/uploads\/2019\/05\/Red_voznje_1953-15.jpg 950w\" sizes=\"auto, 250px\"\/><\/a><\/div><div class=\"sgb-item\"><a href=\"https:\/\/vremeplov.ba\/2025\/2019\/05\/02\/red-voznje-vozova-za-bosnu-i-hercegovinu-iz-1953-godine\/red_voznje_1953-16\/\" target=\"_blank\"><img decoding=\"async\" alt=\"\" width=\"950\" height=\"660\" loading=\"lazy\" src=\"https:\/\/vremeplov.ba\/2025\/wp-content\/uploads\/2019\/05\/Red_voznje_1953-16.jpg\" srcset=\",https:\/\/vremeplov.ba\/2025\/wp-content\/uploads\/2019\/05\/Red_voznje_1953-16.jpg 950w\" sizes=\"auto, 250px\"\/><\/a><\/div><div class=\"sgb-item\"><a href=\"https:\/\/vremeplov.ba\/2025\/2019\/05\/02\/red-voznje-vozova-za-bosnu-i-hercegovinu-iz-1953-godine\/red_voznje_1953-17\/\" target=\"_blank\"><img decoding=\"async\" alt=\"\" width=\"950\" height=\"654\" loading=\"lazy\" src=\"https:\/\/vremeplov.ba\/2025\/wp-content\/uploads\/2019\/05\/Red_voznje_1953-17.jpg\" srcset=\",https:\/\/vremeplov.ba\/2025\/wp-content\/uploads\/2019\/05\/Red_voznje_1953-17.jpg 950w\" sizes=\"auto, 250px\"\/><\/a><\/div><div class=\"sgb-item\"><a href=\"https:\/\/vremeplov.ba\/2025\/2019\/05\/02\/red-voznje-vozova-za-bosnu-i-hercegovinu-iz-1953-godine\/red_voznje_1953-18\/\" target=\"_blank\"><img decoding=\"async\" alt=\"\" width=\"656\" height=\"950\" loading=\"lazy\" src=\"https:\/\/vremeplov.ba\/2025\/wp-content\/uploads\/2019\/05\/Red_voznje_1953-18.jpg\" srcset=\",https:\/\/vremeplov.ba\/2025\/wp-content\/uploads\/2019\/05\/Red_voznje_1953-18.jpg 656w\" sizes=\"auto, 250px\"\/><\/a><\/div><div class=\"sgb-item\"><a href=\"https:\/\/vremeplov.ba\/2025\/2019\/05\/02\/red-voznje-vozova-za-bosnu-i-hercegovinu-iz-1953-godine\/red_voznje_1953-19\/\" target=\"_blank\"><img decoding=\"async\" alt=\"\" width=\"950\" height=\"668\" loading=\"lazy\" src=\"https:\/\/vremeplov.ba\/2025\/wp-content\/uploads\/2019\/05\/Red_voznje_1953-19.jpg\" srcset=\",https:\/\/vremeplov.ba\/2025\/wp-content\/uploads\/2019\/05\/Red_voznje_1953-19.jpg 950w\" sizes=\"auto, 250px\"\/><\/a><\/div><div class=\"sgb-item\"><a href=\"https:\/\/vremeplov.ba\/2025\/2019\/05\/02\/red-voznje-vozova-za-bosnu-i-hercegovinu-iz-1953-godine\/red_voznje_1953-20\/\" target=\"_blank\"><img decoding=\"async\" alt=\"\" width=\"950\" height=\"663\" loading=\"lazy\" src=\"https:\/\/vremeplov.ba\/2025\/wp-content\/uploads\/2019\/05\/Red_voznje_1953-20.jpg\" srcset=\",https:\/\/vremeplov.ba\/2025\/wp-content\/uploads\/2019\/05\/Red_voznje_1953-20.jpg 950w\" sizes=\"auto, 250px\"\/><\/a><\/div><div class=\"sgb-item\"><a href=\"https:\/\/vremeplov.ba\/2025\/2019\/05\/02\/red-voznje-vozova-za-bosnu-i-hercegovinu-iz-1953-godine\/red_voznje_1953-21\/\" target=\"_blank\"><img decoding=\"async\" alt=\"\" width=\"950\" height=\"654\" loading=\"lazy\" src=\"https:\/\/vremeplov.ba\/2025\/wp-content\/uploads\/2019\/05\/Red_voznje_1953-21.jpg\" srcset=\",https:\/\/vremeplov.ba\/2025\/wp-content\/uploads\/2019\/05\/Red_voznje_1953-21.jpg 950w\" sizes=\"auto, 250px\"\/><\/a><\/div><div class=\"sgb-item\"><a href=\"https:\/\/vremeplov.ba\/2025\/2019\/05\/02\/red-voznje-vozova-za-bosnu-i-hercegovinu-iz-1953-godine\/red_voznje_1953-22\/\" target=\"_blank\"><img decoding=\"async\" alt=\"\" width=\"950\" height=\"656\" loading=\"lazy\" src=\"https:\/\/vremeplov.ba\/2025\/wp-content\/uploads\/2019\/05\/Red_voznje_1953-22.jpg\" srcset=\",https:\/\/vremeplov.ba\/2025\/wp-content\/uploads\/2019\/05\/Red_voznje_1953-22.jpg 950w\" sizes=\"auto, 250px\"\/><\/a><\/div><div class=\"sgb-item\"><a href=\"https:\/\/vremeplov.ba\/2025\/2019\/05\/02\/red-voznje-vozova-za-bosnu-i-hercegovinu-iz-1953-godine\/red_voznje_1953-23\/\" target=\"_blank\"><img decoding=\"async\" alt=\"\" width=\"950\" height=\"655\" loading=\"lazy\" src=\"https:\/\/vremeplov.ba\/2025\/wp-content\/uploads\/2019\/05\/Red_voznje_1953-23.jpg\" srcset=\",https:\/\/vremeplov.ba\/2025\/wp-content\/uploads\/2019\/05\/Red_voznje_1953-23.jpg 950w\" sizes=\"auto, 250px\"\/><\/a><\/div><div class=\"sgb-item\"><a href=\"https:\/\/vremeplov.ba\/2025\/2019\/05\/02\/red-voznje-vozova-za-bosnu-i-hercegovinu-iz-1953-godine\/red_voznje_1953-24\/\" target=\"_blank\"><img decoding=\"async\" alt=\"\" width=\"950\" height=\"654\" loading=\"lazy\" src=\"https:\/\/vremeplov.ba\/2025\/wp-content\/uploads\/2019\/05\/Red_voznje_1953-24.jpg\" srcset=\",https:\/\/vremeplov.ba\/2025\/wp-content\/uploads\/2019\/05\/Red_voznje_1953-24.jpg 950w\" sizes=\"auto, 250px\"\/><\/a><\/div><div class=\"sgb-item\"><a href=\"https:\/\/vremeplov.ba\/2025\/2019\/05\/02\/red-voznje-vozova-za-bosnu-i-hercegovinu-iz-1953-godine\/red_voznje_1953-25\/\" target=\"_blank\"><img decoding=\"async\" alt=\"\" width=\"950\" height=\"646\" loading=\"lazy\" src=\"https:\/\/vremeplov.ba\/2025\/wp-content\/uploads\/2019\/05\/Red_voznje_1953-25.jpg\" srcset=\",https:\/\/vremeplov.ba\/2025\/wp-content\/uploads\/2019\/05\/Red_voznje_1953-25.jpg 950w\" sizes=\"auto, 250px\"\/><\/a><\/div><div class=\"sgb-item\"><a href=\"https:\/\/vremeplov.ba\/2025\/2019\/05\/02\/red-voznje-vozova-za-bosnu-i-hercegovinu-iz-1953-godine\/red_voznje_1953-26\/\" target=\"_blank\"><img decoding=\"async\" alt=\"\" width=\"950\" height=\"657\" loading=\"lazy\" src=\"https:\/\/vremeplov.ba\/2025\/wp-content\/uploads\/2019\/05\/Red_voznje_1953-26.jpg\" srcset=\",https:\/\/vremeplov.ba\/2025\/wp-content\/uploads\/2019\/05\/Red_voznje_1953-26.jpg 950w\" sizes=\"auto, 250px\"\/><\/a><\/div><div class=\"sgb-item\"><a href=\"https:\/\/vremeplov.ba\/2025\/2019\/05\/02\/red-voznje-vozova-za-bosnu-i-hercegovinu-iz-1953-godine\/red_voznje_1953-27\/\" target=\"_blank\"><img decoding=\"async\" alt=\"\" width=\"950\" height=\"664\" loading=\"lazy\" src=\"https:\/\/vremeplov.ba\/2025\/wp-content\/uploads\/2019\/05\/Red_voznje_1953-27.jpg\" srcset=\",https:\/\/vremeplov.ba\/2025\/wp-content\/uploads\/2019\/05\/Red_voznje_1953-27.jpg 950w\" sizes=\"auto, 250px\"\/><\/a><\/div><div class=\"sgb-item\"><a href=\"https:\/\/vremeplov.ba\/2025\/2019\/05\/02\/red-voznje-vozova-za-bosnu-i-hercegovinu-iz-1953-godine\/red_voznje_1953-28\/\" target=\"_blank\"><img decoding=\"async\" alt=\"\" width=\"656\" height=\"950\" loading=\"lazy\" src=\"https:\/\/vremeplov.ba\/2025\/wp-content\/uploads\/2019\/05\/Red_voznje_1953-28.jpg\" srcset=\",https:\/\/vremeplov.ba\/2025\/wp-content\/uploads\/2019\/05\/Red_voznje_1953-28.jpg 656w\" sizes=\"auto, 250px\"\/><\/a><\/div><div class=\"sgb-item\"><a href=\"https:\/\/vremeplov.ba\/2025\/2019\/05\/02\/red-voznje-vozova-za-bosnu-i-hercegovinu-iz-1953-godine\/red_voznje_1953-29\/\" target=\"_blank\"><img decoding=\"async\" alt=\"\" width=\"950\" height=\"645\" loading=\"lazy\" src=\"https:\/\/vremeplov.ba\/2025\/wp-content\/uploads\/2019\/05\/Red_voznje_1953-29.jpg\" srcset=\",https:\/\/vremeplov.ba\/2025\/wp-content\/uploads\/2019\/05\/Red_voznje_1953-29.jpg 950w\" sizes=\"auto, 250px\"\/><\/a><\/div><div class=\"sgb-item\"><a href=\"https:\/\/vremeplov.ba\/2025\/2019\/05\/02\/red-voznje-vozova-za-bosnu-i-hercegovinu-iz-1953-godine\/red_voznje_1953-30\/\" target=\"_blank\"><img decoding=\"async\" alt=\"\" width=\"950\" height=\"656\" loading=\"lazy\" src=\"https:\/\/vremeplov.ba\/2025\/wp-content\/uploads\/2019\/05\/Red_voznje_1953-30.jpg\" srcset=\",https:\/\/vremeplov.ba\/2025\/wp-content\/uploads\/2019\/05\/Red_voznje_1953-30.jpg 950w\" sizes=\"auto, 250px\"\/><\/a><\/div><div class=\"sgb-item\"><a href=\"https:\/\/vremeplov.ba\/2025\/2019\/05\/02\/red-voznje-vozova-za-bosnu-i-hercegovinu-iz-1953-godine\/red_voznje_1953-31\/\" target=\"_blank\"><img decoding=\"async\" alt=\"\" width=\"950\" height=\"657\" loading=\"lazy\" src=\"https:\/\/vremeplov.ba\/2025\/wp-content\/uploads\/2019\/05\/Red_voznje_1953-31.jpg\" srcset=\",https:\/\/vremeplov.ba\/2025\/wp-content\/uploads\/2019\/05\/Red_voznje_1953-31.jpg 950w\" sizes=\"auto, 250px\"\/><\/a><\/div><div class=\"sgb-item\"><a href=\"https:\/\/vremeplov.ba\/2025\/2019\/05\/02\/red-voznje-vozova-za-bosnu-i-hercegovinu-iz-1953-godine\/red_voznje_1953-32\/\" target=\"_blank\"><img decoding=\"async\" alt=\"\" width=\"950\" height=\"655\" loading=\"lazy\" src=\"https:\/\/vremeplov.ba\/2025\/wp-content\/uploads\/2019\/05\/Red_voznje_1953-32.jpg\" srcset=\",https:\/\/vremeplov.ba\/2025\/wp-content\/uploads\/2019\/05\/Red_voznje_1953-32.jpg 950w\" sizes=\"auto, 250px\"\/><\/a><\/div><div class=\"sgb-item\"><a href=\"https:\/\/vremeplov.ba\/2025\/2019\/05\/02\/red-voznje-vozova-za-bosnu-i-hercegovinu-iz-1953-godine\/red_voznje_1953-33\/\" target=\"_blank\"><img decoding=\"async\" alt=\"\" width=\"950\" height=\"646\" loading=\"lazy\" src=\"https:\/\/vremeplov.ba\/2025\/wp-content\/uploads\/2019\/05\/Red_voznje_1953-33.jpg\" srcset=\",https:\/\/vremeplov.ba\/2025\/wp-content\/uploads\/2019\/05\/Red_voznje_1953-33.jpg 950w\" sizes=\"auto, 250px\"\/><\/a><\/div><div class=\"sgb-item\"><a href=\"https:\/\/vremeplov.ba\/2025\/2019\/05\/02\/red-voznje-vozova-za-bosnu-i-hercegovinu-iz-1953-godine\/red_voznje_1953-34\/\" target=\"_blank\"><img decoding=\"async\" alt=\"\" width=\"950\" height=\"672\" loading=\"lazy\" src=\"https:\/\/vremeplov.ba\/2025\/wp-content\/uploads\/2019\/05\/Red_voznje_1953-34.jpg\" srcset=\",https:\/\/vremeplov.ba\/2025\/wp-content\/uploads\/2019\/05\/Red_voznje_1953-34.jpg 950w\" sizes=\"auto, 250px\"\/><\/a><\/div><div class=\"sgb-item\"><a href=\"https:\/\/vremeplov.ba\/2025\/2019\/05\/02\/red-voznje-vozova-za-bosnu-i-hercegovinu-iz-1953-godine\/red_voznje_1953-35\/\" target=\"_blank\"><img decoding=\"async\" alt=\"\" width=\"950\" height=\"657\" loading=\"lazy\" src=\"https:\/\/vremeplov.ba\/2025\/wp-content\/uploads\/2019\/05\/Red_voznje_1953-35.jpg\" srcset=\",https:\/\/vremeplov.ba\/2025\/wp-content\/uploads\/2019\/05\/Red_voznje_1953-35.jpg 950w\" sizes=\"auto, 250px\"\/><\/a><\/div><div class=\"sgb-item\"><a href=\"https:\/\/vremeplov.ba\/2025\/2019\/05\/02\/red-voznje-vozova-za-bosnu-i-hercegovinu-iz-1953-godine\/red_voznje_1953-36\/\" target=\"_blank\"><img decoding=\"async\" alt=\"\" width=\"950\" height=\"662\" loading=\"lazy\" src=\"https:\/\/vremeplov.ba\/2025\/wp-content\/uploads\/2019\/05\/Red_voznje_1953-36.jpg\" srcset=\",https:\/\/vremeplov.ba\/2025\/wp-content\/uploads\/2019\/05\/Red_voznje_1953-36.jpg 950w\" sizes=\"auto, 250px\"\/><\/a><\/div><div class=\"sgb-item\"><a href=\"https:\/\/vremeplov.ba\/2025\/2019\/05\/02\/red-voznje-vozova-za-bosnu-i-hercegovinu-iz-1953-godine\/red_voznje_1953-37\/\" target=\"_blank\"><img decoding=\"async\" alt=\"\" width=\"950\" height=\"660\" loading=\"lazy\" src=\"https:\/\/vremeplov.ba\/2025\/wp-content\/uploads\/2019\/05\/Red_voznje_1953-37.jpg\" srcset=\",https:\/\/vremeplov.ba\/2025\/wp-content\/uploads\/2019\/05\/Red_voznje_1953-37.jpg 950w\" sizes=\"auto, 250px\"\/><\/a><\/div><div class=\"sgb-item\"><a href=\"https:\/\/vremeplov.ba\/2025\/2019\/05\/02\/red-voznje-vozova-za-bosnu-i-hercegovinu-iz-1953-godine\/red_voznje_1953-38\/\" target=\"_blank\"><img decoding=\"async\" alt=\"\" width=\"950\" height=\"664\" loading=\"lazy\" src=\"https:\/\/vremeplov.ba\/2025\/wp-content\/uploads\/2019\/05\/Red_voznje_1953-38.jpg\" srcset=\",https:\/\/vremeplov.ba\/2025\/wp-content\/uploads\/2019\/05\/Red_voznje_1953-38.jpg 950w\" sizes=\"auto, 250px\"\/><\/a><\/div><div class=\"sgb-item\"><a href=\"https:\/\/vremeplov.ba\/2025\/2019\/05\/02\/red-voznje-vozova-za-bosnu-i-hercegovinu-iz-1953-godine\/red_voznje_1953-39\/\" target=\"_blank\"><img decoding=\"async\" alt=\"\" width=\"640\" height=\"950\" loading=\"lazy\" src=\"https:\/\/vremeplov.ba\/2025\/wp-content\/uploads\/2019\/05\/Red_voznje_1953-39.jpg\" srcset=\",https:\/\/vremeplov.ba\/2025\/wp-content\/uploads\/2019\/05\/Red_voznje_1953-39.jpg 640w\" sizes=\"auto, 250px\"\/><\/a><\/div><div class=\"sgb-item\"><a href=\"https:\/\/vremeplov.ba\/2025\/2019\/05\/02\/red-voznje-vozova-za-bosnu-i-hercegovinu-iz-1953-godine\/red_voznje_1953-40\/\" target=\"_blank\"><img decoding=\"async\" alt=\"\" width=\"950\" height=\"664\" loading=\"lazy\" src=\"https:\/\/vremeplov.ba\/2025\/wp-content\/uploads\/2019\/05\/Red_voznje_1953-40.jpg\" srcset=\",https:\/\/vremeplov.ba\/2025\/wp-content\/uploads\/2019\/05\/Red_voznje_1953-40.jpg 950w\" sizes=\"auto, 250px\"\/><\/a><\/div><div class=\"sgb-item\"><a href=\"https:\/\/vremeplov.ba\/2025\/2019\/05\/02\/red-voznje-vozova-za-bosnu-i-hercegovinu-iz-1953-godine\/red_voznje_1953-41\/\" target=\"_blank\"><img decoding=\"async\" alt=\"\" width=\"950\" height=\"669\" loading=\"lazy\" src=\"https:\/\/vremeplov.ba\/2025\/wp-content\/uploads\/2019\/05\/Red_voznje_1953-41.jpg\" srcset=\",https:\/\/vremeplov.ba\/2025\/wp-content\/uploads\/2019\/05\/Red_voznje_1953-41.jpg 950w\" sizes=\"auto, 250px\"\/><\/a><\/div><div class=\"sgb-item\"><a href=\"https:\/\/vremeplov.ba\/2025\/2019\/05\/02\/red-voznje-vozova-za-bosnu-i-hercegovinu-iz-1953-godine\/red_voznje_1953-42\/\" target=\"_blank\"><img decoding=\"async\" alt=\"\" width=\"950\" height=\"665\" loading=\"lazy\" src=\"https:\/\/vremeplov.ba\/2025\/wp-content\/uploads\/2019\/05\/Red_voznje_1953-42.jpg\" srcset=\",https:\/\/vremeplov.ba\/2025\/wp-content\/uploads\/2019\/05\/Red_voznje_1953-42.jpg 950w\" sizes=\"auto, 250px\"\/><\/a><\/div><div class=\"sgb-item\"><a href=\"https:\/\/vremeplov.ba\/2025\/2019\/05\/02\/red-voznje-vozova-za-bosnu-i-hercegovinu-iz-1953-godine\/red_voznje_1953-43\/\" target=\"_blank\"><img decoding=\"async\" alt=\"\" width=\"950\" height=\"665\" loading=\"lazy\" src=\"https:\/\/vremeplov.ba\/2025\/wp-content\/uploads\/2019\/05\/Red_voznje_1953-43.jpg\" srcset=\",https:\/\/vremeplov.ba\/2025\/wp-content\/uploads\/2019\/05\/Red_voznje_1953-43.jpg 950w\" sizes=\"auto, 250px\"\/><\/a><\/div><div class=\"sgb-item\"><a href=\"https:\/\/vremeplov.ba\/2025\/2019\/05\/02\/red-voznje-vozova-za-bosnu-i-hercegovinu-iz-1953-godine\/red_voznje_1953-44\/\" target=\"_blank\"><img decoding=\"async\" alt=\"\" width=\"950\" height=\"650\" loading=\"lazy\" src=\"https:\/\/vremeplov.ba\/2025\/wp-content\/uploads\/2019\/05\/Red_voznje_1953-44.jpg\" srcset=\",https:\/\/vremeplov.ba\/2025\/wp-content\/uploads\/2019\/05\/Red_voznje_1953-44.jpg 950w\" sizes=\"auto, 250px\"\/><\/a><\/div><div class=\"sgb-item\"><a href=\"https:\/\/vremeplov.ba\/2025\/2019\/05\/02\/red-voznje-vozova-za-bosnu-i-hercegovinu-iz-1953-godine\/red_voznje_1953-45\/\" target=\"_blank\"><img decoding=\"async\" alt=\"\" width=\"950\" height=\"654\" loading=\"lazy\" src=\"https:\/\/vremeplov.ba\/2025\/wp-content\/uploads\/2019\/05\/Red_voznje_1953-45.jpg\" srcset=\",https:\/\/vremeplov.ba\/2025\/wp-content\/uploads\/2019\/05\/Red_voznje_1953-45.jpg 950w\" sizes=\"auto, 250px\"\/><\/a><\/div><div class=\"sgb-item\"><a href=\"https:\/\/vremeplov.ba\/2025\/2019\/05\/02\/red-voznje-vozova-za-bosnu-i-hercegovinu-iz-1953-godine\/red_voznje_1953-46\/\" target=\"_blank\"><img decoding=\"async\" alt=\"\" width=\"950\" height=\"671\" loading=\"lazy\" src=\"https:\/\/vremeplov.ba\/2025\/wp-content\/uploads\/2019\/05\/Red_voznje_1953-46.jpg\" srcset=\",https:\/\/vremeplov.ba\/2025\/wp-content\/uploads\/2019\/05\/Red_voznje_1953-46.jpg 950w\" sizes=\"auto, 250px\"\/><\/a><\/div><div class=\"sgb-item\"><a href=\"https:\/\/vremeplov.ba\/2025\/2019\/05\/02\/red-voznje-vozova-za-bosnu-i-hercegovinu-iz-1953-godine\/red_voznje_1953-47\/\" target=\"_blank\"><img decoding=\"async\" alt=\"\" width=\"950\" height=\"672\" loading=\"lazy\" src=\"https:\/\/vremeplov.ba\/2025\/wp-content\/uploads\/2019\/05\/Red_voznje_1953-47.jpg\" srcset=\",https:\/\/vremeplov.ba\/2025\/wp-content\/uploads\/2019\/05\/Red_voznje_1953-47.jpg 950w\" sizes=\"auto, 250px\"\/><\/a><\/div><div class=\"sgb-item\"><a href=\"https:\/\/vremeplov.ba\/2025\/2019\/05\/02\/red-voznje-vozova-za-bosnu-i-hercegovinu-iz-1953-godine\/red_voznje_1953-48\/\" target=\"_blank\"><img decoding=\"async\" alt=\"\" width=\"658\" height=\"950\" loading=\"lazy\" src=\"https:\/\/vremeplov.ba\/2025\/wp-content\/uploads\/2019\/05\/Red_voznje_1953-48.jpg\" srcset=\",https:\/\/vremeplov.ba\/2025\/wp-content\/uploads\/2019\/05\/Red_voznje_1953-48.jpg 658w\" sizes=\"auto, 250px\"\/><\/a><\/div><div class=\"sgb-item\"><a href=\"https:\/\/vremeplov.ba\/2025\/2019\/05\/02\/red-voznje-vozova-za-bosnu-i-hercegovinu-iz-1953-godine\/red_voznje_1953-49\/\" target=\"_blank\"><img decoding=\"async\" alt=\"\" width=\"950\" height=\"651\" loading=\"lazy\" src=\"https:\/\/vremeplov.ba\/2025\/wp-content\/uploads\/2019\/05\/Red_voznje_1953-49.jpg\" srcset=\",https:\/\/vremeplov.ba\/2025\/wp-content\/uploads\/2019\/05\/Red_voznje_1953-49.jpg 950w\" sizes=\"auto, 250px\"\/><\/a><\/div><div class=\"sgb-item\"><a href=\"https:\/\/vremeplov.ba\/2025\/2019\/05\/02\/red-voznje-vozova-za-bosnu-i-hercegovinu-iz-1953-godine\/red_voznje_1953-50\/\" target=\"_blank\"><img decoding=\"async\" alt=\"\" width=\"950\" height=\"650\" loading=\"lazy\" src=\"https:\/\/vremeplov.ba\/2025\/wp-content\/uploads\/2019\/05\/Red_voznje_1953-50.jpg\" srcset=\",https:\/\/vremeplov.ba\/2025\/wp-content\/uploads\/2019\/05\/Red_voznje_1953-50.jpg 950w\" sizes=\"auto, 250px\"\/><\/a><\/div><div class=\"sgb-item\"><a href=\"https:\/\/vremeplov.ba\/2025\/2019\/05\/02\/red-voznje-vozova-za-bosnu-i-hercegovinu-iz-1953-godine\/red_voznje_1953-51\/\" target=\"_blank\"><img decoding=\"async\" alt=\"\" width=\"950\" height=\"644\" loading=\"lazy\" src=\"https:\/\/vremeplov.ba\/2025\/wp-content\/uploads\/2019\/05\/Red_voznje_1953-51.jpg\" srcset=\",https:\/\/vremeplov.ba\/2025\/wp-content\/uploads\/2019\/05\/Red_voznje_1953-51.jpg 950w\" sizes=\"auto, 250px\"\/><\/a><\/div><div class=\"sgb-item\"><a href=\"https:\/\/vremeplov.ba\/2025\/2019\/05\/02\/red-voznje-vozova-za-bosnu-i-hercegovinu-iz-1953-godine\/red_voznje_1953-52\/\" target=\"_blank\"><img decoding=\"async\" alt=\"\" width=\"950\" height=\"650\" loading=\"lazy\" src=\"https:\/\/vremeplov.ba\/2025\/wp-content\/uploads\/2019\/05\/Red_voznje_1953-52.jpg\" srcset=\",https:\/\/vremeplov.ba\/2025\/wp-content\/uploads\/2019\/05\/Red_voznje_1953-52.jpg 950w\" sizes=\"auto, 250px\"\/><\/a><\/div><div class=\"sgb-item\"><a href=\"https:\/\/vremeplov.ba\/2025\/2019\/05\/02\/red-voznje-vozova-za-bosnu-i-hercegovinu-iz-1953-godine\/red_voznje_1953-53\/\" target=\"_blank\"><img decoding=\"async\" alt=\"\" width=\"950\" height=\"652\" loading=\"lazy\" src=\"https:\/\/vremeplov.ba\/2025\/wp-content\/uploads\/2019\/05\/Red_voznje_1953-53.jpg\" srcset=\",https:\/\/vremeplov.ba\/2025\/wp-content\/uploads\/2019\/05\/Red_voznje_1953-53.jpg 950w\" sizes=\"auto, 250px\"\/><\/a><\/div><div class=\"sgb-item\"><a href=\"https:\/\/vremeplov.ba\/2025\/2019\/05\/02\/red-voznje-vozova-za-bosnu-i-hercegovinu-iz-1953-godine\/red_voznje_1953-54\/\" target=\"_blank\"><img decoding=\"async\" alt=\"\" width=\"950\" height=\"657\" loading=\"lazy\" src=\"https:\/\/vremeplov.ba\/2025\/wp-content\/uploads\/2019\/05\/Red_voznje_1953-54.jpg\" srcset=\",https:\/\/vremeplov.ba\/2025\/wp-content\/uploads\/2019\/05\/Red_voznje_1953-54.jpg 950w\" sizes=\"auto, 250px\"\/><\/a><\/div><div class=\"sgb-item\"><a href=\"https:\/\/vremeplov.ba\/2025\/2019\/05\/02\/red-voznje-vozova-za-bosnu-i-hercegovinu-iz-1953-godine\/red_voznje_1953-55\/\" target=\"_blank\"><img decoding=\"async\" alt=\"\" width=\"950\" height=\"661\" loading=\"lazy\" src=\"https:\/\/vremeplov.ba\/2025\/wp-content\/uploads\/2019\/05\/Red_voznje_1953-55.jpg\" srcset=\",https:\/\/vremeplov.ba\/2025\/wp-content\/uploads\/2019\/05\/Red_voznje_1953-55.jpg 950w\" sizes=\"auto, 250px\"\/><\/a><\/div><div class=\"sgb-item\"><a href=\"https:\/\/vremeplov.ba\/2025\/2019\/05\/02\/red-voznje-vozova-za-bosnu-i-hercegovinu-iz-1953-godine\/red_voznje_1953-56\/\" target=\"_blank\"><img decoding=\"async\" alt=\"\" width=\"950\" height=\"653\" loading=\"lazy\" src=\"https:\/\/vremeplov.ba\/2025\/wp-content\/uploads\/2019\/05\/Red_voznje_1953-56.jpg\" srcset=\",https:\/\/vremeplov.ba\/2025\/wp-content\/uploads\/2019\/05\/Red_voznje_1953-56.jpg 950w\" sizes=\"auto, 250px\"\/><\/a><\/div><div class=\"sgb-item\"><a href=\"https:\/\/vremeplov.ba\/2025\/2019\/05\/02\/red-voznje-vozova-za-bosnu-i-hercegovinu-iz-1953-godine\/red_voznje_1953-57\/\" target=\"_blank\"><img decoding=\"async\" alt=\"\" width=\"950\" height=\"652\" loading=\"lazy\" src=\"https:\/\/vremeplov.ba\/2025\/wp-content\/uploads\/2019\/05\/Red_voznje_1953-57.jpg\" srcset=\",https:\/\/vremeplov.ba\/2025\/wp-content\/uploads\/2019\/05\/Red_voznje_1953-57.jpg 950w\" sizes=\"auto, 250px\"\/><\/a><\/div><div class=\"sgb-item\"><a href=\"https:\/\/vremeplov.ba\/2025\/2019\/05\/02\/red-voznje-vozova-za-bosnu-i-hercegovinu-iz-1953-godine\/red_voznje_1953-58\/\" target=\"_blank\"><img decoding=\"async\" alt=\"\" width=\"656\" height=\"950\" loading=\"lazy\" src=\"https:\/\/vremeplov.ba\/2025\/wp-content\/uploads\/2019\/05\/Red_voznje_1953-58.jpg\" srcset=\",https:\/\/vremeplov.ba\/2025\/wp-content\/uploads\/2019\/05\/Red_voznje_1953-58.jpg 656w\" sizes=\"auto, 250px\"\/><\/a><\/div><div class=\"sgb-item\"><a href=\"https:\/\/vremeplov.ba\/2025\/2019\/05\/02\/red-voznje-vozova-za-bosnu-i-hercegovinu-iz-1953-godine\/red_voznje_1953-59\/\" target=\"_blank\"><img decoding=\"async\" alt=\"\" width=\"950\" height=\"656\" loading=\"lazy\" src=\"https:\/\/vremeplov.ba\/2025\/wp-content\/uploads\/2019\/05\/Red_voznje_1953-59.jpg\" srcset=\",https:\/\/vremeplov.ba\/2025\/wp-content\/uploads\/2019\/05\/Red_voznje_1953-59.jpg 950w\" sizes=\"auto, 250px\"\/><\/a><\/div><div class=\"sgb-item\"><a href=\"https:\/\/vremeplov.ba\/2025\/2019\/05\/02\/red-voznje-vozova-za-bosnu-i-hercegovinu-iz-1953-godine\/red_voznje_1953-60\/\" target=\"_blank\"><img decoding=\"async\" alt=\"\" width=\"950\" height=\"652\" loading=\"lazy\" src=\"https:\/\/vremeplov.ba\/2025\/wp-content\/uploads\/2019\/05\/Red_voznje_1953-60.jpg\" srcset=\",https:\/\/vremeplov.ba\/2025\/wp-content\/uploads\/2019\/05\/Red_voznje_1953-60.jpg 950w\" sizes=\"auto, 250px\"\/><\/a><\/div><div class=\"sgb-item\"><a href=\"https:\/\/vremeplov.ba\/2025\/2019\/05\/02\/red-voznje-vozova-za-bosnu-i-hercegovinu-iz-1953-godine\/red_voznje_1953-61\/\" target=\"_blank\"><img decoding=\"async\" alt=\"\" width=\"950\" height=\"636\" loading=\"lazy\" src=\"https:\/\/vremeplov.ba\/2025\/wp-content\/uploads\/2019\/05\/Red_voznje_1953-61.jpg\" srcset=\",https:\/\/vremeplov.ba\/2025\/wp-content\/uploads\/2019\/05\/Red_voznje_1953-61.jpg 950w\" sizes=\"auto, 250px\"\/><\/a><\/div><div class=\"sgb-item\"><a href=\"https:\/\/vremeplov.ba\/2025\/2019\/05\/02\/red-voznje-vozova-za-bosnu-i-hercegovinu-iz-1953-godine\/red_voznje_1953-62\/\" target=\"_blank\"><img decoding=\"async\" alt=\"\" width=\"950\" height=\"647\" loading=\"lazy\" src=\"https:\/\/vremeplov.ba\/2025\/wp-content\/uploads\/2019\/05\/Red_voznje_1953-62.jpg\" srcset=\",https:\/\/vremeplov.ba\/2025\/wp-content\/uploads\/2019\/05\/Red_voznje_1953-62.jpg 950w\" sizes=\"auto, 250px\"\/><\/a><\/div><div class=\"sgb-item\"><a href=\"https:\/\/vremeplov.ba\/2025\/2019\/05\/02\/red-voznje-vozova-za-bosnu-i-hercegovinu-iz-1953-godine\/red_voznje_1953-63\/\" target=\"_blank\"><img decoding=\"async\" alt=\"\" width=\"950\" height=\"644\" loading=\"lazy\" src=\"https:\/\/vremeplov.ba\/2025\/wp-content\/uploads\/2019\/05\/Red_voznje_1953-63.jpg\" srcset=\",https:\/\/vremeplov.ba\/2025\/wp-content\/uploads\/2019\/05\/Red_voznje_1953-63.jpg 950w\" sizes=\"auto, 250px\"\/><\/a><\/div><div class=\"sgb-item\"><a href=\"https:\/\/vremeplov.ba\/2025\/2019\/05\/02\/red-voznje-vozova-za-bosnu-i-hercegovinu-iz-1953-godine\/red_voznje_1953-64\/\" target=\"_blank\"><img decoding=\"async\" alt=\"\" width=\"950\" height=\"645\" loading=\"lazy\" src=\"https:\/\/vremeplov.ba\/2025\/wp-content\/uploads\/2019\/05\/Red_voznje_1953-64.jpg\" srcset=\",https:\/\/vremeplov.ba\/2025\/wp-content\/uploads\/2019\/05\/Red_voznje_1953-64.jpg 950w\" sizes=\"auto, 250px\"\/><\/a><\/div><div class=\"sgb-item\"><a href=\"https:\/\/vremeplov.ba\/2025\/2019\/05\/02\/red-voznje-vozova-za-bosnu-i-hercegovinu-iz-1953-godine\/red_voznje_1953-65\/\" target=\"_blank\"><img decoding=\"async\" alt=\"\" width=\"950\" height=\"635\" loading=\"lazy\" src=\"https:\/\/vremeplov.ba\/2025\/wp-content\/uploads\/2019\/05\/Red_voznje_1953-65.jpg\" srcset=\",https:\/\/vremeplov.ba\/2025\/wp-content\/uploads\/2019\/05\/Red_voznje_1953-65.jpg 950w\" sizes=\"auto, 250px\"\/><\/a><\/div><div class=\"sgb-item\"><a href=\"https:\/\/vremeplov.ba\/2025\/2019\/05\/02\/red-voznje-vozova-za-bosnu-i-hercegovinu-iz-1953-godine\/red_voznje_1953-66\/\" target=\"_blank\"><img decoding=\"async\" alt=\"\" width=\"950\" height=\"641\" loading=\"lazy\" src=\"https:\/\/vremeplov.ba\/2025\/wp-content\/uploads\/2019\/05\/Red_voznje_1953-66.jpg\" srcset=\",https:\/\/vremeplov.ba\/2025\/wp-content\/uploads\/2019\/05\/Red_voznje_1953-66.jpg 950w\" sizes=\"auto, 250px\"\/><\/a><\/div><div class=\"sgb-item\"><a href=\"https:\/\/vremeplov.ba\/2025\/2019\/05\/02\/red-voznje-vozova-za-bosnu-i-hercegovinu-iz-1953-godine\/red_voznje_1953-67\/\" target=\"_blank\"><img decoding=\"async\" alt=\"\" width=\"950\" height=\"651\" loading=\"lazy\" src=\"https:\/\/vremeplov.ba\/2025\/wp-content\/uploads\/2019\/05\/Red_voznje_1953-67.jpg\" srcset=\",https:\/\/vremeplov.ba\/2025\/wp-content\/uploads\/2019\/05\/Red_voznje_1953-67.jpg 950w\" sizes=\"auto, 250px\"\/><\/a><\/div><div class=\"sgb-item\"><a href=\"https:\/\/vremeplov.ba\/2025\/2019\/05\/02\/red-voznje-vozova-za-bosnu-i-hercegovinu-iz-1953-godine\/red_voznje_1953-68\/\" target=\"_blank\"><img decoding=\"async\" alt=\"\" width=\"950\" height=\"646\" loading=\"lazy\" src=\"https:\/\/vremeplov.ba\/2025\/wp-content\/uploads\/2019\/05\/Red_voznje_1953-68.jpg\" srcset=\",https:\/\/vremeplov.ba\/2025\/wp-content\/uploads\/2019\/05\/Red_voznje_1953-68.jpg 950w\" sizes=\"auto, 250px\"\/><\/a><\/div><div class=\"sgb-item\"><a href=\"https:\/\/vremeplov.ba\/2025\/2019\/05\/02\/red-voznje-vozova-za-bosnu-i-hercegovinu-iz-1953-godine\/red_voznje_1953-69\/\" target=\"_blank\"><img decoding=\"async\" alt=\"\" width=\"950\" height=\"645\" loading=\"lazy\" src=\"https:\/\/vremeplov.ba\/2025\/wp-content\/uploads\/2019\/05\/Red_voznje_1953-69.jpg\" srcset=\",https:\/\/vremeplov.ba\/2025\/wp-content\/uploads\/2019\/05\/Red_voznje_1953-69.jpg 950w\" sizes=\"auto, 250px\"\/><\/a><\/div><div class=\"sgb-item\"><a href=\"https:\/\/vremeplov.ba\/2025\/2019\/05\/02\/red-voznje-vozova-za-bosnu-i-hercegovinu-iz-1953-godine\/red_voznje_1953-70\/\" target=\"_blank\"><img decoding=\"async\" alt=\"\" width=\"950\" height=\"659\" loading=\"lazy\" src=\"https:\/\/vremeplov.ba\/2025\/wp-content\/uploads\/2019\/05\/Red_voznje_1953-70.jpg\" srcset=\",https:\/\/vremeplov.ba\/2025\/wp-content\/uploads\/2019\/05\/Red_voznje_1953-70.jpg 950w\" sizes=\"auto, 250px\"\/><\/a><\/div><div class=\"sgb-item\"><a href=\"https:\/\/vremeplov.ba\/2025\/2019\/05\/02\/red-voznje-vozova-za-bosnu-i-hercegovinu-iz-1953-godine\/red_voznje_1953-71\/\" target=\"_blank\"><img decoding=\"async\" alt=\"\" width=\"950\" height=\"651\" loading=\"lazy\" src=\"https:\/\/vremeplov.ba\/2025\/wp-content\/uploads\/2019\/05\/Red_voznje_1953-71.jpg\" srcset=\",https:\/\/vremeplov.ba\/2025\/wp-content\/uploads\/2019\/05\/Red_voznje_1953-71.jpg 950w\" sizes=\"auto, 250px\"\/><\/a><\/div><div class=\"sgb-item\"><a href=\"https:\/\/vremeplov.ba\/2025\/2019\/05\/02\/red-voznje-vozova-za-bosnu-i-hercegovinu-iz-1953-godine\/red_voznje_1953-72\/\" target=\"_blank\"><img decoding=\"async\" alt=\"\" width=\"652\" height=\"950\" loading=\"lazy\" src=\"https:\/\/vremeplov.ba\/2025\/wp-content\/uploads\/2019\/05\/Red_voznje_1953-72.jpg\" srcset=\",https:\/\/vremeplov.ba\/2025\/wp-content\/uploads\/2019\/05\/Red_voznje_1953-72.jpg 652w\" sizes=\"auto, 250px\"\/><\/a><\/div><div class=\"sgb-item\"><a href=\"https:\/\/vremeplov.ba\/2025\/2019\/05\/02\/red-voznje-vozova-za-bosnu-i-hercegovinu-iz-1953-godine\/red_voznje_1953-73\/\" target=\"_blank\"><img decoding=\"async\" alt=\"\" width=\"950\" height=\"642\" loading=\"lazy\" src=\"https:\/\/vremeplov.ba\/2025\/wp-content\/uploads\/2019\/05\/Red_voznje_1953-73.jpg\" srcset=\",https:\/\/vremeplov.ba\/2025\/wp-content\/uploads\/2019\/05\/Red_voznje_1953-73.jpg 950w\" sizes=\"auto, 250px\"\/><\/a><\/div><div class=\"sgb-item\"><a href=\"https:\/\/vremeplov.ba\/2025\/2019\/05\/02\/red-voznje-vozova-za-bosnu-i-hercegovinu-iz-1953-godine\/red_voznje_1953-74\/\" target=\"_blank\"><img decoding=\"async\" alt=\"\" width=\"950\" height=\"649\" loading=\"lazy\" src=\"https:\/\/vremeplov.ba\/2025\/wp-content\/uploads\/2019\/05\/Red_voznje_1953-74.jpg\" srcset=\",https:\/\/vremeplov.ba\/2025\/wp-content\/uploads\/2019\/05\/Red_voznje_1953-74.jpg 950w\" sizes=\"auto, 250px\"\/><\/a><\/div><div class=\"sgb-item\"><a href=\"https:\/\/vremeplov.ba\/2025\/2019\/05\/02\/red-voznje-vozova-za-bosnu-i-hercegovinu-iz-1953-godine\/red_voznje_1953-75\/\" target=\"_blank\"><img decoding=\"async\" alt=\"\" width=\"950\" height=\"643\" loading=\"lazy\" src=\"https:\/\/vremeplov.ba\/2025\/wp-content\/uploads\/2019\/05\/Red_voznje_1953-75.jpg\" srcset=\",https:\/\/vremeplov.ba\/2025\/wp-content\/uploads\/2019\/05\/Red_voznje_1953-75.jpg 950w\" sizes=\"auto, 250px\"\/><\/a><\/div><div class=\"sgb-item\"><a href=\"https:\/\/vremeplov.ba\/2025\/2019\/05\/02\/red-voznje-vozova-za-bosnu-i-hercegovinu-iz-1953-godine\/red_voznje_1953-76\/\" target=\"_blank\"><img decoding=\"async\" alt=\"\" width=\"950\" height=\"642\" loading=\"lazy\" src=\"https:\/\/vremeplov.ba\/2025\/wp-content\/uploads\/2019\/05\/Red_voznje_1953-76.jpg\" srcset=\",https:\/\/vremeplov.ba\/2025\/wp-content\/uploads\/2019\/05\/Red_voznje_1953-76.jpg 950w\" sizes=\"auto, 250px\"\/><\/a><\/div><div class=\"sgb-item\"><a href=\"https:\/\/vremeplov.ba\/2025\/2019\/05\/02\/red-voznje-vozova-za-bosnu-i-hercegovinu-iz-1953-godine\/red_voznje_1953-77\/\" target=\"_blank\"><img decoding=\"async\" alt=\"\" width=\"950\" height=\"636\" loading=\"lazy\" src=\"https:\/\/vremeplov.ba\/2025\/wp-content\/uploads\/2019\/05\/Red_voznje_1953-77.jpg\" srcset=\",https:\/\/vremeplov.ba\/2025\/wp-content\/uploads\/2019\/05\/Red_voznje_1953-77.jpg 950w\" sizes=\"auto, 250px\"\/><\/a><\/div><div class=\"sgb-item\"><a href=\"https:\/\/vremeplov.ba\/2025\/2019\/05\/02\/red-voznje-vozova-za-bosnu-i-hercegovinu-iz-1953-godine\/red_voznje_1953-78\/\" target=\"_blank\"><img decoding=\"async\" alt=\"\" width=\"950\" height=\"646\" loading=\"lazy\" src=\"https:\/\/vremeplov.ba\/2025\/wp-content\/uploads\/2019\/05\/Red_voznje_1953-78.jpg\" srcset=\",https:\/\/vremeplov.ba\/2025\/wp-content\/uploads\/2019\/05\/Red_voznje_1953-78.jpg 950w\" sizes=\"auto, 250px\"\/><\/a><\/div><div class=\"sgb-item\"><a href=\"https:\/\/vremeplov.ba\/2025\/2019\/05\/02\/red-voznje-vozova-za-bosnu-i-hercegovinu-iz-1953-godine\/red_voznje_1953-79\/\" target=\"_blank\"><img decoding=\"async\" alt=\"\" width=\"950\" height=\"642\" loading=\"lazy\" src=\"https:\/\/vremeplov.ba\/2025\/wp-content\/uploads\/2019\/05\/Red_voznje_1953-79.jpg\" srcset=\",https:\/\/vremeplov.ba\/2025\/wp-content\/uploads\/2019\/05\/Red_voznje_1953-79.jpg 950w\" sizes=\"auto, 250px\"\/><\/a><\/div><div class=\"sgb-item\"><a href=\"https:\/\/vremeplov.ba\/2025\/2019\/05\/02\/red-voznje-vozova-za-bosnu-i-hercegovinu-iz-1953-godine\/red_voznje_1953-80\/\" target=\"_blank\"><img decoding=\"async\" alt=\"\" width=\"950\" height=\"650\" loading=\"lazy\" src=\"https:\/\/vremeplov.ba\/2025\/wp-content\/uploads\/2019\/05\/Red_voznje_1953-80.jpg\" srcset=\",https:\/\/vremeplov.ba\/2025\/wp-content\/uploads\/2019\/05\/Red_voznje_1953-80.jpg 950w\" sizes=\"auto, 250px\"\/><\/a><\/div><div class=\"sgb-item\"><a href=\"https:\/\/vremeplov.ba\/2025\/2019\/05\/02\/red-voznje-vozova-za-bosnu-i-hercegovinu-iz-1953-godine\/red_voznje_1953-81\/\" target=\"_blank\"><img decoding=\"async\" alt=\"\" width=\"950\" height=\"641\" loading=\"lazy\" src=\"https:\/\/vremeplov.ba\/2025\/wp-content\/uploads\/2019\/05\/Red_voznje_1953-81.jpg\" srcset=\",https:\/\/vremeplov.ba\/2025\/wp-content\/uploads\/2019\/05\/Red_voznje_1953-81.jpg 950w\" sizes=\"auto, 250px\"\/><\/a><\/div><div class=\"sgb-item\"><a href=\"https:\/\/vremeplov.ba\/2025\/2019\/05\/02\/red-voznje-vozova-za-bosnu-i-hercegovinu-iz-1953-godine\/red_voznje_1953-82\/\" target=\"_blank\"><img decoding=\"async\" alt=\"\" width=\"950\" height=\"645\" loading=\"lazy\" src=\"https:\/\/vremeplov.ba\/2025\/wp-content\/uploads\/2019\/05\/Red_voznje_1953-82.jpg\" srcset=\",https:\/\/vremeplov.ba\/2025\/wp-content\/uploads\/2019\/05\/Red_voznje_1953-82.jpg 950w\" sizes=\"auto, 250px\"\/><\/a><\/div><div class=\"sgb-item\"><a href=\"https:\/\/vremeplov.ba\/2025\/2019\/05\/02\/red-voznje-vozova-za-bosnu-i-hercegovinu-iz-1953-godine\/red_voznje_1953-83\/\" target=\"_blank\"><img decoding=\"async\" alt=\"\" width=\"950\" height=\"649\" loading=\"lazy\" src=\"https:\/\/vremeplov.ba\/2025\/wp-content\/uploads\/2019\/05\/Red_voznje_1953-83.jpg\" srcset=\",https:\/\/vremeplov.ba\/2025\/wp-content\/uploads\/2019\/05\/Red_voznje_1953-83.jpg 950w\" sizes=\"auto, 250px\"\/><\/a><\/div><div class=\"sgb-item\"><a href=\"https:\/\/vremeplov.ba\/2025\/2019\/05\/02\/red-voznje-vozova-za-bosnu-i-hercegovinu-iz-1953-godine\/red_voznje_1953-84\/\" target=\"_blank\"><img decoding=\"async\" alt=\"\" width=\"950\" height=\"648\" loading=\"lazy\" src=\"https:\/\/vremeplov.ba\/2025\/wp-content\/uploads\/2019\/05\/Red_voznje_1953-84.jpg\" srcset=\",https:\/\/vremeplov.ba\/2025\/wp-content\/uploads\/2019\/05\/Red_voznje_1953-84.jpg 950w\" sizes=\"auto, 250px\"\/><\/a><\/div><div class=\"sgb-item\"><a href=\"https:\/\/vremeplov.ba\/2025\/2019\/05\/02\/red-voznje-vozova-za-bosnu-i-hercegovinu-iz-1953-godine\/red_voznje_1953-85\/\" target=\"_blank\"><img decoding=\"async\" alt=\"\" width=\"950\" height=\"649\" loading=\"lazy\" src=\"https:\/\/vremeplov.ba\/2025\/wp-content\/uploads\/2019\/05\/Red_voznje_1953-85.jpg\" srcset=\",https:\/\/vremeplov.ba\/2025\/wp-content\/uploads\/2019\/05\/Red_voznje_1953-85.jpg 950w\" sizes=\"auto, 250px\"\/><\/a><\/div><div class=\"sgb-item\"><a href=\"https:\/\/vremeplov.ba\/2025\/2019\/05\/02\/red-voznje-vozova-za-bosnu-i-hercegovinu-iz-1953-godine\/red_voznje_1953-86\/\" target=\"_blank\"><img decoding=\"async\" alt=\"\" width=\"950\" height=\"656\" loading=\"lazy\" src=\"https:\/\/vremeplov.ba\/2025\/wp-content\/uploads\/2019\/05\/Red_voznje_1953-86.jpg\" srcset=\",https:\/\/vremeplov.ba\/2025\/wp-content\/uploads\/2019\/05\/Red_voznje_1953-86.jpg 950w\" sizes=\"auto, 250px\"\/><\/a><\/div><div class=\"sgb-item\"><a href=\"https:\/\/vremeplov.ba\/2025\/2019\/05\/02\/red-voznje-vozova-za-bosnu-i-hercegovinu-iz-1953-godine\/red_voznje_1953-87\/\" target=\"_blank\"><img decoding=\"async\" alt=\"\" width=\"659\" height=\"950\" loading=\"lazy\" src=\"https:\/\/vremeplov.ba\/2025\/wp-content\/uploads\/2019\/05\/Red_voznje_1953-87.jpg\" srcset=\",https:\/\/vremeplov.ba\/2025\/wp-content\/uploads\/2019\/05\/Red_voznje_1953-87.jpg 659w\" sizes=\"auto, 250px\"\/><\/a><\/div><div class=\"sgb-item\"><a href=\"https:\/\/vremeplov.ba\/2025\/2019\/05\/02\/red-voznje-vozova-za-bosnu-i-hercegovinu-iz-1953-godine\/red_voznje_1953-88\/\" target=\"_blank\"><img decoding=\"async\" alt=\"\" width=\"950\" height=\"665\" loading=\"lazy\" src=\"https:\/\/vremeplov.ba\/2025\/wp-content\/uploads\/2019\/05\/Red_voznje_1953-88.jpg\" srcset=\",https:\/\/vremeplov.ba\/2025\/wp-content\/uploads\/2019\/05\/Red_voznje_1953-88.jpg 950w\" sizes=\"auto, 250px\"\/><\/a><\/div><div class=\"sgb-item\"><a href=\"https:\/\/vremeplov.ba\/2025\/2019\/05\/02\/red-voznje-vozova-za-bosnu-i-hercegovinu-iz-1953-godine\/red_voznje_1953-89\/\" target=\"_blank\"><img decoding=\"async\" alt=\"\" width=\"950\" height=\"657\" loading=\"lazy\" src=\"https:\/\/vremeplov.ba\/2025\/wp-content\/uploads\/2019\/05\/Red_voznje_1953-89.jpg\" srcset=\",https:\/\/vremeplov.ba\/2025\/wp-content\/uploads\/2019\/05\/Red_voznje_1953-89.jpg 950w\" sizes=\"auto, 250px\"\/><\/a><\/div><div class=\"sgb-item\"><a href=\"https:\/\/vremeplov.ba\/2025\/2019\/05\/02\/red-voznje-vozova-za-bosnu-i-hercegovinu-iz-1953-godine\/red_voznje_1953-90\/\" target=\"_blank\"><img decoding=\"async\" alt=\"\" width=\"950\" height=\"660\" loading=\"lazy\" src=\"https:\/\/vremeplov.ba\/2025\/wp-content\/uploads\/2019\/05\/Red_voznje_1953-90.jpg\" srcset=\",https:\/\/vremeplov.ba\/2025\/wp-content\/uploads\/2019\/05\/Red_voznje_1953-90.jpg 950w\" sizes=\"auto, 250px\"\/><\/a><\/div><div class=\"sgb-item\"><a href=\"https:\/\/vremeplov.ba\/2025\/2019\/05\/02\/red-voznje-vozova-za-bosnu-i-hercegovinu-iz-1953-godine\/red_voznje_1953-91\/\" target=\"_blank\"><img decoding=\"async\" alt=\"\" width=\"950\" height=\"635\" loading=\"lazy\" src=\"https:\/\/vremeplov.ba\/2025\/wp-content\/uploads\/2019\/05\/Red_voznje_1953-91.jpg\" srcset=\",https:\/\/vremeplov.ba\/2025\/wp-content\/uploads\/2019\/05\/Red_voznje_1953-91.jpg 950w\" sizes=\"auto, 250px\"\/><\/a><\/div><div class=\"sgb-item\"><a href=\"https:\/\/vremeplov.ba\/2025\/2019\/05\/02\/red-voznje-vozova-za-bosnu-i-hercegovinu-iz-1953-godine\/red_voznje_1953-92\/\" target=\"_blank\"><img decoding=\"async\" alt=\"\" width=\"950\" height=\"642\" loading=\"lazy\" src=\"https:\/\/vremeplov.ba\/2025\/wp-content\/uploads\/2019\/05\/Red_voznje_1953-92.jpg\" srcset=\",https:\/\/vremeplov.ba\/2025\/wp-content\/uploads\/2019\/05\/Red_voznje_1953-92.jpg 950w\" sizes=\"auto, 250px\"\/><\/a><\/div><div class=\"sgb-item\"><a href=\"https:\/\/vremeplov.ba\/2025\/2019\/05\/02\/red-voznje-vozova-za-bosnu-i-hercegovinu-iz-1953-godine\/red_voznje_1953-93\/\" target=\"_blank\"><img decoding=\"async\" alt=\"\" width=\"950\" height=\"641\" loading=\"lazy\" src=\"https:\/\/vremeplov.ba\/2025\/wp-content\/uploads\/2019\/05\/Red_voznje_1953-93.jpg\" srcset=\",https:\/\/vremeplov.ba\/2025\/wp-content\/uploads\/2019\/05\/Red_voznje_1953-93.jpg 950w\" sizes=\"auto, 250px\"\/><\/a><\/div><div class=\"sgb-item\"><a href=\"https:\/\/vremeplov.ba\/2025\/2019\/05\/02\/red-voznje-vozova-za-bosnu-i-hercegovinu-iz-1953-godine\/red_voznje_1953-94\/\" target=\"_blank\"><img decoding=\"async\" alt=\"\" width=\"950\" height=\"635\" loading=\"lazy\" src=\"https:\/\/vremeplov.ba\/2025\/wp-content\/uploads\/2019\/05\/Red_voznje_1953-94.jpg\" srcset=\",https:\/\/vremeplov.ba\/2025\/wp-content\/uploads\/2019\/05\/Red_voznje_1953-94.jpg 950w\" sizes=\"auto, 250px\"\/><\/a><\/div><div class=\"sgb-item\"><a href=\"https:\/\/vremeplov.ba\/2025\/2019\/05\/02\/red-voznje-vozova-za-bosnu-i-hercegovinu-iz-1953-godine\/red_voznje_1953-95\/\" target=\"_blank\"><img decoding=\"async\" alt=\"\" width=\"950\" height=\"640\" loading=\"lazy\" src=\"https:\/\/vremeplov.ba\/2025\/wp-content\/uploads\/2019\/05\/Red_voznje_1953-95.jpg\" srcset=\",https:\/\/vremeplov.ba\/2025\/wp-content\/uploads\/2019\/05\/Red_voznje_1953-95.jpg 950w\" sizes=\"auto, 250px\"\/><\/a><\/div><div class=\"sgb-item\"><a href=\"https:\/\/vremeplov.ba\/2025\/2019\/05\/02\/red-voznje-vozova-za-bosnu-i-hercegovinu-iz-1953-godine\/red_voznje_1953-96\/\" target=\"_blank\"><img decoding=\"async\" alt=\"\" width=\"950\" height=\"647\" loading=\"lazy\" src=\"https:\/\/vremeplov.ba\/2025\/wp-content\/uploads\/2019\/05\/Red_voznje_1953-96.jpg\" srcset=\",https:\/\/vremeplov.ba\/2025\/wp-content\/uploads\/2019\/05\/Red_voznje_1953-96.jpg 950w\" sizes=\"auto, 250px\"\/><\/a><\/div><div class=\"sgb-item\"><a href=\"https:\/\/vremeplov.ba\/2025\/2019\/05\/02\/red-voznje-vozova-za-bosnu-i-hercegovinu-iz-1953-godine\/red_voznje_1953-97\/\" target=\"_blank\"><img decoding=\"async\" alt=\"\" width=\"950\" height=\"656\" loading=\"lazy\" src=\"https:\/\/vremeplov.ba\/2025\/wp-content\/uploads\/2019\/05\/Red_voznje_1953-97.jpg\" srcset=\",https:\/\/vremeplov.ba\/2025\/wp-content\/uploads\/2019\/05\/Red_voznje_1953-97.jpg 950w\" sizes=\"auto, 250px\"\/><\/a><\/div><div class=\"sgb-item\"><a href=\"https:\/\/vremeplov.ba\/2025\/2019\/05\/02\/red-voznje-vozova-za-bosnu-i-hercegovinu-iz-1953-godine\/red_voznje_1953-98\/\" target=\"_blank\"><img decoding=\"async\" alt=\"\" width=\"950\" height=\"654\" loading=\"lazy\" src=\"https:\/\/vremeplov.ba\/2025\/wp-content\/uploads\/2019\/05\/Red_voznje_1953-98.jpg\" srcset=\",https:\/\/vremeplov.ba\/2025\/wp-content\/uploads\/2019\/05\/Red_voznje_1953-98.jpg 950w\" sizes=\"auto, 250px\"\/><\/a><\/div><div class=\"sgb-item\"><a href=\"https:\/\/vremeplov.ba\/2025\/2019\/05\/02\/red-voznje-vozova-za-bosnu-i-hercegovinu-iz-1953-godine\/red_voznje_1953-99\/\" target=\"_blank\"><img decoding=\"async\" alt=\"\" width=\"950\" height=\"655\" loading=\"lazy\" src=\"https:\/\/vremeplov.ba\/2025\/wp-content\/uploads\/2019\/05\/Red_voznje_1953-99.jpg\" srcset=\",https:\/\/vremeplov.ba\/2025\/wp-content\/uploads\/2019\/05\/Red_voznje_1953-99.jpg 950w\" sizes=\"auto, 250px\"\/><\/a><\/div><div class=\"sgb-item\"><a href=\"https:\/\/vremeplov.ba\/2025\/2019\/05\/02\/red-voznje-vozova-za-bosnu-i-hercegovinu-iz-1953-godine\/red_voznje_1953-100\/\" target=\"_blank\"><img decoding=\"async\" alt=\"\" width=\"950\" height=\"651\" loading=\"lazy\" src=\"https:\/\/vremeplov.ba\/2025\/wp-content\/uploads\/2019\/05\/Red_voznje_1953-100.jpg\" srcset=\",https:\/\/vremeplov.ba\/2025\/wp-content\/uploads\/2019\/05\/Red_voznje_1953-100.jpg 950w\" sizes=\"auto, 250px\"\/><\/a><\/div><div class=\"sgb-item\"><a href=\"https:\/\/vremeplov.ba\/2025\/2019\/05\/02\/red-voznje-vozova-za-bosnu-i-hercegovinu-iz-1953-godine\/red_voznje_1953-101\/\" target=\"_blank\"><img decoding=\"async\" alt=\"\" width=\"950\" height=\"673\" loading=\"lazy\" src=\"https:\/\/vremeplov.ba\/2025\/wp-content\/uploads\/2019\/05\/Red_voznje_1953-101.jpg\" srcset=\",https:\/\/vremeplov.ba\/2025\/wp-content\/uploads\/2019\/05\/Red_voznje_1953-101.jpg 950w\" sizes=\"auto, 250px\"\/><\/a><\/div><div class=\"sgb-item\"><a href=\"https:\/\/vremeplov.ba\/2025\/2019\/05\/02\/red-voznje-vozova-za-bosnu-i-hercegovinu-iz-1953-godine\/red_voznje_1953-102\/\" target=\"_blank\"><img decoding=\"async\" alt=\"\" width=\"950\" height=\"656\" loading=\"lazy\" src=\"https:\/\/vremeplov.ba\/2025\/wp-content\/uploads\/2019\/05\/Red_voznje_1953-102.jpg\" srcset=\",https:\/\/vremeplov.ba\/2025\/wp-content\/uploads\/2019\/05\/Red_voznje_1953-102.jpg 950w\" sizes=\"auto, 250px\"\/><\/a><\/div><div class=\"sgb-item\"><a href=\"https:\/\/vremeplov.ba\/2025\/2019\/05\/02\/red-voznje-vozova-za-bosnu-i-hercegovinu-iz-1953-godine\/red_voznje_1953-103\/\" target=\"_blank\"><img decoding=\"async\" alt=\"\" width=\"950\" height=\"645\" loading=\"lazy\" src=\"https:\/\/vremeplov.ba\/2025\/wp-content\/uploads\/2019\/05\/Red_voznje_1953-103.jpg\" srcset=\",https:\/\/vremeplov.ba\/2025\/wp-content\/uploads\/2019\/05\/Red_voznje_1953-103.jpg 950w\" sizes=\"auto, 250px\"\/><\/a><\/div><div class=\"sgb-item\"><a href=\"https:\/\/vremeplov.ba\/2025\/2019\/05\/02\/red-voznje-vozova-za-bosnu-i-hercegovinu-iz-1953-godine\/red_voznje_1953-104\/\" target=\"_blank\"><img decoding=\"async\" alt=\"\" width=\"950\" height=\"659\" loading=\"lazy\" src=\"https:\/\/vremeplov.ba\/2025\/wp-content\/uploads\/2019\/05\/Red_voznje_1953-104.jpg\" srcset=\",https:\/\/vremeplov.ba\/2025\/wp-content\/uploads\/2019\/05\/Red_voznje_1953-104.jpg 950w\" sizes=\"auto, 250px\"\/><\/a><\/div><div class=\"sgb-item\"><a href=\"https:\/\/vremeplov.ba\/2025\/2019\/05\/02\/red-voznje-vozova-za-bosnu-i-hercegovinu-iz-1953-godine\/red_voznje_1953-105\/\" target=\"_blank\"><img decoding=\"async\" alt=\"\" width=\"950\" height=\"644\" loading=\"lazy\" src=\"https:\/\/vremeplov.ba\/2025\/wp-content\/uploads\/2019\/05\/Red_voznje_1953-105.jpg\" srcset=\",https:\/\/vremeplov.ba\/2025\/wp-content\/uploads\/2019\/05\/Red_voznje_1953-105.jpg 950w\" sizes=\"auto, 250px\"\/><\/a><\/div><div class=\"sgb-item\"><a href=\"https:\/\/vremeplov.ba\/2025\/2019\/05\/02\/red-voznje-vozova-za-bosnu-i-hercegovinu-iz-1953-godine\/red_voznje_1953-106\/\" target=\"_blank\"><img decoding=\"async\" alt=\"\" width=\"950\" height=\"648\" loading=\"lazy\" src=\"https:\/\/vremeplov.ba\/2025\/wp-content\/uploads\/2019\/05\/Red_voznje_1953-106.jpg\" srcset=\",https:\/\/vremeplov.ba\/2025\/wp-content\/uploads\/2019\/05\/Red_voznje_1953-106.jpg 950w\" sizes=\"auto, 250px\"\/><\/a><\/div><div class=\"sgb-item\"><a href=\"https:\/\/vremeplov.ba\/2025\/2019\/05\/02\/red-voznje-vozova-za-bosnu-i-hercegovinu-iz-1953-godine\/red_voznje_1953-107\/\" target=\"_blank\"><img decoding=\"async\" alt=\"\" width=\"950\" height=\"663\" loading=\"lazy\" src=\"https:\/\/vremeplov.ba\/2025\/wp-content\/uploads\/2019\/05\/Red_voznje_1953-107.jpg\" srcset=\",https:\/\/vremeplov.ba\/2025\/wp-content\/uploads\/2019\/05\/Red_voznje_1953-107.jpg 950w\" sizes=\"auto, 250px\"\/><\/a><\/div><div class=\"sgb-item\"><a href=\"https:\/\/vremeplov.ba\/2025\/2019\/05\/02\/red-voznje-vozova-za-bosnu-i-hercegovinu-iz-1953-godine\/red_voznje_1953-108\/\" target=\"_blank\"><img decoding=\"async\" alt=\"\" width=\"950\" height=\"660\" loading=\"lazy\" src=\"https:\/\/vremeplov.ba\/2025\/wp-content\/uploads\/2019\/05\/Red_voznje_1953-108.jpg\" srcset=\",https:\/\/vremeplov.ba\/2025\/wp-content\/uploads\/2019\/05\/Red_voznje_1953-108.jpg 950w\" sizes=\"auto, 250px\"\/><\/a><\/div><div class=\"sgb-item\"><a href=\"https:\/\/vremeplov.ba\/2025\/2019\/05\/02\/red-voznje-vozova-za-bosnu-i-hercegovinu-iz-1953-godine\/red_voznje_1953-109\/\" target=\"_blank\"><img decoding=\"async\" alt=\"\" width=\"950\" height=\"656\" loading=\"lazy\" src=\"https:\/\/vremeplov.ba\/2025\/wp-content\/uploads\/2019\/05\/Red_voznje_1953-109.jpg\" srcset=\",https:\/\/vremeplov.ba\/2025\/wp-content\/uploads\/2019\/05\/Red_voznje_1953-109.jpg 950w\" sizes=\"auto, 250px\"\/><\/a><\/div><div class=\"sgb-item\"><a href=\"https:\/\/vremeplov.ba\/2025\/2019\/05\/02\/red-voznje-vozova-za-bosnu-i-hercegovinu-iz-1953-godine\/red_voznje_1953-110\/\" target=\"_blank\"><img decoding=\"async\" alt=\"\" width=\"950\" height=\"656\" loading=\"lazy\" src=\"https:\/\/vremeplov.ba\/2025\/wp-content\/uploads\/2019\/05\/Red_voznje_1953-110.jpg\" srcset=\",https:\/\/vremeplov.ba\/2025\/wp-content\/uploads\/2019\/05\/Red_voznje_1953-110.jpg 950w\" sizes=\"auto, 250px\"\/><\/a><\/div><div class=\"sgb-item\"><a href=\"https:\/\/vremeplov.ba\/2025\/2019\/05\/02\/red-voznje-vozova-za-bosnu-i-hercegovinu-iz-1953-godine\/red_voznje_1953-111\/\" target=\"_blank\"><img decoding=\"async\" alt=\"\" width=\"950\" height=\"654\" loading=\"lazy\" src=\"https:\/\/vremeplov.ba\/2025\/wp-content\/uploads\/2019\/05\/Red_voznje_1953-111.jpg\" srcset=\",https:\/\/vremeplov.ba\/2025\/wp-content\/uploads\/2019\/05\/Red_voznje_1953-111.jpg 950w\" sizes=\"auto, 250px\"\/><\/a><\/div><div class=\"sgb-item\"><a href=\"https:\/\/vremeplov.ba\/2025\/2019\/05\/02\/red-voznje-vozova-za-bosnu-i-hercegovinu-iz-1953-godine\/red_voznje_1953-112\/\" target=\"_blank\"><img decoding=\"async\" alt=\"\" width=\"950\" height=\"639\" loading=\"lazy\" src=\"https:\/\/vremeplov.ba\/2025\/wp-content\/uploads\/2019\/05\/Red_voznje_1953-112.jpg\" srcset=\",https:\/\/vremeplov.ba\/2025\/wp-content\/uploads\/2019\/05\/Red_voznje_1953-112.jpg 950w\" sizes=\"auto, 250px\"\/><\/a><\/div><div class=\"sgb-item\"><a href=\"https:\/\/vremeplov.ba\/2025\/2019\/05\/02\/red-voznje-vozova-za-bosnu-i-hercegovinu-iz-1953-godine\/red_voznje_1953-113\/\" target=\"_blank\"><img decoding=\"async\" alt=\"\" width=\"950\" height=\"649\" loading=\"lazy\" src=\"https:\/\/vremeplov.ba\/2025\/wp-content\/uploads\/2019\/05\/Red_voznje_1953-113.jpg\" srcset=\",https:\/\/vremeplov.ba\/2025\/wp-content\/uploads\/2019\/05\/Red_voznje_1953-113.jpg 950w\" sizes=\"auto, 250px\"\/><\/a><\/div><div class=\"sgb-item\"><a href=\"https:\/\/vremeplov.ba\/2025\/2019\/05\/02\/red-voznje-vozova-za-bosnu-i-hercegovinu-iz-1953-godine\/red_voznje_1953-114\/\" target=\"_blank\"><img decoding=\"async\" alt=\"\" width=\"950\" height=\"660\" loading=\"lazy\" src=\"https:\/\/vremeplov.ba\/2025\/wp-content\/uploads\/2019\/05\/Red_voznje_1953-114.jpg\" srcset=\",https:\/\/vremeplov.ba\/2025\/wp-content\/uploads\/2019\/05\/Red_voznje_1953-114.jpg 950w\" sizes=\"auto, 250px\"\/><\/a><\/div><div class=\"sgb-item\"><a href=\"https:\/\/vremeplov.ba\/2025\/2019\/05\/02\/red-voznje-vozova-za-bosnu-i-hercegovinu-iz-1953-godine\/red_voznje_1953-115\/\" target=\"_blank\"><img decoding=\"async\" alt=\"\" width=\"662\" height=\"950\" loading=\"lazy\" src=\"https:\/\/vremeplov.ba\/2025\/wp-content\/uploads\/2019\/05\/Red_voznje_1953-115.jpg\" srcset=\",https:\/\/vremeplov.ba\/2025\/wp-content\/uploads\/2019\/05\/Red_voznje_1953-115.jpg 662w\" sizes=\"auto, 250px\"\/><\/a><\/div><div class=\"sgb-item\"><a href=\"https:\/\/vremeplov.ba\/2025\/2019\/05\/02\/red-voznje-vozova-za-bosnu-i-hercegovinu-iz-1953-godine\/red_voznje_1953-116\/\" target=\"_blank\"><img decoding=\"async\" alt=\"\" width=\"950\" height=\"644\" loading=\"lazy\" src=\"https:\/\/vremeplov.ba\/2025\/wp-content\/uploads\/2019\/05\/Red_voznje_1953-116.jpg\" srcset=\",https:\/\/vremeplov.ba\/2025\/wp-content\/uploads\/2019\/05\/Red_voznje_1953-116.jpg 950w\" sizes=\"auto, 250px\"\/><\/a><\/div><div class=\"sgb-item\"><a href=\"https:\/\/vremeplov.ba\/2025\/2019\/05\/02\/red-voznje-vozova-za-bosnu-i-hercegovinu-iz-1953-godine\/red_voznje_1953-117\/\" target=\"_blank\"><img decoding=\"async\" alt=\"\" width=\"950\" height=\"670\" loading=\"lazy\" src=\"https:\/\/vremeplov.ba\/2025\/wp-content\/uploads\/2019\/05\/Red_voznje_1953-117.jpg\" srcset=\",https:\/\/vremeplov.ba\/2025\/wp-content\/uploads\/2019\/05\/Red_voznje_1953-117.jpg 950w\" sizes=\"auto, 250px\"\/><\/a><\/div><div class=\"sgb-item\"><a href=\"https:\/\/vremeplov.ba\/2025\/2019\/05\/02\/red-voznje-vozova-za-bosnu-i-hercegovinu-iz-1953-godine\/red_voznje_1953-118\/\" target=\"_blank\"><img decoding=\"async\" alt=\"\" width=\"950\" height=\"660\" loading=\"lazy\" src=\"https:\/\/vremeplov.ba\/2025\/wp-content\/uploads\/2019\/05\/Red_voznje_1953-118.jpg\" srcset=\",https:\/\/vremeplov.ba\/2025\/wp-content\/uploads\/2019\/05\/Red_voznje_1953-118.jpg 950w\" sizes=\"auto, 250px\"\/><\/a><\/div><div class=\"sgb-item\"><a href=\"https:\/\/vremeplov.ba\/2025\/2019\/05\/02\/red-voznje-vozova-za-bosnu-i-hercegovinu-iz-1953-godine\/red_voznje_1953-119\/\" target=\"_blank\"><img decoding=\"async\" alt=\"\" width=\"950\" height=\"649\" loading=\"lazy\" src=\"https:\/\/vremeplov.ba\/2025\/wp-content\/uploads\/2019\/05\/Red_voznje_1953-119.jpg\" srcset=\",https:\/\/vremeplov.ba\/2025\/wp-content\/uploads\/2019\/05\/Red_voznje_1953-119.jpg 950w\" sizes=\"auto, 250px\"\/><\/a><\/div><div class=\"sgb-item\"><a href=\"https:\/\/vremeplov.ba\/2025\/2019\/05\/02\/red-voznje-vozova-za-bosnu-i-hercegovinu-iz-1953-godine\/red_voznje_1953-120\/\" target=\"_blank\"><img decoding=\"async\" alt=\"\" width=\"950\" height=\"641\" loading=\"lazy\" src=\"https:\/\/vremeplov.ba\/2025\/wp-content\/uploads\/2019\/05\/Red_voznje_1953-120.jpg\" srcset=\",https:\/\/vremeplov.ba\/2025\/wp-content\/uploads\/2019\/05\/Red_voznje_1953-120.jpg 950w\" sizes=\"auto, 250px\"\/><\/a><\/div><div class=\"sgb-item\"><a href=\"https:\/\/vremeplov.ba\/2025\/2019\/05\/02\/red-voznje-vozova-za-bosnu-i-hercegovinu-iz-1953-godine\/red_voznje_1953-121\/\" target=\"_blank\"><img decoding=\"async\" alt=\"\" width=\"950\" height=\"643\" loading=\"lazy\" src=\"https:\/\/vremeplov.ba\/2025\/wp-content\/uploads\/2019\/05\/Red_voznje_1953-121.jpg\" srcset=\",https:\/\/vremeplov.ba\/2025\/wp-content\/uploads\/2019\/05\/Red_voznje_1953-121.jpg 950w\" sizes=\"auto, 250px\"\/><\/a><\/div><div class=\"sgb-item\"><a href=\"https:\/\/vremeplov.ba\/2025\/2019\/05\/02\/red-voznje-vozova-za-bosnu-i-hercegovinu-iz-1953-godine\/red_voznje_1953-122\/\" target=\"_blank\"><img decoding=\"async\" alt=\"\" width=\"950\" height=\"650\" loading=\"lazy\" src=\"https:\/\/vremeplov.ba\/2025\/wp-content\/uploads\/2019\/05\/Red_voznje_1953-122.jpg\" srcset=\",https:\/\/vremeplov.ba\/2025\/wp-content\/uploads\/2019\/05\/Red_voznje_1953-122.jpg 950w\" sizes=\"auto, 250px\"\/><\/a><\/div><div class=\"sgb-item\"><a href=\"https:\/\/vremeplov.ba\/2025\/2019\/05\/02\/red-voznje-vozova-za-bosnu-i-hercegovinu-iz-1953-godine\/red_voznje_1953-123\/\" target=\"_blank\"><img decoding=\"async\" alt=\"\" width=\"950\" height=\"651\" loading=\"lazy\" src=\"https:\/\/vremeplov.ba\/2025\/wp-content\/uploads\/2019\/05\/Red_voznje_1953-123.jpg\" srcset=\",https:\/\/vremeplov.ba\/2025\/wp-content\/uploads\/2019\/05\/Red_voznje_1953-123.jpg 950w\" sizes=\"auto, 250px\"\/><\/a><\/div><div class=\"sgb-item\"><a href=\"https:\/\/vremeplov.ba\/2025\/2019\/05\/02\/red-voznje-vozova-za-bosnu-i-hercegovinu-iz-1953-godine\/red_voznje_1953-124\/\" target=\"_blank\"><img decoding=\"async\" alt=\"\" width=\"950\" height=\"643\" loading=\"lazy\" src=\"https:\/\/vremeplov.ba\/2025\/wp-content\/uploads\/2019\/05\/Red_voznje_1953-124.jpg\" srcset=\",https:\/\/vremeplov.ba\/2025\/wp-content\/uploads\/2019\/05\/Red_voznje_1953-124.jpg 950w\" sizes=\"auto, 250px\"\/><\/a><\/div><div class=\"sgb-item\"><a href=\"https:\/\/vremeplov.ba\/2025\/2019\/05\/02\/red-voznje-vozova-za-bosnu-i-hercegovinu-iz-1953-godine\/red_voznje_1953-125\/\" target=\"_blank\"><img decoding=\"async\" alt=\"\" width=\"950\" height=\"644\" loading=\"lazy\" src=\"https:\/\/vremeplov.ba\/2025\/wp-content\/uploads\/2019\/05\/Red_voznje_1953-125.jpg\" srcset=\",https:\/\/vremeplov.ba\/2025\/wp-content\/uploads\/2019\/05\/Red_voznje_1953-125.jpg 950w\" sizes=\"auto, 250px\"\/><\/a><\/div><div class=\"sgb-item\"><a href=\"https:\/\/vremeplov.ba\/2025\/2019\/05\/02\/red-voznje-vozova-za-bosnu-i-hercegovinu-iz-1953-godine\/red_voznje_1953-126\/\" target=\"_blank\"><img decoding=\"async\" alt=\"\" width=\"950\" height=\"647\" loading=\"lazy\" src=\"https:\/\/vremeplov.ba\/2025\/wp-content\/uploads\/2019\/05\/Red_voznje_1953-126.jpg\" srcset=\",https:\/\/vremeplov.ba\/2025\/wp-content\/uploads\/2019\/05\/Red_voznje_1953-126.jpg 950w\" sizes=\"auto, 250px\"\/><\/a><\/div><div class=\"sgb-item\"><a href=\"https:\/\/vremeplov.ba\/2025\/2019\/05\/02\/red-voznje-vozova-za-bosnu-i-hercegovinu-iz-1953-godine\/red_voznje_1953-127\/\" target=\"_blank\"><img decoding=\"async\" alt=\"\" width=\"950\" height=\"644\" loading=\"lazy\" src=\"https:\/\/vremeplov.ba\/2025\/wp-content\/uploads\/2019\/05\/Red_voznje_1953-127.jpg\" srcset=\",https:\/\/vremeplov.ba\/2025\/wp-content\/uploads\/2019\/05\/Red_voznje_1953-127.jpg 950w\" sizes=\"auto, 250px\"\/><\/a><\/div><div class=\"sgb-item\"><a href=\"https:\/\/vremeplov.ba\/2025\/2019\/05\/02\/red-voznje-vozova-za-bosnu-i-hercegovinu-iz-1953-godine\/red_voznje_1953-128\/\" target=\"_blank\"><img decoding=\"async\" alt=\"\" width=\"950\" height=\"686\" loading=\"lazy\" src=\"https:\/\/vremeplov.ba\/2025\/wp-content\/uploads\/2019\/05\/Red_voznje_1953-128.jpg\" srcset=\",https:\/\/vremeplov.ba\/2025\/wp-content\/uploads\/2019\/05\/Red_voznje_1953-128.jpg 950w\" sizes=\"auto, 250px\"\/><\/a><\/div><div class=\"sgb-item\"><a href=\"https:\/\/vremeplov.ba\/2025\/2019\/05\/02\/red-voznje-vozova-za-bosnu-i-hercegovinu-iz-1953-godine\/red_voznje_1953-129\/\" target=\"_blank\"><img decoding=\"async\" alt=\"\" width=\"950\" height=\"660\" loading=\"lazy\" src=\"https:\/\/vremeplov.ba\/2025\/wp-content\/uploads\/2019\/05\/Red_voznje_1953-129.jpg\" srcset=\",https:\/\/vremeplov.ba\/2025\/wp-content\/uploads\/2019\/05\/Red_voznje_1953-129.jpg 950w\" sizes=\"auto, 250px\"\/><\/a><\/div><div class=\"sgb-item\"><a href=\"https:\/\/vremeplov.ba\/2025\/2019\/05\/02\/red-voznje-vozova-za-bosnu-i-hercegovinu-iz-1953-godine\/red_voznje_1953-130\/\" target=\"_blank\"><img decoding=\"async\" alt=\"\" width=\"950\" height=\"651\" loading=\"lazy\" src=\"https:\/\/vremeplov.ba\/2025\/wp-content\/uploads\/2019\/05\/Red_voznje_1953-130.jpg\" srcset=\",https:\/\/vremeplov.ba\/2025\/wp-content\/uploads\/2019\/05\/Red_voznje_1953-130.jpg 950w\" sizes=\"auto, 250px\"\/><\/a><\/div><div class=\"sgb-item\"><a href=\"https:\/\/vremeplov.ba\/2025\/2019\/05\/02\/red-voznje-vozova-za-bosnu-i-hercegovinu-iz-1953-godine\/red_voznje_1953-131\/\" target=\"_blank\"><img decoding=\"async\" alt=\"\" width=\"950\" height=\"651\" loading=\"lazy\" src=\"https:\/\/vremeplov.ba\/2025\/wp-content\/uploads\/2019\/05\/Red_voznje_1953-131.jpg\" srcset=\",https:\/\/vremeplov.ba\/2025\/wp-content\/uploads\/2019\/05\/Red_voznje_1953-131.jpg 950w\" sizes=\"auto, 250px\"\/><\/a><\/div><div class=\"sgb-item\"><a href=\"https:\/\/vremeplov.ba\/2025\/2019\/05\/02\/red-voznje-vozova-za-bosnu-i-hercegovinu-iz-1953-godine\/red_voznje_1953-132\/\" target=\"_blank\"><img decoding=\"async\" alt=\"\" width=\"950\" height=\"672\" loading=\"lazy\" src=\"https:\/\/vremeplov.ba\/2025\/wp-content\/uploads\/2019\/05\/Red_voznje_1953-132.jpg\" srcset=\",https:\/\/vremeplov.ba\/2025\/wp-content\/uploads\/2019\/05\/Red_voznje_1953-132.jpg 950w\" sizes=\"auto, 250px\"\/><\/a><\/div><\/div><\/noscript><\/div><script type=\"application\/json\" class=\"sgb-data\">{\"collectionColumns\":5,\"collectionThumbRecomendedWidth\":100,\"externalLink\":false,\"captions\":false,\"collectionThumbSubMenuDownload\":false,\"collectionThumbSubMenuShare\":false,\"galleryType\":\"pgc_sgb_grid\",\"galleryId\":\"03551101\",\"images\":[{\"id\":26696,\"title\":\"Red_voznje_1953-1\",\"url\":\"https:\/\/vremeplov.ba\/2025\/wp-content\/uploads\/2019\/05\/Red_voznje_1953-1.jpg\",\"link\":\"https:\/\/vremeplov.ba\/2025\/2019\/05\/02\/red-voznje-vozova-za-bosnu-i-hercegovinu-iz-1953-godine\/red_voznje_1953-1\/\",\"alt\":\"\",\"description\":\"\",\"caption\":\"\",\"mime\":\"image\/jpeg\",\"type\":\"image\",\"width\":999,\"height\":1417,\"sizes\":{\"full\":{\"url\":\"https:\/\/vremeplov.ba\/2025\/wp-content\/uploads\/2019\/05\/Red_voznje_1953-1.jpg\",\"height\":1417,\"width\":999,\"orientation\":\"portrait\"}},\"imageMeta\":{\"aperture\":\"0\",\"credit\":\"\",\"camera\":\"HP Scanjet 2400\",\"caption\":\"\",\"created_timestamp\":\"0\",\"copyright\":\"\",\"focal_length\":\"0\",\"iso\":\"0\",\"shutter_speed\":\"0\",\"title\":\"\",\"orientation\":\"1\",\"keywords\":[]},\"meta\":false,\"postlink\":\"https:\/\/vremeplov.ba\/2025\/2019\/05\/02\/red-voznje-vozova-za-bosnu-i-hercegovinu-iz-1953-godine\/red_voznje_1953-1\/\"},{\"id\":26697,\"title\":\"Red_voznje_1953-2\",\"url\":\"https:\/\/vremeplov.ba\/2025\/wp-content\/uploads\/2019\/05\/Red_voznje_1953-2.jpg\",\"link\":\"https:\/\/vremeplov.ba\/2025\/2019\/05\/02\/red-voznje-vozova-za-bosnu-i-hercegovinu-iz-1953-godine\/red_voznje_1953-2\/\",\"alt\":\"\",\"description\":\"\",\"caption\":\"\",\"mime\":\"image\/jpeg\",\"type\":\"image\",\"width\":668,\"height\":950,\"sizes\":{\"full\":{\"url\":\"https:\/\/vremeplov.ba\/2025\/wp-content\/uploads\/2019\/05\/Red_voznje_1953-2.jpg\",\"height\":950,\"width\":668,\"orientation\":\"portrait\"}},\"imageMeta\":{\"aperture\":\"0\",\"credit\":\"\",\"camera\":\"\",\"caption\":\"\",\"created_timestamp\":\"0\",\"copyright\":\"\",\"focal_length\":\"0\",\"iso\":\"0\",\"shutter_speed\":\"0\",\"title\":\"\",\"orientation\":\"1\",\"keywords\":[]},\"meta\":false,\"postlink\":\"https:\/\/vremeplov.ba\/2025\/2019\/05\/02\/red-voznje-vozova-za-bosnu-i-hercegovinu-iz-1953-godine\/red_voznje_1953-2\/\"},{\"id\":26698,\"title\":\"Red_voznje_1953-3\",\"url\":\"https:\/\/vremeplov.ba\/2025\/wp-content\/uploads\/2019\/05\/Red_voznje_1953-3.jpg\",\"link\":\"https:\/\/vremeplov.ba\/2025\/2019\/05\/02\/red-voznje-vozova-za-bosnu-i-hercegovinu-iz-1953-godine\/red_voznje_1953-3\/\",\"alt\":\"\",\"description\":\"\",\"caption\":\"\",\"mime\":\"image\/jpeg\",\"type\":\"image\",\"width\":658,\"height\":950,\"sizes\":{\"full\":{\"url\":\"https:\/\/vremeplov.ba\/2025\/wp-content\/uploads\/2019\/05\/Red_voznje_1953-3.jpg\",\"height\":950,\"width\":658,\"orientation\":\"portrait\"}},\"imageMeta\":{\"aperture\":\"0\",\"credit\":\"\",\"camera\":\"\",\"caption\":\"\",\"created_timestamp\":\"0\",\"copyright\":\"\",\"focal_length\":\"0\",\"iso\":\"0\",\"shutter_speed\":\"0\",\"title\":\"\",\"orientation\":\"1\",\"keywords\":[]},\"meta\":false,\"postlink\":\"https:\/\/vremeplov.ba\/2025\/2019\/05\/02\/red-voznje-vozova-za-bosnu-i-hercegovinu-iz-1953-godine\/red_voznje_1953-3\/\"},{\"id\":26699,\"title\":\"Red_voznje_1953-4\",\"url\":\"https:\/\/vremeplov.ba\/2025\/wp-content\/uploads\/2019\/05\/Red_voznje_1953-4.jpg\",\"link\":\"https:\/\/vremeplov.ba\/2025\/2019\/05\/02\/red-voznje-vozova-za-bosnu-i-hercegovinu-iz-1953-godine\/red_voznje_1953-4\/\",\"alt\":\"\",\"description\":\"\",\"caption\":\"\",\"mime\":\"image\/jpeg\",\"type\":\"image\",\"width\":950,\"height\":655,\"sizes\":{\"full\":{\"url\":\"https:\/\/vremeplov.ba\/2025\/wp-content\/uploads\/2019\/05\/Red_voznje_1953-4.jpg\",\"height\":655,\"width\":950,\"orientation\":\"landscape\"}},\"imageMeta\":{\"aperture\":\"0\",\"credit\":\"\",\"camera\":\"\",\"caption\":\"\",\"created_timestamp\":\"0\",\"copyright\":\"\",\"focal_length\":\"0\",\"iso\":\"0\",\"shutter_speed\":\"0\",\"title\":\"\",\"orientation\":\"1\",\"keywords\":[]},\"meta\":false,\"postlink\":\"https:\/\/vremeplov.ba\/2025\/2019\/05\/02\/red-voznje-vozova-za-bosnu-i-hercegovinu-iz-1953-godine\/red_voznje_1953-4\/\"},{\"id\":26701,\"title\":\"Red_voznje_1953-5\",\"url\":\"https:\/\/vremeplov.ba\/2025\/wp-content\/uploads\/2019\/05\/Red_voznje_1953-5.jpg\",\"link\":\"https:\/\/vremeplov.ba\/2025\/2019\/05\/02\/red-voznje-vozova-za-bosnu-i-hercegovinu-iz-1953-godine\/red_voznje_1953-5\/\",\"alt\":\"\",\"description\":\"\",\"caption\":\"\",\"mime\":\"image\/jpeg\",\"type\":\"image\",\"width\":950,\"height\":664,\"sizes\":{\"full\":{\"url\":\"https:\/\/vremeplov.ba\/2025\/wp-content\/uploads\/2019\/05\/Red_voznje_1953-5.jpg\",\"height\":664,\"width\":950,\"orientation\":\"landscape\"}},\"imageMeta\":{\"aperture\":\"0\",\"credit\":\"\",\"camera\":\"\",\"caption\":\"\",\"created_timestamp\":\"0\",\"copyright\":\"\",\"focal_length\":\"0\",\"iso\":\"0\",\"shutter_speed\":\"0\",\"title\":\"\",\"orientation\":\"1\",\"keywords\":[]},\"meta\":false,\"postlink\":\"https:\/\/vremeplov.ba\/2025\/2019\/05\/02\/red-voznje-vozova-za-bosnu-i-hercegovinu-iz-1953-godine\/red_voznje_1953-5\/\"},{\"id\":26702,\"title\":\"Red_voznje_1953-6\",\"url\":\"https:\/\/vremeplov.ba\/2025\/wp-content\/uploads\/2019\/05\/Red_voznje_1953-6.jpg\",\"link\":\"https:\/\/vremeplov.ba\/2025\/2019\/05\/02\/red-voznje-vozova-za-bosnu-i-hercegovinu-iz-1953-godine\/red_voznje_1953-6\/\",\"alt\":\"\",\"description\":\"\",\"caption\":\"\",\"mime\":\"image\/jpeg\",\"type\":\"image\",\"width\":950,\"height\":683,\"sizes\":{\"full\":{\"url\":\"https:\/\/vremeplov.ba\/2025\/wp-content\/uploads\/2019\/05\/Red_voznje_1953-6.jpg\",\"height\":683,\"width\":950,\"orientation\":\"landscape\"}},\"imageMeta\":{\"aperture\":\"0\",\"credit\":\"\",\"camera\":\"\",\"caption\":\"\",\"created_timestamp\":\"0\",\"copyright\":\"\",\"focal_length\":\"0\",\"iso\":\"0\",\"shutter_speed\":\"0\",\"title\":\"\",\"orientation\":\"1\",\"keywords\":[]},\"meta\":false,\"postlink\":\"https:\/\/vremeplov.ba\/2025\/2019\/05\/02\/red-voznje-vozova-za-bosnu-i-hercegovinu-iz-1953-godine\/red_voznje_1953-6\/\"},{\"id\":26703,\"title\":\"Red_voznje_1953-7\",\"url\":\"https:\/\/vremeplov.ba\/2025\/wp-content\/uploads\/2019\/05\/Red_voznje_1953-7.jpg\",\"link\":\"https:\/\/vremeplov.ba\/2025\/2019\/05\/02\/red-voznje-vozova-za-bosnu-i-hercegovinu-iz-1953-godine\/red_voznje_1953-7\/\",\"alt\":\"\",\"description\":\"\",\"caption\":\"\",\"mime\":\"image\/jpeg\",\"type\":\"image\",\"width\":950,\"height\":687,\"sizes\":{\"full\":{\"url\":\"https:\/\/vremeplov.ba\/2025\/wp-content\/uploads\/2019\/05\/Red_voznje_1953-7.jpg\",\"height\":687,\"width\":950,\"orientation\":\"landscape\"}},\"imageMeta\":{\"aperture\":\"0\",\"credit\":\"\",\"camera\":\"\",\"caption\":\"\",\"created_timestamp\":\"0\",\"copyright\":\"\",\"focal_length\":\"0\",\"iso\":\"0\",\"shutter_speed\":\"0\",\"title\":\"\",\"orientation\":\"1\",\"keywords\":[]},\"meta\":false,\"postlink\":\"https:\/\/vremeplov.ba\/2025\/2019\/05\/02\/red-voznje-vozova-za-bosnu-i-hercegovinu-iz-1953-godine\/red_voznje_1953-7\/\"},{\"id\":26704,\"title\":\"Red_voznje_1953-8\",\"url\":\"https:\/\/vremeplov.ba\/2025\/wp-content\/uploads\/2019\/05\/Red_voznje_1953-8.jpg\",\"link\":\"https:\/\/vremeplov.ba\/2025\/2019\/05\/02\/red-voznje-vozova-za-bosnu-i-hercegovinu-iz-1953-godine\/red_voznje_1953-8\/\",\"alt\":\"\",\"description\":\"\",\"caption\":\"\",\"mime\":\"image\/jpeg\",\"type\":\"image\",\"width\":950,\"height\":691,\"sizes\":{\"full\":{\"url\":\"https:\/\/vremeplov.ba\/2025\/wp-content\/uploads\/2019\/05\/Red_voznje_1953-8.jpg\",\"height\":691,\"width\":950,\"orientation\":\"landscape\"}},\"imageMeta\":{\"aperture\":\"0\",\"credit\":\"\",\"camera\":\"\",\"caption\":\"\",\"created_timestamp\":\"0\",\"copyright\":\"\",\"focal_length\":\"0\",\"iso\":\"0\",\"shutter_speed\":\"0\",\"title\":\"\",\"orientation\":\"1\",\"keywords\":[]},\"meta\":false,\"postlink\":\"https:\/\/vremeplov.ba\/2025\/2019\/05\/02\/red-voznje-vozova-za-bosnu-i-hercegovinu-iz-1953-godine\/red_voznje_1953-8\/\"},{\"id\":26705,\"title\":\"Red_voznje_1953-9\",\"url\":\"https:\/\/vremeplov.ba\/2025\/wp-content\/uploads\/2019\/05\/Red_voznje_1953-9.jpg\",\"link\":\"https:\/\/vremeplov.ba\/2025\/2019\/05\/02\/red-voznje-vozova-za-bosnu-i-hercegovinu-iz-1953-godine\/red_voznje_1953-9\/\",\"alt\":\"\",\"description\":\"\",\"caption\":\"\",\"mime\":\"image\/jpeg\",\"type\":\"image\",\"width\":950,\"height\":699,\"sizes\":{\"full\":{\"url\":\"https:\/\/vremeplov.ba\/2025\/wp-content\/uploads\/2019\/05\/Red_voznje_1953-9.jpg\",\"height\":699,\"width\":950,\"orientation\":\"landscape\"}},\"imageMeta\":{\"aperture\":\"0\",\"credit\":\"\",\"camera\":\"\",\"caption\":\"\",\"created_timestamp\":\"0\",\"copyright\":\"\",\"focal_length\":\"0\",\"iso\":\"0\",\"shutter_speed\":\"0\",\"title\":\"\",\"orientation\":\"1\",\"keywords\":[]},\"meta\":false,\"postlink\":\"https:\/\/vremeplov.ba\/2025\/2019\/05\/02\/red-voznje-vozova-za-bosnu-i-hercegovinu-iz-1953-godine\/red_voznje_1953-9\/\"},{\"id\":26706,\"title\":\"Red_voznje_1953-10\",\"url\":\"https:\/\/vremeplov.ba\/2025\/wp-content\/uploads\/2019\/05\/Red_voznje_1953-10.jpg\",\"link\":\"https:\/\/vremeplov.ba\/2025\/2019\/05\/02\/red-voznje-vozova-za-bosnu-i-hercegovinu-iz-1953-godine\/red_voznje_1953-10\/\",\"alt\":\"\",\"description\":\"\",\"caption\":\"\",\"mime\":\"image\/jpeg\",\"type\":\"image\",\"width\":950,\"height\":704,\"sizes\":{\"full\":{\"url\":\"https:\/\/vremeplov.ba\/2025\/wp-content\/uploads\/2019\/05\/Red_voznje_1953-10.jpg\",\"height\":704,\"width\":950,\"orientation\":\"landscape\"}},\"imageMeta\":{\"aperture\":\"0\",\"credit\":\"\",\"camera\":\"\",\"caption\":\"\",\"created_timestamp\":\"0\",\"copyright\":\"\",\"focal_length\":\"0\",\"iso\":\"0\",\"shutter_speed\":\"0\",\"title\":\"\",\"orientation\":\"1\",\"keywords\":[]},\"meta\":false,\"postlink\":\"https:\/\/vremeplov.ba\/2025\/2019\/05\/02\/red-voznje-vozova-za-bosnu-i-hercegovinu-iz-1953-godine\/red_voznje_1953-10\/\"},{\"id\":26707,\"title\":\"Red_voznje_1953-11\",\"url\":\"https:\/\/vremeplov.ba\/2025\/wp-content\/uploads\/2019\/05\/Red_voznje_1953-11.jpg\",\"link\":\"https:\/\/vremeplov.ba\/2025\/2019\/05\/02\/red-voznje-vozova-za-bosnu-i-hercegovinu-iz-1953-godine\/red_voznje_1953-11\/\",\"alt\":\"\",\"description\":\"\",\"caption\":\"\",\"mime\":\"image\/jpeg\",\"type\":\"image\",\"width\":950,\"height\":692,\"sizes\":{\"full\":{\"url\":\"https:\/\/vremeplov.ba\/2025\/wp-content\/uploads\/2019\/05\/Red_voznje_1953-11.jpg\",\"height\":692,\"width\":950,\"orientation\":\"landscape\"}},\"imageMeta\":{\"aperture\":\"0\",\"credit\":\"\",\"camera\":\"\",\"caption\":\"\",\"created_timestamp\":\"0\",\"copyright\":\"\",\"focal_length\":\"0\",\"iso\":\"0\",\"shutter_speed\":\"0\",\"title\":\"\",\"orientation\":\"1\",\"keywords\":[]},\"meta\":false,\"postlink\":\"https:\/\/vremeplov.ba\/2025\/2019\/05\/02\/red-voznje-vozova-za-bosnu-i-hercegovinu-iz-1953-godine\/red_voznje_1953-11\/\"},{\"id\":26708,\"title\":\"Red_voznje_1953-12\",\"url\":\"https:\/\/vremeplov.ba\/2025\/wp-content\/uploads\/2019\/05\/Red_voznje_1953-12.jpg\",\"link\":\"https:\/\/vremeplov.ba\/2025\/2019\/05\/02\/red-voznje-vozova-za-bosnu-i-hercegovinu-iz-1953-godine\/red_voznje_1953-12\/\",\"alt\":\"\",\"description\":\"\",\"caption\":\"\",\"mime\":\"image\/jpeg\",\"type\":\"image\",\"width\":950,\"height\":710,\"sizes\":{\"full\":{\"url\":\"https:\/\/vremeplov.ba\/2025\/wp-content\/uploads\/2019\/05\/Red_voznje_1953-12.jpg\",\"height\":710,\"width\":950,\"orientation\":\"landscape\"}},\"imageMeta\":{\"aperture\":\"0\",\"credit\":\"\",\"camera\":\"\",\"caption\":\"\",\"created_timestamp\":\"0\",\"copyright\":\"\",\"focal_length\":\"0\",\"iso\":\"0\",\"shutter_speed\":\"0\",\"title\":\"\",\"orientation\":\"1\",\"keywords\":[]},\"meta\":false,\"postlink\":\"https:\/\/vremeplov.ba\/2025\/2019\/05\/02\/red-voznje-vozova-za-bosnu-i-hercegovinu-iz-1953-godine\/red_voznje_1953-12\/\"},{\"id\":26709,\"title\":\"Red_voznje_1953-13\",\"url\":\"https:\/\/vremeplov.ba\/2025\/wp-content\/uploads\/2019\/05\/Red_voznje_1953-13.jpg\",\"link\":\"https:\/\/vremeplov.ba\/2025\/2019\/05\/02\/red-voznje-vozova-za-bosnu-i-hercegovinu-iz-1953-godine\/red_voznje_1953-13\/\",\"alt\":\"\",\"description\":\"\",\"caption\":\"\",\"mime\":\"image\/jpeg\",\"type\":\"image\",\"width\":950,\"height\":672,\"sizes\":{\"full\":{\"url\":\"https:\/\/vremeplov.ba\/2025\/wp-content\/uploads\/2019\/05\/Red_voznje_1953-13.jpg\",\"height\":672,\"width\":950,\"orientation\":\"landscape\"}},\"imageMeta\":{\"aperture\":\"0\",\"credit\":\"\",\"camera\":\"\",\"caption\":\"\",\"created_timestamp\":\"0\",\"copyright\":\"\",\"focal_length\":\"0\",\"iso\":\"0\",\"shutter_speed\":\"0\",\"title\":\"\",\"orientation\":\"1\",\"keywords\":[]},\"meta\":false,\"postlink\":\"https:\/\/vremeplov.ba\/2025\/2019\/05\/02\/red-voznje-vozova-za-bosnu-i-hercegovinu-iz-1953-godine\/red_voznje_1953-13\/\"},{\"id\":26710,\"title\":\"Red_voznje_1953-14\",\"url\":\"https:\/\/vremeplov.ba\/2025\/wp-content\/uploads\/2019\/05\/Red_voznje_1953-14.jpg\",\"link\":\"https:\/\/vremeplov.ba\/2025\/2019\/05\/02\/red-voznje-vozova-za-bosnu-i-hercegovinu-iz-1953-godine\/red_voznje_1953-14\/\",\"alt\":\"\",\"description\":\"\",\"caption\":\"\",\"mime\":\"image\/jpeg\",\"type\":\"image\",\"width\":950,\"height\":656,\"sizes\":{\"full\":{\"url\":\"https:\/\/vremeplov.ba\/2025\/wp-content\/uploads\/2019\/05\/Red_voznje_1953-14.jpg\",\"height\":656,\"width\":950,\"orientation\":\"landscape\"}},\"imageMeta\":{\"aperture\":\"0\",\"credit\":\"\",\"camera\":\"\",\"caption\":\"\",\"created_timestamp\":\"0\",\"copyright\":\"\",\"focal_length\":\"0\",\"iso\":\"0\",\"shutter_speed\":\"0\",\"title\":\"\",\"orientation\":\"1\",\"keywords\":[]},\"meta\":false,\"postlink\":\"https:\/\/vremeplov.ba\/2025\/2019\/05\/02\/red-voznje-vozova-za-bosnu-i-hercegovinu-iz-1953-godine\/red_voznje_1953-14\/\"},{\"id\":26711,\"title\":\"Red_voznje_1953-15\",\"url\":\"https:\/\/vremeplov.ba\/2025\/wp-content\/uploads\/2019\/05\/Red_voznje_1953-15.jpg\",\"link\":\"https:\/\/vremeplov.ba\/2025\/2019\/05\/02\/red-voznje-vozova-za-bosnu-i-hercegovinu-iz-1953-godine\/red_voznje_1953-15\/\",\"alt\":\"\",\"description\":\"\",\"caption\":\"\",\"mime\":\"image\/jpeg\",\"type\":\"image\",\"width\":950,\"height\":667,\"sizes\":{\"full\":{\"url\":\"https:\/\/vremeplov.ba\/2025\/wp-content\/uploads\/2019\/05\/Red_voznje_1953-15.jpg\",\"height\":667,\"width\":950,\"orientation\":\"landscape\"}},\"imageMeta\":{\"aperture\":\"0\",\"credit\":\"\",\"camera\":\"\",\"caption\":\"\",\"created_timestamp\":\"0\",\"copyright\":\"\",\"focal_length\":\"0\",\"iso\":\"0\",\"shutter_speed\":\"0\",\"title\":\"\",\"orientation\":\"1\",\"keywords\":[]},\"meta\":false,\"postlink\":\"https:\/\/vremeplov.ba\/2025\/2019\/05\/02\/red-voznje-vozova-za-bosnu-i-hercegovinu-iz-1953-godine\/red_voznje_1953-15\/\"},{\"id\":26712,\"title\":\"Red_voznje_1953-16\",\"url\":\"https:\/\/vremeplov.ba\/2025\/wp-content\/uploads\/2019\/05\/Red_voznje_1953-16.jpg\",\"link\":\"https:\/\/vremeplov.ba\/2025\/2019\/05\/02\/red-voznje-vozova-za-bosnu-i-hercegovinu-iz-1953-godine\/red_voznje_1953-16\/\",\"alt\":\"\",\"description\":\"\",\"caption\":\"\",\"mime\":\"image\/jpeg\",\"type\":\"image\",\"width\":950,\"height\":660,\"sizes\":{\"full\":{\"url\":\"https:\/\/vremeplov.ba\/2025\/wp-content\/uploads\/2019\/05\/Red_voznje_1953-16.jpg\",\"height\":660,\"width\":950,\"orientation\":\"landscape\"}},\"imageMeta\":{\"aperture\":\"0\",\"credit\":\"\",\"camera\":\"\",\"caption\":\"\",\"created_timestamp\":\"0\",\"copyright\":\"\",\"focal_length\":\"0\",\"iso\":\"0\",\"shutter_speed\":\"0\",\"title\":\"\",\"orientation\":\"1\",\"keywords\":[]},\"meta\":false,\"postlink\":\"https:\/\/vremeplov.ba\/2025\/2019\/05\/02\/red-voznje-vozova-za-bosnu-i-hercegovinu-iz-1953-godine\/red_voznje_1953-16\/\"},{\"id\":26713,\"title\":\"Red_voznje_1953-17\",\"url\":\"https:\/\/vremeplov.ba\/2025\/wp-content\/uploads\/2019\/05\/Red_voznje_1953-17.jpg\",\"link\":\"https:\/\/vremeplov.ba\/2025\/2019\/05\/02\/red-voznje-vozova-za-bosnu-i-hercegovinu-iz-1953-godine\/red_voznje_1953-17\/\",\"alt\":\"\",\"description\":\"\",\"caption\":\"\",\"mime\":\"image\/jpeg\",\"type\":\"image\",\"width\":950,\"height\":654,\"sizes\":{\"full\":{\"url\":\"https:\/\/vremeplov.ba\/2025\/wp-content\/uploads\/2019\/05\/Red_voznje_1953-17.jpg\",\"height\":654,\"width\":950,\"orientation\":\"landscape\"}},\"imageMeta\":{\"aperture\":\"0\",\"credit\":\"\",\"camera\":\"\",\"caption\":\"\",\"created_timestamp\":\"0\",\"copyright\":\"\",\"focal_length\":\"0\",\"iso\":\"0\",\"shutter_speed\":\"0\",\"title\":\"\",\"orientation\":\"1\",\"keywords\":[]},\"meta\":false,\"postlink\":\"https:\/\/vremeplov.ba\/2025\/2019\/05\/02\/red-voznje-vozova-za-bosnu-i-hercegovinu-iz-1953-godine\/red_voznje_1953-17\/\"},{\"id\":26714,\"title\":\"Red_voznje_1953-18\",\"url\":\"https:\/\/vremeplov.ba\/2025\/wp-content\/uploads\/2019\/05\/Red_voznje_1953-18.jpg\",\"link\":\"https:\/\/vremeplov.ba\/2025\/2019\/05\/02\/red-voznje-vozova-za-bosnu-i-hercegovinu-iz-1953-godine\/red_voznje_1953-18\/\",\"alt\":\"\",\"description\":\"\",\"caption\":\"\",\"mime\":\"image\/jpeg\",\"type\":\"image\",\"width\":656,\"height\":950,\"sizes\":{\"full\":{\"url\":\"https:\/\/vremeplov.ba\/2025\/wp-content\/uploads\/2019\/05\/Red_voznje_1953-18.jpg\",\"height\":950,\"width\":656,\"orientation\":\"portrait\"}},\"imageMeta\":{\"aperture\":\"0\",\"credit\":\"\",\"camera\":\"\",\"caption\":\"\",\"created_timestamp\":\"0\",\"copyright\":\"\",\"focal_length\":\"0\",\"iso\":\"0\",\"shutter_speed\":\"0\",\"title\":\"\",\"orientation\":\"1\",\"keywords\":[]},\"meta\":false,\"postlink\":\"https:\/\/vremeplov.ba\/2025\/2019\/05\/02\/red-voznje-vozova-za-bosnu-i-hercegovinu-iz-1953-godine\/red_voznje_1953-18\/\"},{\"id\":26715,\"title\":\"Red_voznje_1953-19\",\"url\":\"https:\/\/vremeplov.ba\/2025\/wp-content\/uploads\/2019\/05\/Red_voznje_1953-19.jpg\",\"link\":\"https:\/\/vremeplov.ba\/2025\/2019\/05\/02\/red-voznje-vozova-za-bosnu-i-hercegovinu-iz-1953-godine\/red_voznje_1953-19\/\",\"alt\":\"\",\"description\":\"\",\"caption\":\"\",\"mime\":\"image\/jpeg\",\"type\":\"image\",\"width\":950,\"height\":668,\"sizes\":{\"full\":{\"url\":\"https:\/\/vremeplov.ba\/2025\/wp-content\/uploads\/2019\/05\/Red_voznje_1953-19.jpg\",\"height\":668,\"width\":950,\"orientation\":\"landscape\"}},\"imageMeta\":{\"aperture\":\"0\",\"credit\":\"\",\"camera\":\"\",\"caption\":\"\",\"created_timestamp\":\"0\",\"copyright\":\"\",\"focal_length\":\"0\",\"iso\":\"0\",\"shutter_speed\":\"0\",\"title\":\"\",\"orientation\":\"1\",\"keywords\":[]},\"meta\":false,\"postlink\":\"https:\/\/vremeplov.ba\/2025\/2019\/05\/02\/red-voznje-vozova-za-bosnu-i-hercegovinu-iz-1953-godine\/red_voznje_1953-19\/\"},{\"id\":26716,\"title\":\"Red_voznje_1953-20\",\"url\":\"https:\/\/vremeplov.ba\/2025\/wp-content\/uploads\/2019\/05\/Red_voznje_1953-20.jpg\",\"link\":\"https:\/\/vremeplov.ba\/2025\/2019\/05\/02\/red-voznje-vozova-za-bosnu-i-hercegovinu-iz-1953-godine\/red_voznje_1953-20\/\",\"alt\":\"\",\"description\":\"\",\"caption\":\"\",\"mime\":\"image\/jpeg\",\"type\":\"image\",\"width\":950,\"height\":663,\"sizes\":{\"full\":{\"url\":\"https:\/\/vremeplov.ba\/2025\/wp-content\/uploads\/2019\/05\/Red_voznje_1953-20.jpg\",\"height\":663,\"width\":950,\"orientation\":\"landscape\"}},\"imageMeta\":{\"aperture\":\"0\",\"credit\":\"\",\"camera\":\"\",\"caption\":\"\",\"created_timestamp\":\"0\",\"copyright\":\"\",\"focal_length\":\"0\",\"iso\":\"0\",\"shutter_speed\":\"0\",\"title\":\"\",\"orientation\":\"1\",\"keywords\":[]},\"meta\":false,\"postlink\":\"https:\/\/vremeplov.ba\/2025\/2019\/05\/02\/red-voznje-vozova-za-bosnu-i-hercegovinu-iz-1953-godine\/red_voznje_1953-20\/\"},{\"id\":26717,\"title\":\"Red_voznje_1953-21\",\"url\":\"https:\/\/vremeplov.ba\/2025\/wp-content\/uploads\/2019\/05\/Red_voznje_1953-21.jpg\",\"link\":\"https:\/\/vremeplov.ba\/2025\/2019\/05\/02\/red-voznje-vozova-za-bosnu-i-hercegovinu-iz-1953-godine\/red_voznje_1953-21\/\",\"alt\":\"\",\"description\":\"\",\"caption\":\"\",\"mime\":\"image\/jpeg\",\"type\":\"image\",\"width\":950,\"height\":654,\"sizes\":{\"full\":{\"url\":\"https:\/\/vremeplov.ba\/2025\/wp-content\/uploads\/2019\/05\/Red_voznje_1953-21.jpg\",\"height\":654,\"width\":950,\"orientation\":\"landscape\"}},\"imageMeta\":{\"aperture\":\"0\",\"credit\":\"\",\"camera\":\"\",\"caption\":\"\",\"created_timestamp\":\"0\",\"copyright\":\"\",\"focal_length\":\"0\",\"iso\":\"0\",\"shutter_speed\":\"0\",\"title\":\"\",\"orientation\":\"1\",\"keywords\":[]},\"meta\":false,\"postlink\":\"https:\/\/vremeplov.ba\/2025\/2019\/05\/02\/red-voznje-vozova-za-bosnu-i-hercegovinu-iz-1953-godine\/red_voznje_1953-21\/\"},{\"id\":26718,\"title\":\"Red_voznje_1953-22\",\"url\":\"https:\/\/vremeplov.ba\/2025\/wp-content\/uploads\/2019\/05\/Red_voznje_1953-22.jpg\",\"link\":\"https:\/\/vremeplov.ba\/2025\/2019\/05\/02\/red-voznje-vozova-za-bosnu-i-hercegovinu-iz-1953-godine\/red_voznje_1953-22\/\",\"alt\":\"\",\"description\":\"\",\"caption\":\"\",\"mime\":\"image\/jpeg\",\"type\":\"image\",\"width\":950,\"height\":656,\"sizes\":{\"full\":{\"url\":\"https:\/\/vremeplov.ba\/2025\/wp-content\/uploads\/2019\/05\/Red_voznje_1953-22.jpg\",\"height\":656,\"width\":950,\"orientation\":\"landscape\"}},\"imageMeta\":{\"aperture\":\"0\",\"credit\":\"\",\"camera\":\"\",\"caption\":\"\",\"created_timestamp\":\"0\",\"copyright\":\"\",\"focal_length\":\"0\",\"iso\":\"0\",\"shutter_speed\":\"0\",\"title\":\"\",\"orientation\":\"1\",\"keywords\":[]},\"meta\":false,\"postlink\":\"https:\/\/vremeplov.ba\/2025\/2019\/05\/02\/red-voznje-vozova-za-bosnu-i-hercegovinu-iz-1953-godine\/red_voznje_1953-22\/\"},{\"id\":26719,\"title\":\"Red_voznje_1953-23\",\"url\":\"https:\/\/vremeplov.ba\/2025\/wp-content\/uploads\/2019\/05\/Red_voznje_1953-23.jpg\",\"link\":\"https:\/\/vremeplov.ba\/2025\/2019\/05\/02\/red-voznje-vozova-za-bosnu-i-hercegovinu-iz-1953-godine\/red_voznje_1953-23\/\",\"alt\":\"\",\"description\":\"\",\"caption\":\"\",\"mime\":\"image\/jpeg\",\"type\":\"image\",\"width\":950,\"height\":655,\"sizes\":{\"full\":{\"url\":\"https:\/\/vremeplov.ba\/2025\/wp-content\/uploads\/2019\/05\/Red_voznje_1953-23.jpg\",\"height\":655,\"width\":950,\"orientation\":\"landscape\"}},\"imageMeta\":{\"aperture\":\"0\",\"credit\":\"\",\"camera\":\"\",\"caption\":\"\",\"created_timestamp\":\"0\",\"copyright\":\"\",\"focal_length\":\"0\",\"iso\":\"0\",\"shutter_speed\":\"0\",\"title\":\"\",\"orientation\":\"1\",\"keywords\":[]},\"meta\":false,\"postlink\":\"https:\/\/vremeplov.ba\/2025\/2019\/05\/02\/red-voznje-vozova-za-bosnu-i-hercegovinu-iz-1953-godine\/red_voznje_1953-23\/\"},{\"id\":26720,\"title\":\"Red_voznje_1953-24\",\"url\":\"https:\/\/vremeplov.ba\/2025\/wp-content\/uploads\/2019\/05\/Red_voznje_1953-24.jpg\",\"link\":\"https:\/\/vremeplov.ba\/2025\/2019\/05\/02\/red-voznje-vozova-za-bosnu-i-hercegovinu-iz-1953-godine\/red_voznje_1953-24\/\",\"alt\":\"\",\"description\":\"\",\"caption\":\"\",\"mime\":\"image\/jpeg\",\"type\":\"image\",\"width\":950,\"height\":654,\"sizes\":{\"full\":{\"url\":\"https:\/\/vremeplov.ba\/2025\/wp-content\/uploads\/2019\/05\/Red_voznje_1953-24.jpg\",\"height\":654,\"width\":950,\"orientation\":\"landscape\"}},\"imageMeta\":{\"aperture\":\"0\",\"credit\":\"\",\"camera\":\"\",\"caption\":\"\",\"created_timestamp\":\"0\",\"copyright\":\"\",\"focal_length\":\"0\",\"iso\":\"0\",\"shutter_speed\":\"0\",\"title\":\"\",\"orientation\":\"1\",\"keywords\":[]},\"meta\":false,\"postlink\":\"https:\/\/vremeplov.ba\/2025\/2019\/05\/02\/red-voznje-vozova-za-bosnu-i-hercegovinu-iz-1953-godine\/red_voznje_1953-24\/\"},{\"id\":26721,\"title\":\"Red_voznje_1953-25\",\"url\":\"https:\/\/vremeplov.ba\/2025\/wp-content\/uploads\/2019\/05\/Red_voznje_1953-25.jpg\",\"link\":\"https:\/\/vremeplov.ba\/2025\/2019\/05\/02\/red-voznje-vozova-za-bosnu-i-hercegovinu-iz-1953-godine\/red_voznje_1953-25\/\",\"alt\":\"\",\"description\":\"\",\"caption\":\"\",\"mime\":\"image\/jpeg\",\"type\":\"image\",\"width\":950,\"height\":646,\"sizes\":{\"full\":{\"url\":\"https:\/\/vremeplov.ba\/2025\/wp-content\/uploads\/2019\/05\/Red_voznje_1953-25.jpg\",\"height\":646,\"width\":950,\"orientation\":\"landscape\"}},\"imageMeta\":{\"aperture\":\"0\",\"credit\":\"\",\"camera\":\"\",\"caption\":\"\",\"created_timestamp\":\"0\",\"copyright\":\"\",\"focal_length\":\"0\",\"iso\":\"0\",\"shutter_speed\":\"0\",\"title\":\"\",\"orientation\":\"1\",\"keywords\":[]},\"meta\":false,\"postlink\":\"https:\/\/vremeplov.ba\/2025\/2019\/05\/02\/red-voznje-vozova-za-bosnu-i-hercegovinu-iz-1953-godine\/red_voznje_1953-25\/\"},{\"id\":26722,\"title\":\"Red_voznje_1953-26\",\"url\":\"https:\/\/vremeplov.ba\/2025\/wp-content\/uploads\/2019\/05\/Red_voznje_1953-26.jpg\",\"link\":\"https:\/\/vremeplov.ba\/2025\/2019\/05\/02\/red-voznje-vozova-za-bosnu-i-hercegovinu-iz-1953-godine\/red_voznje_1953-26\/\",\"alt\":\"\",\"description\":\"\",\"caption\":\"\",\"mime\":\"image\/jpeg\",\"type\":\"image\",\"width\":950,\"height\":657,\"sizes\":{\"full\":{\"url\":\"https:\/\/vremeplov.ba\/2025\/wp-content\/uploads\/2019\/05\/Red_voznje_1953-26.jpg\",\"height\":657,\"width\":950,\"orientation\":\"landscape\"}},\"imageMeta\":{\"aperture\":\"0\",\"credit\":\"\",\"camera\":\"\",\"caption\":\"\",\"created_timestamp\":\"0\",\"copyright\":\"\",\"focal_length\":\"0\",\"iso\":\"0\",\"shutter_speed\":\"0\",\"title\":\"\",\"orientation\":\"1\",\"keywords\":[]},\"meta\":false,\"postlink\":\"https:\/\/vremeplov.ba\/2025\/2019\/05\/02\/red-voznje-vozova-za-bosnu-i-hercegovinu-iz-1953-godine\/red_voznje_1953-26\/\"},{\"id\":26723,\"title\":\"Red_voznje_1953-27\",\"url\":\"https:\/\/vremeplov.ba\/2025\/wp-content\/uploads\/2019\/05\/Red_voznje_1953-27.jpg\",\"link\":\"https:\/\/vremeplov.ba\/2025\/2019\/05\/02\/red-voznje-vozova-za-bosnu-i-hercegovinu-iz-1953-godine\/red_voznje_1953-27\/\",\"alt\":\"\",\"description\":\"\",\"caption\":\"\",\"mime\":\"image\/jpeg\",\"type\":\"image\",\"width\":950,\"height\":664,\"sizes\":{\"full\":{\"url\":\"https:\/\/vremeplov.ba\/2025\/wp-content\/uploads\/2019\/05\/Red_voznje_1953-27.jpg\",\"height\":664,\"width\":950,\"orientation\":\"landscape\"}},\"imageMeta\":{\"aperture\":\"0\",\"credit\":\"\",\"camera\":\"\",\"caption\":\"\",\"created_timestamp\":\"0\",\"copyright\":\"\",\"focal_length\":\"0\",\"iso\":\"0\",\"shutter_speed\":\"0\",\"title\":\"\",\"orientation\":\"1\",\"keywords\":[]},\"meta\":false,\"postlink\":\"https:\/\/vremeplov.ba\/2025\/2019\/05\/02\/red-voznje-vozova-za-bosnu-i-hercegovinu-iz-1953-godine\/red_voznje_1953-27\/\"},{\"id\":26724,\"title\":\"Red_voznje_1953-28\",\"url\":\"https:\/\/vremeplov.ba\/2025\/wp-content\/uploads\/2019\/05\/Red_voznje_1953-28.jpg\",\"link\":\"https:\/\/vremeplov.ba\/2025\/2019\/05\/02\/red-voznje-vozova-za-bosnu-i-hercegovinu-iz-1953-godine\/red_voznje_1953-28\/\",\"alt\":\"\",\"description\":\"\",\"caption\":\"\",\"mime\":\"image\/jpeg\",\"type\":\"image\",\"width\":656,\"height\":950,\"sizes\":{\"full\":{\"url\":\"https:\/\/vremeplov.ba\/2025\/wp-content\/uploads\/2019\/05\/Red_voznje_1953-28.jpg\",\"height\":950,\"width\":656,\"orientation\":\"portrait\"}},\"imageMeta\":{\"aperture\":\"0\",\"credit\":\"\",\"camera\":\"\",\"caption\":\"\",\"created_timestamp\":\"0\",\"copyright\":\"\",\"focal_length\":\"0\",\"iso\":\"0\",\"shutter_speed\":\"0\",\"title\":\"\",\"orientation\":\"1\",\"keywords\":[]},\"meta\":false,\"postlink\":\"https:\/\/vremeplov.ba\/2025\/2019\/05\/02\/red-voznje-vozova-za-bosnu-i-hercegovinu-iz-1953-godine\/red_voznje_1953-28\/\"},{\"id\":26725,\"title\":\"Red_voznje_1953-29\",\"url\":\"https:\/\/vremeplov.ba\/2025\/wp-content\/uploads\/2019\/05\/Red_voznje_1953-29.jpg\",\"link\":\"https:\/\/vremeplov.ba\/2025\/2019\/05\/02\/red-voznje-vozova-za-bosnu-i-hercegovinu-iz-1953-godine\/red_voznje_1953-29\/\",\"alt\":\"\",\"description\":\"\",\"caption\":\"\",\"mime\":\"image\/jpeg\",\"type\":\"image\",\"width\":950,\"height\":645,\"sizes\":{\"full\":{\"url\":\"https:\/\/vremeplov.ba\/2025\/wp-content\/uploads\/2019\/05\/Red_voznje_1953-29.jpg\",\"height\":645,\"width\":950,\"orientation\":\"landscape\"}},\"imageMeta\":{\"aperture\":\"0\",\"credit\":\"\",\"camera\":\"\",\"caption\":\"\",\"created_timestamp\":\"0\",\"copyright\":\"\",\"focal_length\":\"0\",\"iso\":\"0\",\"shutter_speed\":\"0\",\"title\":\"\",\"orientation\":\"1\",\"keywords\":[]},\"meta\":false,\"postlink\":\"https:\/\/vremeplov.ba\/2025\/2019\/05\/02\/red-voznje-vozova-za-bosnu-i-hercegovinu-iz-1953-godine\/red_voznje_1953-29\/\"},{\"id\":26726,\"title\":\"Red_voznje_1953-30\",\"url\":\"https:\/\/vremeplov.ba\/2025\/wp-content\/uploads\/2019\/05\/Red_voznje_1953-30.jpg\",\"link\":\"https:\/\/vremeplov.ba\/2025\/2019\/05\/02\/red-voznje-vozova-za-bosnu-i-hercegovinu-iz-1953-godine\/red_voznje_1953-30\/\",\"alt\":\"\",\"description\":\"\",\"caption\":\"\",\"mime\":\"image\/jpeg\",\"type\":\"image\",\"width\":950,\"height\":656,\"sizes\":{\"full\":{\"url\":\"https:\/\/vremeplov.ba\/2025\/wp-content\/uploads\/2019\/05\/Red_voznje_1953-30.jpg\",\"height\":656,\"width\":950,\"orientation\":\"landscape\"}},\"imageMeta\":{\"aperture\":\"0\",\"credit\":\"\",\"camera\":\"\",\"caption\":\"\",\"created_timestamp\":\"0\",\"copyright\":\"\",\"focal_length\":\"0\",\"iso\":\"0\",\"shutter_speed\":\"0\",\"title\":\"\",\"orientation\":\"1\",\"keywords\":[]},\"meta\":false,\"postlink\":\"https:\/\/vremeplov.ba\/2025\/2019\/05\/02\/red-voznje-vozova-za-bosnu-i-hercegovinu-iz-1953-godine\/red_voznje_1953-30\/\"},{\"id\":26727,\"title\":\"Red_voznje_1953-31\",\"url\":\"https:\/\/vremeplov.ba\/2025\/wp-content\/uploads\/2019\/05\/Red_voznje_1953-31.jpg\",\"link\":\"https:\/\/vremeplov.ba\/2025\/2019\/05\/02\/red-voznje-vozova-za-bosnu-i-hercegovinu-iz-1953-godine\/red_voznje_1953-31\/\",\"alt\":\"\",\"description\":\"\",\"caption\":\"\",\"mime\":\"image\/jpeg\",\"type\":\"image\",\"width\":950,\"height\":657,\"sizes\":{\"full\":{\"url\":\"https:\/\/vremeplov.ba\/2025\/wp-content\/uploads\/2019\/05\/Red_voznje_1953-31.jpg\",\"height\":657,\"width\":950,\"orientation\":\"landscape\"}},\"imageMeta\":{\"aperture\":\"0\",\"credit\":\"\",\"camera\":\"\",\"caption\":\"\",\"created_timestamp\":\"0\",\"copyright\":\"\",\"focal_length\":\"0\",\"iso\":\"0\",\"shutter_speed\":\"0\",\"title\":\"\",\"orientation\":\"1\",\"keywords\":[]},\"meta\":false,\"postlink\":\"https:\/\/vremeplov.ba\/2025\/2019\/05\/02\/red-voznje-vozova-za-bosnu-i-hercegovinu-iz-1953-godine\/red_voznje_1953-31\/\"},{\"id\":26728,\"title\":\"Red_voznje_1953-32\",\"url\":\"https:\/\/vremeplov.ba\/2025\/wp-content\/uploads\/2019\/05\/Red_voznje_1953-32.jpg\",\"link\":\"https:\/\/vremeplov.ba\/2025\/2019\/05\/02\/red-voznje-vozova-za-bosnu-i-hercegovinu-iz-1953-godine\/red_voznje_1953-32\/\",\"alt\":\"\",\"description\":\"\",\"caption\":\"\",\"mime\":\"image\/jpeg\",\"type\":\"image\",\"width\":950,\"height\":655,\"sizes\":{\"full\":{\"url\":\"https:\/\/vremeplov.ba\/2025\/wp-content\/uploads\/2019\/05\/Red_voznje_1953-32.jpg\",\"height\":655,\"width\":950,\"orientation\":\"landscape\"}},\"imageMeta\":{\"aperture\":\"0\",\"credit\":\"\",\"camera\":\"\",\"caption\":\"\",\"created_timestamp\":\"0\",\"copyright\":\"\",\"focal_length\":\"0\",\"iso\":\"0\",\"shutter_speed\":\"0\",\"title\":\"\",\"orientation\":\"1\",\"keywords\":[]},\"meta\":false,\"postlink\":\"https:\/\/vremeplov.ba\/2025\/2019\/05\/02\/red-voznje-vozova-za-bosnu-i-hercegovinu-iz-1953-godine\/red_voznje_1953-32\/\"},{\"id\":26729,\"title\":\"Red_voznje_1953-33\",\"url\":\"https:\/\/vremeplov.ba\/2025\/wp-content\/uploads\/2019\/05\/Red_voznje_1953-33.jpg\",\"link\":\"https:\/\/vremeplov.ba\/2025\/2019\/05\/02\/red-voznje-vozova-za-bosnu-i-hercegovinu-iz-1953-godine\/red_voznje_1953-33\/\",\"alt\":\"\",\"description\":\"\",\"caption\":\"\",\"mime\":\"image\/jpeg\",\"type\":\"image\",\"width\":950,\"height\":646,\"sizes\":{\"full\":{\"url\":\"https:\/\/vremeplov.ba\/2025\/wp-content\/uploads\/2019\/05\/Red_voznje_1953-33.jpg\",\"height\":646,\"width\":950,\"orientation\":\"landscape\"}},\"imageMeta\":{\"aperture\":\"0\",\"credit\":\"\",\"camera\":\"\",\"caption\":\"\",\"created_timestamp\":\"0\",\"copyright\":\"\",\"focal_length\":\"0\",\"iso\":\"0\",\"shutter_speed\":\"0\",\"title\":\"\",\"orientation\":\"1\",\"keywords\":[]},\"meta\":false,\"postlink\":\"https:\/\/vremeplov.ba\/2025\/2019\/05\/02\/red-voznje-vozova-za-bosnu-i-hercegovinu-iz-1953-godine\/red_voznje_1953-33\/\"},{\"id\":26730,\"title\":\"Red_voznje_1953-34\",\"url\":\"https:\/\/vremeplov.ba\/2025\/wp-content\/uploads\/2019\/05\/Red_voznje_1953-34.jpg\",\"link\":\"https:\/\/vremeplov.ba\/2025\/2019\/05\/02\/red-voznje-vozova-za-bosnu-i-hercegovinu-iz-1953-godine\/red_voznje_1953-34\/\",\"alt\":\"\",\"description\":\"\",\"caption\":\"\",\"mime\":\"image\/jpeg\",\"type\":\"image\",\"width\":950,\"height\":672,\"sizes\":{\"full\":{\"url\":\"https:\/\/vremeplov.ba\/2025\/wp-content\/uploads\/2019\/05\/Red_voznje_1953-34.jpg\",\"height\":672,\"width\":950,\"orientation\":\"landscape\"}},\"imageMeta\":{\"aperture\":\"0\",\"credit\":\"\",\"camera\":\"\",\"caption\":\"\",\"created_timestamp\":\"0\",\"copyright\":\"\",\"focal_length\":\"0\",\"iso\":\"0\",\"shutter_speed\":\"0\",\"title\":\"\",\"orientation\":\"1\",\"keywords\":[]},\"meta\":false,\"postlink\":\"https:\/\/vremeplov.ba\/2025\/2019\/05\/02\/red-voznje-vozova-za-bosnu-i-hercegovinu-iz-1953-godine\/red_voznje_1953-34\/\"},{\"id\":26731,\"title\":\"Red_voznje_1953-35\",\"url\":\"https:\/\/vremeplov.ba\/2025\/wp-content\/uploads\/2019\/05\/Red_voznje_1953-35.jpg\",\"link\":\"https:\/\/vremeplov.ba\/2025\/2019\/05\/02\/red-voznje-vozova-za-bosnu-i-hercegovinu-iz-1953-godine\/red_voznje_1953-35\/\",\"alt\":\"\",\"description\":\"\",\"caption\":\"\",\"mime\":\"image\/jpeg\",\"type\":\"image\",\"width\":950,\"height\":657,\"sizes\":{\"full\":{\"url\":\"https:\/\/vremeplov.ba\/2025\/wp-content\/uploads\/2019\/05\/Red_voznje_1953-35.jpg\",\"height\":657,\"width\":950,\"orientation\":\"landscape\"}},\"imageMeta\":{\"aperture\":\"0\",\"credit\":\"\",\"camera\":\"\",\"caption\":\"\",\"created_timestamp\":\"0\",\"copyright\":\"\",\"focal_length\":\"0\",\"iso\":\"0\",\"shutter_speed\":\"0\",\"title\":\"\",\"orientation\":\"1\",\"keywords\":[]},\"meta\":false,\"postlink\":\"https:\/\/vremeplov.ba\/2025\/2019\/05\/02\/red-voznje-vozova-za-bosnu-i-hercegovinu-iz-1953-godine\/red_voznje_1953-35\/\"},{\"id\":26732,\"title\":\"Red_voznje_1953-36\",\"url\":\"https:\/\/vremeplov.ba\/2025\/wp-content\/uploads\/2019\/05\/Red_voznje_1953-36.jpg\",\"link\":\"https:\/\/vremeplov.ba\/2025\/2019\/05\/02\/red-voznje-vozova-za-bosnu-i-hercegovinu-iz-1953-godine\/red_voznje_1953-36\/\",\"alt\":\"\",\"description\":\"\",\"caption\":\"\",\"mime\":\"image\/jpeg\",\"type\":\"image\",\"width\":950,\"height\":662,\"sizes\":{\"full\":{\"url\":\"https:\/\/vremeplov.ba\/2025\/wp-content\/uploads\/2019\/05\/Red_voznje_1953-36.jpg\",\"height\":662,\"width\":950,\"orientation\":\"landscape\"}},\"imageMeta\":{\"aperture\":\"0\",\"credit\":\"\",\"camera\":\"\",\"caption\":\"\",\"created_timestamp\":\"0\",\"copyright\":\"\",\"focal_length\":\"0\",\"iso\":\"0\",\"shutter_speed\":\"0\",\"title\":\"\",\"orientation\":\"1\",\"keywords\":[]},\"meta\":false,\"postlink\":\"https:\/\/vremeplov.ba\/2025\/2019\/05\/02\/red-voznje-vozova-za-bosnu-i-hercegovinu-iz-1953-godine\/red_voznje_1953-36\/\"},{\"id\":26733,\"title\":\"Red_voznje_1953-37\",\"url\":\"https:\/\/vremeplov.ba\/2025\/wp-content\/uploads\/2019\/05\/Red_voznje_1953-37.jpg\",\"link\":\"https:\/\/vremeplov.ba\/2025\/2019\/05\/02\/red-voznje-vozova-za-bosnu-i-hercegovinu-iz-1953-godine\/red_voznje_1953-37\/\",\"alt\":\"\",\"description\":\"\",\"caption\":\"\",\"mime\":\"image\/jpeg\",\"type\":\"image\",\"width\":950,\"height\":660,\"sizes\":{\"full\":{\"url\":\"https:\/\/vremeplov.ba\/2025\/wp-content\/uploads\/2019\/05\/Red_voznje_1953-37.jpg\",\"height\":660,\"width\":950,\"orientation\":\"landscape\"}},\"imageMeta\":{\"aperture\":\"0\",\"credit\":\"\",\"camera\":\"\",\"caption\":\"\",\"created_timestamp\":\"0\",\"copyright\":\"\",\"focal_length\":\"0\",\"iso\":\"0\",\"shutter_speed\":\"0\",\"title\":\"\",\"orientation\":\"1\",\"keywords\":[]},\"meta\":false,\"postlink\":\"https:\/\/vremeplov.ba\/2025\/2019\/05\/02\/red-voznje-vozova-za-bosnu-i-hercegovinu-iz-1953-godine\/red_voznje_1953-37\/\"},{\"id\":26734,\"title\":\"Red_voznje_1953-38\",\"url\":\"https:\/\/vremeplov.ba\/2025\/wp-content\/uploads\/2019\/05\/Red_voznje_1953-38.jpg\",\"link\":\"https:\/\/vremeplov.ba\/2025\/2019\/05\/02\/red-voznje-vozova-za-bosnu-i-hercegovinu-iz-1953-godine\/red_voznje_1953-38\/\",\"alt\":\"\",\"description\":\"\",\"caption\":\"\",\"mime\":\"image\/jpeg\",\"type\":\"image\",\"width\":950,\"height\":664,\"sizes\":{\"full\":{\"url\":\"https:\/\/vremeplov.ba\/2025\/wp-content\/uploads\/2019\/05\/Red_voznje_1953-38.jpg\",\"height\":664,\"width\":950,\"orientation\":\"landscape\"}},\"imageMeta\":{\"aperture\":\"0\",\"credit\":\"\",\"camera\":\"\",\"caption\":\"\",\"created_timestamp\":\"0\",\"copyright\":\"\",\"focal_length\":\"0\",\"iso\":\"0\",\"shutter_speed\":\"0\",\"title\":\"\",\"orientation\":\"1\",\"keywords\":[]},\"meta\":false,\"postlink\":\"https:\/\/vremeplov.ba\/2025\/2019\/05\/02\/red-voznje-vozova-za-bosnu-i-hercegovinu-iz-1953-godine\/red_voznje_1953-38\/\"},{\"id\":26735,\"title\":\"Red_voznje_1953-39\",\"url\":\"https:\/\/vremeplov.ba\/2025\/wp-content\/uploads\/2019\/05\/Red_voznje_1953-39.jpg\",\"link\":\"https:\/\/vremeplov.ba\/2025\/2019\/05\/02\/red-voznje-vozova-za-bosnu-i-hercegovinu-iz-1953-godine\/red_voznje_1953-39\/\",\"alt\":\"\",\"description\":\"\",\"caption\":\"\",\"mime\":\"image\/jpeg\",\"type\":\"image\",\"width\":640,\"height\":950,\"sizes\":{\"full\":{\"url\":\"https:\/\/vremeplov.ba\/2025\/wp-content\/uploads\/2019\/05\/Red_voznje_1953-39.jpg\",\"height\":950,\"width\":640,\"orientation\":\"portrait\"}},\"imageMeta\":{\"aperture\":\"0\",\"credit\":\"\",\"camera\":\"\",\"caption\":\"\",\"created_timestamp\":\"0\",\"copyright\":\"\",\"focal_length\":\"0\",\"iso\":\"0\",\"shutter_speed\":\"0\",\"title\":\"\",\"orientation\":\"1\",\"keywords\":[]},\"meta\":false,\"postlink\":\"https:\/\/vremeplov.ba\/2025\/2019\/05\/02\/red-voznje-vozova-za-bosnu-i-hercegovinu-iz-1953-godine\/red_voznje_1953-39\/\"},{\"id\":26736,\"title\":\"Red_voznje_1953-40\",\"url\":\"https:\/\/vremeplov.ba\/2025\/wp-content\/uploads\/2019\/05\/Red_voznje_1953-40.jpg\",\"link\":\"https:\/\/vremeplov.ba\/2025\/2019\/05\/02\/red-voznje-vozova-za-bosnu-i-hercegovinu-iz-1953-godine\/red_voznje_1953-40\/\",\"alt\":\"\",\"description\":\"\",\"caption\":\"\",\"mime\":\"image\/jpeg\",\"type\":\"image\",\"width\":950,\"height\":664,\"sizes\":{\"full\":{\"url\":\"https:\/\/vremeplov.ba\/2025\/wp-content\/uploads\/2019\/05\/Red_voznje_1953-40.jpg\",\"height\":664,\"width\":950,\"orientation\":\"landscape\"}},\"imageMeta\":{\"aperture\":\"0\",\"credit\":\"\",\"camera\":\"\",\"caption\":\"\",\"created_timestamp\":\"0\",\"copyright\":\"\",\"focal_length\":\"0\",\"iso\":\"0\",\"shutter_speed\":\"0\",\"title\":\"\",\"orientation\":\"1\",\"keywords\":[]},\"meta\":false,\"postlink\":\"https:\/\/vremeplov.ba\/2025\/2019\/05\/02\/red-voznje-vozova-za-bosnu-i-hercegovinu-iz-1953-godine\/red_voznje_1953-40\/\"},{\"id\":26737,\"title\":\"Red_voznje_1953-41\",\"url\":\"https:\/\/vremeplov.ba\/2025\/wp-content\/uploads\/2019\/05\/Red_voznje_1953-41.jpg\",\"link\":\"https:\/\/vremeplov.ba\/2025\/2019\/05\/02\/red-voznje-vozova-za-bosnu-i-hercegovinu-iz-1953-godine\/red_voznje_1953-41\/\",\"alt\":\"\",\"description\":\"\",\"caption\":\"\",\"mime\":\"image\/jpeg\",\"type\":\"image\",\"width\":950,\"height\":669,\"sizes\":{\"full\":{\"url\":\"https:\/\/vremeplov.ba\/2025\/wp-content\/uploads\/2019\/05\/Red_voznje_1953-41.jpg\",\"height\":669,\"width\":950,\"orientation\":\"landscape\"}},\"imageMeta\":{\"aperture\":\"0\",\"credit\":\"\",\"camera\":\"\",\"caption\":\"\",\"created_timestamp\":\"0\",\"copyright\":\"\",\"focal_length\":\"0\",\"iso\":\"0\",\"shutter_speed\":\"0\",\"title\":\"\",\"orientation\":\"1\",\"keywords\":[]},\"meta\":false,\"postlink\":\"https:\/\/vremeplov.ba\/2025\/2019\/05\/02\/red-voznje-vozova-za-bosnu-i-hercegovinu-iz-1953-godine\/red_voznje_1953-41\/\"},{\"id\":26738,\"title\":\"Red_voznje_1953-42\",\"url\":\"https:\/\/vremeplov.ba\/2025\/wp-content\/uploads\/2019\/05\/Red_voznje_1953-42.jpg\",\"link\":\"https:\/\/vremeplov.ba\/2025\/2019\/05\/02\/red-voznje-vozova-za-bosnu-i-hercegovinu-iz-1953-godine\/red_voznje_1953-42\/\",\"alt\":\"\",\"description\":\"\",\"caption\":\"\",\"mime\":\"image\/jpeg\",\"type\":\"image\",\"width\":950,\"height\":665,\"sizes\":{\"full\":{\"url\":\"https:\/\/vremeplov.ba\/2025\/wp-content\/uploads\/2019\/05\/Red_voznje_1953-42.jpg\",\"height\":665,\"width\":950,\"orientation\":\"landscape\"}},\"imageMeta\":{\"aperture\":\"0\",\"credit\":\"\",\"camera\":\"\",\"caption\":\"\",\"created_timestamp\":\"0\",\"copyright\":\"\",\"focal_length\":\"0\",\"iso\":\"0\",\"shutter_speed\":\"0\",\"title\":\"\",\"orientation\":\"1\",\"keywords\":[]},\"meta\":false,\"postlink\":\"https:\/\/vremeplov.ba\/2025\/2019\/05\/02\/red-voznje-vozova-za-bosnu-i-hercegovinu-iz-1953-godine\/red_voznje_1953-42\/\"},{\"id\":26739,\"title\":\"Red_voznje_1953-43\",\"url\":\"https:\/\/vremeplov.ba\/2025\/wp-content\/uploads\/2019\/05\/Red_voznje_1953-43.jpg\",\"link\":\"https:\/\/vremeplov.ba\/2025\/2019\/05\/02\/red-voznje-vozova-za-bosnu-i-hercegovinu-iz-1953-godine\/red_voznje_1953-43\/\",\"alt\":\"\",\"description\":\"\",\"caption\":\"\",\"mime\":\"image\/jpeg\",\"type\":\"image\",\"width\":950,\"height\":665,\"sizes\":{\"full\":{\"url\":\"https:\/\/vremeplov.ba\/2025\/wp-content\/uploads\/2019\/05\/Red_voznje_1953-43.jpg\",\"height\":665,\"width\":950,\"orientation\":\"landscape\"}},\"imageMeta\":{\"aperture\":\"0\",\"credit\":\"\",\"camera\":\"\",\"caption\":\"\",\"created_timestamp\":\"0\",\"copyright\":\"\",\"focal_length\":\"0\",\"iso\":\"0\",\"shutter_speed\":\"0\",\"title\":\"\",\"orientation\":\"1\",\"keywords\":[]},\"meta\":false,\"postlink\":\"https:\/\/vremeplov.ba\/2025\/2019\/05\/02\/red-voznje-vozova-za-bosnu-i-hercegovinu-iz-1953-godine\/red_voznje_1953-43\/\"},{\"id\":26740,\"title\":\"Red_voznje_1953-44\",\"url\":\"https:\/\/vremeplov.ba\/2025\/wp-content\/uploads\/2019\/05\/Red_voznje_1953-44.jpg\",\"link\":\"https:\/\/vremeplov.ba\/2025\/2019\/05\/02\/red-voznje-vozova-za-bosnu-i-hercegovinu-iz-1953-godine\/red_voznje_1953-44\/\",\"alt\":\"\",\"description\":\"\",\"caption\":\"\",\"mime\":\"image\/jpeg\",\"type\":\"image\",\"width\":950,\"height\":650,\"sizes\":{\"full\":{\"url\":\"https:\/\/vremeplov.ba\/2025\/wp-content\/uploads\/2019\/05\/Red_voznje_1953-44.jpg\",\"height\":650,\"width\":950,\"orientation\":\"landscape\"}},\"imageMeta\":{\"aperture\":\"0\",\"credit\":\"\",\"camera\":\"\",\"caption\":\"\",\"created_timestamp\":\"0\",\"copyright\":\"\",\"focal_length\":\"0\",\"iso\":\"0\",\"shutter_speed\":\"0\",\"title\":\"\",\"orientation\":\"1\",\"keywords\":[]},\"meta\":false,\"postlink\":\"https:\/\/vremeplov.ba\/2025\/2019\/05\/02\/red-voznje-vozova-za-bosnu-i-hercegovinu-iz-1953-godine\/red_voznje_1953-44\/\"},{\"id\":26741,\"title\":\"Red_voznje_1953-45\",\"url\":\"https:\/\/vremeplov.ba\/2025\/wp-content\/uploads\/2019\/05\/Red_voznje_1953-45.jpg\",\"link\":\"https:\/\/vremeplov.ba\/2025\/2019\/05\/02\/red-voznje-vozova-za-bosnu-i-hercegovinu-iz-1953-godine\/red_voznje_1953-45\/\",\"alt\":\"\",\"description\":\"\",\"caption\":\"\",\"mime\":\"image\/jpeg\",\"type\":\"image\",\"width\":950,\"height\":654,\"sizes\":{\"full\":{\"url\":\"https:\/\/vremeplov.ba\/2025\/wp-content\/uploads\/2019\/05\/Red_voznje_1953-45.jpg\",\"height\":654,\"width\":950,\"orientation\":\"landscape\"}},\"imageMeta\":{\"aperture\":\"0\",\"credit\":\"\",\"camera\":\"\",\"caption\":\"\",\"created_timestamp\":\"0\",\"copyright\":\"\",\"focal_length\":\"0\",\"iso\":\"0\",\"shutter_speed\":\"0\",\"title\":\"\",\"orientation\":\"1\",\"keywords\":[]},\"meta\":false,\"postlink\":\"https:\/\/vremeplov.ba\/2025\/2019\/05\/02\/red-voznje-vozova-za-bosnu-i-hercegovinu-iz-1953-godine\/red_voznje_1953-45\/\"},{\"id\":26742,\"title\":\"Red_voznje_1953-46\",\"url\":\"https:\/\/vremeplov.ba\/2025\/wp-content\/uploads\/2019\/05\/Red_voznje_1953-46.jpg\",\"link\":\"https:\/\/vremeplov.ba\/2025\/2019\/05\/02\/red-voznje-vozova-za-bosnu-i-hercegovinu-iz-1953-godine\/red_voznje_1953-46\/\",\"alt\":\"\",\"description\":\"\",\"caption\":\"\",\"mime\":\"image\/jpeg\",\"type\":\"image\",\"width\":950,\"height\":671,\"sizes\":{\"full\":{\"url\":\"https:\/\/vremeplov.ba\/2025\/wp-content\/uploads\/2019\/05\/Red_voznje_1953-46.jpg\",\"height\":671,\"width\":950,\"orientation\":\"landscape\"}},\"imageMeta\":{\"aperture\":\"0\",\"credit\":\"\",\"camera\":\"\",\"caption\":\"\",\"created_timestamp\":\"0\",\"copyright\":\"\",\"focal_length\":\"0\",\"iso\":\"0\",\"shutter_speed\":\"0\",\"title\":\"\",\"orientation\":\"1\",\"keywords\":[]},\"meta\":false,\"postlink\":\"https:\/\/vremeplov.ba\/2025\/2019\/05\/02\/red-voznje-vozova-za-bosnu-i-hercegovinu-iz-1953-godine\/red_voznje_1953-46\/\"},{\"id\":26743,\"title\":\"Red_voznje_1953-47\",\"url\":\"https:\/\/vremeplov.ba\/2025\/wp-content\/uploads\/2019\/05\/Red_voznje_1953-47.jpg\",\"link\":\"https:\/\/vremeplov.ba\/2025\/2019\/05\/02\/red-voznje-vozova-za-bosnu-i-hercegovinu-iz-1953-godine\/red_voznje_1953-47\/\",\"alt\":\"\",\"description\":\"\",\"caption\":\"\",\"mime\":\"image\/jpeg\",\"type\":\"image\",\"width\":950,\"height\":672,\"sizes\":{\"full\":{\"url\":\"https:\/\/vremeplov.ba\/2025\/wp-content\/uploads\/2019\/05\/Red_voznje_1953-47.jpg\",\"height\":672,\"width\":950,\"orientation\":\"landscape\"}},\"imageMeta\":{\"aperture\":\"0\",\"credit\":\"\",\"camera\":\"\",\"caption\":\"\",\"created_timestamp\":\"0\",\"copyright\":\"\",\"focal_length\":\"0\",\"iso\":\"0\",\"shutter_speed\":\"0\",\"title\":\"\",\"orientation\":\"1\",\"keywords\":[]},\"meta\":false,\"postlink\":\"https:\/\/vremeplov.ba\/2025\/2019\/05\/02\/red-voznje-vozova-za-bosnu-i-hercegovinu-iz-1953-godine\/red_voznje_1953-47\/\"},{\"id\":26744,\"title\":\"Red_voznje_1953-48\",\"url\":\"https:\/\/vremeplov.ba\/2025\/wp-content\/uploads\/2019\/05\/Red_voznje_1953-48.jpg\",\"link\":\"https:\/\/vremeplov.ba\/2025\/2019\/05\/02\/red-voznje-vozova-za-bosnu-i-hercegovinu-iz-1953-godine\/red_voznje_1953-48\/\",\"alt\":\"\",\"description\":\"\",\"caption\":\"\",\"mime\":\"image\/jpeg\",\"type\":\"image\",\"width\":658,\"height\":950,\"sizes\":{\"full\":{\"url\":\"https:\/\/vremeplov.ba\/2025\/wp-content\/uploads\/2019\/05\/Red_voznje_1953-48.jpg\",\"height\":950,\"width\":658,\"orientation\":\"portrait\"}},\"imageMeta\":{\"aperture\":\"0\",\"credit\":\"\",\"camera\":\"\",\"caption\":\"\",\"created_timestamp\":\"0\",\"copyright\":\"\",\"focal_length\":\"0\",\"iso\":\"0\",\"shutter_speed\":\"0\",\"title\":\"\",\"orientation\":\"1\",\"keywords\":[]},\"meta\":false,\"postlink\":\"https:\/\/vremeplov.ba\/2025\/2019\/05\/02\/red-voznje-vozova-za-bosnu-i-hercegovinu-iz-1953-godine\/red_voznje_1953-48\/\"},{\"id\":26745,\"title\":\"Red_voznje_1953-49\",\"url\":\"https:\/\/vremeplov.ba\/2025\/wp-content\/uploads\/2019\/05\/Red_voznje_1953-49.jpg\",\"link\":\"https:\/\/vremeplov.ba\/2025\/2019\/05\/02\/red-voznje-vozova-za-bosnu-i-hercegovinu-iz-1953-godine\/red_voznje_1953-49\/\",\"alt\":\"\",\"description\":\"\",\"caption\":\"\",\"mime\":\"image\/jpeg\",\"type\":\"image\",\"width\":950,\"height\":651,\"sizes\":{\"full\":{\"url\":\"https:\/\/vremeplov.ba\/2025\/wp-content\/uploads\/2019\/05\/Red_voznje_1953-49.jpg\",\"height\":651,\"width\":950,\"orientation\":\"landscape\"}},\"imageMeta\":{\"aperture\":\"0\",\"credit\":\"\",\"camera\":\"\",\"caption\":\"\",\"created_timestamp\":\"0\",\"copyright\":\"\",\"focal_length\":\"0\",\"iso\":\"0\",\"shutter_speed\":\"0\",\"title\":\"\",\"orientation\":\"1\",\"keywords\":[]},\"meta\":false,\"postlink\":\"https:\/\/vremeplov.ba\/2025\/2019\/05\/02\/red-voznje-vozova-za-bosnu-i-hercegovinu-iz-1953-godine\/red_voznje_1953-49\/\"},{\"id\":26746,\"title\":\"Red_voznje_1953-50\",\"url\":\"https:\/\/vremeplov.ba\/2025\/wp-content\/uploads\/2019\/05\/Red_voznje_1953-50.jpg\",\"link\":\"https:\/\/vremeplov.ba\/2025\/2019\/05\/02\/red-voznje-vozova-za-bosnu-i-hercegovinu-iz-1953-godine\/red_voznje_1953-50\/\",\"alt\":\"\",\"description\":\"\",\"caption\":\"\",\"mime\":\"image\/jpeg\",\"type\":\"image\",\"width\":950,\"height\":650,\"sizes\":{\"full\":{\"url\":\"https:\/\/vremeplov.ba\/2025\/wp-content\/uploads\/2019\/05\/Red_voznje_1953-50.jpg\",\"height\":650,\"width\":950,\"orientation\":\"landscape\"}},\"imageMeta\":{\"aperture\":\"0\",\"credit\":\"\",\"camera\":\"\",\"caption\":\"\",\"created_timestamp\":\"0\",\"copyright\":\"\",\"focal_length\":\"0\",\"iso\":\"0\",\"shutter_speed\":\"0\",\"title\":\"\",\"orientation\":\"1\",\"keywords\":[]},\"meta\":false,\"postlink\":\"https:\/\/vremeplov.ba\/2025\/2019\/05\/02\/red-voznje-vozova-za-bosnu-i-hercegovinu-iz-1953-godine\/red_voznje_1953-50\/\"},{\"id\":26747,\"title\":\"Red_voznje_1953-51\",\"url\":\"https:\/\/vremeplov.ba\/2025\/wp-content\/uploads\/2019\/05\/Red_voznje_1953-51.jpg\",\"link\":\"https:\/\/vremeplov.ba\/2025\/2019\/05\/02\/red-voznje-vozova-za-bosnu-i-hercegovinu-iz-1953-godine\/red_voznje_1953-51\/\",\"alt\":\"\",\"description\":\"\",\"caption\":\"\",\"mime\":\"image\/jpeg\",\"type\":\"image\",\"width\":950,\"height\":644,\"sizes\":{\"full\":{\"url\":\"https:\/\/vremeplov.ba\/2025\/wp-content\/uploads\/2019\/05\/Red_voznje_1953-51.jpg\",\"height\":644,\"width\":950,\"orientation\":\"landscape\"}},\"imageMeta\":{\"aperture\":\"0\",\"credit\":\"\",\"camera\":\"\",\"caption\":\"\",\"created_timestamp\":\"0\",\"copyright\":\"\",\"focal_length\":\"0\",\"iso\":\"0\",\"shutter_speed\":\"0\",\"title\":\"\",\"orientation\":\"1\",\"keywords\":[]},\"meta\":false,\"postlink\":\"https:\/\/vremeplov.ba\/2025\/2019\/05\/02\/red-voznje-vozova-za-bosnu-i-hercegovinu-iz-1953-godine\/red_voznje_1953-51\/\"},{\"id\":26748,\"title\":\"Red_voznje_1953-52\",\"url\":\"https:\/\/vremeplov.ba\/2025\/wp-content\/uploads\/2019\/05\/Red_voznje_1953-52.jpg\",\"link\":\"https:\/\/vremeplov.ba\/2025\/2019\/05\/02\/red-voznje-vozova-za-bosnu-i-hercegovinu-iz-1953-godine\/red_voznje_1953-52\/\",\"alt\":\"\",\"description\":\"\",\"caption\":\"\",\"mime\":\"image\/jpeg\",\"type\":\"image\",\"width\":950,\"height\":650,\"sizes\":{\"full\":{\"url\":\"https:\/\/vremeplov.ba\/2025\/wp-content\/uploads\/2019\/05\/Red_voznje_1953-52.jpg\",\"height\":650,\"width\":950,\"orientation\":\"landscape\"}},\"imageMeta\":{\"aperture\":\"0\",\"credit\":\"\",\"camera\":\"\",\"caption\":\"\",\"created_timestamp\":\"0\",\"copyright\":\"\",\"focal_length\":\"0\",\"iso\":\"0\",\"shutter_speed\":\"0\",\"title\":\"\",\"orientation\":\"1\",\"keywords\":[]},\"meta\":false,\"postlink\":\"https:\/\/vremeplov.ba\/2025\/2019\/05\/02\/red-voznje-vozova-za-bosnu-i-hercegovinu-iz-1953-godine\/red_voznje_1953-52\/\"},{\"id\":26749,\"title\":\"Red_voznje_1953-53\",\"url\":\"https:\/\/vremeplov.ba\/2025\/wp-content\/uploads\/2019\/05\/Red_voznje_1953-53.jpg\",\"link\":\"https:\/\/vremeplov.ba\/2025\/2019\/05\/02\/red-voznje-vozova-za-bosnu-i-hercegovinu-iz-1953-godine\/red_voznje_1953-53\/\",\"alt\":\"\",\"description\":\"\",\"caption\":\"\",\"mime\":\"image\/jpeg\",\"type\":\"image\",\"width\":950,\"height\":652,\"sizes\":{\"full\":{\"url\":\"https:\/\/vremeplov.ba\/2025\/wp-content\/uploads\/2019\/05\/Red_voznje_1953-53.jpg\",\"height\":652,\"width\":950,\"orientation\":\"landscape\"}},\"imageMeta\":{\"aperture\":\"0\",\"credit\":\"\",\"camera\":\"\",\"caption\":\"\",\"created_timestamp\":\"0\",\"copyright\":\"\",\"focal_length\":\"0\",\"iso\":\"0\",\"shutter_speed\":\"0\",\"title\":\"\",\"orientation\":\"1\",\"keywords\":[]},\"meta\":false,\"postlink\":\"https:\/\/vremeplov.ba\/2025\/2019\/05\/02\/red-voznje-vozova-za-bosnu-i-hercegovinu-iz-1953-godine\/red_voznje_1953-53\/\"},{\"id\":26750,\"title\":\"Red_voznje_1953-54\",\"url\":\"https:\/\/vremeplov.ba\/2025\/wp-content\/uploads\/2019\/05\/Red_voznje_1953-54.jpg\",\"link\":\"https:\/\/vremeplov.ba\/2025\/2019\/05\/02\/red-voznje-vozova-za-bosnu-i-hercegovinu-iz-1953-godine\/red_voznje_1953-54\/\",\"alt\":\"\",\"description\":\"\",\"caption\":\"\",\"mime\":\"image\/jpeg\",\"type\":\"image\",\"width\":950,\"height\":657,\"sizes\":{\"full\":{\"url\":\"https:\/\/vremeplov.ba\/2025\/wp-content\/uploads\/2019\/05\/Red_voznje_1953-54.jpg\",\"height\":657,\"width\":950,\"orientation\":\"landscape\"}},\"imageMeta\":{\"aperture\":\"0\",\"credit\":\"\",\"camera\":\"\",\"caption\":\"\",\"created_timestamp\":\"0\",\"copyright\":\"\",\"focal_length\":\"0\",\"iso\":\"0\",\"shutter_speed\":\"0\",\"title\":\"\",\"orientation\":\"1\",\"keywords\":[]},\"meta\":false,\"postlink\":\"https:\/\/vremeplov.ba\/2025\/2019\/05\/02\/red-voznje-vozova-za-bosnu-i-hercegovinu-iz-1953-godine\/red_voznje_1953-54\/\"},{\"id\":26751,\"title\":\"Red_voznje_1953-55\",\"url\":\"https:\/\/vremeplov.ba\/2025\/wp-content\/uploads\/2019\/05\/Red_voznje_1953-55.jpg\",\"link\":\"https:\/\/vremeplov.ba\/2025\/2019\/05\/02\/red-voznje-vozova-za-bosnu-i-hercegovinu-iz-1953-godine\/red_voznje_1953-55\/\",\"alt\":\"\",\"description\":\"\",\"caption\":\"\",\"mime\":\"image\/jpeg\",\"type\":\"image\",\"width\":950,\"height\":661,\"sizes\":{\"full\":{\"url\":\"https:\/\/vremeplov.ba\/2025\/wp-content\/uploads\/2019\/05\/Red_voznje_1953-55.jpg\",\"height\":661,\"width\":950,\"orientation\":\"landscape\"}},\"imageMeta\":{\"aperture\":\"0\",\"credit\":\"\",\"camera\":\"\",\"caption\":\"\",\"created_timestamp\":\"0\",\"copyright\":\"\",\"focal_length\":\"0\",\"iso\":\"0\",\"shutter_speed\":\"0\",\"title\":\"\",\"orientation\":\"1\",\"keywords\":[]},\"meta\":false,\"postlink\":\"https:\/\/vremeplov.ba\/2025\/2019\/05\/02\/red-voznje-vozova-za-bosnu-i-hercegovinu-iz-1953-godine\/red_voznje_1953-55\/\"},{\"id\":26752,\"title\":\"Red_voznje_1953-56\",\"url\":\"https:\/\/vremeplov.ba\/2025\/wp-content\/uploads\/2019\/05\/Red_voznje_1953-56.jpg\",\"link\":\"https:\/\/vremeplov.ba\/2025\/2019\/05\/02\/red-voznje-vozova-za-bosnu-i-hercegovinu-iz-1953-godine\/red_voznje_1953-56\/\",\"alt\":\"\",\"description\":\"\",\"caption\":\"\",\"mime\":\"image\/jpeg\",\"type\":\"image\",\"width\":950,\"height\":653,\"sizes\":{\"full\":{\"url\":\"https:\/\/vremeplov.ba\/2025\/wp-content\/uploads\/2019\/05\/Red_voznje_1953-56.jpg\",\"height\":653,\"width\":950,\"orientation\":\"landscape\"}},\"imageMeta\":{\"aperture\":\"0\",\"credit\":\"\",\"camera\":\"\",\"caption\":\"\",\"created_timestamp\":\"0\",\"copyright\":\"\",\"focal_length\":\"0\",\"iso\":\"0\",\"shutter_speed\":\"0\",\"title\":\"\",\"orientation\":\"1\",\"keywords\":[]},\"meta\":false,\"postlink\":\"https:\/\/vremeplov.ba\/2025\/2019\/05\/02\/red-voznje-vozova-za-bosnu-i-hercegovinu-iz-1953-godine\/red_voznje_1953-56\/\"},{\"id\":26753,\"title\":\"Red_voznje_1953-57\",\"url\":\"https:\/\/vremeplov.ba\/2025\/wp-content\/uploads\/2019\/05\/Red_voznje_1953-57.jpg\",\"link\":\"https:\/\/vremeplov.ba\/2025\/2019\/05\/02\/red-voznje-vozova-za-bosnu-i-hercegovinu-iz-1953-godine\/red_voznje_1953-57\/\",\"alt\":\"\",\"description\":\"\",\"caption\":\"\",\"mime\":\"image\/jpeg\",\"type\":\"image\",\"width\":950,\"height\":652,\"sizes\":{\"full\":{\"url\":\"https:\/\/vremeplov.ba\/2025\/wp-content\/uploads\/2019\/05\/Red_voznje_1953-57.jpg\",\"height\":652,\"width\":950,\"orientation\":\"landscape\"}},\"imageMeta\":{\"aperture\":\"0\",\"credit\":\"\",\"camera\":\"\",\"caption\":\"\",\"created_timestamp\":\"0\",\"copyright\":\"\",\"focal_length\":\"0\",\"iso\":\"0\",\"shutter_speed\":\"0\",\"title\":\"\",\"orientation\":\"1\",\"keywords\":[]},\"meta\":false,\"postlink\":\"https:\/\/vremeplov.ba\/2025\/2019\/05\/02\/red-voznje-vozova-za-bosnu-i-hercegovinu-iz-1953-godine\/red_voznje_1953-57\/\"},{\"id\":26754,\"title\":\"Red_voznje_1953-58\",\"url\":\"https:\/\/vremeplov.ba\/2025\/wp-content\/uploads\/2019\/05\/Red_voznje_1953-58.jpg\",\"link\":\"https:\/\/vremeplov.ba\/2025\/2019\/05\/02\/red-voznje-vozova-za-bosnu-i-hercegovinu-iz-1953-godine\/red_voznje_1953-58\/\",\"alt\":\"\",\"description\":\"\",\"caption\":\"\",\"mime\":\"image\/jpeg\",\"type\":\"image\",\"width\":656,\"height\":950,\"sizes\":{\"full\":{\"url\":\"https:\/\/vremeplov.ba\/2025\/wp-content\/uploads\/2019\/05\/Red_voznje_1953-58.jpg\",\"height\":950,\"width\":656,\"orientation\":\"portrait\"}},\"imageMeta\":{\"aperture\":\"0\",\"credit\":\"\",\"camera\":\"\",\"caption\":\"\",\"created_timestamp\":\"0\",\"copyright\":\"\",\"focal_length\":\"0\",\"iso\":\"0\",\"shutter_speed\":\"0\",\"title\":\"\",\"orientation\":\"1\",\"keywords\":[]},\"meta\":false,\"postlink\":\"https:\/\/vremeplov.ba\/2025\/2019\/05\/02\/red-voznje-vozova-za-bosnu-i-hercegovinu-iz-1953-godine\/red_voznje_1953-58\/\"},{\"id\":26755,\"title\":\"Red_voznje_1953-59\",\"url\":\"https:\/\/vremeplov.ba\/2025\/wp-content\/uploads\/2019\/05\/Red_voznje_1953-59.jpg\",\"link\":\"https:\/\/vremeplov.ba\/2025\/2019\/05\/02\/red-voznje-vozova-za-bosnu-i-hercegovinu-iz-1953-godine\/red_voznje_1953-59\/\",\"alt\":\"\",\"description\":\"\",\"caption\":\"\",\"mime\":\"image\/jpeg\",\"type\":\"image\",\"width\":950,\"height\":656,\"sizes\":{\"full\":{\"url\":\"https:\/\/vremeplov.ba\/2025\/wp-content\/uploads\/2019\/05\/Red_voznje_1953-59.jpg\",\"height\":656,\"width\":950,\"orientation\":\"landscape\"}},\"imageMeta\":{\"aperture\":\"0\",\"credit\":\"\",\"camera\":\"\",\"caption\":\"\",\"created_timestamp\":\"0\",\"copyright\":\"\",\"focal_length\":\"0\",\"iso\":\"0\",\"shutter_speed\":\"0\",\"title\":\"\",\"orientation\":\"1\",\"keywords\":[]},\"meta\":false,\"postlink\":\"https:\/\/vremeplov.ba\/2025\/2019\/05\/02\/red-voznje-vozova-za-bosnu-i-hercegovinu-iz-1953-godine\/red_voznje_1953-59\/\"},{\"id\":26756,\"title\":\"Red_voznje_1953-60\",\"url\":\"https:\/\/vremeplov.ba\/2025\/wp-content\/uploads\/2019\/05\/Red_voznje_1953-60.jpg\",\"link\":\"https:\/\/vremeplov.ba\/2025\/2019\/05\/02\/red-voznje-vozova-za-bosnu-i-hercegovinu-iz-1953-godine\/red_voznje_1953-60\/\",\"alt\":\"\",\"description\":\"\",\"caption\":\"\",\"mime\":\"image\/jpeg\",\"type\":\"image\",\"width\":950,\"height\":652,\"sizes\":{\"full\":{\"url\":\"https:\/\/vremeplov.ba\/2025\/wp-content\/uploads\/2019\/05\/Red_voznje_1953-60.jpg\",\"height\":652,\"width\":950,\"orientation\":\"landscape\"}},\"imageMeta\":{\"aperture\":\"0\",\"credit\":\"\",\"camera\":\"\",\"caption\":\"\",\"created_timestamp\":\"0\",\"copyright\":\"\",\"focal_length\":\"0\",\"iso\":\"0\",\"shutter_speed\":\"0\",\"title\":\"\",\"orientation\":\"1\",\"keywords\":[]},\"meta\":false,\"postlink\":\"https:\/\/vremeplov.ba\/2025\/2019\/05\/02\/red-voznje-vozova-za-bosnu-i-hercegovinu-iz-1953-godine\/red_voznje_1953-60\/\"},{\"id\":26757,\"title\":\"Red_voznje_1953-61\",\"url\":\"https:\/\/vremeplov.ba\/2025\/wp-content\/uploads\/2019\/05\/Red_voznje_1953-61.jpg\",\"link\":\"https:\/\/vremeplov.ba\/2025\/2019\/05\/02\/red-voznje-vozova-za-bosnu-i-hercegovinu-iz-1953-godine\/red_voznje_1953-61\/\",\"alt\":\"\",\"description\":\"\",\"caption\":\"\",\"mime\":\"image\/jpeg\",\"type\":\"image\",\"width\":950,\"height\":636,\"sizes\":{\"full\":{\"url\":\"https:\/\/vremeplov.ba\/2025\/wp-content\/uploads\/2019\/05\/Red_voznje_1953-61.jpg\",\"height\":636,\"width\":950,\"orientation\":\"landscape\"}},\"imageMeta\":{\"aperture\":\"0\",\"credit\":\"\",\"camera\":\"\",\"caption\":\"\",\"created_timestamp\":\"0\",\"copyright\":\"\",\"focal_length\":\"0\",\"iso\":\"0\",\"shutter_speed\":\"0\",\"title\":\"\",\"orientation\":\"1\",\"keywords\":[]},\"meta\":false,\"postlink\":\"https:\/\/vremeplov.ba\/2025\/2019\/05\/02\/red-voznje-vozova-za-bosnu-i-hercegovinu-iz-1953-godine\/red_voznje_1953-61\/\"},{\"id\":26758,\"title\":\"Red_voznje_1953-62\",\"url\":\"https:\/\/vremeplov.ba\/2025\/wp-content\/uploads\/2019\/05\/Red_voznje_1953-62.jpg\",\"link\":\"https:\/\/vremeplov.ba\/2025\/2019\/05\/02\/red-voznje-vozova-za-bosnu-i-hercegovinu-iz-1953-godine\/red_voznje_1953-62\/\",\"alt\":\"\",\"description\":\"\",\"caption\":\"\",\"mime\":\"image\/jpeg\",\"type\":\"image\",\"width\":950,\"height\":647,\"sizes\":{\"full\":{\"url\":\"https:\/\/vremeplov.ba\/2025\/wp-content\/uploads\/2019\/05\/Red_voznje_1953-62.jpg\",\"height\":647,\"width\":950,\"orientation\":\"landscape\"}},\"imageMeta\":{\"aperture\":\"0\",\"credit\":\"\",\"camera\":\"\",\"caption\":\"\",\"created_timestamp\":\"0\",\"copyright\":\"\",\"focal_length\":\"0\",\"iso\":\"0\",\"shutter_speed\":\"0\",\"title\":\"\",\"orientation\":\"1\",\"keywords\":[]},\"meta\":false,\"postlink\":\"https:\/\/vremeplov.ba\/2025\/2019\/05\/02\/red-voznje-vozova-za-bosnu-i-hercegovinu-iz-1953-godine\/red_voznje_1953-62\/\"},{\"id\":26759,\"title\":\"Red_voznje_1953-63\",\"url\":\"https:\/\/vremeplov.ba\/2025\/wp-content\/uploads\/2019\/05\/Red_voznje_1953-63.jpg\",\"link\":\"https:\/\/vremeplov.ba\/2025\/2019\/05\/02\/red-voznje-vozova-za-bosnu-i-hercegovinu-iz-1953-godine\/red_voznje_1953-63\/\",\"alt\":\"\",\"description\":\"\",\"caption\":\"\",\"mime\":\"image\/jpeg\",\"type\":\"image\",\"width\":950,\"height\":644,\"sizes\":{\"full\":{\"url\":\"https:\/\/vremeplov.ba\/2025\/wp-content\/uploads\/2019\/05\/Red_voznje_1953-63.jpg\",\"height\":644,\"width\":950,\"orientation\":\"landscape\"}},\"imageMeta\":{\"aperture\":\"0\",\"credit\":\"\",\"camera\":\"\",\"caption\":\"\",\"created_timestamp\":\"0\",\"copyright\":\"\",\"focal_length\":\"0\",\"iso\":\"0\",\"shutter_speed\":\"0\",\"title\":\"\",\"orientation\":\"1\",\"keywords\":[]},\"meta\":false,\"postlink\":\"https:\/\/vremeplov.ba\/2025\/2019\/05\/02\/red-voznje-vozova-za-bosnu-i-hercegovinu-iz-1953-godine\/red_voznje_1953-63\/\"},{\"id\":26760,\"title\":\"Red_voznje_1953-64\",\"url\":\"https:\/\/vremeplov.ba\/2025\/wp-content\/uploads\/2019\/05\/Red_voznje_1953-64.jpg\",\"link\":\"https:\/\/vremeplov.ba\/2025\/2019\/05\/02\/red-voznje-vozova-za-bosnu-i-hercegovinu-iz-1953-godine\/red_voznje_1953-64\/\",\"alt\":\"\",\"description\":\"\",\"caption\":\"\",\"mime\":\"image\/jpeg\",\"type\":\"image\",\"width\":950,\"height\":645,\"sizes\":{\"full\":{\"url\":\"https:\/\/vremeplov.ba\/2025\/wp-content\/uploads\/2019\/05\/Red_voznje_1953-64.jpg\",\"height\":645,\"width\":950,\"orientation\":\"landscape\"}},\"imageMeta\":{\"aperture\":\"0\",\"credit\":\"\",\"camera\":\"\",\"caption\":\"\",\"created_timestamp\":\"0\",\"copyright\":\"\",\"focal_length\":\"0\",\"iso\":\"0\",\"shutter_speed\":\"0\",\"title\":\"\",\"orientation\":\"1\",\"keywords\":[]},\"meta\":false,\"postlink\":\"https:\/\/vremeplov.ba\/2025\/2019\/05\/02\/red-voznje-vozova-za-bosnu-i-hercegovinu-iz-1953-godine\/red_voznje_1953-64\/\"},{\"id\":26761,\"title\":\"Red_voznje_1953-65\",\"url\":\"https:\/\/vremeplov.ba\/2025\/wp-content\/uploads\/2019\/05\/Red_voznje_1953-65.jpg\",\"link\":\"https:\/\/vremeplov.ba\/2025\/2019\/05\/02\/red-voznje-vozova-za-bosnu-i-hercegovinu-iz-1953-godine\/red_voznje_1953-65\/\",\"alt\":\"\",\"description\":\"\",\"caption\":\"\",\"mime\":\"image\/jpeg\",\"type\":\"image\",\"width\":950,\"height\":635,\"sizes\":{\"full\":{\"url\":\"https:\/\/vremeplov.ba\/2025\/wp-content\/uploads\/2019\/05\/Red_voznje_1953-65.jpg\",\"height\":635,\"width\":950,\"orientation\":\"landscape\"}},\"imageMeta\":{\"aperture\":\"0\",\"credit\":\"\",\"camera\":\"\",\"caption\":\"\",\"created_timestamp\":\"0\",\"copyright\":\"\",\"focal_length\":\"0\",\"iso\":\"0\",\"shutter_speed\":\"0\",\"title\":\"\",\"orientation\":\"1\",\"keywords\":[]},\"meta\":false,\"postlink\":\"https:\/\/vremeplov.ba\/2025\/2019\/05\/02\/red-voznje-vozova-za-bosnu-i-hercegovinu-iz-1953-godine\/red_voznje_1953-65\/\"},{\"id\":26762,\"title\":\"Red_voznje_1953-66\",\"url\":\"https:\/\/vremeplov.ba\/2025\/wp-content\/uploads\/2019\/05\/Red_voznje_1953-66.jpg\",\"link\":\"https:\/\/vremeplov.ba\/2025\/2019\/05\/02\/red-voznje-vozova-za-bosnu-i-hercegovinu-iz-1953-godine\/red_voznje_1953-66\/\",\"alt\":\"\",\"description\":\"\",\"caption\":\"\",\"mime\":\"image\/jpeg\",\"type\":\"image\",\"width\":950,\"height\":641,\"sizes\":{\"full\":{\"url\":\"https:\/\/vremeplov.ba\/2025\/wp-content\/uploads\/2019\/05\/Red_voznje_1953-66.jpg\",\"height\":641,\"width\":950,\"orientation\":\"landscape\"}},\"imageMeta\":{\"aperture\":\"0\",\"credit\":\"\",\"camera\":\"\",\"caption\":\"\",\"created_timestamp\":\"0\",\"copyright\":\"\",\"focal_length\":\"0\",\"iso\":\"0\",\"shutter_speed\":\"0\",\"title\":\"\",\"orientation\":\"1\",\"keywords\":[]},\"meta\":false,\"postlink\":\"https:\/\/vremeplov.ba\/2025\/2019\/05\/02\/red-voznje-vozova-za-bosnu-i-hercegovinu-iz-1953-godine\/red_voznje_1953-66\/\"},{\"id\":26763,\"title\":\"Red_voznje_1953-67\",\"url\":\"https:\/\/vremeplov.ba\/2025\/wp-content\/uploads\/2019\/05\/Red_voznje_1953-67.jpg\",\"link\":\"https:\/\/vremeplov.ba\/2025\/2019\/05\/02\/red-voznje-vozova-za-bosnu-i-hercegovinu-iz-1953-godine\/red_voznje_1953-67\/\",\"alt\":\"\",\"description\":\"\",\"caption\":\"\",\"mime\":\"image\/jpeg\",\"type\":\"image\",\"width\":950,\"height\":651,\"sizes\":{\"full\":{\"url\":\"https:\/\/vremeplov.ba\/2025\/wp-content\/uploads\/2019\/05\/Red_voznje_1953-67.jpg\",\"height\":651,\"width\":950,\"orientation\":\"landscape\"}},\"imageMeta\":{\"aperture\":\"0\",\"credit\":\"\",\"camera\":\"\",\"caption\":\"\",\"created_timestamp\":\"0\",\"copyright\":\"\",\"focal_length\":\"0\",\"iso\":\"0\",\"shutter_speed\":\"0\",\"title\":\"\",\"orientation\":\"1\",\"keywords\":[]},\"meta\":false,\"postlink\":\"https:\/\/vremeplov.ba\/2025\/2019\/05\/02\/red-voznje-vozova-za-bosnu-i-hercegovinu-iz-1953-godine\/red_voznje_1953-67\/\"},{\"id\":26764,\"title\":\"Red_voznje_1953-68\",\"url\":\"https:\/\/vremeplov.ba\/2025\/wp-content\/uploads\/2019\/05\/Red_voznje_1953-68.jpg\",\"link\":\"https:\/\/vremeplov.ba\/2025\/2019\/05\/02\/red-voznje-vozova-za-bosnu-i-hercegovinu-iz-1953-godine\/red_voznje_1953-68\/\",\"alt\":\"\",\"description\":\"\",\"caption\":\"\",\"mime\":\"image\/jpeg\",\"type\":\"image\",\"width\":950,\"height\":646,\"sizes\":{\"full\":{\"url\":\"https:\/\/vremeplov.ba\/2025\/wp-content\/uploads\/2019\/05\/Red_voznje_1953-68.jpg\",\"height\":646,\"width\":950,\"orientation\":\"landscape\"}},\"imageMeta\":{\"aperture\":\"0\",\"credit\":\"\",\"camera\":\"\",\"caption\":\"\",\"created_timestamp\":\"0\",\"copyright\":\"\",\"focal_length\":\"0\",\"iso\":\"0\",\"shutter_speed\":\"0\",\"title\":\"\",\"orientation\":\"1\",\"keywords\":[]},\"meta\":false,\"postlink\":\"https:\/\/vremeplov.ba\/2025\/2019\/05\/02\/red-voznje-vozova-za-bosnu-i-hercegovinu-iz-1953-godine\/red_voznje_1953-68\/\"},{\"id\":26765,\"title\":\"Red_voznje_1953-69\",\"url\":\"https:\/\/vremeplov.ba\/2025\/wp-content\/uploads\/2019\/05\/Red_voznje_1953-69.jpg\",\"link\":\"https:\/\/vremeplov.ba\/2025\/2019\/05\/02\/red-voznje-vozova-za-bosnu-i-hercegovinu-iz-1953-godine\/red_voznje_1953-69\/\",\"alt\":\"\",\"description\":\"\",\"caption\":\"\",\"mime\":\"image\/jpeg\",\"type\":\"image\",\"width\":950,\"height\":645,\"sizes\":{\"full\":{\"url\":\"https:\/\/vremeplov.ba\/2025\/wp-content\/uploads\/2019\/05\/Red_voznje_1953-69.jpg\",\"height\":645,\"width\":950,\"orientation\":\"landscape\"}},\"imageMeta\":{\"aperture\":\"0\",\"credit\":\"\",\"camera\":\"\",\"caption\":\"\",\"created_timestamp\":\"0\",\"copyright\":\"\",\"focal_length\":\"0\",\"iso\":\"0\",\"shutter_speed\":\"0\",\"title\":\"\",\"orientation\":\"1\",\"keywords\":[]},\"meta\":false,\"postlink\":\"https:\/\/vremeplov.ba\/2025\/2019\/05\/02\/red-voznje-vozova-za-bosnu-i-hercegovinu-iz-1953-godine\/red_voznje_1953-69\/\"},{\"id\":26766,\"title\":\"Red_voznje_1953-70\",\"url\":\"https:\/\/vremeplov.ba\/2025\/wp-content\/uploads\/2019\/05\/Red_voznje_1953-70.jpg\",\"link\":\"https:\/\/vremeplov.ba\/2025\/2019\/05\/02\/red-voznje-vozova-za-bosnu-i-hercegovinu-iz-1953-godine\/red_voznje_1953-70\/\",\"alt\":\"\",\"description\":\"\",\"caption\":\"\",\"mime\":\"image\/jpeg\",\"type\":\"image\",\"width\":950,\"height\":659,\"sizes\":{\"full\":{\"url\":\"https:\/\/vremeplov.ba\/2025\/wp-content\/uploads\/2019\/05\/Red_voznje_1953-70.jpg\",\"height\":659,\"width\":950,\"orientation\":\"landscape\"}},\"imageMeta\":{\"aperture\":\"0\",\"credit\":\"\",\"camera\":\"\",\"caption\":\"\",\"created_timestamp\":\"0\",\"copyright\":\"\",\"focal_length\":\"0\",\"iso\":\"0\",\"shutter_speed\":\"0\",\"title\":\"\",\"orientation\":\"1\",\"keywords\":[]},\"meta\":false,\"postlink\":\"https:\/\/vremeplov.ba\/2025\/2019\/05\/02\/red-voznje-vozova-za-bosnu-i-hercegovinu-iz-1953-godine\/red_voznje_1953-70\/\"},{\"id\":26767,\"title\":\"Red_voznje_1953-71\",\"url\":\"https:\/\/vremeplov.ba\/2025\/wp-content\/uploads\/2019\/05\/Red_voznje_1953-71.jpg\",\"link\":\"https:\/\/vremeplov.ba\/2025\/2019\/05\/02\/red-voznje-vozova-za-bosnu-i-hercegovinu-iz-1953-godine\/red_voznje_1953-71\/\",\"alt\":\"\",\"description\":\"\",\"caption\":\"\",\"mime\":\"image\/jpeg\",\"type\":\"image\",\"width\":950,\"height\":651,\"sizes\":{\"full\":{\"url\":\"https:\/\/vremeplov.ba\/2025\/wp-content\/uploads\/2019\/05\/Red_voznje_1953-71.jpg\",\"height\":651,\"width\":950,\"orientation\":\"landscape\"}},\"imageMeta\":{\"aperture\":\"0\",\"credit\":\"\",\"camera\":\"\",\"caption\":\"\",\"created_timestamp\":\"0\",\"copyright\":\"\",\"focal_length\":\"0\",\"iso\":\"0\",\"shutter_speed\":\"0\",\"title\":\"\",\"orientation\":\"1\",\"keywords\":[]},\"meta\":false,\"postlink\":\"https:\/\/vremeplov.ba\/2025\/2019\/05\/02\/red-voznje-vozova-za-bosnu-i-hercegovinu-iz-1953-godine\/red_voznje_1953-71\/\"},{\"id\":26768,\"title\":\"Red_voznje_1953-72\",\"url\":\"https:\/\/vremeplov.ba\/2025\/wp-content\/uploads\/2019\/05\/Red_voznje_1953-72.jpg\",\"link\":\"https:\/\/vremeplov.ba\/2025\/2019\/05\/02\/red-voznje-vozova-za-bosnu-i-hercegovinu-iz-1953-godine\/red_voznje_1953-72\/\",\"alt\":\"\",\"description\":\"\",\"caption\":\"\",\"mime\":\"image\/jpeg\",\"type\":\"image\",\"width\":652,\"height\":950,\"sizes\":{\"full\":{\"url\":\"https:\/\/vremeplov.ba\/2025\/wp-content\/uploads\/2019\/05\/Red_voznje_1953-72.jpg\",\"height\":950,\"width\":652,\"orientation\":\"portrait\"}},\"imageMeta\":{\"aperture\":\"0\",\"credit\":\"\",\"camera\":\"\",\"caption\":\"\",\"created_timestamp\":\"0\",\"copyright\":\"\",\"focal_length\":\"0\",\"iso\":\"0\",\"shutter_speed\":\"0\",\"title\":\"\",\"orientation\":\"1\",\"keywords\":[]},\"meta\":false,\"postlink\":\"https:\/\/vremeplov.ba\/2025\/2019\/05\/02\/red-voznje-vozova-za-bosnu-i-hercegovinu-iz-1953-godine\/red_voznje_1953-72\/\"},{\"id\":26769,\"title\":\"Red_voznje_1953-73\",\"url\":\"https:\/\/vremeplov.ba\/2025\/wp-content\/uploads\/2019\/05\/Red_voznje_1953-73.jpg\",\"link\":\"https:\/\/vremeplov.ba\/2025\/2019\/05\/02\/red-voznje-vozova-za-bosnu-i-hercegovinu-iz-1953-godine\/red_voznje_1953-73\/\",\"alt\":\"\",\"description\":\"\",\"caption\":\"\",\"mime\":\"image\/jpeg\",\"type\":\"image\",\"width\":950,\"height\":642,\"sizes\":{\"full\":{\"url\":\"https:\/\/vremeplov.ba\/2025\/wp-content\/uploads\/2019\/05\/Red_voznje_1953-73.jpg\",\"height\":642,\"width\":950,\"orientation\":\"landscape\"}},\"imageMeta\":{\"aperture\":\"0\",\"credit\":\"\",\"camera\":\"\",\"caption\":\"\",\"created_timestamp\":\"0\",\"copyright\":\"\",\"focal_length\":\"0\",\"iso\":\"0\",\"shutter_speed\":\"0\",\"title\":\"\",\"orientation\":\"1\",\"keywords\":[]},\"meta\":false,\"postlink\":\"https:\/\/vremeplov.ba\/2025\/2019\/05\/02\/red-voznje-vozova-za-bosnu-i-hercegovinu-iz-1953-godine\/red_voznje_1953-73\/\"},{\"id\":26770,\"title\":\"Red_voznje_1953-74\",\"url\":\"https:\/\/vremeplov.ba\/2025\/wp-content\/uploads\/2019\/05\/Red_voznje_1953-74.jpg\",\"link\":\"https:\/\/vremeplov.ba\/2025\/2019\/05\/02\/red-voznje-vozova-za-bosnu-i-hercegovinu-iz-1953-godine\/red_voznje_1953-74\/\",\"alt\":\"\",\"description\":\"\",\"caption\":\"\",\"mime\":\"image\/jpeg\",\"type\":\"image\",\"width\":950,\"height\":649,\"sizes\":{\"full\":{\"url\":\"https:\/\/vremeplov.ba\/2025\/wp-content\/uploads\/2019\/05\/Red_voznje_1953-74.jpg\",\"height\":649,\"width\":950,\"orientation\":\"landscape\"}},\"imageMeta\":{\"aperture\":\"0\",\"credit\":\"\",\"camera\":\"\",\"caption\":\"\",\"created_timestamp\":\"0\",\"copyright\":\"\",\"focal_length\":\"0\",\"iso\":\"0\",\"shutter_speed\":\"0\",\"title\":\"\",\"orientation\":\"1\",\"keywords\":[]},\"meta\":false,\"postlink\":\"https:\/\/vremeplov.ba\/2025\/2019\/05\/02\/red-voznje-vozova-za-bosnu-i-hercegovinu-iz-1953-godine\/red_voznje_1953-74\/\"},{\"id\":26771,\"title\":\"Red_voznje_1953-75\",\"url\":\"https:\/\/vremeplov.ba\/2025\/wp-content\/uploads\/2019\/05\/Red_voznje_1953-75.jpg\",\"link\":\"https:\/\/vremeplov.ba\/2025\/2019\/05\/02\/red-voznje-vozova-za-bosnu-i-hercegovinu-iz-1953-godine\/red_voznje_1953-75\/\",\"alt\":\"\",\"description\":\"\",\"caption\":\"\",\"mime\":\"image\/jpeg\",\"type\":\"image\",\"width\":950,\"height\":643,\"sizes\":{\"full\":{\"url\":\"https:\/\/vremeplov.ba\/2025\/wp-content\/uploads\/2019\/05\/Red_voznje_1953-75.jpg\",\"height\":643,\"width\":950,\"orientation\":\"landscape\"}},\"imageMeta\":{\"aperture\":\"0\",\"credit\":\"\",\"camera\":\"\",\"caption\":\"\",\"created_timestamp\":\"0\",\"copyright\":\"\",\"focal_length\":\"0\",\"iso\":\"0\",\"shutter_speed\":\"0\",\"title\":\"\",\"orientation\":\"1\",\"keywords\":[]},\"meta\":false,\"postlink\":\"https:\/\/vremeplov.ba\/2025\/2019\/05\/02\/red-voznje-vozova-za-bosnu-i-hercegovinu-iz-1953-godine\/red_voznje_1953-75\/\"},{\"id\":26772,\"title\":\"Red_voznje_1953-76\",\"url\":\"https:\/\/vremeplov.ba\/2025\/wp-content\/uploads\/2019\/05\/Red_voznje_1953-76.jpg\",\"link\":\"https:\/\/vremeplov.ba\/2025\/2019\/05\/02\/red-voznje-vozova-za-bosnu-i-hercegovinu-iz-1953-godine\/red_voznje_1953-76\/\",\"alt\":\"\",\"description\":\"\",\"caption\":\"\",\"mime\":\"image\/jpeg\",\"type\":\"image\",\"width\":950,\"height\":642,\"sizes\":{\"full\":{\"url\":\"https:\/\/vremeplov.ba\/2025\/wp-content\/uploads\/2019\/05\/Red_voznje_1953-76.jpg\",\"height\":642,\"width\":950,\"orientation\":\"landscape\"}},\"imageMeta\":{\"aperture\":\"0\",\"credit\":\"\",\"camera\":\"\",\"caption\":\"\",\"created_timestamp\":\"0\",\"copyright\":\"\",\"focal_length\":\"0\",\"iso\":\"0\",\"shutter_speed\":\"0\",\"title\":\"\",\"orientation\":\"1\",\"keywords\":[]},\"meta\":false,\"postlink\":\"https:\/\/vremeplov.ba\/2025\/2019\/05\/02\/red-voznje-vozova-za-bosnu-i-hercegovinu-iz-1953-godine\/red_voznje_1953-76\/\"},{\"id\":26773,\"title\":\"Red_voznje_1953-77\",\"url\":\"https:\/\/vremeplov.ba\/2025\/wp-content\/uploads\/2019\/05\/Red_voznje_1953-77.jpg\",\"link\":\"https:\/\/vremeplov.ba\/2025\/2019\/05\/02\/red-voznje-vozova-za-bosnu-i-hercegovinu-iz-1953-godine\/red_voznje_1953-77\/\",\"alt\":\"\",\"description\":\"\",\"caption\":\"\",\"mime\":\"image\/jpeg\",\"type\":\"image\",\"width\":950,\"height\":636,\"sizes\":{\"full\":{\"url\":\"https:\/\/vremeplov.ba\/2025\/wp-content\/uploads\/2019\/05\/Red_voznje_1953-77.jpg\",\"height\":636,\"width\":950,\"orientation\":\"landscape\"}},\"imageMeta\":{\"aperture\":\"0\",\"credit\":\"\",\"camera\":\"\",\"caption\":\"\",\"created_timestamp\":\"0\",\"copyright\":\"\",\"focal_length\":\"0\",\"iso\":\"0\",\"shutter_speed\":\"0\",\"title\":\"\",\"orientation\":\"1\",\"keywords\":[]},\"meta\":false,\"postlink\":\"https:\/\/vremeplov.ba\/2025\/2019\/05\/02\/red-voznje-vozova-za-bosnu-i-hercegovinu-iz-1953-godine\/red_voznje_1953-77\/\"},{\"id\":26774,\"title\":\"Red_voznje_1953-78\",\"url\":\"https:\/\/vremeplov.ba\/2025\/wp-content\/uploads\/2019\/05\/Red_voznje_1953-78.jpg\",\"link\":\"https:\/\/vremeplov.ba\/2025\/2019\/05\/02\/red-voznje-vozova-za-bosnu-i-hercegovinu-iz-1953-godine\/red_voznje_1953-78\/\",\"alt\":\"\",\"description\":\"\",\"caption\":\"\",\"mime\":\"image\/jpeg\",\"type\":\"image\",\"width\":950,\"height\":646,\"sizes\":{\"full\":{\"url\":\"https:\/\/vremeplov.ba\/2025\/wp-content\/uploads\/2019\/05\/Red_voznje_1953-78.jpg\",\"height\":646,\"width\":950,\"orientation\":\"landscape\"}},\"imageMeta\":{\"aperture\":\"0\",\"credit\":\"\",\"camera\":\"\",\"caption\":\"\",\"created_timestamp\":\"0\",\"copyright\":\"\",\"focal_length\":\"0\",\"iso\":\"0\",\"shutter_speed\":\"0\",\"title\":\"\",\"orientation\":\"1\",\"keywords\":[]},\"meta\":false,\"postlink\":\"https:\/\/vremeplov.ba\/2025\/2019\/05\/02\/red-voznje-vozova-za-bosnu-i-hercegovinu-iz-1953-godine\/red_voznje_1953-78\/\"},{\"id\":26775,\"title\":\"Red_voznje_1953-79\",\"url\":\"https:\/\/vremeplov.ba\/2025\/wp-content\/uploads\/2019\/05\/Red_voznje_1953-79.jpg\",\"link\":\"https:\/\/vremeplov.ba\/2025\/2019\/05\/02\/red-voznje-vozova-za-bosnu-i-hercegovinu-iz-1953-godine\/red_voznje_1953-79\/\",\"alt\":\"\",\"description\":\"\",\"caption\":\"\",\"mime\":\"image\/jpeg\",\"type\":\"image\",\"width\":950,\"height\":642,\"sizes\":{\"full\":{\"url\":\"https:\/\/vremeplov.ba\/2025\/wp-content\/uploads\/2019\/05\/Red_voznje_1953-79.jpg\",\"height\":642,\"width\":950,\"orientation\":\"landscape\"}},\"imageMeta\":{\"aperture\":\"0\",\"credit\":\"\",\"camera\":\"\",\"caption\":\"\",\"created_timestamp\":\"0\",\"copyright\":\"\",\"focal_length\":\"0\",\"iso\":\"0\",\"shutter_speed\":\"0\",\"title\":\"\",\"orientation\":\"1\",\"keywords\":[]},\"meta\":false,\"postlink\":\"https:\/\/vremeplov.ba\/2025\/2019\/05\/02\/red-voznje-vozova-za-bosnu-i-hercegovinu-iz-1953-godine\/red_voznje_1953-79\/\"},{\"id\":26776,\"title\":\"Red_voznje_1953-80\",\"url\":\"https:\/\/vremeplov.ba\/2025\/wp-content\/uploads\/2019\/05\/Red_voznje_1953-80.jpg\",\"link\":\"https:\/\/vremeplov.ba\/2025\/2019\/05\/02\/red-voznje-vozova-za-bosnu-i-hercegovinu-iz-1953-godine\/red_voznje_1953-80\/\",\"alt\":\"\",\"description\":\"\",\"caption\":\"\",\"mime\":\"image\/jpeg\",\"type\":\"image\",\"width\":950,\"height\":650,\"sizes\":{\"full\":{\"url\":\"https:\/\/vremeplov.ba\/2025\/wp-content\/uploads\/2019\/05\/Red_voznje_1953-80.jpg\",\"height\":650,\"width\":950,\"orientation\":\"landscape\"}},\"imageMeta\":{\"aperture\":\"0\",\"credit\":\"\",\"camera\":\"\",\"caption\":\"\",\"created_timestamp\":\"0\",\"copyright\":\"\",\"focal_length\":\"0\",\"iso\":\"0\",\"shutter_speed\":\"0\",\"title\":\"\",\"orientation\":\"1\",\"keywords\":[]},\"meta\":false,\"postlink\":\"https:\/\/vremeplov.ba\/2025\/2019\/05\/02\/red-voznje-vozova-za-bosnu-i-hercegovinu-iz-1953-godine\/red_voznje_1953-80\/\"},{\"id\":26777,\"title\":\"Red_voznje_1953-81\",\"url\":\"https:\/\/vremeplov.ba\/2025\/wp-content\/uploads\/2019\/05\/Red_voznje_1953-81.jpg\",\"link\":\"https:\/\/vremeplov.ba\/2025\/2019\/05\/02\/red-voznje-vozova-za-bosnu-i-hercegovinu-iz-1953-godine\/red_voznje_1953-81\/\",\"alt\":\"\",\"description\":\"\",\"caption\":\"\",\"mime\":\"image\/jpeg\",\"type\":\"image\",\"width\":950,\"height\":641,\"sizes\":{\"full\":{\"url\":\"https:\/\/vremeplov.ba\/2025\/wp-content\/uploads\/2019\/05\/Red_voznje_1953-81.jpg\",\"height\":641,\"width\":950,\"orientation\":\"landscape\"}},\"imageMeta\":{\"aperture\":\"0\",\"credit\":\"\",\"camera\":\"\",\"caption\":\"\",\"created_timestamp\":\"0\",\"copyright\":\"\",\"focal_length\":\"0\",\"iso\":\"0\",\"shutter_speed\":\"0\",\"title\":\"\",\"orientation\":\"1\",\"keywords\":[]},\"meta\":false,\"postlink\":\"https:\/\/vremeplov.ba\/2025\/2019\/05\/02\/red-voznje-vozova-za-bosnu-i-hercegovinu-iz-1953-godine\/red_voznje_1953-81\/\"},{\"id\":26778,\"title\":\"Red_voznje_1953-82\",\"url\":\"https:\/\/vremeplov.ba\/2025\/wp-content\/uploads\/2019\/05\/Red_voznje_1953-82.jpg\",\"link\":\"https:\/\/vremeplov.ba\/2025\/2019\/05\/02\/red-voznje-vozova-za-bosnu-i-hercegovinu-iz-1953-godine\/red_voznje_1953-82\/\",\"alt\":\"\",\"description\":\"\",\"caption\":\"\",\"mime\":\"image\/jpeg\",\"type\":\"image\",\"width\":950,\"height\":645,\"sizes\":{\"full\":{\"url\":\"https:\/\/vremeplov.ba\/2025\/wp-content\/uploads\/2019\/05\/Red_voznje_1953-82.jpg\",\"height\":645,\"width\":950,\"orientation\":\"landscape\"}},\"imageMeta\":{\"aperture\":\"0\",\"credit\":\"\",\"camera\":\"\",\"caption\":\"\",\"created_timestamp\":\"0\",\"copyright\":\"\",\"focal_length\":\"0\",\"iso\":\"0\",\"shutter_speed\":\"0\",\"title\":\"\",\"orientation\":\"1\",\"keywords\":[]},\"meta\":false,\"postlink\":\"https:\/\/vremeplov.ba\/2025\/2019\/05\/02\/red-voznje-vozova-za-bosnu-i-hercegovinu-iz-1953-godine\/red_voznje_1953-82\/\"},{\"id\":26779,\"title\":\"Red_voznje_1953-83\",\"url\":\"https:\/\/vremeplov.ba\/2025\/wp-content\/uploads\/2019\/05\/Red_voznje_1953-83.jpg\",\"link\":\"https:\/\/vremeplov.ba\/2025\/2019\/05\/02\/red-voznje-vozova-za-bosnu-i-hercegovinu-iz-1953-godine\/red_voznje_1953-83\/\",\"alt\":\"\",\"description\":\"\",\"caption\":\"\",\"mime\":\"image\/jpeg\",\"type\":\"image\",\"width\":950,\"height\":649,\"sizes\":{\"full\":{\"url\":\"https:\/\/vremeplov.ba\/2025\/wp-content\/uploads\/2019\/05\/Red_voznje_1953-83.jpg\",\"height\":649,\"width\":950,\"orientation\":\"landscape\"}},\"imageMeta\":{\"aperture\":\"0\",\"credit\":\"\",\"camera\":\"\",\"caption\":\"\",\"created_timestamp\":\"0\",\"copyright\":\"\",\"focal_length\":\"0\",\"iso\":\"0\",\"shutter_speed\":\"0\",\"title\":\"\",\"orientation\":\"1\",\"keywords\":[]},\"meta\":false,\"postlink\":\"https:\/\/vremeplov.ba\/2025\/2019\/05\/02\/red-voznje-vozova-za-bosnu-i-hercegovinu-iz-1953-godine\/red_voznje_1953-83\/\"},{\"id\":26780,\"title\":\"Red_voznje_1953-84\",\"url\":\"https:\/\/vremeplov.ba\/2025\/wp-content\/uploads\/2019\/05\/Red_voznje_1953-84.jpg\",\"link\":\"https:\/\/vremeplov.ba\/2025\/2019\/05\/02\/red-voznje-vozova-za-bosnu-i-hercegovinu-iz-1953-godine\/red_voznje_1953-84\/\",\"alt\":\"\",\"description\":\"\",\"caption\":\"\",\"mime\":\"image\/jpeg\",\"type\":\"image\",\"width\":950,\"height\":648,\"sizes\":{\"full\":{\"url\":\"https:\/\/vremeplov.ba\/2025\/wp-content\/uploads\/2019\/05\/Red_voznje_1953-84.jpg\",\"height\":648,\"width\":950,\"orientation\":\"landscape\"}},\"imageMeta\":{\"aperture\":\"0\",\"credit\":\"\",\"camera\":\"\",\"caption\":\"\",\"created_timestamp\":\"0\",\"copyright\":\"\",\"focal_length\":\"0\",\"iso\":\"0\",\"shutter_speed\":\"0\",\"title\":\"\",\"orientation\":\"1\",\"keywords\":[]},\"meta\":false,\"postlink\":\"https:\/\/vremeplov.ba\/2025\/2019\/05\/02\/red-voznje-vozova-za-bosnu-i-hercegovinu-iz-1953-godine\/red_voznje_1953-84\/\"},{\"id\":26781,\"title\":\"Red_voznje_1953-85\",\"url\":\"https:\/\/vremeplov.ba\/2025\/wp-content\/uploads\/2019\/05\/Red_voznje_1953-85.jpg\",\"link\":\"https:\/\/vremeplov.ba\/2025\/2019\/05\/02\/red-voznje-vozova-za-bosnu-i-hercegovinu-iz-1953-godine\/red_voznje_1953-85\/\",\"alt\":\"\",\"description\":\"\",\"caption\":\"\",\"mime\":\"image\/jpeg\",\"type\":\"image\",\"width\":950,\"height\":649,\"sizes\":{\"full\":{\"url\":\"https:\/\/vremeplov.ba\/2025\/wp-content\/uploads\/2019\/05\/Red_voznje_1953-85.jpg\",\"height\":649,\"width\":950,\"orientation\":\"landscape\"}},\"imageMeta\":{\"aperture\":\"0\",\"credit\":\"\",\"camera\":\"\",\"caption\":\"\",\"created_timestamp\":\"0\",\"copyright\":\"\",\"focal_length\":\"0\",\"iso\":\"0\",\"shutter_speed\":\"0\",\"title\":\"\",\"orientation\":\"1\",\"keywords\":[]},\"meta\":false,\"postlink\":\"https:\/\/vremeplov.ba\/2025\/2019\/05\/02\/red-voznje-vozova-za-bosnu-i-hercegovinu-iz-1953-godine\/red_voznje_1953-85\/\"},{\"id\":26782,\"title\":\"Red_voznje_1953-86\",\"url\":\"https:\/\/vremeplov.ba\/2025\/wp-content\/uploads\/2019\/05\/Red_voznje_1953-86.jpg\",\"link\":\"https:\/\/vremeplov.ba\/2025\/2019\/05\/02\/red-voznje-vozova-za-bosnu-i-hercegovinu-iz-1953-godine\/red_voznje_1953-86\/\",\"alt\":\"\",\"description\":\"\",\"caption\":\"\",\"mime\":\"image\/jpeg\",\"type\":\"image\",\"width\":950,\"height\":656,\"sizes\":{\"full\":{\"url\":\"https:\/\/vremeplov.ba\/2025\/wp-content\/uploads\/2019\/05\/Red_voznje_1953-86.jpg\",\"height\":656,\"width\":950,\"orientation\":\"landscape\"}},\"imageMeta\":{\"aperture\":\"0\",\"credit\":\"\",\"camera\":\"\",\"caption\":\"\",\"created_timestamp\":\"0\",\"copyright\":\"\",\"focal_length\":\"0\",\"iso\":\"0\",\"shutter_speed\":\"0\",\"title\":\"\",\"orientation\":\"1\",\"keywords\":[]},\"meta\":false,\"postlink\":\"https:\/\/vremeplov.ba\/2025\/2019\/05\/02\/red-voznje-vozova-za-bosnu-i-hercegovinu-iz-1953-godine\/red_voznje_1953-86\/\"},{\"id\":26783,\"title\":\"Red_voznje_1953-87\",\"url\":\"https:\/\/vremeplov.ba\/2025\/wp-content\/uploads\/2019\/05\/Red_voznje_1953-87.jpg\",\"link\":\"https:\/\/vremeplov.ba\/2025\/2019\/05\/02\/red-voznje-vozova-za-bosnu-i-hercegovinu-iz-1953-godine\/red_voznje_1953-87\/\",\"alt\":\"\",\"description\":\"\",\"caption\":\"\",\"mime\":\"image\/jpeg\",\"type\":\"image\",\"width\":659,\"height\":950,\"sizes\":{\"full\":{\"url\":\"https:\/\/vremeplov.ba\/2025\/wp-content\/uploads\/2019\/05\/Red_voznje_1953-87.jpg\",\"height\":950,\"width\":659,\"orientation\":\"portrait\"}},\"imageMeta\":{\"aperture\":\"0\",\"credit\":\"\",\"camera\":\"\",\"caption\":\"\",\"created_timestamp\":\"0\",\"copyright\":\"\",\"focal_length\":\"0\",\"iso\":\"0\",\"shutter_speed\":\"0\",\"title\":\"\",\"orientation\":\"1\",\"keywords\":[]},\"meta\":false,\"postlink\":\"https:\/\/vremeplov.ba\/2025\/2019\/05\/02\/red-voznje-vozova-za-bosnu-i-hercegovinu-iz-1953-godine\/red_voznje_1953-87\/\"},{\"id\":26784,\"title\":\"Red_voznje_1953-88\",\"url\":\"https:\/\/vremeplov.ba\/2025\/wp-content\/uploads\/2019\/05\/Red_voznje_1953-88.jpg\",\"link\":\"https:\/\/vremeplov.ba\/2025\/2019\/05\/02\/red-voznje-vozova-za-bosnu-i-hercegovinu-iz-1953-godine\/red_voznje_1953-88\/\",\"alt\":\"\",\"description\":\"\",\"caption\":\"\",\"mime\":\"image\/jpeg\",\"type\":\"image\",\"width\":950,\"height\":665,\"sizes\":{\"full\":{\"url\":\"https:\/\/vremeplov.ba\/2025\/wp-content\/uploads\/2019\/05\/Red_voznje_1953-88.jpg\",\"height\":665,\"width\":950,\"orientation\":\"landscape\"}},\"imageMeta\":{\"aperture\":\"0\",\"credit\":\"\",\"camera\":\"\",\"caption\":\"\",\"created_timestamp\":\"0\",\"copyright\":\"\",\"focal_length\":\"0\",\"iso\":\"0\",\"shutter_speed\":\"0\",\"title\":\"\",\"orientation\":\"1\",\"keywords\":[]},\"meta\":false,\"postlink\":\"https:\/\/vremeplov.ba\/2025\/2019\/05\/02\/red-voznje-vozova-za-bosnu-i-hercegovinu-iz-1953-godine\/red_voznje_1953-88\/\"},{\"id\":26785,\"title\":\"Red_voznje_1953-89\",\"url\":\"https:\/\/vremeplov.ba\/2025\/wp-content\/uploads\/2019\/05\/Red_voznje_1953-89.jpg\",\"link\":\"https:\/\/vremeplov.ba\/2025\/2019\/05\/02\/red-voznje-vozova-za-bosnu-i-hercegovinu-iz-1953-godine\/red_voznje_1953-89\/\",\"alt\":\"\",\"description\":\"\",\"caption\":\"\",\"mime\":\"image\/jpeg\",\"type\":\"image\",\"width\":950,\"height\":657,\"sizes\":{\"full\":{\"url\":\"https:\/\/vremeplov.ba\/2025\/wp-content\/uploads\/2019\/05\/Red_voznje_1953-89.jpg\",\"height\":657,\"width\":950,\"orientation\":\"landscape\"}},\"imageMeta\":{\"aperture\":\"0\",\"credit\":\"\",\"camera\":\"\",\"caption\":\"\",\"created_timestamp\":\"0\",\"copyright\":\"\",\"focal_length\":\"0\",\"iso\":\"0\",\"shutter_speed\":\"0\",\"title\":\"\",\"orientation\":\"1\",\"keywords\":[]},\"meta\":false,\"postlink\":\"https:\/\/vremeplov.ba\/2025\/2019\/05\/02\/red-voznje-vozova-za-bosnu-i-hercegovinu-iz-1953-godine\/red_voznje_1953-89\/\"},{\"id\":26786,\"title\":\"Red_voznje_1953-90\",\"url\":\"https:\/\/vremeplov.ba\/2025\/wp-content\/uploads\/2019\/05\/Red_voznje_1953-90.jpg\",\"link\":\"https:\/\/vremeplov.ba\/2025\/2019\/05\/02\/red-voznje-vozova-za-bosnu-i-hercegovinu-iz-1953-godine\/red_voznje_1953-90\/\",\"alt\":\"\",\"description\":\"\",\"caption\":\"\",\"mime\":\"image\/jpeg\",\"type\":\"image\",\"width\":950,\"height\":660,\"sizes\":{\"full\":{\"url\":\"https:\/\/vremeplov.ba\/2025\/wp-content\/uploads\/2019\/05\/Red_voznje_1953-90.jpg\",\"height\":660,\"width\":950,\"orientation\":\"landscape\"}},\"imageMeta\":{\"aperture\":\"0\",\"credit\":\"\",\"camera\":\"\",\"caption\":\"\",\"created_timestamp\":\"0\",\"copyright\":\"\",\"focal_length\":\"0\",\"iso\":\"0\",\"shutter_speed\":\"0\",\"title\":\"\",\"orientation\":\"1\",\"keywords\":[]},\"meta\":false,\"postlink\":\"https:\/\/vremeplov.ba\/2025\/2019\/05\/02\/red-voznje-vozova-za-bosnu-i-hercegovinu-iz-1953-godine\/red_voznje_1953-90\/\"},{\"id\":26787,\"title\":\"Red_voznje_1953-91\",\"url\":\"https:\/\/vremeplov.ba\/2025\/wp-content\/uploads\/2019\/05\/Red_voznje_1953-91.jpg\",\"link\":\"https:\/\/vremeplov.ba\/2025\/2019\/05\/02\/red-voznje-vozova-za-bosnu-i-hercegovinu-iz-1953-godine\/red_voznje_1953-91\/\",\"alt\":\"\",\"description\":\"\",\"caption\":\"\",\"mime\":\"image\/jpeg\",\"type\":\"image\",\"width\":950,\"height\":635,\"sizes\":{\"full\":{\"url\":\"https:\/\/vremeplov.ba\/2025\/wp-content\/uploads\/2019\/05\/Red_voznje_1953-91.jpg\",\"height\":635,\"width\":950,\"orientation\":\"landscape\"}},\"imageMeta\":{\"aperture\":\"0\",\"credit\":\"\",\"camera\":\"\",\"caption\":\"\",\"created_timestamp\":\"0\",\"copyright\":\"\",\"focal_length\":\"0\",\"iso\":\"0\",\"shutter_speed\":\"0\",\"title\":\"\",\"orientation\":\"1\",\"keywords\":[]},\"meta\":false,\"postlink\":\"https:\/\/vremeplov.ba\/2025\/2019\/05\/02\/red-voznje-vozova-za-bosnu-i-hercegovinu-iz-1953-godine\/red_voznje_1953-91\/\"},{\"id\":26788,\"title\":\"Red_voznje_1953-92\",\"url\":\"https:\/\/vremeplov.ba\/2025\/wp-content\/uploads\/2019\/05\/Red_voznje_1953-92.jpg\",\"link\":\"https:\/\/vremeplov.ba\/2025\/2019\/05\/02\/red-voznje-vozova-za-bosnu-i-hercegovinu-iz-1953-godine\/red_voznje_1953-92\/\",\"alt\":\"\",\"description\":\"\",\"caption\":\"\",\"mime\":\"image\/jpeg\",\"type\":\"image\",\"width\":950,\"height\":642,\"sizes\":{\"full\":{\"url\":\"https:\/\/vremeplov.ba\/2025\/wp-content\/uploads\/2019\/05\/Red_voznje_1953-92.jpg\",\"height\":642,\"width\":950,\"orientation\":\"landscape\"}},\"imageMeta\":{\"aperture\":\"0\",\"credit\":\"\",\"camera\":\"\",\"caption\":\"\",\"created_timestamp\":\"0\",\"copyright\":\"\",\"focal_length\":\"0\",\"iso\":\"0\",\"shutter_speed\":\"0\",\"title\":\"\",\"orientation\":\"1\",\"keywords\":[]},\"meta\":false,\"postlink\":\"https:\/\/vremeplov.ba\/2025\/2019\/05\/02\/red-voznje-vozova-za-bosnu-i-hercegovinu-iz-1953-godine\/red_voznje_1953-92\/\"},{\"id\":26789,\"title\":\"Red_voznje_1953-93\",\"url\":\"https:\/\/vremeplov.ba\/2025\/wp-content\/uploads\/2019\/05\/Red_voznje_1953-93.jpg\",\"link\":\"https:\/\/vremeplov.ba\/2025\/2019\/05\/02\/red-voznje-vozova-za-bosnu-i-hercegovinu-iz-1953-godine\/red_voznje_1953-93\/\",\"alt\":\"\",\"description\":\"\",\"caption\":\"\",\"mime\":\"image\/jpeg\",\"type\":\"image\",\"width\":950,\"height\":641,\"sizes\":{\"full\":{\"url\":\"https:\/\/vremeplov.ba\/2025\/wp-content\/uploads\/2019\/05\/Red_voznje_1953-93.jpg\",\"height\":641,\"width\":950,\"orientation\":\"landscape\"}},\"imageMeta\":{\"aperture\":\"0\",\"credit\":\"\",\"camera\":\"\",\"caption\":\"\",\"created_timestamp\":\"0\",\"copyright\":\"\",\"focal_length\":\"0\",\"iso\":\"0\",\"shutter_speed\":\"0\",\"title\":\"\",\"orientation\":\"1\",\"keywords\":[]},\"meta\":false,\"postlink\":\"https:\/\/vremeplov.ba\/2025\/2019\/05\/02\/red-voznje-vozova-za-bosnu-i-hercegovinu-iz-1953-godine\/red_voznje_1953-93\/\"},{\"id\":26790,\"title\":\"Red_voznje_1953-94\",\"url\":\"https:\/\/vremeplov.ba\/2025\/wp-content\/uploads\/2019\/05\/Red_voznje_1953-94.jpg\",\"link\":\"https:\/\/vremeplov.ba\/2025\/2019\/05\/02\/red-voznje-vozova-za-bosnu-i-hercegovinu-iz-1953-godine\/red_voznje_1953-94\/\",\"alt\":\"\",\"description\":\"\",\"caption\":\"\",\"mime\":\"image\/jpeg\",\"type\":\"image\",\"width\":950,\"height\":635,\"sizes\":{\"full\":{\"url\":\"https:\/\/vremeplov.ba\/2025\/wp-content\/uploads\/2019\/05\/Red_voznje_1953-94.jpg\",\"height\":635,\"width\":950,\"orientation\":\"landscape\"}},\"imageMeta\":{\"aperture\":\"0\",\"credit\":\"\",\"camera\":\"\",\"caption\":\"\",\"created_timestamp\":\"0\",\"copyright\":\"\",\"focal_length\":\"0\",\"iso\":\"0\",\"shutter_speed\":\"0\",\"title\":\"\",\"orientation\":\"1\",\"keywords\":[]},\"meta\":false,\"postlink\":\"https:\/\/vremeplov.ba\/2025\/2019\/05\/02\/red-voznje-vozova-za-bosnu-i-hercegovinu-iz-1953-godine\/red_voznje_1953-94\/\"},{\"id\":26791,\"title\":\"Red_voznje_1953-95\",\"url\":\"https:\/\/vremeplov.ba\/2025\/wp-content\/uploads\/2019\/05\/Red_voznje_1953-95.jpg\",\"link\":\"https:\/\/vremeplov.ba\/2025\/2019\/05\/02\/red-voznje-vozova-za-bosnu-i-hercegovinu-iz-1953-godine\/red_voznje_1953-95\/\",\"alt\":\"\",\"description\":\"\",\"caption\":\"\",\"mime\":\"image\/jpeg\",\"type\":\"image\",\"width\":950,\"height\":640,\"sizes\":{\"full\":{\"url\":\"https:\/\/vremeplov.ba\/2025\/wp-content\/uploads\/2019\/05\/Red_voznje_1953-95.jpg\",\"height\":640,\"width\":950,\"orientation\":\"landscape\"}},\"imageMeta\":{\"aperture\":\"0\",\"credit\":\"\",\"camera\":\"\",\"caption\":\"\",\"created_timestamp\":\"0\",\"copyright\":\"\",\"focal_length\":\"0\",\"iso\":\"0\",\"shutter_speed\":\"0\",\"title\":\"\",\"orientation\":\"1\",\"keywords\":[]},\"meta\":false,\"postlink\":\"https:\/\/vremeplov.ba\/2025\/2019\/05\/02\/red-voznje-vozova-za-bosnu-i-hercegovinu-iz-1953-godine\/red_voznje_1953-95\/\"},{\"id\":26792,\"title\":\"Red_voznje_1953-96\",\"url\":\"https:\/\/vremeplov.ba\/2025\/wp-content\/uploads\/2019\/05\/Red_voznje_1953-96.jpg\",\"link\":\"https:\/\/vremeplov.ba\/2025\/2019\/05\/02\/red-voznje-vozova-za-bosnu-i-hercegovinu-iz-1953-godine\/red_voznje_1953-96\/\",\"alt\":\"\",\"description\":\"\",\"caption\":\"\",\"mime\":\"image\/jpeg\",\"type\":\"image\",\"width\":950,\"height\":647,\"sizes\":{\"full\":{\"url\":\"https:\/\/vremeplov.ba\/2025\/wp-content\/uploads\/2019\/05\/Red_voznje_1953-96.jpg\",\"height\":647,\"width\":950,\"orientation\":\"landscape\"}},\"imageMeta\":{\"aperture\":\"0\",\"credit\":\"\",\"camera\":\"\",\"caption\":\"\",\"created_timestamp\":\"0\",\"copyright\":\"\",\"focal_length\":\"0\",\"iso\":\"0\",\"shutter_speed\":\"0\",\"title\":\"\",\"orientation\":\"1\",\"keywords\":[]},\"meta\":false,\"postlink\":\"https:\/\/vremeplov.ba\/2025\/2019\/05\/02\/red-voznje-vozova-za-bosnu-i-hercegovinu-iz-1953-godine\/red_voznje_1953-96\/\"},{\"id\":26793,\"title\":\"Red_voznje_1953-97\",\"url\":\"https:\/\/vremeplov.ba\/2025\/wp-content\/uploads\/2019\/05\/Red_voznje_1953-97.jpg\",\"link\":\"https:\/\/vremeplov.ba\/2025\/2019\/05\/02\/red-voznje-vozova-za-bosnu-i-hercegovinu-iz-1953-godine\/red_voznje_1953-97\/\",\"alt\":\"\",\"description\":\"\",\"caption\":\"\",\"mime\":\"image\/jpeg\",\"type\":\"image\",\"width\":950,\"height\":656,\"sizes\":{\"full\":{\"url\":\"https:\/\/vremeplov.ba\/2025\/wp-content\/uploads\/2019\/05\/Red_voznje_1953-97.jpg\",\"height\":656,\"width\":950,\"orientation\":\"landscape\"}},\"imageMeta\":{\"aperture\":\"0\",\"credit\":\"\",\"camera\":\"\",\"caption\":\"\",\"created_timestamp\":\"0\",\"copyright\":\"\",\"focal_length\":\"0\",\"iso\":\"0\",\"shutter_speed\":\"0\",\"title\":\"\",\"orientation\":\"1\",\"keywords\":[]},\"meta\":false,\"postlink\":\"https:\/\/vremeplov.ba\/2025\/2019\/05\/02\/red-voznje-vozova-za-bosnu-i-hercegovinu-iz-1953-godine\/red_voznje_1953-97\/\"},{\"id\":26794,\"title\":\"Red_voznje_1953-98\",\"url\":\"https:\/\/vremeplov.ba\/2025\/wp-content\/uploads\/2019\/05\/Red_voznje_1953-98.jpg\",\"link\":\"https:\/\/vremeplov.ba\/2025\/2019\/05\/02\/red-voznje-vozova-za-bosnu-i-hercegovinu-iz-1953-godine\/red_voznje_1953-98\/\",\"alt\":\"\",\"description\":\"\",\"caption\":\"\",\"mime\":\"image\/jpeg\",\"type\":\"image\",\"width\":950,\"height\":654,\"sizes\":{\"full\":{\"url\":\"https:\/\/vremeplov.ba\/2025\/wp-content\/uploads\/2019\/05\/Red_voznje_1953-98.jpg\",\"height\":654,\"width\":950,\"orientation\":\"landscape\"}},\"imageMeta\":{\"aperture\":\"0\",\"credit\":\"\",\"camera\":\"\",\"caption\":\"\",\"created_timestamp\":\"0\",\"copyright\":\"\",\"focal_length\":\"0\",\"iso\":\"0\",\"shutter_speed\":\"0\",\"title\":\"\",\"orientation\":\"1\",\"keywords\":[]},\"meta\":false,\"postlink\":\"https:\/\/vremeplov.ba\/2025\/2019\/05\/02\/red-voznje-vozova-za-bosnu-i-hercegovinu-iz-1953-godine\/red_voznje_1953-98\/\"},{\"id\":26795,\"title\":\"Red_voznje_1953-99\",\"url\":\"https:\/\/vremeplov.ba\/2025\/wp-content\/uploads\/2019\/05\/Red_voznje_1953-99.jpg\",\"link\":\"https:\/\/vremeplov.ba\/2025\/2019\/05\/02\/red-voznje-vozova-za-bosnu-i-hercegovinu-iz-1953-godine\/red_voznje_1953-99\/\",\"alt\":\"\",\"description\":\"\",\"caption\":\"\",\"mime\":\"image\/jpeg\",\"type\":\"image\",\"width\":950,\"height\":655,\"sizes\":{\"full\":{\"url\":\"https:\/\/vremeplov.ba\/2025\/wp-content\/uploads\/2019\/05\/Red_voznje_1953-99.jpg\",\"height\":655,\"width\":950,\"orientation\":\"landscape\"}},\"imageMeta\":{\"aperture\":\"0\",\"credit\":\"\",\"camera\":\"\",\"caption\":\"\",\"created_timestamp\":\"0\",\"copyright\":\"\",\"focal_length\":\"0\",\"iso\":\"0\",\"shutter_speed\":\"0\",\"title\":\"\",\"orientation\":\"1\",\"keywords\":[]},\"meta\":false,\"postlink\":\"https:\/\/vremeplov.ba\/2025\/2019\/05\/02\/red-voznje-vozova-za-bosnu-i-hercegovinu-iz-1953-godine\/red_voznje_1953-99\/\"},{\"id\":26796,\"title\":\"Red_voznje_1953-100\",\"url\":\"https:\/\/vremeplov.ba\/2025\/wp-content\/uploads\/2019\/05\/Red_voznje_1953-100.jpg\",\"link\":\"https:\/\/vremeplov.ba\/2025\/2019\/05\/02\/red-voznje-vozova-za-bosnu-i-hercegovinu-iz-1953-godine\/red_voznje_1953-100\/\",\"alt\":\"\",\"description\":\"\",\"caption\":\"\",\"mime\":\"image\/jpeg\",\"type\":\"image\",\"width\":950,\"height\":651,\"sizes\":{\"full\":{\"url\":\"https:\/\/vremeplov.ba\/2025\/wp-content\/uploads\/2019\/05\/Red_voznje_1953-100.jpg\",\"height\":651,\"width\":950,\"orientation\":\"landscape\"}},\"imageMeta\":{\"aperture\":\"0\",\"credit\":\"\",\"camera\":\"\",\"caption\":\"\",\"created_timestamp\":\"0\",\"copyright\":\"\",\"focal_length\":\"0\",\"iso\":\"0\",\"shutter_speed\":\"0\",\"title\":\"\",\"orientation\":\"1\",\"keywords\":[]},\"meta\":false,\"postlink\":\"https:\/\/vremeplov.ba\/2025\/2019\/05\/02\/red-voznje-vozova-za-bosnu-i-hercegovinu-iz-1953-godine\/red_voznje_1953-100\/\"},{\"id\":26797,\"title\":\"Red_voznje_1953-101\",\"url\":\"https:\/\/vremeplov.ba\/2025\/wp-content\/uploads\/2019\/05\/Red_voznje_1953-101.jpg\",\"link\":\"https:\/\/vremeplov.ba\/2025\/2019\/05\/02\/red-voznje-vozova-za-bosnu-i-hercegovinu-iz-1953-godine\/red_voznje_1953-101\/\",\"alt\":\"\",\"description\":\"\",\"caption\":\"\",\"mime\":\"image\/jpeg\",\"type\":\"image\",\"width\":950,\"height\":673,\"sizes\":{\"full\":{\"url\":\"https:\/\/vremeplov.ba\/2025\/wp-content\/uploads\/2019\/05\/Red_voznje_1953-101.jpg\",\"height\":673,\"width\":950,\"orientation\":\"landscape\"}},\"imageMeta\":{\"aperture\":\"0\",\"credit\":\"\",\"camera\":\"\",\"caption\":\"\",\"created_timestamp\":\"0\",\"copyright\":\"\",\"focal_length\":\"0\",\"iso\":\"0\",\"shutter_speed\":\"0\",\"title\":\"\",\"orientation\":\"1\",\"keywords\":[]},\"meta\":false,\"postlink\":\"https:\/\/vremeplov.ba\/2025\/2019\/05\/02\/red-voznje-vozova-za-bosnu-i-hercegovinu-iz-1953-godine\/red_voznje_1953-101\/\"},{\"id\":26798,\"title\":\"Red_voznje_1953-102\",\"url\":\"https:\/\/vremeplov.ba\/2025\/wp-content\/uploads\/2019\/05\/Red_voznje_1953-102.jpg\",\"link\":\"https:\/\/vremeplov.ba\/2025\/2019\/05\/02\/red-voznje-vozova-za-bosnu-i-hercegovinu-iz-1953-godine\/red_voznje_1953-102\/\",\"alt\":\"\",\"description\":\"\",\"caption\":\"\",\"mime\":\"image\/jpeg\",\"type\":\"image\",\"width\":950,\"height\":656,\"sizes\":{\"full\":{\"url\":\"https:\/\/vremeplov.ba\/2025\/wp-content\/uploads\/2019\/05\/Red_voznje_1953-102.jpg\",\"height\":656,\"width\":950,\"orientation\":\"landscape\"}},\"imageMeta\":{\"aperture\":\"0\",\"credit\":\"\",\"camera\":\"\",\"caption\":\"\",\"created_timestamp\":\"0\",\"copyright\":\"\",\"focal_length\":\"0\",\"iso\":\"0\",\"shutter_speed\":\"0\",\"title\":\"\",\"orientation\":\"1\",\"keywords\":[]},\"meta\":false,\"postlink\":\"https:\/\/vremeplov.ba\/2025\/2019\/05\/02\/red-voznje-vozova-za-bosnu-i-hercegovinu-iz-1953-godine\/red_voznje_1953-102\/\"},{\"id\":26799,\"title\":\"Red_voznje_1953-103\",\"url\":\"https:\/\/vremeplov.ba\/2025\/wp-content\/uploads\/2019\/05\/Red_voznje_1953-103.jpg\",\"link\":\"https:\/\/vremeplov.ba\/2025\/2019\/05\/02\/red-voznje-vozova-za-bosnu-i-hercegovinu-iz-1953-godine\/red_voznje_1953-103\/\",\"alt\":\"\",\"description\":\"\",\"caption\":\"\",\"mime\":\"image\/jpeg\",\"type\":\"image\",\"width\":950,\"height\":645,\"sizes\":{\"full\":{\"url\":\"https:\/\/vremeplov.ba\/2025\/wp-content\/uploads\/2019\/05\/Red_voznje_1953-103.jpg\",\"height\":645,\"width\":950,\"orientation\":\"landscape\"}},\"imageMeta\":{\"aperture\":\"0\",\"credit\":\"\",\"camera\":\"\",\"caption\":\"\",\"created_timestamp\":\"0\",\"copyright\":\"\",\"focal_length\":\"0\",\"iso\":\"0\",\"shutter_speed\":\"0\",\"title\":\"\",\"orientation\":\"1\",\"keywords\":[]},\"meta\":false,\"postlink\":\"https:\/\/vremeplov.ba\/2025\/2019\/05\/02\/red-voznje-vozova-za-bosnu-i-hercegovinu-iz-1953-godine\/red_voznje_1953-103\/\"},{\"id\":26800,\"title\":\"Red_voznje_1953-104\",\"url\":\"https:\/\/vremeplov.ba\/2025\/wp-content\/uploads\/2019\/05\/Red_voznje_1953-104.jpg\",\"link\":\"https:\/\/vremeplov.ba\/2025\/2019\/05\/02\/red-voznje-vozova-za-bosnu-i-hercegovinu-iz-1953-godine\/red_voznje_1953-104\/\",\"alt\":\"\",\"description\":\"\",\"caption\":\"\",\"mime\":\"image\/jpeg\",\"type\":\"image\",\"width\":950,\"height\":659,\"sizes\":{\"full\":{\"url\":\"https:\/\/vremeplov.ba\/2025\/wp-content\/uploads\/2019\/05\/Red_voznje_1953-104.jpg\",\"height\":659,\"width\":950,\"orientation\":\"landscape\"}},\"imageMeta\":{\"aperture\":\"0\",\"credit\":\"\",\"camera\":\"\",\"caption\":\"\",\"created_timestamp\":\"0\",\"copyright\":\"\",\"focal_length\":\"0\",\"iso\":\"0\",\"shutter_speed\":\"0\",\"title\":\"\",\"orientation\":\"1\",\"keywords\":[]},\"meta\":false,\"postlink\":\"https:\/\/vremeplov.ba\/2025\/2019\/05\/02\/red-voznje-vozova-za-bosnu-i-hercegovinu-iz-1953-godine\/red_voznje_1953-104\/\"},{\"id\":26801,\"title\":\"Red_voznje_1953-105\",\"url\":\"https:\/\/vremeplov.ba\/2025\/wp-content\/uploads\/2019\/05\/Red_voznje_1953-105.jpg\",\"link\":\"https:\/\/vremeplov.ba\/2025\/2019\/05\/02\/red-voznje-vozova-za-bosnu-i-hercegovinu-iz-1953-godine\/red_voznje_1953-105\/\",\"alt\":\"\",\"description\":\"\",\"caption\":\"\",\"mime\":\"image\/jpeg\",\"type\":\"image\",\"width\":950,\"height\":644,\"sizes\":{\"full\":{\"url\":\"https:\/\/vremeplov.ba\/2025\/wp-content\/uploads\/2019\/05\/Red_voznje_1953-105.jpg\",\"height\":644,\"width\":950,\"orientation\":\"landscape\"}},\"imageMeta\":{\"aperture\":\"0\",\"credit\":\"\",\"camera\":\"\",\"caption\":\"\",\"created_timestamp\":\"0\",\"copyright\":\"\",\"focal_length\":\"0\",\"iso\":\"0\",\"shutter_speed\":\"0\",\"title\":\"\",\"orientation\":\"1\",\"keywords\":[]},\"meta\":false,\"postlink\":\"https:\/\/vremeplov.ba\/2025\/2019\/05\/02\/red-voznje-vozova-za-bosnu-i-hercegovinu-iz-1953-godine\/red_voznje_1953-105\/\"},{\"id\":26802,\"title\":\"Red_voznje_1953-106\",\"url\":\"https:\/\/vremeplov.ba\/2025\/wp-content\/uploads\/2019\/05\/Red_voznje_1953-106.jpg\",\"link\":\"https:\/\/vremeplov.ba\/2025\/2019\/05\/02\/red-voznje-vozova-za-bosnu-i-hercegovinu-iz-1953-godine\/red_voznje_1953-106\/\",\"alt\":\"\",\"description\":\"\",\"caption\":\"\",\"mime\":\"image\/jpeg\",\"type\":\"image\",\"width\":950,\"height\":648,\"sizes\":{\"full\":{\"url\":\"https:\/\/vremeplov.ba\/2025\/wp-content\/uploads\/2019\/05\/Red_voznje_1953-106.jpg\",\"height\":648,\"width\":950,\"orientation\":\"landscape\"}},\"imageMeta\":{\"aperture\":\"0\",\"credit\":\"\",\"camera\":\"\",\"caption\":\"\",\"created_timestamp\":\"0\",\"copyright\":\"\",\"focal_length\":\"0\",\"iso\":\"0\",\"shutter_speed\":\"0\",\"title\":\"\",\"orientation\":\"1\",\"keywords\":[]},\"meta\":false,\"postlink\":\"https:\/\/vremeplov.ba\/2025\/2019\/05\/02\/red-voznje-vozova-za-bosnu-i-hercegovinu-iz-1953-godine\/red_voznje_1953-106\/\"},{\"id\":26803,\"title\":\"Red_voznje_1953-107\",\"url\":\"https:\/\/vremeplov.ba\/2025\/wp-content\/uploads\/2019\/05\/Red_voznje_1953-107.jpg\",\"link\":\"https:\/\/vremeplov.ba\/2025\/2019\/05\/02\/red-voznje-vozova-za-bosnu-i-hercegovinu-iz-1953-godine\/red_voznje_1953-107\/\",\"alt\":\"\",\"description\":\"\",\"caption\":\"\",\"mime\":\"image\/jpeg\",\"type\":\"image\",\"width\":950,\"height\":663,\"sizes\":{\"full\":{\"url\":\"https:\/\/vremeplov.ba\/2025\/wp-content\/uploads\/2019\/05\/Red_voznje_1953-107.jpg\",\"height\":663,\"width\":950,\"orientation\":\"landscape\"}},\"imageMeta\":{\"aperture\":\"0\",\"credit\":\"\",\"camera\":\"\",\"caption\":\"\",\"created_timestamp\":\"0\",\"copyright\":\"\",\"focal_length\":\"0\",\"iso\":\"0\",\"shutter_speed\":\"0\",\"title\":\"\",\"orientation\":\"1\",\"keywords\":[]},\"meta\":false,\"postlink\":\"https:\/\/vremeplov.ba\/2025\/2019\/05\/02\/red-voznje-vozova-za-bosnu-i-hercegovinu-iz-1953-godine\/red_voznje_1953-107\/\"},{\"id\":26804,\"title\":\"Red_voznje_1953-108\",\"url\":\"https:\/\/vremeplov.ba\/2025\/wp-content\/uploads\/2019\/05\/Red_voznje_1953-108.jpg\",\"link\":\"https:\/\/vremeplov.ba\/2025\/2019\/05\/02\/red-voznje-vozova-za-bosnu-i-hercegovinu-iz-1953-godine\/red_voznje_1953-108\/\",\"alt\":\"\",\"description\":\"\",\"caption\":\"\",\"mime\":\"image\/jpeg\",\"type\":\"image\",\"width\":950,\"height\":660,\"sizes\":{\"full\":{\"url\":\"https:\/\/vremeplov.ba\/2025\/wp-content\/uploads\/2019\/05\/Red_voznje_1953-108.jpg\",\"height\":660,\"width\":950,\"orientation\":\"landscape\"}},\"imageMeta\":{\"aperture\":\"0\",\"credit\":\"\",\"camera\":\"\",\"caption\":\"\",\"created_timestamp\":\"0\",\"copyright\":\"\",\"focal_length\":\"0\",\"iso\":\"0\",\"shutter_speed\":\"0\",\"title\":\"\",\"orientation\":\"1\",\"keywords\":[]},\"meta\":false,\"postlink\":\"https:\/\/vremeplov.ba\/2025\/2019\/05\/02\/red-voznje-vozova-za-bosnu-i-hercegovinu-iz-1953-godine\/red_voznje_1953-108\/\"},{\"id\":26805,\"title\":\"Red_voznje_1953-109\",\"url\":\"https:\/\/vremeplov.ba\/2025\/wp-content\/uploads\/2019\/05\/Red_voznje_1953-109.jpg\",\"link\":\"https:\/\/vremeplov.ba\/2025\/2019\/05\/02\/red-voznje-vozova-za-bosnu-i-hercegovinu-iz-1953-godine\/red_voznje_1953-109\/\",\"alt\":\"\",\"description\":\"\",\"caption\":\"\",\"mime\":\"image\/jpeg\",\"type\":\"image\",\"width\":950,\"height\":656,\"sizes\":{\"full\":{\"url\":\"https:\/\/vremeplov.ba\/2025\/wp-content\/uploads\/2019\/05\/Red_voznje_1953-109.jpg\",\"height\":656,\"width\":950,\"orientation\":\"landscape\"}},\"imageMeta\":{\"aperture\":\"0\",\"credit\":\"\",\"camera\":\"\",\"caption\":\"\",\"created_timestamp\":\"0\",\"copyright\":\"\",\"focal_length\":\"0\",\"iso\":\"0\",\"shutter_speed\":\"0\",\"title\":\"\",\"orientation\":\"1\",\"keywords\":[]},\"meta\":false,\"postlink\":\"https:\/\/vremeplov.ba\/2025\/2019\/05\/02\/red-voznje-vozova-za-bosnu-i-hercegovinu-iz-1953-godine\/red_voznje_1953-109\/\"},{\"id\":26806,\"title\":\"Red_voznje_1953-110\",\"url\":\"https:\/\/vremeplov.ba\/2025\/wp-content\/uploads\/2019\/05\/Red_voznje_1953-110.jpg\",\"link\":\"https:\/\/vremeplov.ba\/2025\/2019\/05\/02\/red-voznje-vozova-za-bosnu-i-hercegovinu-iz-1953-godine\/red_voznje_1953-110\/\",\"alt\":\"\",\"description\":\"\",\"caption\":\"\",\"mime\":\"image\/jpeg\",\"type\":\"image\",\"width\":950,\"height\":656,\"sizes\":{\"full\":{\"url\":\"https:\/\/vremeplov.ba\/2025\/wp-content\/uploads\/2019\/05\/Red_voznje_1953-110.jpg\",\"height\":656,\"width\":950,\"orientation\":\"landscape\"}},\"imageMeta\":{\"aperture\":\"0\",\"credit\":\"\",\"camera\":\"\",\"caption\":\"\",\"created_timestamp\":\"0\",\"copyright\":\"\",\"focal_length\":\"0\",\"iso\":\"0\",\"shutter_speed\":\"0\",\"title\":\"\",\"orientation\":\"1\",\"keywords\":[]},\"meta\":false,\"postlink\":\"https:\/\/vremeplov.ba\/2025\/2019\/05\/02\/red-voznje-vozova-za-bosnu-i-hercegovinu-iz-1953-godine\/red_voznje_1953-110\/\"},{\"id\":26807,\"title\":\"Red_voznje_1953-111\",\"url\":\"https:\/\/vremeplov.ba\/2025\/wp-content\/uploads\/2019\/05\/Red_voznje_1953-111.jpg\",\"link\":\"https:\/\/vremeplov.ba\/2025\/2019\/05\/02\/red-voznje-vozova-za-bosnu-i-hercegovinu-iz-1953-godine\/red_voznje_1953-111\/\",\"alt\":\"\",\"description\":\"\",\"caption\":\"\",\"mime\":\"image\/jpeg\",\"type\":\"image\",\"width\":950,\"height\":654,\"sizes\":{\"full\":{\"url\":\"https:\/\/vremeplov.ba\/2025\/wp-content\/uploads\/2019\/05\/Red_voznje_1953-111.jpg\",\"height\":654,\"width\":950,\"orientation\":\"landscape\"}},\"imageMeta\":{\"aperture\":\"0\",\"credit\":\"\",\"camera\":\"\",\"caption\":\"\",\"created_timestamp\":\"0\",\"copyright\":\"\",\"focal_length\":\"0\",\"iso\":\"0\",\"shutter_speed\":\"0\",\"title\":\"\",\"orientation\":\"1\",\"keywords\":[]},\"meta\":false,\"postlink\":\"https:\/\/vremeplov.ba\/2025\/2019\/05\/02\/red-voznje-vozova-za-bosnu-i-hercegovinu-iz-1953-godine\/red_voznje_1953-111\/\"},{\"id\":26808,\"title\":\"Red_voznje_1953-112\",\"url\":\"https:\/\/vremeplov.ba\/2025\/wp-content\/uploads\/2019\/05\/Red_voznje_1953-112.jpg\",\"link\":\"https:\/\/vremeplov.ba\/2025\/2019\/05\/02\/red-voznje-vozova-za-bosnu-i-hercegovinu-iz-1953-godine\/red_voznje_1953-112\/\",\"alt\":\"\",\"description\":\"\",\"caption\":\"\",\"mime\":\"image\/jpeg\",\"type\":\"image\",\"width\":950,\"height\":639,\"sizes\":{\"full\":{\"url\":\"https:\/\/vremeplov.ba\/2025\/wp-content\/uploads\/2019\/05\/Red_voznje_1953-112.jpg\",\"height\":639,\"width\":950,\"orientation\":\"landscape\"}},\"imageMeta\":{\"aperture\":\"0\",\"credit\":\"\",\"camera\":\"\",\"caption\":\"\",\"created_timestamp\":\"0\",\"copyright\":\"\",\"focal_length\":\"0\",\"iso\":\"0\",\"shutter_speed\":\"0\",\"title\":\"\",\"orientation\":\"1\",\"keywords\":[]},\"meta\":false,\"postlink\":\"https:\/\/vremeplov.ba\/2025\/2019\/05\/02\/red-voznje-vozova-za-bosnu-i-hercegovinu-iz-1953-godine\/red_voznje_1953-112\/\"},{\"id\":26809,\"title\":\"Red_voznje_1953-113\",\"url\":\"https:\/\/vremeplov.ba\/2025\/wp-content\/uploads\/2019\/05\/Red_voznje_1953-113.jpg\",\"link\":\"https:\/\/vremeplov.ba\/2025\/2019\/05\/02\/red-voznje-vozova-za-bosnu-i-hercegovinu-iz-1953-godine\/red_voznje_1953-113\/\",\"alt\":\"\",\"description\":\"\",\"caption\":\"\",\"mime\":\"image\/jpeg\",\"type\":\"image\",\"width\":950,\"height\":649,\"sizes\":{\"full\":{\"url\":\"https:\/\/vremeplov.ba\/2025\/wp-content\/uploads\/2019\/05\/Red_voznje_1953-113.jpg\",\"height\":649,\"width\":950,\"orientation\":\"landscape\"}},\"imageMeta\":{\"aperture\":\"0\",\"credit\":\"\",\"camera\":\"\",\"caption\":\"\",\"created_timestamp\":\"0\",\"copyright\":\"\",\"focal_length\":\"0\",\"iso\":\"0\",\"shutter_speed\":\"0\",\"title\":\"\",\"orientation\":\"1\",\"keywords\":[]},\"meta\":false,\"postlink\":\"https:\/\/vremeplov.ba\/2025\/2019\/05\/02\/red-voznje-vozova-za-bosnu-i-hercegovinu-iz-1953-godine\/red_voznje_1953-113\/\"},{\"id\":26810,\"title\":\"Red_voznje_1953-114\",\"url\":\"https:\/\/vremeplov.ba\/2025\/wp-content\/uploads\/2019\/05\/Red_voznje_1953-114.jpg\",\"link\":\"https:\/\/vremeplov.ba\/2025\/2019\/05\/02\/red-voznje-vozova-za-bosnu-i-hercegovinu-iz-1953-godine\/red_voznje_1953-114\/\",\"alt\":\"\",\"description\":\"\",\"caption\":\"\",\"mime\":\"image\/jpeg\",\"type\":\"image\",\"width\":950,\"height\":660,\"sizes\":{\"full\":{\"url\":\"https:\/\/vremeplov.ba\/2025\/wp-content\/uploads\/2019\/05\/Red_voznje_1953-114.jpg\",\"height\":660,\"width\":950,\"orientation\":\"landscape\"}},\"imageMeta\":{\"aperture\":\"0\",\"credit\":\"\",\"camera\":\"\",\"caption\":\"\",\"created_timestamp\":\"0\",\"copyright\":\"\",\"focal_length\":\"0\",\"iso\":\"0\",\"shutter_speed\":\"0\",\"title\":\"\",\"orientation\":\"1\",\"keywords\":[]},\"meta\":false,\"postlink\":\"https:\/\/vremeplov.ba\/2025\/2019\/05\/02\/red-voznje-vozova-za-bosnu-i-hercegovinu-iz-1953-godine\/red_voznje_1953-114\/\"},{\"id\":26811,\"title\":\"Red_voznje_1953-115\",\"url\":\"https:\/\/vremeplov.ba\/2025\/wp-content\/uploads\/2019\/05\/Red_voznje_1953-115.jpg\",\"link\":\"https:\/\/vremeplov.ba\/2025\/2019\/05\/02\/red-voznje-vozova-za-bosnu-i-hercegovinu-iz-1953-godine\/red_voznje_1953-115\/\",\"alt\":\"\",\"description\":\"\",\"caption\":\"\",\"mime\":\"image\/jpeg\",\"type\":\"image\",\"width\":662,\"height\":950,\"sizes\":{\"full\":{\"url\":\"https:\/\/vremeplov.ba\/2025\/wp-content\/uploads\/2019\/05\/Red_voznje_1953-115.jpg\",\"height\":950,\"width\":662,\"orientation\":\"portrait\"}},\"imageMeta\":{\"aperture\":\"0\",\"credit\":\"\",\"camera\":\"\",\"caption\":\"\",\"created_timestamp\":\"0\",\"copyright\":\"\",\"focal_length\":\"0\",\"iso\":\"0\",\"shutter_speed\":\"0\",\"title\":\"\",\"orientation\":\"1\",\"keywords\":[]},\"meta\":false,\"postlink\":\"https:\/\/vremeplov.ba\/2025\/2019\/05\/02\/red-voznje-vozova-za-bosnu-i-hercegovinu-iz-1953-godine\/red_voznje_1953-115\/\"},{\"id\":26812,\"title\":\"Red_voznje_1953-116\",\"url\":\"https:\/\/vremeplov.ba\/2025\/wp-content\/uploads\/2019\/05\/Red_voznje_1953-116.jpg\",\"link\":\"https:\/\/vremeplov.ba\/2025\/2019\/05\/02\/red-voznje-vozova-za-bosnu-i-hercegovinu-iz-1953-godine\/red_voznje_1953-116\/\",\"alt\":\"\",\"description\":\"\",\"caption\":\"\",\"mime\":\"image\/jpeg\",\"type\":\"image\",\"width\":950,\"height\":644,\"sizes\":{\"full\":{\"url\":\"https:\/\/vremeplov.ba\/2025\/wp-content\/uploads\/2019\/05\/Red_voznje_1953-116.jpg\",\"height\":644,\"width\":950,\"orientation\":\"landscape\"}},\"imageMeta\":{\"aperture\":\"0\",\"credit\":\"\",\"camera\":\"\",\"caption\":\"\",\"created_timestamp\":\"0\",\"copyright\":\"\",\"focal_length\":\"0\",\"iso\":\"0\",\"shutter_speed\":\"0\",\"title\":\"\",\"orientation\":\"1\",\"keywords\":[]},\"meta\":false,\"postlink\":\"https:\/\/vremeplov.ba\/2025\/2019\/05\/02\/red-voznje-vozova-za-bosnu-i-hercegovinu-iz-1953-godine\/red_voznje_1953-116\/\"},{\"id\":26813,\"title\":\"Red_voznje_1953-117\",\"url\":\"https:\/\/vremeplov.ba\/2025\/wp-content\/uploads\/2019\/05\/Red_voznje_1953-117.jpg\",\"link\":\"https:\/\/vremeplov.ba\/2025\/2019\/05\/02\/red-voznje-vozova-za-bosnu-i-hercegovinu-iz-1953-godine\/red_voznje_1953-117\/\",\"alt\":\"\",\"description\":\"\",\"caption\":\"\",\"mime\":\"image\/jpeg\",\"type\":\"image\",\"width\":950,\"height\":670,\"sizes\":{\"full\":{\"url\":\"https:\/\/vremeplov.ba\/2025\/wp-content\/uploads\/2019\/05\/Red_voznje_1953-117.jpg\",\"height\":670,\"width\":950,\"orientation\":\"landscape\"}},\"imageMeta\":{\"aperture\":\"0\",\"credit\":\"\",\"camera\":\"\",\"caption\":\"\",\"created_timestamp\":\"0\",\"copyright\":\"\",\"focal_length\":\"0\",\"iso\":\"0\",\"shutter_speed\":\"0\",\"title\":\"\",\"orientation\":\"1\",\"keywords\":[]},\"meta\":false,\"postlink\":\"https:\/\/vremeplov.ba\/2025\/2019\/05\/02\/red-voznje-vozova-za-bosnu-i-hercegovinu-iz-1953-godine\/red_voznje_1953-117\/\"},{\"id\":26814,\"title\":\"Red_voznje_1953-118\",\"url\":\"https:\/\/vremeplov.ba\/2025\/wp-content\/uploads\/2019\/05\/Red_voznje_1953-118.jpg\",\"link\":\"https:\/\/vremeplov.ba\/2025\/2019\/05\/02\/red-voznje-vozova-za-bosnu-i-hercegovinu-iz-1953-godine\/red_voznje_1953-118\/\",\"alt\":\"\",\"description\":\"\",\"caption\":\"\",\"mime\":\"image\/jpeg\",\"type\":\"image\",\"width\":950,\"height\":660,\"sizes\":{\"full\":{\"url\":\"https:\/\/vremeplov.ba\/2025\/wp-content\/uploads\/2019\/05\/Red_voznje_1953-118.jpg\",\"height\":660,\"width\":950,\"orientation\":\"landscape\"}},\"imageMeta\":{\"aperture\":\"0\",\"credit\":\"\",\"camera\":\"\",\"caption\":\"\",\"created_timestamp\":\"0\",\"copyright\":\"\",\"focal_length\":\"0\",\"iso\":\"0\",\"shutter_speed\":\"0\",\"title\":\"\",\"orientation\":\"1\",\"keywords\":[]},\"meta\":false,\"postlink\":\"https:\/\/vremeplov.ba\/2025\/2019\/05\/02\/red-voznje-vozova-za-bosnu-i-hercegovinu-iz-1953-godine\/red_voznje_1953-118\/\"},{\"id\":26815,\"title\":\"Red_voznje_1953-119\",\"url\":\"https:\/\/vremeplov.ba\/2025\/wp-content\/uploads\/2019\/05\/Red_voznje_1953-119.jpg\",\"link\":\"https:\/\/vremeplov.ba\/2025\/2019\/05\/02\/red-voznje-vozova-za-bosnu-i-hercegovinu-iz-1953-godine\/red_voznje_1953-119\/\",\"alt\":\"\",\"description\":\"\",\"caption\":\"\",\"mime\":\"image\/jpeg\",\"type\":\"image\",\"width\":950,\"height\":649,\"sizes\":{\"full\":{\"url\":\"https:\/\/vremeplov.ba\/2025\/wp-content\/uploads\/2019\/05\/Red_voznje_1953-119.jpg\",\"height\":649,\"width\":950,\"orientation\":\"landscape\"}},\"imageMeta\":{\"aperture\":\"0\",\"credit\":\"\",\"camera\":\"\",\"caption\":\"\",\"created_timestamp\":\"0\",\"copyright\":\"\",\"focal_length\":\"0\",\"iso\":\"0\",\"shutter_speed\":\"0\",\"title\":\"\",\"orientation\":\"1\",\"keywords\":[]},\"meta\":false,\"postlink\":\"https:\/\/vremeplov.ba\/2025\/2019\/05\/02\/red-voznje-vozova-za-bosnu-i-hercegovinu-iz-1953-godine\/red_voznje_1953-119\/\"},{\"id\":26816,\"title\":\"Red_voznje_1953-120\",\"url\":\"https:\/\/vremeplov.ba\/2025\/wp-content\/uploads\/2019\/05\/Red_voznje_1953-120.jpg\",\"link\":\"https:\/\/vremeplov.ba\/2025\/2019\/05\/02\/red-voznje-vozova-za-bosnu-i-hercegovinu-iz-1953-godine\/red_voznje_1953-120\/\",\"alt\":\"\",\"description\":\"\",\"caption\":\"\",\"mime\":\"image\/jpeg\",\"type\":\"image\",\"width\":950,\"height\":641,\"sizes\":{\"full\":{\"url\":\"https:\/\/vremeplov.ba\/2025\/wp-content\/uploads\/2019\/05\/Red_voznje_1953-120.jpg\",\"height\":641,\"width\":950,\"orientation\":\"landscape\"}},\"imageMeta\":{\"aperture\":\"0\",\"credit\":\"\",\"camera\":\"\",\"caption\":\"\",\"created_timestamp\":\"0\",\"copyright\":\"\",\"focal_length\":\"0\",\"iso\":\"0\",\"shutter_speed\":\"0\",\"title\":\"\",\"orientation\":\"1\",\"keywords\":[]},\"meta\":false,\"postlink\":\"https:\/\/vremeplov.ba\/2025\/2019\/05\/02\/red-voznje-vozova-za-bosnu-i-hercegovinu-iz-1953-godine\/red_voznje_1953-120\/\"},{\"id\":26817,\"title\":\"Red_voznje_1953-121\",\"url\":\"https:\/\/vremeplov.ba\/2025\/wp-content\/uploads\/2019\/05\/Red_voznje_1953-121.jpg\",\"link\":\"https:\/\/vremeplov.ba\/2025\/2019\/05\/02\/red-voznje-vozova-za-bosnu-i-hercegovinu-iz-1953-godine\/red_voznje_1953-121\/\",\"alt\":\"\",\"description\":\"\",\"caption\":\"\",\"mime\":\"image\/jpeg\",\"type\":\"image\",\"width\":950,\"height\":643,\"sizes\":{\"full\":{\"url\":\"https:\/\/vremeplov.ba\/2025\/wp-content\/uploads\/2019\/05\/Red_voznje_1953-121.jpg\",\"height\":643,\"width\":950,\"orientation\":\"landscape\"}},\"imageMeta\":{\"aperture\":\"0\",\"credit\":\"\",\"camera\":\"\",\"caption\":\"\",\"created_timestamp\":\"0\",\"copyright\":\"\",\"focal_length\":\"0\",\"iso\":\"0\",\"shutter_speed\":\"0\",\"title\":\"\",\"orientation\":\"1\",\"keywords\":[]},\"meta\":false,\"postlink\":\"https:\/\/vremeplov.ba\/2025\/2019\/05\/02\/red-voznje-vozova-za-bosnu-i-hercegovinu-iz-1953-godine\/red_voznje_1953-121\/\"},{\"id\":26818,\"title\":\"Red_voznje_1953-122\",\"url\":\"https:\/\/vremeplov.ba\/2025\/wp-content\/uploads\/2019\/05\/Red_voznje_1953-122.jpg\",\"link\":\"https:\/\/vremeplov.ba\/2025\/2019\/05\/02\/red-voznje-vozova-za-bosnu-i-hercegovinu-iz-1953-godine\/red_voznje_1953-122\/\",\"alt\":\"\",\"description\":\"\",\"caption\":\"\",\"mime\":\"image\/jpeg\",\"type\":\"image\",\"width\":950,\"height\":650,\"sizes\":{\"full\":{\"url\":\"https:\/\/vremeplov.ba\/2025\/wp-content\/uploads\/2019\/05\/Red_voznje_1953-122.jpg\",\"height\":650,\"width\":950,\"orientation\":\"landscape\"}},\"imageMeta\":{\"aperture\":\"0\",\"credit\":\"\",\"camera\":\"\",\"caption\":\"\",\"created_timestamp\":\"0\",\"copyright\":\"\",\"focal_length\":\"0\",\"iso\":\"0\",\"shutter_speed\":\"0\",\"title\":\"\",\"orientation\":\"1\",\"keywords\":[]},\"meta\":false,\"postlink\":\"https:\/\/vremeplov.ba\/2025\/2019\/05\/02\/red-voznje-vozova-za-bosnu-i-hercegovinu-iz-1953-godine\/red_voznje_1953-122\/\"},{\"id\":26819,\"title\":\"Red_voznje_1953-123\",\"url\":\"https:\/\/vremeplov.ba\/2025\/wp-content\/uploads\/2019\/05\/Red_voznje_1953-123.jpg\",\"link\":\"https:\/\/vremeplov.ba\/2025\/2019\/05\/02\/red-voznje-vozova-za-bosnu-i-hercegovinu-iz-1953-godine\/red_voznje_1953-123\/\",\"alt\":\"\",\"description\":\"\",\"caption\":\"\",\"mime\":\"image\/jpeg\",\"type\":\"image\",\"width\":950,\"height\":651,\"sizes\":{\"full\":{\"url\":\"https:\/\/vremeplov.ba\/2025\/wp-content\/uploads\/2019\/05\/Red_voznje_1953-123.jpg\",\"height\":651,\"width\":950,\"orientation\":\"landscape\"}},\"imageMeta\":{\"aperture\":\"0\",\"credit\":\"\",\"camera\":\"\",\"caption\":\"\",\"created_timestamp\":\"0\",\"copyright\":\"\",\"focal_length\":\"0\",\"iso\":\"0\",\"shutter_speed\":\"0\",\"title\":\"\",\"orientation\":\"1\",\"keywords\":[]},\"meta\":false,\"postlink\":\"https:\/\/vremeplov.ba\/2025\/2019\/05\/02\/red-voznje-vozova-za-bosnu-i-hercegovinu-iz-1953-godine\/red_voznje_1953-123\/\"},{\"id\":26820,\"title\":\"Red_voznje_1953-124\",\"url\":\"https:\/\/vremeplov.ba\/2025\/wp-content\/uploads\/2019\/05\/Red_voznje_1953-124.jpg\",\"link\":\"https:\/\/vremeplov.ba\/2025\/2019\/05\/02\/red-voznje-vozova-za-bosnu-i-hercegovinu-iz-1953-godine\/red_voznje_1953-124\/\",\"alt\":\"\",\"description\":\"\",\"caption\":\"\",\"mime\":\"image\/jpeg\",\"type\":\"image\",\"width\":950,\"height\":643,\"sizes\":{\"full\":{\"url\":\"https:\/\/vremeplov.ba\/2025\/wp-content\/uploads\/2019\/05\/Red_voznje_1953-124.jpg\",\"height\":643,\"width\":950,\"orientation\":\"landscape\"}},\"imageMeta\":{\"aperture\":\"0\",\"credit\":\"\",\"camera\":\"\",\"caption\":\"\",\"created_timestamp\":\"0\",\"copyright\":\"\",\"focal_length\":\"0\",\"iso\":\"0\",\"shutter_speed\":\"0\",\"title\":\"\",\"orientation\":\"1\",\"keywords\":[]},\"meta\":false,\"postlink\":\"https:\/\/vremeplov.ba\/2025\/2019\/05\/02\/red-voznje-vozova-za-bosnu-i-hercegovinu-iz-1953-godine\/red_voznje_1953-124\/\"},{\"id\":26821,\"title\":\"Red_voznje_1953-125\",\"url\":\"https:\/\/vremeplov.ba\/2025\/wp-content\/uploads\/2019\/05\/Red_voznje_1953-125.jpg\",\"link\":\"https:\/\/vremeplov.ba\/2025\/2019\/05\/02\/red-voznje-vozova-za-bosnu-i-hercegovinu-iz-1953-godine\/red_voznje_1953-125\/\",\"alt\":\"\",\"description\":\"\",\"caption\":\"\",\"mime\":\"image\/jpeg\",\"type\":\"image\",\"width\":950,\"height\":644,\"sizes\":{\"full\":{\"url\":\"https:\/\/vremeplov.ba\/2025\/wp-content\/uploads\/2019\/05\/Red_voznje_1953-125.jpg\",\"height\":644,\"width\":950,\"orientation\":\"landscape\"}},\"imageMeta\":{\"aperture\":\"0\",\"credit\":\"\",\"camera\":\"\",\"caption\":\"\",\"created_timestamp\":\"0\",\"copyright\":\"\",\"focal_length\":\"0\",\"iso\":\"0\",\"shutter_speed\":\"0\",\"title\":\"\",\"orientation\":\"1\",\"keywords\":[]},\"meta\":false,\"postlink\":\"https:\/\/vremeplov.ba\/2025\/2019\/05\/02\/red-voznje-vozova-za-bosnu-i-hercegovinu-iz-1953-godine\/red_voznje_1953-125\/\"},{\"id\":26822,\"title\":\"Red_voznje_1953-126\",\"url\":\"https:\/\/vremeplov.ba\/2025\/wp-content\/uploads\/2019\/05\/Red_voznje_1953-126.jpg\",\"link\":\"https:\/\/vremeplov.ba\/2025\/2019\/05\/02\/red-voznje-vozova-za-bosnu-i-hercegovinu-iz-1953-godine\/red_voznje_1953-126\/\",\"alt\":\"\",\"description\":\"\",\"caption\":\"\",\"mime\":\"image\/jpeg\",\"type\":\"image\",\"width\":950,\"height\":647,\"sizes\":{\"full\":{\"url\":\"https:\/\/vremeplov.ba\/2025\/wp-content\/uploads\/2019\/05\/Red_voznje_1953-126.jpg\",\"height\":647,\"width\":950,\"orientation\":\"landscape\"}},\"imageMeta\":{\"aperture\":\"0\",\"credit\":\"\",\"camera\":\"\",\"caption\":\"\",\"created_timestamp\":\"0\",\"copyright\":\"\",\"focal_length\":\"0\",\"iso\":\"0\",\"shutter_speed\":\"0\",\"title\":\"\",\"orientation\":\"1\",\"keywords\":[]},\"meta\":false,\"postlink\":\"https:\/\/vremeplov.ba\/2025\/2019\/05\/02\/red-voznje-vozova-za-bosnu-i-hercegovinu-iz-1953-godine\/red_voznje_1953-126\/\"},{\"id\":26823,\"title\":\"Red_voznje_1953-127\",\"url\":\"https:\/\/vremeplov.ba\/2025\/wp-content\/uploads\/2019\/05\/Red_voznje_1953-127.jpg\",\"link\":\"https:\/\/vremeplov.ba\/2025\/2019\/05\/02\/red-voznje-vozova-za-bosnu-i-hercegovinu-iz-1953-godine\/red_voznje_1953-127\/\",\"alt\":\"\",\"description\":\"\",\"caption\":\"\",\"mime\":\"image\/jpeg\",\"type\":\"image\",\"width\":950,\"height\":644,\"sizes\":{\"full\":{\"url\":\"https:\/\/vremeplov.ba\/2025\/wp-content\/uploads\/2019\/05\/Red_voznje_1953-127.jpg\",\"height\":644,\"width\":950,\"orientation\":\"landscape\"}},\"imageMeta\":{\"aperture\":\"0\",\"credit\":\"\",\"camera\":\"\",\"caption\":\"\",\"created_timestamp\":\"0\",\"copyright\":\"\",\"focal_length\":\"0\",\"iso\":\"0\",\"shutter_speed\":\"0\",\"title\":\"\",\"orientation\":\"1\",\"keywords\":[]},\"meta\":false,\"postlink\":\"https:\/\/vremeplov.ba\/2025\/2019\/05\/02\/red-voznje-vozova-za-bosnu-i-hercegovinu-iz-1953-godine\/red_voznje_1953-127\/\"},{\"id\":26824,\"title\":\"Red_voznje_1953-128\",\"url\":\"https:\/\/vremeplov.ba\/2025\/wp-content\/uploads\/2019\/05\/Red_voznje_1953-128.jpg\",\"link\":\"https:\/\/vremeplov.ba\/2025\/2019\/05\/02\/red-voznje-vozova-za-bosnu-i-hercegovinu-iz-1953-godine\/red_voznje_1953-128\/\",\"alt\":\"\",\"description\":\"\",\"caption\":\"\",\"mime\":\"image\/jpeg\",\"type\":\"image\",\"width\":950,\"height\":686,\"sizes\":{\"full\":{\"url\":\"https:\/\/vremeplov.ba\/2025\/wp-content\/uploads\/2019\/05\/Red_voznje_1953-128.jpg\",\"height\":686,\"width\":950,\"orientation\":\"landscape\"}},\"imageMeta\":{\"aperture\":\"0\",\"credit\":\"\",\"camera\":\"\",\"caption\":\"\",\"created_timestamp\":\"0\",\"copyright\":\"\",\"focal_length\":\"0\",\"iso\":\"0\",\"shutter_speed\":\"0\",\"title\":\"\",\"orientation\":\"1\",\"keywords\":[]},\"meta\":false,\"postlink\":\"https:\/\/vremeplov.ba\/2025\/2019\/05\/02\/red-voznje-vozova-za-bosnu-i-hercegovinu-iz-1953-godine\/red_voznje_1953-128\/\"},{\"id\":26825,\"title\":\"Red_voznje_1953-129\",\"url\":\"https:\/\/vremeplov.ba\/2025\/wp-content\/uploads\/2019\/05\/Red_voznje_1953-129.jpg\",\"link\":\"https:\/\/vremeplov.ba\/2025\/2019\/05\/02\/red-voznje-vozova-za-bosnu-i-hercegovinu-iz-1953-godine\/red_voznje_1953-129\/\",\"alt\":\"\",\"description\":\"\",\"caption\":\"\",\"mime\":\"image\/jpeg\",\"type\":\"image\",\"width\":950,\"height\":660,\"sizes\":{\"full\":{\"url\":\"https:\/\/vremeplov.ba\/2025\/wp-content\/uploads\/2019\/05\/Red_voznje_1953-129.jpg\",\"height\":660,\"width\":950,\"orientation\":\"landscape\"}},\"imageMeta\":{\"aperture\":\"0\",\"credit\":\"\",\"camera\":\"\",\"caption\":\"\",\"created_timestamp\":\"0\",\"copyright\":\"\",\"focal_length\":\"0\",\"iso\":\"0\",\"shutter_speed\":\"0\",\"title\":\"\",\"orientation\":\"1\",\"keywords\":[]},\"meta\":false,\"postlink\":\"https:\/\/vremeplov.ba\/2025\/2019\/05\/02\/red-voznje-vozova-za-bosnu-i-hercegovinu-iz-1953-godine\/red_voznje_1953-129\/\"},{\"id\":26826,\"title\":\"Red_voznje_1953-130\",\"url\":\"https:\/\/vremeplov.ba\/2025\/wp-content\/uploads\/2019\/05\/Red_voznje_1953-130.jpg\",\"link\":\"https:\/\/vremeplov.ba\/2025\/2019\/05\/02\/red-voznje-vozova-za-bosnu-i-hercegovinu-iz-1953-godine\/red_voznje_1953-130\/\",\"alt\":\"\",\"description\":\"\",\"caption\":\"\",\"mime\":\"image\/jpeg\",\"type\":\"image\",\"width\":950,\"height\":651,\"sizes\":{\"full\":{\"url\":\"https:\/\/vremeplov.ba\/2025\/wp-content\/uploads\/2019\/05\/Red_voznje_1953-130.jpg\",\"height\":651,\"width\":950,\"orientation\":\"landscape\"}},\"imageMeta\":{\"aperture\":\"0\",\"credit\":\"\",\"camera\":\"\",\"caption\":\"\",\"created_timestamp\":\"0\",\"copyright\":\"\",\"focal_length\":\"0\",\"iso\":\"0\",\"shutter_speed\":\"0\",\"title\":\"\",\"orientation\":\"1\",\"keywords\":[]},\"meta\":false,\"postlink\":\"https:\/\/vremeplov.ba\/2025\/2019\/05\/02\/red-voznje-vozova-za-bosnu-i-hercegovinu-iz-1953-godine\/red_voznje_1953-130\/\"},{\"id\":26827,\"title\":\"Red_voznje_1953-131\",\"url\":\"https:\/\/vremeplov.ba\/2025\/wp-content\/uploads\/2019\/05\/Red_voznje_1953-131.jpg\",\"link\":\"https:\/\/vremeplov.ba\/2025\/2019\/05\/02\/red-voznje-vozova-za-bosnu-i-hercegovinu-iz-1953-godine\/red_voznje_1953-131\/\",\"alt\":\"\",\"description\":\"\",\"caption\":\"\",\"mime\":\"image\/jpeg\",\"type\":\"image\",\"width\":950,\"height\":651,\"sizes\":{\"full\":{\"url\":\"https:\/\/vremeplov.ba\/2025\/wp-content\/uploads\/2019\/05\/Red_voznje_1953-131.jpg\",\"height\":651,\"width\":950,\"orientation\":\"landscape\"}},\"imageMeta\":{\"aperture\":\"0\",\"credit\":\"\",\"camera\":\"\",\"caption\":\"\",\"created_timestamp\":\"0\",\"copyright\":\"\",\"focal_length\":\"0\",\"iso\":\"0\",\"shutter_speed\":\"0\",\"title\":\"\",\"orientation\":\"1\",\"keywords\":[]},\"meta\":false,\"postlink\":\"https:\/\/vremeplov.ba\/2025\/2019\/05\/02\/red-voznje-vozova-za-bosnu-i-hercegovinu-iz-1953-godine\/red_voznje_1953-131\/\"},{\"id\":26828,\"title\":\"Red_voznje_1953-132\",\"url\":\"https:\/\/vremeplov.ba\/2025\/wp-content\/uploads\/2019\/05\/Red_voznje_1953-132.jpg\",\"link\":\"https:\/\/vremeplov.ba\/2025\/2019\/05\/02\/red-voznje-vozova-za-bosnu-i-hercegovinu-iz-1953-godine\/red_voznje_1953-132\/\",\"alt\":\"\",\"description\":\"\",\"caption\":\"\",\"mime\":\"image\/jpeg\",\"type\":\"image\",\"width\":950,\"height\":672,\"sizes\":{\"full\":{\"url\":\"https:\/\/vremeplov.ba\/2025\/wp-content\/uploads\/2019\/05\/Red_voznje_1953-132.jpg\",\"height\":672,\"width\":950,\"orientation\":\"landscape\"}},\"imageMeta\":{\"aperture\":\"0\",\"credit\":\"\",\"camera\":\"\",\"caption\":\"\",\"created_timestamp\":\"0\",\"copyright\":\"\",\"focal_length\":\"0\",\"iso\":\"0\",\"shutter_speed\":\"0\",\"title\":\"\",\"orientation\":\"1\",\"keywords\":[]},\"meta\":false,\"postlink\":\"https:\/\/vremeplov.ba\/2025\/2019\/05\/02\/red-voznje-vozova-za-bosnu-i-hercegovinu-iz-1953-godine\/red_voznje_1953-132\/\"}],\"hasCustomCSS\":false,\"customCSS\":\"\",\"otterConditions\":[],\"itemsMetaDataCollection\":[]}<\/script><script>(function(){if(window.PGC_SGB && window.PGC_SGB.searcher){window.PGC_SGB.searcher.initBlocks()}})()<\/script><\/div>","protected":false},"excerpt":{"rendered":"<p>Objavljujemo Red vo\u017enje vozova Jugoslovenskih \u017eeljeznica za Direkciju \u017eeljeznica Sarajevo broj: 38, 60, 61, 62, 64 do 69 i saobra\u0107ajno uputstvo sa va\u017eno\u0161\u0107u od 17. maja 1953. godine. Knjigu Reda vo\u017enji \u0161tampao je \u0160tamparski zavod \u201eVeselin Masle\u0161a\u201c iz Sarajeva 1953. godine. Iz sadr\u017eaja Za prugu pod brojem i relaciju: 38 \u2013 Sunja \u2013 Knin i&hellip;&nbsp;<a href=\"https:\/\/vremeplov.ba\/2025\/2019\/05\/02\/red-voznje-vozova-za-bosnu-i-hercegovinu-iz-1953-godine\/\" rel=\"bookmark\">Read More &raquo;<span class=\"screen-reader-text\">Red vo\u017enje vozova za Bosnu i Hercegovinu iz 1953. godine<\/span><\/a><\/p>\n","protected":false},"author":2,"featured_media":0,"comment_status":"open","ping_status":"closed","sticky":false,"template":"","format":"standard","meta":{"give_campaign_id":0,"neve_meta_sidebar":"","neve_meta_container":"","neve_meta_enable_content_width":"","neve_meta_content_width":0,"neve_meta_title_alignment":"","neve_meta_author_avatar":"","neve_post_elements_order":"","neve_meta_disable_header":"","neve_meta_disable_footer":"","neve_meta_disable_title":"","ngg_post_thumbnail":0,"pgc_sgb_lightbox_settings":"","_themeisle_gutenberg_block_has_review":false,"footnotes":""},"categories":[28],"tags":[],"class_list":["post-16129","post","type-post","status-publish","format-standard","hentry","category-red-voznje-vozova-arhivska-grada"],"_links":{"self":[{"href":"https:\/\/vremeplov.ba\/2025\/wp-json\/wp\/v2\/posts\/16129","targetHints":{"allow":["GET"]}}],"collection":[{"href":"https:\/\/vremeplov.ba\/2025\/wp-json\/wp\/v2\/posts"}],"about":[{"href":"https:\/\/vremeplov.ba\/2025\/wp-json\/wp\/v2\/types\/post"}],"author":[{"embeddable":true,"href":"https:\/\/vremeplov.ba\/2025\/wp-json\/wp\/v2\/users\/2"}],"replies":[{"embeddable":true,"href":"https:\/\/vremeplov.ba\/2025\/wp-json\/wp\/v2\/comments?post=16129"}],"version-history":[{"count":2,"href":"https:\/\/vremeplov.ba\/2025\/wp-json\/wp\/v2\/posts\/16129\/revisions"}],"predecessor-version":[{"id":34607,"href":"https:\/\/vremeplov.ba\/2025\/wp-json\/wp\/v2\/posts\/16129\/revisions\/34607"}],"wp:attachment":[{"href":"https:\/\/vremeplov.ba\/2025\/wp-json\/wp\/v2\/media?parent=16129"}],"wp:term":[{"taxonomy":"category","embeddable":true,"href":"https:\/\/vremeplov.ba\/2025\/wp-json\/wp\/v2\/categories?post=16129"},{"taxonomy":"post_tag","embeddable":true,"href":"https:\/\/vremeplov.ba\/2025\/wp-json\/wp\/v2\/tags?post=16129"}],"curies":[{"name":"wp","href":"https:\/\/api.w.org\/{rel}","templated":true}]}}