{"id":18336,"date":"2019-11-15T10:31:32","date_gmt":"2019-11-15T09:31:32","guid":{"rendered":"http:\/\/vremeplov.ba\/?p=18336"},"modified":"2025-05-18T14:00:51","modified_gmt":"2025-05-18T12:00:51","slug":"daljinar-knjizica-tarifskih-kilometara-na-bosanskohercegovackim-i-austrijskim-drzavnim-zeljeznicama-za-1906-godinu","status":"publish","type":"post","link":"https:\/\/vremeplov.ba\/2025\/2019\/11\/15\/daljinar-knjizica-tarifskih-kilometara-na-bosanskohercegovackim-i-austrijskim-drzavnim-zeljeznicama-za-1906-godinu\/","title":{"rendered":"Daljinar \u2013 knji\u017eica tarifskih kilometara na Bosanskohercegova\u010dkim i Austrijskim dr\u017eavnim \u017eeljeznicama za 1906. godinu"},"content":{"rendered":"\n<figure class=\"wp-block-image size-large\"><img decoding=\"async\" src=\"https:\/\/vremeplov.ba\/2025\/wp-content\/uploads\/2019\/11\/image-3.png\" alt=\"\" class=\"wp-image-18337\"\/><\/figure>\n\n\n\n<p>Na dan pu\u0161tanja u javni saobra\u0107aj (04.07.1906. godine)\nizgra\u0111ene uzane pruge Sarajevo \u2013 Isto\u010dna granica (Sarajevo-Ostgrenze) Direkcija\nBosanskohercegova\u010dkih dr\u017eavnih \u017eeljeznica (Bosnische-hercegovinische\nStaatsbahnen) izdaje knji\u017eicu kilometarskih odstojanja za lokalne tarife (Kilometerzeiger\nzu den Lokal- Tarifen) prilikom otpreme putnika, prtljaga, ekspresne robe i\npasa.<\/p>\n\n\n\n<p>Knji\u017eica kilometarskih odstojanja tehni\u010dki je ura\u0111ena i\npropisana za slijede\u0107e pruge:<\/p>\n\n\n\n<ol class=\"wp-block-list\">\n<li><strong>K. k. Bosnische-hercegovinische<br>Staatsbahnen<\/strong><\/li>\n\n\n\n<li>Bosnisch Brod \u2013 Sarajevo,<\/li>\n\n\n\n<li>Sarajevo \u2013 Gabela,<\/li>\n\n\n\n<li>Gabela \u2013 Uskoplje Landesgrenze, (dr\u017eavna<br>granica)<\/li>\n\n\n\n<li>Uskoplje \u2013 Glavska Landesgrenze,<\/li>\n\n\n\n<li>Nagumanac Landesgrenze \u2013 Igalo Landesgrenze,<\/li>\n\n\n\n<li>Hum \u2013 Trebinje,<\/li>\n\n\n\n<li>Gabela \u2013 Metkovi\u0107,<\/li>\n\n\n\n<li>La\u0161va \u2013 Bugojno,<\/li>\n\n\n\n<li>Donji Vakuf \u2013 Jajce,<\/li>\n\n\n\n<li>Doboj \u2013 Siminhan,<\/li>\n\n\n\n<li>Karanovac \u2013 Gra\u010danica,<\/li>\n\n\n\n<li>Sarajevo \u2013 Uvac und<\/li>\n\n\n\n<li>Megjegje \u2013 Vardi\u0161te<\/li>\n<\/ol>\n\n\n\n<ul class=\"wp-block-list\">\n<li><strong>K. k. \u00f6sterreichische Staatsbahnen<\/strong> <strong>(norddalmatinische<br>Linien)<\/strong><\/li>\n\n\n\n<li>Uskoplje Landesgrenze \u2013 Gru\u017e (Gravosa)<\/li>\n\n\n\n<li>Glavska Landesgrenze &#8211; Nagumanac Landesgrenze<br>und<\/li>\n\n\n\n<li>Igalo Landesgrenze \u2013 Zelenika<\/li>\n<\/ul>\n\n\n\n<p>Prilikom pregleda kilometarskih tablica uo\u010diti \u0107ete oznake\n*, **, + i o. Oznaka * su stanice u kojim se zaustavljaju vozovi samo za\nosoblje i pomo\u0107ni kadar. Oznaka ** napominje za stanice K. k. Austrijskih\ndr\u017eavnih \u017eeljeznica (Hercegnovi i Komaj) u kojim se zaustavljaju vozovi za\nosoblje i ustanove u radu. Oznaka + (krst) ozna\u010dene su stanice u kilometru za\nosoblje i ograni\u010deni teretni promet (Sutorina, \u010cilipi i Mihani\u0107i). Oznaka \u201eo\u201c\nsu grani\u010dni prijelazi, koji nisu uspostavljeni za lokalni promet i slu\u017ee samo\nza odre\u0111ivanje udaljenosti od ili do dr\u017eavne granice isklju\u010duju\u0107i podru\u010dje\nSutorine. Naime, Sutorina se (geografski) nalazi u Bh teritoriju i 7.437\nkilometara izgra\u0111ena je o tro\u0161ku Zemaljske vlade BiH i istu kilometra\u017eu odr\u017eava\ni na njoj posluje direkcija K. k. \u00f6sterreichische Staatsbahnen. <\/p>\n\n\n\n<p>Knji\u017eica je \u0161tampana na Njema\u010dkom jeziku juna 1906. godine.<\/p>\n\n\n\n<p>Literatura: Arhivski dokumenti su iz <em>fundusa Arhiva BiH.<\/em> <\/p>\n\n\n<div class=\"pgc-sgb-cb wp-block-pgcsimplygalleryblock-grid \" data-gallery-id=\"d9791445\"><div class=\"sgb-preloader\" id=\"pr_d9791445\">\n\t<div class=\"sgb-square\" style=\"background:#d4d4d4\"><\/div>\n\t<div class=\"sgb-square\" style=\"background:#d4d4d4\"><\/div>\n\t<div class=\"sgb-square\" style=\"background:#d4d4d4\"><\/div>\n\t<div class=\"sgb-square\" style=\"background:#d4d4d4\"><\/div><\/div><div class=\"simply-gallery-amp pgc_sgb_slider \"><noscript><div class=\"sgb-gallery\"><div class=\"sgb-item\"><a href=\"https:\/\/vremeplov.ba\/2025\/2019\/11\/15\/daljinar-knjizica-tarifskih-kilometara-na-bosanskohercegovackim-i-austrijskim-drzavnim-zeljeznicama-za-1906-godinu\/daljinar_kilometerzeiger_1906-1\/\" target=\"_blank\"><img decoding=\"async\" alt=\"\" width=\"996\" height=\"1417\" loading=\"lazy\" src=\"https:\/\/vremeplov.ba\/2025\/wp-content\/uploads\/2019\/11\/Daljinar_Kilometerzeiger_1906-1.jpg\" srcset=\",https:\/\/vremeplov.ba\/2025\/wp-content\/uploads\/2019\/11\/Daljinar_Kilometerzeiger_1906-1.jpg 996w\" sizes=\"auto, 250px\"\/><\/a><\/div><div class=\"sgb-item\"><a href=\"https:\/\/vremeplov.ba\/2025\/2019\/11\/15\/daljinar-knjizica-tarifskih-kilometara-na-bosanskohercegovackim-i-austrijskim-drzavnim-zeljeznicama-za-1906-godinu\/daljinar_kilometerzeiger_1906-2\/\" target=\"_blank\"><img decoding=\"async\" alt=\"\" width=\"969\" height=\"1417\" loading=\"lazy\" src=\"https:\/\/vremeplov.ba\/2025\/wp-content\/uploads\/2019\/11\/Daljinar_Kilometerzeiger_1906-2.jpg\" srcset=\",https:\/\/vremeplov.ba\/2025\/wp-content\/uploads\/2019\/11\/Daljinar_Kilometerzeiger_1906-2.jpg 969w\" sizes=\"auto, 250px\"\/><\/a><\/div><div class=\"sgb-item\"><a href=\"https:\/\/vremeplov.ba\/2025\/2019\/11\/15\/daljinar-knjizica-tarifskih-kilometara-na-bosanskohercegovackim-i-austrijskim-drzavnim-zeljeznicama-za-1906-godinu\/daljinar_kilometerzeiger_1906-3\/\" target=\"_blank\"><img decoding=\"async\" alt=\"\" width=\"951\" height=\"1417\" loading=\"lazy\" src=\"https:\/\/vremeplov.ba\/2025\/wp-content\/uploads\/2019\/11\/Daljinar_Kilometerzeiger_1906-3.jpg\" srcset=\",https:\/\/vremeplov.ba\/2025\/wp-content\/uploads\/2019\/11\/Daljinar_Kilometerzeiger_1906-3.jpg 951w\" sizes=\"auto, 250px\"\/><\/a><\/div><div class=\"sgb-item\"><a href=\"https:\/\/vremeplov.ba\/2025\/2019\/11\/15\/daljinar-knjizica-tarifskih-kilometara-na-bosanskohercegovackim-i-austrijskim-drzavnim-zeljeznicama-za-1906-godinu\/daljinar_kilometerzeiger_1906-4\/\" target=\"_blank\"><img decoding=\"async\" alt=\"\" width=\"1194\" height=\"1417\" loading=\"lazy\" src=\"https:\/\/vremeplov.ba\/2025\/wp-content\/uploads\/2019\/11\/Daljinar_Kilometerzeiger_1906-4.jpg\" srcset=\",https:\/\/vremeplov.ba\/2025\/wp-content\/uploads\/2019\/11\/Daljinar_Kilometerzeiger_1906-4.jpg 1194w\" sizes=\"auto, 250px\"\/><\/a><\/div><div class=\"sgb-item\"><a href=\"https:\/\/vremeplov.ba\/2025\/2019\/11\/15\/daljinar-knjizica-tarifskih-kilometara-na-bosanskohercegovackim-i-austrijskim-drzavnim-zeljeznicama-za-1906-godinu\/daljinar_kilometerzeiger_1906-5\/\" target=\"_blank\"><img decoding=\"async\" alt=\"\" width=\"964\" height=\"1417\" loading=\"lazy\" src=\"https:\/\/vremeplov.ba\/2025\/wp-content\/uploads\/2019\/11\/Daljinar_Kilometerzeiger_1906-5.jpg\" srcset=\",https:\/\/vremeplov.ba\/2025\/wp-content\/uploads\/2019\/11\/Daljinar_Kilometerzeiger_1906-5.jpg 964w\" sizes=\"auto, 250px\"\/><\/a><\/div><div class=\"sgb-item\"><a href=\"https:\/\/vremeplov.ba\/2025\/2019\/11\/15\/daljinar-knjizica-tarifskih-kilometara-na-bosanskohercegovackim-i-austrijskim-drzavnim-zeljeznicama-za-1906-godinu\/daljinar_kilometerzeiger_1906-6\/\" target=\"_blank\"><img decoding=\"async\" alt=\"\" width=\"971\" height=\"1417\" loading=\"lazy\" src=\"https:\/\/vremeplov.ba\/2025\/wp-content\/uploads\/2019\/11\/Daljinar_Kilometerzeiger_1906-6.jpg\" srcset=\",https:\/\/vremeplov.ba\/2025\/wp-content\/uploads\/2019\/11\/Daljinar_Kilometerzeiger_1906-6.jpg 971w\" sizes=\"auto, 250px\"\/><\/a><\/div><div class=\"sgb-item\"><a href=\"https:\/\/vremeplov.ba\/2025\/2019\/11\/15\/daljinar-knjizica-tarifskih-kilometara-na-bosanskohercegovackim-i-austrijskim-drzavnim-zeljeznicama-za-1906-godinu\/daljinar_kilometerzeiger_1906-7\/\" target=\"_blank\"><img decoding=\"async\" alt=\"\" width=\"933\" height=\"1417\" loading=\"lazy\" src=\"https:\/\/vremeplov.ba\/2025\/wp-content\/uploads\/2019\/11\/Daljinar_Kilometerzeiger_1906-7.jpg\" srcset=\",https:\/\/vremeplov.ba\/2025\/wp-content\/uploads\/2019\/11\/Daljinar_Kilometerzeiger_1906-7.jpg 933w\" sizes=\"auto, 250px\"\/><\/a><\/div><div class=\"sgb-item\"><a href=\"https:\/\/vremeplov.ba\/2025\/2019\/11\/15\/daljinar-knjizica-tarifskih-kilometara-na-bosanskohercegovackim-i-austrijskim-drzavnim-zeljeznicama-za-1906-godinu\/daljinar_kilometerzeiger_1906-8\/\" target=\"_blank\"><img decoding=\"async\" alt=\"\" width=\"1031\" height=\"1417\" loading=\"lazy\" src=\"https:\/\/vremeplov.ba\/2025\/wp-content\/uploads\/2019\/11\/Daljinar_Kilometerzeiger_1906-8.jpg\" srcset=\",https:\/\/vremeplov.ba\/2025\/wp-content\/uploads\/2019\/11\/Daljinar_Kilometerzeiger_1906-8.jpg 1031w\" sizes=\"auto, 250px\"\/><\/a><\/div><div class=\"sgb-item\"><a href=\"https:\/\/vremeplov.ba\/2025\/2019\/11\/15\/daljinar-knjizica-tarifskih-kilometara-na-bosanskohercegovackim-i-austrijskim-drzavnim-zeljeznicama-za-1906-godinu\/daljinar_kilometerzeiger_1906-9\/\" target=\"_blank\"><img decoding=\"async\" alt=\"\" width=\"949\" height=\"1417\" loading=\"lazy\" src=\"https:\/\/vremeplov.ba\/2025\/wp-content\/uploads\/2019\/11\/Daljinar_Kilometerzeiger_1906-9.jpg\" srcset=\",https:\/\/vremeplov.ba\/2025\/wp-content\/uploads\/2019\/11\/Daljinar_Kilometerzeiger_1906-9.jpg 949w\" sizes=\"auto, 250px\"\/><\/a><\/div><div class=\"sgb-item\"><a href=\"https:\/\/vremeplov.ba\/2025\/2019\/11\/15\/daljinar-knjizica-tarifskih-kilometara-na-bosanskohercegovackim-i-austrijskim-drzavnim-zeljeznicama-za-1906-godinu\/daljinar_kilometerzeiger_1906-10\/\" target=\"_blank\"><img decoding=\"async\" alt=\"\" width=\"957\" height=\"1417\" loading=\"lazy\" src=\"https:\/\/vremeplov.ba\/2025\/wp-content\/uploads\/2019\/11\/Daljinar_Kilometerzeiger_1906-10.jpg\" srcset=\",https:\/\/vremeplov.ba\/2025\/wp-content\/uploads\/2019\/11\/Daljinar_Kilometerzeiger_1906-10.jpg 957w\" sizes=\"auto, 250px\"\/><\/a><\/div><div class=\"sgb-item\"><a href=\"https:\/\/vremeplov.ba\/2025\/2019\/11\/15\/daljinar-knjizica-tarifskih-kilometara-na-bosanskohercegovackim-i-austrijskim-drzavnim-zeljeznicama-za-1906-godinu\/daljinar_kilometerzeiger_1906-11\/\" target=\"_blank\"><img decoding=\"async\" alt=\"\" width=\"1046\" height=\"1417\" loading=\"lazy\" src=\"https:\/\/vremeplov.ba\/2025\/wp-content\/uploads\/2019\/11\/Daljinar_Kilometerzeiger_1906-11.jpg\" srcset=\",https:\/\/vremeplov.ba\/2025\/wp-content\/uploads\/2019\/11\/Daljinar_Kilometerzeiger_1906-11.jpg 1046w\" sizes=\"auto, 250px\"\/><\/a><\/div><div class=\"sgb-item\"><a href=\"https:\/\/vremeplov.ba\/2025\/2019\/11\/15\/daljinar-knjizica-tarifskih-kilometara-na-bosanskohercegovackim-i-austrijskim-drzavnim-zeljeznicama-za-1906-godinu\/daljinar_kilometerzeiger_1906-12\/\" target=\"_blank\"><img decoding=\"async\" alt=\"\" width=\"981\" height=\"1417\" loading=\"lazy\" src=\"https:\/\/vremeplov.ba\/2025\/wp-content\/uploads\/2019\/11\/Daljinar_Kilometerzeiger_1906-12.jpg\" srcset=\",https:\/\/vremeplov.ba\/2025\/wp-content\/uploads\/2019\/11\/Daljinar_Kilometerzeiger_1906-12.jpg 981w\" sizes=\"auto, 250px\"\/><\/a><\/div><div class=\"sgb-item\"><a href=\"https:\/\/vremeplov.ba\/2025\/2019\/11\/15\/daljinar-knjizica-tarifskih-kilometara-na-bosanskohercegovackim-i-austrijskim-drzavnim-zeljeznicama-za-1906-godinu\/daljinar_kilometerzeiger_1906-13\/\" target=\"_blank\"><img decoding=\"async\" alt=\"\" width=\"1000\" height=\"1417\" loading=\"lazy\" src=\"https:\/\/vremeplov.ba\/2025\/wp-content\/uploads\/2019\/11\/Daljinar_Kilometerzeiger_1906-13.jpg\" srcset=\",https:\/\/vremeplov.ba\/2025\/wp-content\/uploads\/2019\/11\/Daljinar_Kilometerzeiger_1906-13.jpg 1000w\" sizes=\"auto, 250px\"\/><\/a><\/div><div class=\"sgb-item\"><a href=\"https:\/\/vremeplov.ba\/2025\/2019\/11\/15\/daljinar-knjizica-tarifskih-kilometara-na-bosanskohercegovackim-i-austrijskim-drzavnim-zeljeznicama-za-1906-godinu\/daljinar_kilometerzeiger_1906-14\/\" target=\"_blank\"><img decoding=\"async\" alt=\"\" width=\"1028\" height=\"1417\" loading=\"lazy\" src=\"https:\/\/vremeplov.ba\/2025\/wp-content\/uploads\/2019\/11\/Daljinar_Kilometerzeiger_1906-14.jpg\" srcset=\",https:\/\/vremeplov.ba\/2025\/wp-content\/uploads\/2019\/11\/Daljinar_Kilometerzeiger_1906-14.jpg 1028w\" sizes=\"auto, 250px\"\/><\/a><\/div><div class=\"sgb-item\"><a href=\"https:\/\/vremeplov.ba\/2025\/2019\/11\/15\/daljinar-knjizica-tarifskih-kilometara-na-bosanskohercegovackim-i-austrijskim-drzavnim-zeljeznicama-za-1906-godinu\/daljinar_kilometerzeiger_1906-15\/\" target=\"_blank\"><img decoding=\"async\" alt=\"\" width=\"972\" height=\"1417\" loading=\"lazy\" src=\"https:\/\/vremeplov.ba\/2025\/wp-content\/uploads\/2019\/11\/Daljinar_Kilometerzeiger_1906-15.jpg\" srcset=\",https:\/\/vremeplov.ba\/2025\/wp-content\/uploads\/2019\/11\/Daljinar_Kilometerzeiger_1906-15.jpg 972w\" sizes=\"auto, 250px\"\/><\/a><\/div><div class=\"sgb-item\"><a href=\"https:\/\/vremeplov.ba\/2025\/2019\/11\/15\/daljinar-knjizica-tarifskih-kilometara-na-bosanskohercegovackim-i-austrijskim-drzavnim-zeljeznicama-za-1906-godinu\/daljinar_kilometerzeiger_1906-16\/\" target=\"_blank\"><img decoding=\"async\" alt=\"\" width=\"1023\" height=\"1417\" loading=\"lazy\" src=\"https:\/\/vremeplov.ba\/2025\/wp-content\/uploads\/2019\/11\/Daljinar_Kilometerzeiger_1906-16.jpg\" srcset=\",https:\/\/vremeplov.ba\/2025\/wp-content\/uploads\/2019\/11\/Daljinar_Kilometerzeiger_1906-16.jpg 1023w\" sizes=\"auto, 250px\"\/><\/a><\/div><div class=\"sgb-item\"><a href=\"https:\/\/vremeplov.ba\/2025\/2019\/11\/15\/daljinar-knjizica-tarifskih-kilometara-na-bosanskohercegovackim-i-austrijskim-drzavnim-zeljeznicama-za-1906-godinu\/daljinar_kilometerzeiger_1906-17\/\" target=\"_blank\"><img decoding=\"async\" alt=\"\" width=\"965\" height=\"1417\" loading=\"lazy\" src=\"https:\/\/vremeplov.ba\/2025\/wp-content\/uploads\/2019\/11\/Daljinar_Kilometerzeiger_1906-17.jpg\" srcset=\",https:\/\/vremeplov.ba\/2025\/wp-content\/uploads\/2019\/11\/Daljinar_Kilometerzeiger_1906-17.jpg 965w\" sizes=\"auto, 250px\"\/><\/a><\/div><div class=\"sgb-item\"><a href=\"https:\/\/vremeplov.ba\/2025\/2019\/11\/15\/daljinar-knjizica-tarifskih-kilometara-na-bosanskohercegovackim-i-austrijskim-drzavnim-zeljeznicama-za-1906-godinu\/daljinar_kilometerzeiger_1906-18\/\" target=\"_blank\"><img decoding=\"async\" alt=\"\" width=\"1005\" height=\"1417\" loading=\"lazy\" src=\"https:\/\/vremeplov.ba\/2025\/wp-content\/uploads\/2019\/11\/Daljinar_Kilometerzeiger_1906-18.jpg\" srcset=\",https:\/\/vremeplov.ba\/2025\/wp-content\/uploads\/2019\/11\/Daljinar_Kilometerzeiger_1906-18.jpg 1005w\" sizes=\"auto, 250px\"\/><\/a><\/div><div class=\"sgb-item\"><a href=\"https:\/\/vremeplov.ba\/2025\/2019\/11\/15\/daljinar-knjizica-tarifskih-kilometara-na-bosanskohercegovackim-i-austrijskim-drzavnim-zeljeznicama-za-1906-godinu\/daljinar_kilometerzeiger_1906-19\/\" target=\"_blank\"><img decoding=\"async\" alt=\"\" width=\"936\" height=\"1417\" loading=\"lazy\" src=\"https:\/\/vremeplov.ba\/2025\/wp-content\/uploads\/2019\/11\/Daljinar_Kilometerzeiger_1906-19.jpg\" srcset=\",https:\/\/vremeplov.ba\/2025\/wp-content\/uploads\/2019\/11\/Daljinar_Kilometerzeiger_1906-19.jpg 936w\" sizes=\"auto, 250px\"\/><\/a><\/div><div class=\"sgb-item\"><a href=\"https:\/\/vremeplov.ba\/2025\/2019\/11\/15\/daljinar-knjizica-tarifskih-kilometara-na-bosanskohercegovackim-i-austrijskim-drzavnim-zeljeznicama-za-1906-godinu\/daljinar_kilometerzeiger_1906-20\/\" target=\"_blank\"><img decoding=\"async\" alt=\"\" width=\"1006\" height=\"1417\" loading=\"lazy\" src=\"https:\/\/vremeplov.ba\/2025\/wp-content\/uploads\/2019\/11\/Daljinar_Kilometerzeiger_1906-20.jpg\" srcset=\",https:\/\/vremeplov.ba\/2025\/wp-content\/uploads\/2019\/11\/Daljinar_Kilometerzeiger_1906-20.jpg 1006w\" sizes=\"auto, 250px\"\/><\/a><\/div><div class=\"sgb-item\"><a href=\"https:\/\/vremeplov.ba\/2025\/2019\/11\/15\/daljinar-knjizica-tarifskih-kilometara-na-bosanskohercegovackim-i-austrijskim-drzavnim-zeljeznicama-za-1906-godinu\/daljinar_kilometerzeiger_1906-21\/\" target=\"_blank\"><img decoding=\"async\" alt=\"\" width=\"939\" height=\"1417\" loading=\"lazy\" src=\"https:\/\/vremeplov.ba\/2025\/wp-content\/uploads\/2019\/11\/Daljinar_Kilometerzeiger_1906-21.jpg\" srcset=\",https:\/\/vremeplov.ba\/2025\/wp-content\/uploads\/2019\/11\/Daljinar_Kilometerzeiger_1906-21.jpg 939w\" sizes=\"auto, 250px\"\/><\/a><\/div><div class=\"sgb-item\"><a href=\"https:\/\/vremeplov.ba\/2025\/2019\/11\/15\/daljinar-knjizica-tarifskih-kilometara-na-bosanskohercegovackim-i-austrijskim-drzavnim-zeljeznicama-za-1906-godinu\/daljinar_kilometerzeiger_1906-22\/\" target=\"_blank\"><img decoding=\"async\" alt=\"\" width=\"972\" height=\"1417\" loading=\"lazy\" src=\"https:\/\/vremeplov.ba\/2025\/wp-content\/uploads\/2019\/11\/Daljinar_Kilometerzeiger_1906-22.jpg\" srcset=\",https:\/\/vremeplov.ba\/2025\/wp-content\/uploads\/2019\/11\/Daljinar_Kilometerzeiger_1906-22.jpg 972w\" sizes=\"auto, 250px\"\/><\/a><\/div><div class=\"sgb-item\"><a href=\"https:\/\/vremeplov.ba\/2025\/2019\/11\/15\/daljinar-knjizica-tarifskih-kilometara-na-bosanskohercegovackim-i-austrijskim-drzavnim-zeljeznicama-za-1906-godinu\/daljinar_kilometerzeiger_1906-23\/\" target=\"_blank\"><img decoding=\"async\" alt=\"\" width=\"956\" height=\"1417\" loading=\"lazy\" src=\"https:\/\/vremeplov.ba\/2025\/wp-content\/uploads\/2019\/11\/Daljinar_Kilometerzeiger_1906-23.jpg\" srcset=\",https:\/\/vremeplov.ba\/2025\/wp-content\/uploads\/2019\/11\/Daljinar_Kilometerzeiger_1906-23.jpg 956w\" sizes=\"auto, 250px\"\/><\/a><\/div><div class=\"sgb-item\"><a href=\"https:\/\/vremeplov.ba\/2025\/2019\/11\/15\/daljinar-knjizica-tarifskih-kilometara-na-bosanskohercegovackim-i-austrijskim-drzavnim-zeljeznicama-za-1906-godinu\/daljinar_kilometerzeiger_1906-24\/\" target=\"_blank\"><img decoding=\"async\" alt=\"\" width=\"988\" height=\"1417\" loading=\"lazy\" src=\"https:\/\/vremeplov.ba\/2025\/wp-content\/uploads\/2019\/11\/Daljinar_Kilometerzeiger_1906-24.jpg\" srcset=\",https:\/\/vremeplov.ba\/2025\/wp-content\/uploads\/2019\/11\/Daljinar_Kilometerzeiger_1906-24.jpg 988w\" sizes=\"auto, 250px\"\/><\/a><\/div><div class=\"sgb-item\"><a href=\"https:\/\/vremeplov.ba\/2025\/2019\/11\/15\/daljinar-knjizica-tarifskih-kilometara-na-bosanskohercegovackim-i-austrijskim-drzavnim-zeljeznicama-za-1906-godinu\/daljinar_kilometerzeiger_1906-25\/\" target=\"_blank\"><img decoding=\"async\" alt=\"\" width=\"984\" height=\"1417\" loading=\"lazy\" src=\"https:\/\/vremeplov.ba\/2025\/wp-content\/uploads\/2019\/11\/Daljinar_Kilometerzeiger_1906-25.jpg\" srcset=\",https:\/\/vremeplov.ba\/2025\/wp-content\/uploads\/2019\/11\/Daljinar_Kilometerzeiger_1906-25.jpg 984w\" sizes=\"auto, 250px\"\/><\/a><\/div><div class=\"sgb-item\"><a href=\"https:\/\/vremeplov.ba\/2025\/2019\/11\/15\/daljinar-knjizica-tarifskih-kilometara-na-bosanskohercegovackim-i-austrijskim-drzavnim-zeljeznicama-za-1906-godinu\/daljinar_kilometerzeiger_1906-26\/\" target=\"_blank\"><img decoding=\"async\" alt=\"\" width=\"1030\" height=\"1417\" loading=\"lazy\" src=\"https:\/\/vremeplov.ba\/2025\/wp-content\/uploads\/2019\/11\/Daljinar_Kilometerzeiger_1906-26.jpg\" srcset=\",https:\/\/vremeplov.ba\/2025\/wp-content\/uploads\/2019\/11\/Daljinar_Kilometerzeiger_1906-26.jpg 1030w\" sizes=\"auto, 250px\"\/><\/a><\/div><div class=\"sgb-item\"><a href=\"https:\/\/vremeplov.ba\/2025\/2019\/11\/15\/daljinar-knjizica-tarifskih-kilometara-na-bosanskohercegovackim-i-austrijskim-drzavnim-zeljeznicama-za-1906-godinu\/daljinar_kilometerzeiger_1906-27\/\" target=\"_blank\"><img decoding=\"async\" alt=\"\" width=\"980\" height=\"1417\" loading=\"lazy\" src=\"https:\/\/vremeplov.ba\/2025\/wp-content\/uploads\/2019\/11\/Daljinar_Kilometerzeiger_1906-27.jpg\" srcset=\",https:\/\/vremeplov.ba\/2025\/wp-content\/uploads\/2019\/11\/Daljinar_Kilometerzeiger_1906-27.jpg 980w\" sizes=\"auto, 250px\"\/><\/a><\/div><div class=\"sgb-item\"><a href=\"https:\/\/vremeplov.ba\/2025\/2019\/11\/15\/daljinar-knjizica-tarifskih-kilometara-na-bosanskohercegovackim-i-austrijskim-drzavnim-zeljeznicama-za-1906-godinu\/daljinar_kilometerzeiger_1906-28\/\" target=\"_blank\"><img decoding=\"async\" alt=\"\" width=\"1036\" height=\"1417\" loading=\"lazy\" src=\"https:\/\/vremeplov.ba\/2025\/wp-content\/uploads\/2019\/11\/Daljinar_Kilometerzeiger_1906-28.jpg\" srcset=\",https:\/\/vremeplov.ba\/2025\/wp-content\/uploads\/2019\/11\/Daljinar_Kilometerzeiger_1906-28.jpg 1036w\" sizes=\"auto, 250px\"\/><\/a><\/div><div class=\"sgb-item\"><a href=\"https:\/\/vremeplov.ba\/2025\/2019\/11\/15\/daljinar-knjizica-tarifskih-kilometara-na-bosanskohercegovackim-i-austrijskim-drzavnim-zeljeznicama-za-1906-godinu\/daljinar_kilometerzeiger_1906-29\/\" target=\"_blank\"><img decoding=\"async\" alt=\"\" width=\"988\" height=\"1417\" loading=\"lazy\" src=\"https:\/\/vremeplov.ba\/2025\/wp-content\/uploads\/2019\/11\/Daljinar_Kilometerzeiger_1906-29.jpg\" srcset=\",https:\/\/vremeplov.ba\/2025\/wp-content\/uploads\/2019\/11\/Daljinar_Kilometerzeiger_1906-29.jpg 988w\" sizes=\"auto, 250px\"\/><\/a><\/div><div class=\"sgb-item\"><a href=\"https:\/\/vremeplov.ba\/2025\/2019\/11\/15\/daljinar-knjizica-tarifskih-kilometara-na-bosanskohercegovackim-i-austrijskim-drzavnim-zeljeznicama-za-1906-godinu\/daljinar_kilometerzeiger_1906-30\/\" target=\"_blank\"><img decoding=\"async\" alt=\"\" width=\"999\" height=\"1417\" loading=\"lazy\" src=\"https:\/\/vremeplov.ba\/2025\/wp-content\/uploads\/2019\/11\/Daljinar_Kilometerzeiger_1906-30.jpg\" srcset=\",https:\/\/vremeplov.ba\/2025\/wp-content\/uploads\/2019\/11\/Daljinar_Kilometerzeiger_1906-30.jpg 999w\" sizes=\"auto, 250px\"\/><\/a><\/div><div class=\"sgb-item\"><a href=\"https:\/\/vremeplov.ba\/2025\/2019\/11\/15\/daljinar-knjizica-tarifskih-kilometara-na-bosanskohercegovackim-i-austrijskim-drzavnim-zeljeznicama-za-1906-godinu\/daljinar_kilometerzeiger_1906-31\/\" target=\"_blank\"><img decoding=\"async\" alt=\"\" width=\"955\" height=\"1417\" loading=\"lazy\" src=\"https:\/\/vremeplov.ba\/2025\/wp-content\/uploads\/2019\/11\/Daljinar_Kilometerzeiger_1906-31.jpg\" srcset=\",https:\/\/vremeplov.ba\/2025\/wp-content\/uploads\/2019\/11\/Daljinar_Kilometerzeiger_1906-31.jpg 955w\" sizes=\"auto, 250px\"\/><\/a><\/div><div class=\"sgb-item\"><a href=\"https:\/\/vremeplov.ba\/2025\/2019\/11\/15\/daljinar-knjizica-tarifskih-kilometara-na-bosanskohercegovackim-i-austrijskim-drzavnim-zeljeznicama-za-1906-godinu\/daljinar_kilometerzeiger_1906-32\/\" target=\"_blank\"><img decoding=\"async\" alt=\"\" width=\"1002\" height=\"1417\" loading=\"lazy\" src=\"https:\/\/vremeplov.ba\/2025\/wp-content\/uploads\/2019\/11\/Daljinar_Kilometerzeiger_1906-32.jpg\" srcset=\",https:\/\/vremeplov.ba\/2025\/wp-content\/uploads\/2019\/11\/Daljinar_Kilometerzeiger_1906-32.jpg 1002w\" sizes=\"auto, 250px\"\/><\/a><\/div><\/div><\/noscript><\/div><script type=\"application\/json\" class=\"sgb-data\">{\"collectionColumns\":5,\"collectionThumbRecomendedWidth\":100,\"externalLink\":false,\"captions\":false,\"collectionThumbSubMenuDownload\":false,\"collectionThumbSubMenuShare\":false,\"galleryType\":\"pgc_sgb_grid\",\"galleryId\":\"d9791445\",\"images\":[{\"id\":25367,\"title\":\"Daljinar_Kilometerzeiger_1906-1\",\"url\":\"https:\/\/vremeplov.ba\/2025\/wp-content\/uploads\/2019\/11\/Daljinar_Kilometerzeiger_1906-1.jpg\",\"link\":\"https:\/\/vremeplov.ba\/2025\/2019\/11\/15\/daljinar-knjizica-tarifskih-kilometara-na-bosanskohercegovackim-i-austrijskim-drzavnim-zeljeznicama-za-1906-godinu\/daljinar_kilometerzeiger_1906-1\/\",\"alt\":\"\",\"description\":\"\",\"caption\":\"\",\"mime\":\"image\/jpeg\",\"type\":\"image\",\"width\":996,\"height\":1417,\"sizes\":{\"full\":{\"url\":\"https:\/\/vremeplov.ba\/2025\/wp-content\/uploads\/2019\/11\/Daljinar_Kilometerzeiger_1906-1.jpg\",\"height\":1417,\"width\":996,\"orientation\":\"portrait\"}},\"imageMeta\":{\"aperture\":\"0\",\"credit\":\"Srecko\",\"camera\":\"HP Scanjet 2400\",\"caption\":\"\",\"created_timestamp\":\"0\",\"copyright\":\"www.vremeplov.ba\",\"focal_length\":\"0\",\"iso\":\"0\",\"shutter_speed\":\"0\",\"title\":\"\",\"orientation\":\"1\",\"keywords\":[\"Daljinar\",\"Kilometerzeiger\",\"Lokal-Tarifen\",\"\u00f6sterreichische Staatsbahnen\",\"Bosnische-hercegovinische Staatsbahnen\",\"vremeplov\",\"Bosna\",\"\u017eeljeznice\"]},\"meta\":false,\"postlink\":\"https:\/\/vremeplov.ba\/2025\/2019\/11\/15\/daljinar-knjizica-tarifskih-kilometara-na-bosanskohercegovackim-i-austrijskim-drzavnim-zeljeznicama-za-1906-godinu\/daljinar_kilometerzeiger_1906-1\/\"},{\"id\":25368,\"title\":\"Daljinar_Kilometerzeiger_1906-2\",\"url\":\"https:\/\/vremeplov.ba\/2025\/wp-content\/uploads\/2019\/11\/Daljinar_Kilometerzeiger_1906-2.jpg\",\"link\":\"https:\/\/vremeplov.ba\/2025\/2019\/11\/15\/daljinar-knjizica-tarifskih-kilometara-na-bosanskohercegovackim-i-austrijskim-drzavnim-zeljeznicama-za-1906-godinu\/daljinar_kilometerzeiger_1906-2\/\",\"alt\":\"\",\"description\":\"\",\"caption\":\"\",\"mime\":\"image\/jpeg\",\"type\":\"image\",\"width\":969,\"height\":1417,\"sizes\":{\"full\":{\"url\":\"https:\/\/vremeplov.ba\/2025\/wp-content\/uploads\/2019\/11\/Daljinar_Kilometerzeiger_1906-2.jpg\",\"height\":1417,\"width\":969,\"orientation\":\"portrait\"}},\"imageMeta\":{\"aperture\":\"0\",\"credit\":\"Srecko\",\"camera\":\"HP Scanjet 2400\",\"caption\":\"\",\"created_timestamp\":\"0\",\"copyright\":\"www.vremeplov.ba\",\"focal_length\":\"0\",\"iso\":\"0\",\"shutter_speed\":\"0\",\"title\":\"\",\"orientation\":\"1\",\"keywords\":[\"Daljinar\",\"Kilometerzeiger\",\"Lokal-Tarifen\",\"\u00f6sterreichische Staatsbahnen\",\"Bosnische-hercegovinische Staatsbahnen\",\"vremeplov\",\"Bosna\",\"\u017eeljeznice\"]},\"meta\":false,\"postlink\":\"https:\/\/vremeplov.ba\/2025\/2019\/11\/15\/daljinar-knjizica-tarifskih-kilometara-na-bosanskohercegovackim-i-austrijskim-drzavnim-zeljeznicama-za-1906-godinu\/daljinar_kilometerzeiger_1906-2\/\"},{\"id\":25369,\"title\":\"Daljinar_Kilometerzeiger_1906-3\",\"url\":\"https:\/\/vremeplov.ba\/2025\/wp-content\/uploads\/2019\/11\/Daljinar_Kilometerzeiger_1906-3.jpg\",\"link\":\"https:\/\/vremeplov.ba\/2025\/2019\/11\/15\/daljinar-knjizica-tarifskih-kilometara-na-bosanskohercegovackim-i-austrijskim-drzavnim-zeljeznicama-za-1906-godinu\/daljinar_kilometerzeiger_1906-3\/\",\"alt\":\"\",\"description\":\"\",\"caption\":\"\",\"mime\":\"image\/jpeg\",\"type\":\"image\",\"width\":951,\"height\":1417,\"sizes\":{\"full\":{\"url\":\"https:\/\/vremeplov.ba\/2025\/wp-content\/uploads\/2019\/11\/Daljinar_Kilometerzeiger_1906-3.jpg\",\"height\":1417,\"width\":951,\"orientation\":\"portrait\"}},\"imageMeta\":{\"aperture\":\"0\",\"credit\":\"Srecko\",\"camera\":\"\",\"caption\":\"\",\"created_timestamp\":\"0\",\"copyright\":\"www.vremeplov.ba\",\"focal_length\":\"0\",\"iso\":\"0\",\"shutter_speed\":\"0\",\"title\":\"\",\"orientation\":\"1\",\"keywords\":[\"Daljinar\",\"Kilometerzeiger\",\"Lokal-Tarifen\",\"\u00f6sterreichische Staatsbahnen\",\"Bosnische-hercegovinische Staatsbahnen\",\"vremeplov\",\"Bosna\",\"\u017eeljeznice\"]},\"meta\":false,\"postlink\":\"https:\/\/vremeplov.ba\/2025\/2019\/11\/15\/daljinar-knjizica-tarifskih-kilometara-na-bosanskohercegovackim-i-austrijskim-drzavnim-zeljeznicama-za-1906-godinu\/daljinar_kilometerzeiger_1906-3\/\"},{\"id\":25370,\"title\":\"Daljinar_Kilometerzeiger_1906-4\",\"url\":\"https:\/\/vremeplov.ba\/2025\/wp-content\/uploads\/2019\/11\/Daljinar_Kilometerzeiger_1906-4.jpg\",\"link\":\"https:\/\/vremeplov.ba\/2025\/2019\/11\/15\/daljinar-knjizica-tarifskih-kilometara-na-bosanskohercegovackim-i-austrijskim-drzavnim-zeljeznicama-za-1906-godinu\/daljinar_kilometerzeiger_1906-4\/\",\"alt\":\"\",\"description\":\"\",\"caption\":\"\",\"mime\":\"image\/jpeg\",\"type\":\"image\",\"width\":1194,\"height\":1417,\"sizes\":{\"full\":{\"url\":\"https:\/\/vremeplov.ba\/2025\/wp-content\/uploads\/2019\/11\/Daljinar_Kilometerzeiger_1906-4.jpg\",\"height\":1417,\"width\":1194,\"orientation\":\"portrait\"}},\"imageMeta\":{\"aperture\":\"0\",\"credit\":\"Srecko\",\"camera\":\"\",\"caption\":\"\",\"created_timestamp\":\"0\",\"copyright\":\"www.vremeplov.ba\",\"focal_length\":\"0\",\"iso\":\"0\",\"shutter_speed\":\"0\",\"title\":\"\",\"orientation\":\"1\",\"keywords\":[\"Daljinar\",\"Kilometerzeiger\",\"Lokal-Tarifen\",\"\u00f6sterreichische Staatsbahnen\",\"Bosnische-hercegovinische Staatsbahnen\",\"vremeplov\",\"Bosna\",\"\u017eeljeznice\"]},\"meta\":false,\"postlink\":\"https:\/\/vremeplov.ba\/2025\/2019\/11\/15\/daljinar-knjizica-tarifskih-kilometara-na-bosanskohercegovackim-i-austrijskim-drzavnim-zeljeznicama-za-1906-godinu\/daljinar_kilometerzeiger_1906-4\/\"},{\"id\":25371,\"title\":\"Daljinar_Kilometerzeiger_1906-5\",\"url\":\"https:\/\/vremeplov.ba\/2025\/wp-content\/uploads\/2019\/11\/Daljinar_Kilometerzeiger_1906-5.jpg\",\"link\":\"https:\/\/vremeplov.ba\/2025\/2019\/11\/15\/daljinar-knjizica-tarifskih-kilometara-na-bosanskohercegovackim-i-austrijskim-drzavnim-zeljeznicama-za-1906-godinu\/daljinar_kilometerzeiger_1906-5\/\",\"alt\":\"\",\"description\":\"\",\"caption\":\"\",\"mime\":\"image\/jpeg\",\"type\":\"image\",\"width\":964,\"height\":1417,\"sizes\":{\"full\":{\"url\":\"https:\/\/vremeplov.ba\/2025\/wp-content\/uploads\/2019\/11\/Daljinar_Kilometerzeiger_1906-5.jpg\",\"height\":1417,\"width\":964,\"orientation\":\"portrait\"}},\"imageMeta\":{\"aperture\":\"0\",\"credit\":\"Srecko\",\"camera\":\"\",\"caption\":\"\",\"created_timestamp\":\"0\",\"copyright\":\"www.vremeplov.ba\",\"focal_length\":\"0\",\"iso\":\"0\",\"shutter_speed\":\"0\",\"title\":\"\",\"orientation\":\"1\",\"keywords\":[\"Daljinar\",\"Kilometerzeiger\",\"Lokal-Tarifen\",\"\u00f6sterreichische Staatsbahnen\",\"Bosnische-hercegovinische Staatsbahnen\",\"vremeplov\",\"Bosna\",\"\u017eeljeznice\"]},\"meta\":false,\"postlink\":\"https:\/\/vremeplov.ba\/2025\/2019\/11\/15\/daljinar-knjizica-tarifskih-kilometara-na-bosanskohercegovackim-i-austrijskim-drzavnim-zeljeznicama-za-1906-godinu\/daljinar_kilometerzeiger_1906-5\/\"},{\"id\":25372,\"title\":\"Daljinar_Kilometerzeiger_1906-6\",\"url\":\"https:\/\/vremeplov.ba\/2025\/wp-content\/uploads\/2019\/11\/Daljinar_Kilometerzeiger_1906-6.jpg\",\"link\":\"https:\/\/vremeplov.ba\/2025\/2019\/11\/15\/daljinar-knjizica-tarifskih-kilometara-na-bosanskohercegovackim-i-austrijskim-drzavnim-zeljeznicama-za-1906-godinu\/daljinar_kilometerzeiger_1906-6\/\",\"alt\":\"\",\"description\":\"\",\"caption\":\"\",\"mime\":\"image\/jpeg\",\"type\":\"image\",\"width\":971,\"height\":1417,\"sizes\":{\"full\":{\"url\":\"https:\/\/vremeplov.ba\/2025\/wp-content\/uploads\/2019\/11\/Daljinar_Kilometerzeiger_1906-6.jpg\",\"height\":1417,\"width\":971,\"orientation\":\"portrait\"}},\"imageMeta\":{\"aperture\":\"0\",\"credit\":\"Srecko\",\"camera\":\"\",\"caption\":\"\",\"created_timestamp\":\"0\",\"copyright\":\"www.vremeplov.ba\",\"focal_length\":\"0\",\"iso\":\"0\",\"shutter_speed\":\"0\",\"title\":\"\",\"orientation\":\"1\",\"keywords\":[\"Daljinar\",\"Kilometerzeiger\",\"Lokal-Tarifen\",\"\u00f6sterreichische Staatsbahnen\",\"Bosnische-hercegovinische Staatsbahnen\",\"vremeplov\",\"Bosna\",\"\u017eeljeznice\"]},\"meta\":false,\"postlink\":\"https:\/\/vremeplov.ba\/2025\/2019\/11\/15\/daljinar-knjizica-tarifskih-kilometara-na-bosanskohercegovackim-i-austrijskim-drzavnim-zeljeznicama-za-1906-godinu\/daljinar_kilometerzeiger_1906-6\/\"},{\"id\":25373,\"title\":\"Daljinar_Kilometerzeiger_1906-7\",\"url\":\"https:\/\/vremeplov.ba\/2025\/wp-content\/uploads\/2019\/11\/Daljinar_Kilometerzeiger_1906-7.jpg\",\"link\":\"https:\/\/vremeplov.ba\/2025\/2019\/11\/15\/daljinar-knjizica-tarifskih-kilometara-na-bosanskohercegovackim-i-austrijskim-drzavnim-zeljeznicama-za-1906-godinu\/daljinar_kilometerzeiger_1906-7\/\",\"alt\":\"\",\"description\":\"\",\"caption\":\"\",\"mime\":\"image\/jpeg\",\"type\":\"image\",\"width\":933,\"height\":1417,\"sizes\":{\"full\":{\"url\":\"https:\/\/vremeplov.ba\/2025\/wp-content\/uploads\/2019\/11\/Daljinar_Kilometerzeiger_1906-7.jpg\",\"height\":1417,\"width\":933,\"orientation\":\"portrait\"}},\"imageMeta\":{\"aperture\":\"0\",\"credit\":\"Srecko\",\"camera\":\"\",\"caption\":\"\",\"created_timestamp\":\"0\",\"copyright\":\"www.vremeplov.ba\",\"focal_length\":\"0\",\"iso\":\"0\",\"shutter_speed\":\"0\",\"title\":\"\",\"orientation\":\"1\",\"keywords\":[\"Daljinar\",\"Kilometerzeiger\",\"Lokal-Tarifen\",\"\u00f6sterreichische Staatsbahnen\",\"Bosnische-hercegovinische Staatsbahnen\",\"vremeplov\",\"Bosna\",\"\u017eeljeznice\"]},\"meta\":false,\"postlink\":\"https:\/\/vremeplov.ba\/2025\/2019\/11\/15\/daljinar-knjizica-tarifskih-kilometara-na-bosanskohercegovackim-i-austrijskim-drzavnim-zeljeznicama-za-1906-godinu\/daljinar_kilometerzeiger_1906-7\/\"},{\"id\":25374,\"title\":\"Daljinar_Kilometerzeiger_1906-8\",\"url\":\"https:\/\/vremeplov.ba\/2025\/wp-content\/uploads\/2019\/11\/Daljinar_Kilometerzeiger_1906-8.jpg\",\"link\":\"https:\/\/vremeplov.ba\/2025\/2019\/11\/15\/daljinar-knjizica-tarifskih-kilometara-na-bosanskohercegovackim-i-austrijskim-drzavnim-zeljeznicama-za-1906-godinu\/daljinar_kilometerzeiger_1906-8\/\",\"alt\":\"\",\"description\":\"\",\"caption\":\"\",\"mime\":\"image\/jpeg\",\"type\":\"image\",\"width\":1031,\"height\":1417,\"sizes\":{\"full\":{\"url\":\"https:\/\/vremeplov.ba\/2025\/wp-content\/uploads\/2019\/11\/Daljinar_Kilometerzeiger_1906-8.jpg\",\"height\":1417,\"width\":1031,\"orientation\":\"portrait\"}},\"imageMeta\":{\"aperture\":\"0\",\"credit\":\"Srecko\",\"camera\":\"\",\"caption\":\"\",\"created_timestamp\":\"0\",\"copyright\":\"www.vremeplov.ba\",\"focal_length\":\"0\",\"iso\":\"0\",\"shutter_speed\":\"0\",\"title\":\"\",\"orientation\":\"1\",\"keywords\":[\"Daljinar\",\"Kilometerzeiger\",\"Lokal-Tarifen\",\"\u00f6sterreichische Staatsbahnen\",\"Bosnische-hercegovinische Staatsbahnen\",\"vremeplov\",\"Bosna\",\"\u017eeljeznice\"]},\"meta\":false,\"postlink\":\"https:\/\/vremeplov.ba\/2025\/2019\/11\/15\/daljinar-knjizica-tarifskih-kilometara-na-bosanskohercegovackim-i-austrijskim-drzavnim-zeljeznicama-za-1906-godinu\/daljinar_kilometerzeiger_1906-8\/\"},{\"id\":25375,\"title\":\"Daljinar_Kilometerzeiger_1906-9\",\"url\":\"https:\/\/vremeplov.ba\/2025\/wp-content\/uploads\/2019\/11\/Daljinar_Kilometerzeiger_1906-9.jpg\",\"link\":\"https:\/\/vremeplov.ba\/2025\/2019\/11\/15\/daljinar-knjizica-tarifskih-kilometara-na-bosanskohercegovackim-i-austrijskim-drzavnim-zeljeznicama-za-1906-godinu\/daljinar_kilometerzeiger_1906-9\/\",\"alt\":\"\",\"description\":\"\",\"caption\":\"\",\"mime\":\"image\/jpeg\",\"type\":\"image\",\"width\":949,\"height\":1417,\"sizes\":{\"full\":{\"url\":\"https:\/\/vremeplov.ba\/2025\/wp-content\/uploads\/2019\/11\/Daljinar_Kilometerzeiger_1906-9.jpg\",\"height\":1417,\"width\":949,\"orientation\":\"portrait\"}},\"imageMeta\":{\"aperture\":\"0\",\"credit\":\"Srecko\",\"camera\":\"\",\"caption\":\"\",\"created_timestamp\":\"0\",\"copyright\":\"www.vremeplov.ba\",\"focal_length\":\"0\",\"iso\":\"0\",\"shutter_speed\":\"0\",\"title\":\"\",\"orientation\":\"1\",\"keywords\":[\"Daljinar\",\"Kilometerzeiger\",\"Lokal-Tarifen\",\"\u00f6sterreichische Staatsbahnen\",\"Bosnische-hercegovinische Staatsbahnen\",\"vremeplov\",\"Bosna\",\"\u017eeljeznice\"]},\"meta\":false,\"postlink\":\"https:\/\/vremeplov.ba\/2025\/2019\/11\/15\/daljinar-knjizica-tarifskih-kilometara-na-bosanskohercegovackim-i-austrijskim-drzavnim-zeljeznicama-za-1906-godinu\/daljinar_kilometerzeiger_1906-9\/\"},{\"id\":25376,\"title\":\"Daljinar_Kilometerzeiger_1906-10\",\"url\":\"https:\/\/vremeplov.ba\/2025\/wp-content\/uploads\/2019\/11\/Daljinar_Kilometerzeiger_1906-10.jpg\",\"link\":\"https:\/\/vremeplov.ba\/2025\/2019\/11\/15\/daljinar-knjizica-tarifskih-kilometara-na-bosanskohercegovackim-i-austrijskim-drzavnim-zeljeznicama-za-1906-godinu\/daljinar_kilometerzeiger_1906-10\/\",\"alt\":\"\",\"description\":\"\",\"caption\":\"\",\"mime\":\"image\/jpeg\",\"type\":\"image\",\"width\":957,\"height\":1417,\"sizes\":{\"full\":{\"url\":\"https:\/\/vremeplov.ba\/2025\/wp-content\/uploads\/2019\/11\/Daljinar_Kilometerzeiger_1906-10.jpg\",\"height\":1417,\"width\":957,\"orientation\":\"portrait\"}},\"imageMeta\":{\"aperture\":\"0\",\"credit\":\"Srecko\",\"camera\":\"\",\"caption\":\"\",\"created_timestamp\":\"0\",\"copyright\":\"www.vremeplov.ba\",\"focal_length\":\"0\",\"iso\":\"0\",\"shutter_speed\":\"0\",\"title\":\"\",\"orientation\":\"1\",\"keywords\":[\"Daljinar\",\"Kilometerzeiger\",\"Lokal-Tarifen\",\"\u00f6sterreichische Staatsbahnen\",\"Bosnische-hercegovinische Staatsbahnen\",\"vremeplov\",\"Bosna\",\"\u017eeljeznice\"]},\"meta\":false,\"postlink\":\"https:\/\/vremeplov.ba\/2025\/2019\/11\/15\/daljinar-knjizica-tarifskih-kilometara-na-bosanskohercegovackim-i-austrijskim-drzavnim-zeljeznicama-za-1906-godinu\/daljinar_kilometerzeiger_1906-10\/\"},{\"id\":25377,\"title\":\"Daljinar_Kilometerzeiger_1906-11\",\"url\":\"https:\/\/vremeplov.ba\/2025\/wp-content\/uploads\/2019\/11\/Daljinar_Kilometerzeiger_1906-11.jpg\",\"link\":\"https:\/\/vremeplov.ba\/2025\/2019\/11\/15\/daljinar-knjizica-tarifskih-kilometara-na-bosanskohercegovackim-i-austrijskim-drzavnim-zeljeznicama-za-1906-godinu\/daljinar_kilometerzeiger_1906-11\/\",\"alt\":\"\",\"description\":\"\",\"caption\":\"\",\"mime\":\"image\/jpeg\",\"type\":\"image\",\"width\":1046,\"height\":1417,\"sizes\":{\"full\":{\"url\":\"https:\/\/vremeplov.ba\/2025\/wp-content\/uploads\/2019\/11\/Daljinar_Kilometerzeiger_1906-11.jpg\",\"height\":1417,\"width\":1046,\"orientation\":\"portrait\"}},\"imageMeta\":{\"aperture\":\"0\",\"credit\":\"Srecko\",\"camera\":\"\",\"caption\":\"\",\"created_timestamp\":\"0\",\"copyright\":\"www.vremeplov.ba\",\"focal_length\":\"0\",\"iso\":\"0\",\"shutter_speed\":\"0\",\"title\":\"\",\"orientation\":\"1\",\"keywords\":[\"Daljinar\",\"Kilometerzeiger\",\"Lokal-Tarifen\",\"\u00f6sterreichische Staatsbahnen\",\"Bosnische-hercegovinische Staatsbahnen\",\"vremeplov\",\"Bosna\",\"\u017eeljeznice\"]},\"meta\":false,\"postlink\":\"https:\/\/vremeplov.ba\/2025\/2019\/11\/15\/daljinar-knjizica-tarifskih-kilometara-na-bosanskohercegovackim-i-austrijskim-drzavnim-zeljeznicama-za-1906-godinu\/daljinar_kilometerzeiger_1906-11\/\"},{\"id\":25378,\"title\":\"Daljinar_Kilometerzeiger_1906-12\",\"url\":\"https:\/\/vremeplov.ba\/2025\/wp-content\/uploads\/2019\/11\/Daljinar_Kilometerzeiger_1906-12.jpg\",\"link\":\"https:\/\/vremeplov.ba\/2025\/2019\/11\/15\/daljinar-knjizica-tarifskih-kilometara-na-bosanskohercegovackim-i-austrijskim-drzavnim-zeljeznicama-za-1906-godinu\/daljinar_kilometerzeiger_1906-12\/\",\"alt\":\"\",\"description\":\"\",\"caption\":\"\",\"mime\":\"image\/jpeg\",\"type\":\"image\",\"width\":981,\"height\":1417,\"sizes\":{\"full\":{\"url\":\"https:\/\/vremeplov.ba\/2025\/wp-content\/uploads\/2019\/11\/Daljinar_Kilometerzeiger_1906-12.jpg\",\"height\":1417,\"width\":981,\"orientation\":\"portrait\"}},\"imageMeta\":{\"aperture\":\"0\",\"credit\":\"Srecko\",\"camera\":\"\",\"caption\":\"\",\"created_timestamp\":\"0\",\"copyright\":\"www.vremeplov.ba\",\"focal_length\":\"0\",\"iso\":\"0\",\"shutter_speed\":\"0\",\"title\":\"\",\"orientation\":\"1\",\"keywords\":[\"Daljinar\",\"Kilometerzeiger\",\"Lokal-Tarifen\",\"\u00f6sterreichische Staatsbahnen\",\"Bosnische-hercegovinische Staatsbahnen\",\"vremeplov\",\"Bosna\",\"\u017eeljeznice\"]},\"meta\":false,\"postlink\":\"https:\/\/vremeplov.ba\/2025\/2019\/11\/15\/daljinar-knjizica-tarifskih-kilometara-na-bosanskohercegovackim-i-austrijskim-drzavnim-zeljeznicama-za-1906-godinu\/daljinar_kilometerzeiger_1906-12\/\"},{\"id\":25379,\"title\":\"Daljinar_Kilometerzeiger_1906-13\",\"url\":\"https:\/\/vremeplov.ba\/2025\/wp-content\/uploads\/2019\/11\/Daljinar_Kilometerzeiger_1906-13.jpg\",\"link\":\"https:\/\/vremeplov.ba\/2025\/2019\/11\/15\/daljinar-knjizica-tarifskih-kilometara-na-bosanskohercegovackim-i-austrijskim-drzavnim-zeljeznicama-za-1906-godinu\/daljinar_kilometerzeiger_1906-13\/\",\"alt\":\"\",\"description\":\"\",\"caption\":\"\",\"mime\":\"image\/jpeg\",\"type\":\"image\",\"width\":1000,\"height\":1417,\"sizes\":{\"full\":{\"url\":\"https:\/\/vremeplov.ba\/2025\/wp-content\/uploads\/2019\/11\/Daljinar_Kilometerzeiger_1906-13.jpg\",\"height\":1417,\"width\":1000,\"orientation\":\"portrait\"}},\"imageMeta\":{\"aperture\":\"0\",\"credit\":\"Srecko\",\"camera\":\"\",\"caption\":\"\",\"created_timestamp\":\"0\",\"copyright\":\"www.vremeplov.ba\",\"focal_length\":\"0\",\"iso\":\"0\",\"shutter_speed\":\"0\",\"title\":\"\",\"orientation\":\"1\",\"keywords\":[\"Daljinar\",\"Kilometerzeiger\",\"Lokal-Tarifen\",\"\u00f6sterreichische Staatsbahnen\",\"Bosnische-hercegovinische Staatsbahnen\",\"vremeplov\",\"Bosna\",\"\u017eeljeznice\"]},\"meta\":false,\"postlink\":\"https:\/\/vremeplov.ba\/2025\/2019\/11\/15\/daljinar-knjizica-tarifskih-kilometara-na-bosanskohercegovackim-i-austrijskim-drzavnim-zeljeznicama-za-1906-godinu\/daljinar_kilometerzeiger_1906-13\/\"},{\"id\":25380,\"title\":\"Daljinar_Kilometerzeiger_1906-14\",\"url\":\"https:\/\/vremeplov.ba\/2025\/wp-content\/uploads\/2019\/11\/Daljinar_Kilometerzeiger_1906-14.jpg\",\"link\":\"https:\/\/vremeplov.ba\/2025\/2019\/11\/15\/daljinar-knjizica-tarifskih-kilometara-na-bosanskohercegovackim-i-austrijskim-drzavnim-zeljeznicama-za-1906-godinu\/daljinar_kilometerzeiger_1906-14\/\",\"alt\":\"\",\"description\":\"\",\"caption\":\"\",\"mime\":\"image\/jpeg\",\"type\":\"image\",\"width\":1028,\"height\":1417,\"sizes\":{\"full\":{\"url\":\"https:\/\/vremeplov.ba\/2025\/wp-content\/uploads\/2019\/11\/Daljinar_Kilometerzeiger_1906-14.jpg\",\"height\":1417,\"width\":1028,\"orientation\":\"portrait\"}},\"imageMeta\":{\"aperture\":\"0\",\"credit\":\"Srecko\",\"camera\":\"\",\"caption\":\"\",\"created_timestamp\":\"0\",\"copyright\":\"www.vremeplov.ba\",\"focal_length\":\"0\",\"iso\":\"0\",\"shutter_speed\":\"0\",\"title\":\"\",\"orientation\":\"1\",\"keywords\":[\"Daljinar\",\"Kilometerzeiger\",\"Lokal-Tarifen\",\"\u00f6sterreichische Staatsbahnen\",\"Bosnische-hercegovinische Staatsbahnen\",\"vremeplov\",\"Bosna\",\"\u017eeljeznice\"]},\"meta\":false,\"postlink\":\"https:\/\/vremeplov.ba\/2025\/2019\/11\/15\/daljinar-knjizica-tarifskih-kilometara-na-bosanskohercegovackim-i-austrijskim-drzavnim-zeljeznicama-za-1906-godinu\/daljinar_kilometerzeiger_1906-14\/\"},{\"id\":25381,\"title\":\"Daljinar_Kilometerzeiger_1906-15\",\"url\":\"https:\/\/vremeplov.ba\/2025\/wp-content\/uploads\/2019\/11\/Daljinar_Kilometerzeiger_1906-15.jpg\",\"link\":\"https:\/\/vremeplov.ba\/2025\/2019\/11\/15\/daljinar-knjizica-tarifskih-kilometara-na-bosanskohercegovackim-i-austrijskim-drzavnim-zeljeznicama-za-1906-godinu\/daljinar_kilometerzeiger_1906-15\/\",\"alt\":\"\",\"description\":\"\",\"caption\":\"\",\"mime\":\"image\/jpeg\",\"type\":\"image\",\"width\":972,\"height\":1417,\"sizes\":{\"full\":{\"url\":\"https:\/\/vremeplov.ba\/2025\/wp-content\/uploads\/2019\/11\/Daljinar_Kilometerzeiger_1906-15.jpg\",\"height\":1417,\"width\":972,\"orientation\":\"portrait\"}},\"imageMeta\":{\"aperture\":\"0\",\"credit\":\"Srecko\",\"camera\":\"\",\"caption\":\"\",\"created_timestamp\":\"0\",\"copyright\":\"www.vremeplov.ba\",\"focal_length\":\"0\",\"iso\":\"0\",\"shutter_speed\":\"0\",\"title\":\"\",\"orientation\":\"1\",\"keywords\":[\"Daljinar\",\"Kilometerzeiger\",\"Lokal-Tarifen\",\"\u00f6sterreichische Staatsbahnen\",\"Bosnische-hercegovinische Staatsbahnen\",\"vremeplov\",\"Bosna\",\"\u017eeljeznice\"]},\"meta\":false,\"postlink\":\"https:\/\/vremeplov.ba\/2025\/2019\/11\/15\/daljinar-knjizica-tarifskih-kilometara-na-bosanskohercegovackim-i-austrijskim-drzavnim-zeljeznicama-za-1906-godinu\/daljinar_kilometerzeiger_1906-15\/\"},{\"id\":25382,\"title\":\"Daljinar_Kilometerzeiger_1906-16\",\"url\":\"https:\/\/vremeplov.ba\/2025\/wp-content\/uploads\/2019\/11\/Daljinar_Kilometerzeiger_1906-16.jpg\",\"link\":\"https:\/\/vremeplov.ba\/2025\/2019\/11\/15\/daljinar-knjizica-tarifskih-kilometara-na-bosanskohercegovackim-i-austrijskim-drzavnim-zeljeznicama-za-1906-godinu\/daljinar_kilometerzeiger_1906-16\/\",\"alt\":\"\",\"description\":\"\",\"caption\":\"\",\"mime\":\"image\/jpeg\",\"type\":\"image\",\"width\":1023,\"height\":1417,\"sizes\":{\"full\":{\"url\":\"https:\/\/vremeplov.ba\/2025\/wp-content\/uploads\/2019\/11\/Daljinar_Kilometerzeiger_1906-16.jpg\",\"height\":1417,\"width\":1023,\"orientation\":\"portrait\"}},\"imageMeta\":{\"aperture\":\"0\",\"credit\":\"Srecko\",\"camera\":\"\",\"caption\":\"\",\"created_timestamp\":\"0\",\"copyright\":\"www.vremeplov.ba\",\"focal_length\":\"0\",\"iso\":\"0\",\"shutter_speed\":\"0\",\"title\":\"\",\"orientation\":\"1\",\"keywords\":[\"Daljinar\",\"Kilometerzeiger\",\"Lokal-Tarifen\",\"\u00f6sterreichische Staatsbahnen\",\"Bosnische-hercegovinische Staatsbahnen\",\"vremeplov\",\"Bosna\",\"\u017eeljeznice\"]},\"meta\":false,\"postlink\":\"https:\/\/vremeplov.ba\/2025\/2019\/11\/15\/daljinar-knjizica-tarifskih-kilometara-na-bosanskohercegovackim-i-austrijskim-drzavnim-zeljeznicama-za-1906-godinu\/daljinar_kilometerzeiger_1906-16\/\"},{\"id\":25383,\"title\":\"Daljinar_Kilometerzeiger_1906-17\",\"url\":\"https:\/\/vremeplov.ba\/2025\/wp-content\/uploads\/2019\/11\/Daljinar_Kilometerzeiger_1906-17.jpg\",\"link\":\"https:\/\/vremeplov.ba\/2025\/2019\/11\/15\/daljinar-knjizica-tarifskih-kilometara-na-bosanskohercegovackim-i-austrijskim-drzavnim-zeljeznicama-za-1906-godinu\/daljinar_kilometerzeiger_1906-17\/\",\"alt\":\"\",\"description\":\"\",\"caption\":\"\",\"mime\":\"image\/jpeg\",\"type\":\"image\",\"width\":965,\"height\":1417,\"sizes\":{\"full\":{\"url\":\"https:\/\/vremeplov.ba\/2025\/wp-content\/uploads\/2019\/11\/Daljinar_Kilometerzeiger_1906-17.jpg\",\"height\":1417,\"width\":965,\"orientation\":\"portrait\"}},\"imageMeta\":{\"aperture\":\"0\",\"credit\":\"Srecko\",\"camera\":\"\",\"caption\":\"\",\"created_timestamp\":\"0\",\"copyright\":\"www.vremeplov.ba\",\"focal_length\":\"0\",\"iso\":\"0\",\"shutter_speed\":\"0\",\"title\":\"\",\"orientation\":\"1\",\"keywords\":[\"Daljinar\",\"Kilometerzeiger\",\"Lokal-Tarifen\",\"\u00f6sterreichische Staatsbahnen\",\"Bosnische-hercegovinische Staatsbahnen\",\"vremeplov\",\"Bosna\",\"\u017eeljeznice\"]},\"meta\":false,\"postlink\":\"https:\/\/vremeplov.ba\/2025\/2019\/11\/15\/daljinar-knjizica-tarifskih-kilometara-na-bosanskohercegovackim-i-austrijskim-drzavnim-zeljeznicama-za-1906-godinu\/daljinar_kilometerzeiger_1906-17\/\"},{\"id\":25384,\"title\":\"Daljinar_Kilometerzeiger_1906-18\",\"url\":\"https:\/\/vremeplov.ba\/2025\/wp-content\/uploads\/2019\/11\/Daljinar_Kilometerzeiger_1906-18.jpg\",\"link\":\"https:\/\/vremeplov.ba\/2025\/2019\/11\/15\/daljinar-knjizica-tarifskih-kilometara-na-bosanskohercegovackim-i-austrijskim-drzavnim-zeljeznicama-za-1906-godinu\/daljinar_kilometerzeiger_1906-18\/\",\"alt\":\"\",\"description\":\"\",\"caption\":\"\",\"mime\":\"image\/jpeg\",\"type\":\"image\",\"width\":1005,\"height\":1417,\"sizes\":{\"full\":{\"url\":\"https:\/\/vremeplov.ba\/2025\/wp-content\/uploads\/2019\/11\/Daljinar_Kilometerzeiger_1906-18.jpg\",\"height\":1417,\"width\":1005,\"orientation\":\"portrait\"}},\"imageMeta\":{\"aperture\":\"0\",\"credit\":\"Srecko\",\"camera\":\"\",\"caption\":\"\",\"created_timestamp\":\"0\",\"copyright\":\"www.vremeplov.ba\",\"focal_length\":\"0\",\"iso\":\"0\",\"shutter_speed\":\"0\",\"title\":\"\",\"orientation\":\"1\",\"keywords\":[\"Daljinar\",\"Kilometerzeiger\",\"Lokal-Tarifen\",\"\u00f6sterreichische Staatsbahnen\",\"Bosnische-hercegovinische Staatsbahnen\",\"vremeplov\",\"Bosna\",\"\u017eeljeznice\"]},\"meta\":false,\"postlink\":\"https:\/\/vremeplov.ba\/2025\/2019\/11\/15\/daljinar-knjizica-tarifskih-kilometara-na-bosanskohercegovackim-i-austrijskim-drzavnim-zeljeznicama-za-1906-godinu\/daljinar_kilometerzeiger_1906-18\/\"},{\"id\":25385,\"title\":\"Daljinar_Kilometerzeiger_1906-19\",\"url\":\"https:\/\/vremeplov.ba\/2025\/wp-content\/uploads\/2019\/11\/Daljinar_Kilometerzeiger_1906-19.jpg\",\"link\":\"https:\/\/vremeplov.ba\/2025\/2019\/11\/15\/daljinar-knjizica-tarifskih-kilometara-na-bosanskohercegovackim-i-austrijskim-drzavnim-zeljeznicama-za-1906-godinu\/daljinar_kilometerzeiger_1906-19\/\",\"alt\":\"\",\"description\":\"\",\"caption\":\"\",\"mime\":\"image\/jpeg\",\"type\":\"image\",\"width\":936,\"height\":1417,\"sizes\":{\"full\":{\"url\":\"https:\/\/vremeplov.ba\/2025\/wp-content\/uploads\/2019\/11\/Daljinar_Kilometerzeiger_1906-19.jpg\",\"height\":1417,\"width\":936,\"orientation\":\"portrait\"}},\"imageMeta\":{\"aperture\":\"0\",\"credit\":\"Srecko\",\"camera\":\"\",\"caption\":\"\",\"created_timestamp\":\"0\",\"copyright\":\"www.vremeplov.ba\",\"focal_length\":\"0\",\"iso\":\"0\",\"shutter_speed\":\"0\",\"title\":\"\",\"orientation\":\"1\",\"keywords\":[\"Daljinar\",\"Kilometerzeiger\",\"Lokal-Tarifen\",\"\u00f6sterreichische Staatsbahnen\",\"Bosnische-hercegovinische Staatsbahnen\",\"vremeplov\",\"Bosna\",\"\u017eeljeznice\"]},\"meta\":false,\"postlink\":\"https:\/\/vremeplov.ba\/2025\/2019\/11\/15\/daljinar-knjizica-tarifskih-kilometara-na-bosanskohercegovackim-i-austrijskim-drzavnim-zeljeznicama-za-1906-godinu\/daljinar_kilometerzeiger_1906-19\/\"},{\"id\":25386,\"title\":\"Daljinar_Kilometerzeiger_1906-20\",\"url\":\"https:\/\/vremeplov.ba\/2025\/wp-content\/uploads\/2019\/11\/Daljinar_Kilometerzeiger_1906-20.jpg\",\"link\":\"https:\/\/vremeplov.ba\/2025\/2019\/11\/15\/daljinar-knjizica-tarifskih-kilometara-na-bosanskohercegovackim-i-austrijskim-drzavnim-zeljeznicama-za-1906-godinu\/daljinar_kilometerzeiger_1906-20\/\",\"alt\":\"\",\"description\":\"\",\"caption\":\"\",\"mime\":\"image\/jpeg\",\"type\":\"image\",\"width\":1006,\"height\":1417,\"sizes\":{\"full\":{\"url\":\"https:\/\/vremeplov.ba\/2025\/wp-content\/uploads\/2019\/11\/Daljinar_Kilometerzeiger_1906-20.jpg\",\"height\":1417,\"width\":1006,\"orientation\":\"portrait\"}},\"imageMeta\":{\"aperture\":\"0\",\"credit\":\"Srecko\",\"camera\":\"\",\"caption\":\"\",\"created_timestamp\":\"0\",\"copyright\":\"www.vremeplov.ba\",\"focal_length\":\"0\",\"iso\":\"0\",\"shutter_speed\":\"0\",\"title\":\"\",\"orientation\":\"1\",\"keywords\":[\"Daljinar\",\"Kilometerzeiger\",\"Lokal-Tarifen\",\"\u00f6sterreichische Staatsbahnen\",\"Bosnische-hercegovinische Staatsbahnen\",\"vremeplov\",\"Bosna\",\"\u017eeljeznice\"]},\"meta\":false,\"postlink\":\"https:\/\/vremeplov.ba\/2025\/2019\/11\/15\/daljinar-knjizica-tarifskih-kilometara-na-bosanskohercegovackim-i-austrijskim-drzavnim-zeljeznicama-za-1906-godinu\/daljinar_kilometerzeiger_1906-20\/\"},{\"id\":25387,\"title\":\"Daljinar_Kilometerzeiger_1906-21\",\"url\":\"https:\/\/vremeplov.ba\/2025\/wp-content\/uploads\/2019\/11\/Daljinar_Kilometerzeiger_1906-21.jpg\",\"link\":\"https:\/\/vremeplov.ba\/2025\/2019\/11\/15\/daljinar-knjizica-tarifskih-kilometara-na-bosanskohercegovackim-i-austrijskim-drzavnim-zeljeznicama-za-1906-godinu\/daljinar_kilometerzeiger_1906-21\/\",\"alt\":\"\",\"description\":\"\",\"caption\":\"\",\"mime\":\"image\/jpeg\",\"type\":\"image\",\"width\":939,\"height\":1417,\"sizes\":{\"full\":{\"url\":\"https:\/\/vremeplov.ba\/2025\/wp-content\/uploads\/2019\/11\/Daljinar_Kilometerzeiger_1906-21.jpg\",\"height\":1417,\"width\":939,\"orientation\":\"portrait\"}},\"imageMeta\":{\"aperture\":\"0\",\"credit\":\"Srecko\",\"camera\":\"\",\"caption\":\"\",\"created_timestamp\":\"0\",\"copyright\":\"www.vremeplov.ba\",\"focal_length\":\"0\",\"iso\":\"0\",\"shutter_speed\":\"0\",\"title\":\"\",\"orientation\":\"1\",\"keywords\":[\"Daljinar\",\"Kilometerzeiger\",\"Lokal-Tarifen\",\"\u00f6sterreichische Staatsbahnen\",\"Bosnische-hercegovinische Staatsbahnen\",\"vremeplov\",\"Bosna\",\"\u017eeljeznice\"]},\"meta\":false,\"postlink\":\"https:\/\/vremeplov.ba\/2025\/2019\/11\/15\/daljinar-knjizica-tarifskih-kilometara-na-bosanskohercegovackim-i-austrijskim-drzavnim-zeljeznicama-za-1906-godinu\/daljinar_kilometerzeiger_1906-21\/\"},{\"id\":25388,\"title\":\"Daljinar_Kilometerzeiger_1906-22\",\"url\":\"https:\/\/vremeplov.ba\/2025\/wp-content\/uploads\/2019\/11\/Daljinar_Kilometerzeiger_1906-22.jpg\",\"link\":\"https:\/\/vremeplov.ba\/2025\/2019\/11\/15\/daljinar-knjizica-tarifskih-kilometara-na-bosanskohercegovackim-i-austrijskim-drzavnim-zeljeznicama-za-1906-godinu\/daljinar_kilometerzeiger_1906-22\/\",\"alt\":\"\",\"description\":\"\",\"caption\":\"\",\"mime\":\"image\/jpeg\",\"type\":\"image\",\"width\":972,\"height\":1417,\"sizes\":{\"full\":{\"url\":\"https:\/\/vremeplov.ba\/2025\/wp-content\/uploads\/2019\/11\/Daljinar_Kilometerzeiger_1906-22.jpg\",\"height\":1417,\"width\":972,\"orientation\":\"portrait\"}},\"imageMeta\":{\"aperture\":\"0\",\"credit\":\"Srecko\",\"camera\":\"\",\"caption\":\"\",\"created_timestamp\":\"0\",\"copyright\":\"www.vremeplov.ba\",\"focal_length\":\"0\",\"iso\":\"0\",\"shutter_speed\":\"0\",\"title\":\"\",\"orientation\":\"1\",\"keywords\":[\"Daljinar\",\"Kilometerzeiger\",\"Lokal-Tarifen\",\"\u00f6sterreichische Staatsbahnen\",\"Bosnische-hercegovinische Staatsbahnen\",\"vremeplov\",\"Bosna\",\"\u017eeljeznice\"]},\"meta\":false,\"postlink\":\"https:\/\/vremeplov.ba\/2025\/2019\/11\/15\/daljinar-knjizica-tarifskih-kilometara-na-bosanskohercegovackim-i-austrijskim-drzavnim-zeljeznicama-za-1906-godinu\/daljinar_kilometerzeiger_1906-22\/\"},{\"id\":25389,\"title\":\"Daljinar_Kilometerzeiger_1906-23\",\"url\":\"https:\/\/vremeplov.ba\/2025\/wp-content\/uploads\/2019\/11\/Daljinar_Kilometerzeiger_1906-23.jpg\",\"link\":\"https:\/\/vremeplov.ba\/2025\/2019\/11\/15\/daljinar-knjizica-tarifskih-kilometara-na-bosanskohercegovackim-i-austrijskim-drzavnim-zeljeznicama-za-1906-godinu\/daljinar_kilometerzeiger_1906-23\/\",\"alt\":\"\",\"description\":\"\",\"caption\":\"\",\"mime\":\"image\/jpeg\",\"type\":\"image\",\"width\":956,\"height\":1417,\"sizes\":{\"full\":{\"url\":\"https:\/\/vremeplov.ba\/2025\/wp-content\/uploads\/2019\/11\/Daljinar_Kilometerzeiger_1906-23.jpg\",\"height\":1417,\"width\":956,\"orientation\":\"portrait\"}},\"imageMeta\":{\"aperture\":\"0\",\"credit\":\"Srecko\",\"camera\":\"\",\"caption\":\"\",\"created_timestamp\":\"0\",\"copyright\":\"www.vremeplov.ba\",\"focal_length\":\"0\",\"iso\":\"0\",\"shutter_speed\":\"0\",\"title\":\"\",\"orientation\":\"1\",\"keywords\":[\"Daljinar\",\"Kilometerzeiger\",\"Lokal-Tarifen\",\"\u00f6sterreichische Staatsbahnen\",\"Bosnische-hercegovinische Staatsbahnen\",\"vremeplov\",\"Bosna\",\"\u017eeljeznice\"]},\"meta\":false,\"postlink\":\"https:\/\/vremeplov.ba\/2025\/2019\/11\/15\/daljinar-knjizica-tarifskih-kilometara-na-bosanskohercegovackim-i-austrijskim-drzavnim-zeljeznicama-za-1906-godinu\/daljinar_kilometerzeiger_1906-23\/\"},{\"id\":25390,\"title\":\"Daljinar_Kilometerzeiger_1906-24\",\"url\":\"https:\/\/vremeplov.ba\/2025\/wp-content\/uploads\/2019\/11\/Daljinar_Kilometerzeiger_1906-24.jpg\",\"link\":\"https:\/\/vremeplov.ba\/2025\/2019\/11\/15\/daljinar-knjizica-tarifskih-kilometara-na-bosanskohercegovackim-i-austrijskim-drzavnim-zeljeznicama-za-1906-godinu\/daljinar_kilometerzeiger_1906-24\/\",\"alt\":\"\",\"description\":\"\",\"caption\":\"\",\"mime\":\"image\/jpeg\",\"type\":\"image\",\"width\":988,\"height\":1417,\"sizes\":{\"full\":{\"url\":\"https:\/\/vremeplov.ba\/2025\/wp-content\/uploads\/2019\/11\/Daljinar_Kilometerzeiger_1906-24.jpg\",\"height\":1417,\"width\":988,\"orientation\":\"portrait\"}},\"imageMeta\":{\"aperture\":\"0\",\"credit\":\"Srecko\",\"camera\":\"\",\"caption\":\"\",\"created_timestamp\":\"0\",\"copyright\":\"www.vremeplov.ba\",\"focal_length\":\"0\",\"iso\":\"0\",\"shutter_speed\":\"0\",\"title\":\"\",\"orientation\":\"1\",\"keywords\":[\"Daljinar\",\"Kilometerzeiger\",\"Lokal-Tarifen\",\"\u00f6sterreichische Staatsbahnen\",\"Bosnische-hercegovinische Staatsbahnen\",\"vremeplov\",\"Bosna\",\"\u017eeljeznice\"]},\"meta\":false,\"postlink\":\"https:\/\/vremeplov.ba\/2025\/2019\/11\/15\/daljinar-knjizica-tarifskih-kilometara-na-bosanskohercegovackim-i-austrijskim-drzavnim-zeljeznicama-za-1906-godinu\/daljinar_kilometerzeiger_1906-24\/\"},{\"id\":25391,\"title\":\"Daljinar_Kilometerzeiger_1906-25\",\"url\":\"https:\/\/vremeplov.ba\/2025\/wp-content\/uploads\/2019\/11\/Daljinar_Kilometerzeiger_1906-25.jpg\",\"link\":\"https:\/\/vremeplov.ba\/2025\/2019\/11\/15\/daljinar-knjizica-tarifskih-kilometara-na-bosanskohercegovackim-i-austrijskim-drzavnim-zeljeznicama-za-1906-godinu\/daljinar_kilometerzeiger_1906-25\/\",\"alt\":\"\",\"description\":\"\",\"caption\":\"\",\"mime\":\"image\/jpeg\",\"type\":\"image\",\"width\":984,\"height\":1417,\"sizes\":{\"full\":{\"url\":\"https:\/\/vremeplov.ba\/2025\/wp-content\/uploads\/2019\/11\/Daljinar_Kilometerzeiger_1906-25.jpg\",\"height\":1417,\"width\":984,\"orientation\":\"portrait\"}},\"imageMeta\":{\"aperture\":\"0\",\"credit\":\"Srecko\",\"camera\":\"\",\"caption\":\"\",\"created_timestamp\":\"0\",\"copyright\":\"www.vremeplov.ba\",\"focal_length\":\"0\",\"iso\":\"0\",\"shutter_speed\":\"0\",\"title\":\"\",\"orientation\":\"1\",\"keywords\":[\"Daljinar\",\"Kilometerzeiger\",\"Lokal-Tarifen\",\"\u00f6sterreichische Staatsbahnen\",\"Bosnische-hercegovinische Staatsbahnen\",\"vremeplov\",\"Bosna\",\"\u017eeljeznice\"]},\"meta\":false,\"postlink\":\"https:\/\/vremeplov.ba\/2025\/2019\/11\/15\/daljinar-knjizica-tarifskih-kilometara-na-bosanskohercegovackim-i-austrijskim-drzavnim-zeljeznicama-za-1906-godinu\/daljinar_kilometerzeiger_1906-25\/\"},{\"id\":25392,\"title\":\"Daljinar_Kilometerzeiger_1906-26\",\"url\":\"https:\/\/vremeplov.ba\/2025\/wp-content\/uploads\/2019\/11\/Daljinar_Kilometerzeiger_1906-26.jpg\",\"link\":\"https:\/\/vremeplov.ba\/2025\/2019\/11\/15\/daljinar-knjizica-tarifskih-kilometara-na-bosanskohercegovackim-i-austrijskim-drzavnim-zeljeznicama-za-1906-godinu\/daljinar_kilometerzeiger_1906-26\/\",\"alt\":\"\",\"description\":\"\",\"caption\":\"\",\"mime\":\"image\/jpeg\",\"type\":\"image\",\"width\":1030,\"height\":1417,\"sizes\":{\"full\":{\"url\":\"https:\/\/vremeplov.ba\/2025\/wp-content\/uploads\/2019\/11\/Daljinar_Kilometerzeiger_1906-26.jpg\",\"height\":1417,\"width\":1030,\"orientation\":\"portrait\"}},\"imageMeta\":{\"aperture\":\"0\",\"credit\":\"Srecko\",\"camera\":\"\",\"caption\":\"\",\"created_timestamp\":\"0\",\"copyright\":\"www.vremeplov.ba\",\"focal_length\":\"0\",\"iso\":\"0\",\"shutter_speed\":\"0\",\"title\":\"\",\"orientation\":\"1\",\"keywords\":[\"Daljinar\",\"Kilometerzeiger\",\"Lokal-Tarifen\",\"\u00f6sterreichische Staatsbahnen\",\"Bosnische-hercegovinische Staatsbahnen\",\"vremeplov\",\"Bosna\",\"\u017eeljeznice\"]},\"meta\":false,\"postlink\":\"https:\/\/vremeplov.ba\/2025\/2019\/11\/15\/daljinar-knjizica-tarifskih-kilometara-na-bosanskohercegovackim-i-austrijskim-drzavnim-zeljeznicama-za-1906-godinu\/daljinar_kilometerzeiger_1906-26\/\"},{\"id\":25393,\"title\":\"Daljinar_Kilometerzeiger_1906-27\",\"url\":\"https:\/\/vremeplov.ba\/2025\/wp-content\/uploads\/2019\/11\/Daljinar_Kilometerzeiger_1906-27.jpg\",\"link\":\"https:\/\/vremeplov.ba\/2025\/2019\/11\/15\/daljinar-knjizica-tarifskih-kilometara-na-bosanskohercegovackim-i-austrijskim-drzavnim-zeljeznicama-za-1906-godinu\/daljinar_kilometerzeiger_1906-27\/\",\"alt\":\"\",\"description\":\"\",\"caption\":\"\",\"mime\":\"image\/jpeg\",\"type\":\"image\",\"width\":980,\"height\":1417,\"sizes\":{\"full\":{\"url\":\"https:\/\/vremeplov.ba\/2025\/wp-content\/uploads\/2019\/11\/Daljinar_Kilometerzeiger_1906-27.jpg\",\"height\":1417,\"width\":980,\"orientation\":\"portrait\"}},\"imageMeta\":{\"aperture\":\"0\",\"credit\":\"Srecko\",\"camera\":\"\",\"caption\":\"\",\"created_timestamp\":\"0\",\"copyright\":\"www.vremeplov.ba\",\"focal_length\":\"0\",\"iso\":\"0\",\"shutter_speed\":\"0\",\"title\":\"\",\"orientation\":\"1\",\"keywords\":[\"Daljinar\",\"Kilometerzeiger\",\"Lokal-Tarifen\",\"\u00f6sterreichische Staatsbahnen\",\"Bosnische-hercegovinische Staatsbahnen\",\"vremeplov\",\"Bosna\",\"\u017eeljeznice\"]},\"meta\":false,\"postlink\":\"https:\/\/vremeplov.ba\/2025\/2019\/11\/15\/daljinar-knjizica-tarifskih-kilometara-na-bosanskohercegovackim-i-austrijskim-drzavnim-zeljeznicama-za-1906-godinu\/daljinar_kilometerzeiger_1906-27\/\"},{\"id\":25394,\"title\":\"Daljinar_Kilometerzeiger_1906-28\",\"url\":\"https:\/\/vremeplov.ba\/2025\/wp-content\/uploads\/2019\/11\/Daljinar_Kilometerzeiger_1906-28.jpg\",\"link\":\"https:\/\/vremeplov.ba\/2025\/2019\/11\/15\/daljinar-knjizica-tarifskih-kilometara-na-bosanskohercegovackim-i-austrijskim-drzavnim-zeljeznicama-za-1906-godinu\/daljinar_kilometerzeiger_1906-28\/\",\"alt\":\"\",\"description\":\"\",\"caption\":\"\",\"mime\":\"image\/jpeg\",\"type\":\"image\",\"width\":1036,\"height\":1417,\"sizes\":{\"full\":{\"url\":\"https:\/\/vremeplov.ba\/2025\/wp-content\/uploads\/2019\/11\/Daljinar_Kilometerzeiger_1906-28.jpg\",\"height\":1417,\"width\":1036,\"orientation\":\"portrait\"}},\"imageMeta\":{\"aperture\":\"0\",\"credit\":\"Srecko\",\"camera\":\"\",\"caption\":\"\",\"created_timestamp\":\"0\",\"copyright\":\"www.vremeplov.ba\",\"focal_length\":\"0\",\"iso\":\"0\",\"shutter_speed\":\"0\",\"title\":\"\",\"orientation\":\"1\",\"keywords\":[\"Daljinar\",\"Kilometerzeiger\",\"Lokal-Tarifen\",\"\u00f6sterreichische Staatsbahnen\",\"Bosnische-hercegovinische Staatsbahnen\",\"vremeplov\",\"Bosna\",\"\u017eeljeznice\"]},\"meta\":false,\"postlink\":\"https:\/\/vremeplov.ba\/2025\/2019\/11\/15\/daljinar-knjizica-tarifskih-kilometara-na-bosanskohercegovackim-i-austrijskim-drzavnim-zeljeznicama-za-1906-godinu\/daljinar_kilometerzeiger_1906-28\/\"},{\"id\":25395,\"title\":\"Daljinar_Kilometerzeiger_1906-29\",\"url\":\"https:\/\/vremeplov.ba\/2025\/wp-content\/uploads\/2019\/11\/Daljinar_Kilometerzeiger_1906-29.jpg\",\"link\":\"https:\/\/vremeplov.ba\/2025\/2019\/11\/15\/daljinar-knjizica-tarifskih-kilometara-na-bosanskohercegovackim-i-austrijskim-drzavnim-zeljeznicama-za-1906-godinu\/daljinar_kilometerzeiger_1906-29\/\",\"alt\":\"\",\"description\":\"\",\"caption\":\"\",\"mime\":\"image\/jpeg\",\"type\":\"image\",\"width\":988,\"height\":1417,\"sizes\":{\"full\":{\"url\":\"https:\/\/vremeplov.ba\/2025\/wp-content\/uploads\/2019\/11\/Daljinar_Kilometerzeiger_1906-29.jpg\",\"height\":1417,\"width\":988,\"orientation\":\"portrait\"}},\"imageMeta\":{\"aperture\":\"0\",\"credit\":\"Srecko\",\"camera\":\"\",\"caption\":\"\",\"created_timestamp\":\"0\",\"copyright\":\"www.vremeplov.ba\",\"focal_length\":\"0\",\"iso\":\"0\",\"shutter_speed\":\"0\",\"title\":\"\",\"orientation\":\"1\",\"keywords\":[\"Daljinar\",\"Kilometerzeiger\",\"Lokal-Tarifen\",\"\u00f6sterreichische Staatsbahnen\",\"Bosnische-hercegovinische Staatsbahnen\",\"vremeplov\",\"Bosna\",\"\u017eeljeznice\"]},\"meta\":false,\"postlink\":\"https:\/\/vremeplov.ba\/2025\/2019\/11\/15\/daljinar-knjizica-tarifskih-kilometara-na-bosanskohercegovackim-i-austrijskim-drzavnim-zeljeznicama-za-1906-godinu\/daljinar_kilometerzeiger_1906-29\/\"},{\"id\":25396,\"title\":\"Daljinar_Kilometerzeiger_1906-30\",\"url\":\"https:\/\/vremeplov.ba\/2025\/wp-content\/uploads\/2019\/11\/Daljinar_Kilometerzeiger_1906-30.jpg\",\"link\":\"https:\/\/vremeplov.ba\/2025\/2019\/11\/15\/daljinar-knjizica-tarifskih-kilometara-na-bosanskohercegovackim-i-austrijskim-drzavnim-zeljeznicama-za-1906-godinu\/daljinar_kilometerzeiger_1906-30\/\",\"alt\":\"\",\"description\":\"\",\"caption\":\"\",\"mime\":\"image\/jpeg\",\"type\":\"image\",\"width\":999,\"height\":1417,\"sizes\":{\"full\":{\"url\":\"https:\/\/vremeplov.ba\/2025\/wp-content\/uploads\/2019\/11\/Daljinar_Kilometerzeiger_1906-30.jpg\",\"height\":1417,\"width\":999,\"orientation\":\"portrait\"}},\"imageMeta\":{\"aperture\":\"0\",\"credit\":\"Srecko\",\"camera\":\"\",\"caption\":\"\",\"created_timestamp\":\"0\",\"copyright\":\"www.vremeplov.ba\",\"focal_length\":\"0\",\"iso\":\"0\",\"shutter_speed\":\"0\",\"title\":\"\",\"orientation\":\"1\",\"keywords\":[\"Daljinar\",\"Kilometerzeiger\",\"Lokal-Tarifen\",\"\u00f6sterreichische Staatsbahnen\",\"Bosnische-hercegovinische Staatsbahnen\",\"vremeplov\",\"Bosna\",\"\u017eeljeznice\"]},\"meta\":false,\"postlink\":\"https:\/\/vremeplov.ba\/2025\/2019\/11\/15\/daljinar-knjizica-tarifskih-kilometara-na-bosanskohercegovackim-i-austrijskim-drzavnim-zeljeznicama-za-1906-godinu\/daljinar_kilometerzeiger_1906-30\/\"},{\"id\":25397,\"title\":\"Daljinar_Kilometerzeiger_1906-31\",\"url\":\"https:\/\/vremeplov.ba\/2025\/wp-content\/uploads\/2019\/11\/Daljinar_Kilometerzeiger_1906-31.jpg\",\"link\":\"https:\/\/vremeplov.ba\/2025\/2019\/11\/15\/daljinar-knjizica-tarifskih-kilometara-na-bosanskohercegovackim-i-austrijskim-drzavnim-zeljeznicama-za-1906-godinu\/daljinar_kilometerzeiger_1906-31\/\",\"alt\":\"\",\"description\":\"\",\"caption\":\"\",\"mime\":\"image\/jpeg\",\"type\":\"image\",\"width\":955,\"height\":1417,\"sizes\":{\"full\":{\"url\":\"https:\/\/vremeplov.ba\/2025\/wp-content\/uploads\/2019\/11\/Daljinar_Kilometerzeiger_1906-31.jpg\",\"height\":1417,\"width\":955,\"orientation\":\"portrait\"}},\"imageMeta\":{\"aperture\":\"0\",\"credit\":\"Srecko\",\"camera\":\"\",\"caption\":\"\",\"created_timestamp\":\"0\",\"copyright\":\"www.vremeplov.ba\",\"focal_length\":\"0\",\"iso\":\"0\",\"shutter_speed\":\"0\",\"title\":\"\",\"orientation\":\"1\",\"keywords\":[\"Daljinar\",\"Kilometerzeiger\",\"Lokal-Tarifen\",\"\u00f6sterreichische Staatsbahnen\",\"Bosnische-hercegovinische Staatsbahnen\",\"vremeplov\",\"Bosna\",\"\u017eeljeznice\"]},\"meta\":false,\"postlink\":\"https:\/\/vremeplov.ba\/2025\/2019\/11\/15\/daljinar-knjizica-tarifskih-kilometara-na-bosanskohercegovackim-i-austrijskim-drzavnim-zeljeznicama-za-1906-godinu\/daljinar_kilometerzeiger_1906-31\/\"},{\"id\":25398,\"title\":\"Daljinar_Kilometerzeiger_1906-32\",\"url\":\"https:\/\/vremeplov.ba\/2025\/wp-content\/uploads\/2019\/11\/Daljinar_Kilometerzeiger_1906-32.jpg\",\"link\":\"https:\/\/vremeplov.ba\/2025\/2019\/11\/15\/daljinar-knjizica-tarifskih-kilometara-na-bosanskohercegovackim-i-austrijskim-drzavnim-zeljeznicama-za-1906-godinu\/daljinar_kilometerzeiger_1906-32\/\",\"alt\":\"\",\"description\":\"\",\"caption\":\"\",\"mime\":\"image\/jpeg\",\"type\":\"image\",\"width\":1002,\"height\":1417,\"sizes\":{\"full\":{\"url\":\"https:\/\/vremeplov.ba\/2025\/wp-content\/uploads\/2019\/11\/Daljinar_Kilometerzeiger_1906-32.jpg\",\"height\":1417,\"width\":1002,\"orientation\":\"portrait\"}},\"imageMeta\":{\"aperture\":\"0\",\"credit\":\"Srecko\",\"camera\":\"\",\"caption\":\"\",\"created_timestamp\":\"0\",\"copyright\":\"www.vremeplov.ba\",\"focal_length\":\"0\",\"iso\":\"0\",\"shutter_speed\":\"0\",\"title\":\"\",\"orientation\":\"1\",\"keywords\":[\"Daljinar\",\"Kilometerzeiger\",\"Lokal-Tarifen\",\"\u00f6sterreichische Staatsbahnen\",\"Bosnische-hercegovinische Staatsbahnen\",\"vremeplov\",\"Bosna\",\"\u017eeljeznice\"]},\"meta\":false,\"postlink\":\"https:\/\/vremeplov.ba\/2025\/2019\/11\/15\/daljinar-knjizica-tarifskih-kilometara-na-bosanskohercegovackim-i-austrijskim-drzavnim-zeljeznicama-za-1906-godinu\/daljinar_kilometerzeiger_1906-32\/\"}],\"hasCustomCSS\":false,\"customCSS\":\"\",\"otterConditions\":[],\"itemsMetaDataCollection\":[]}<\/script><script>(function(){if(window.PGC_SGB && window.PGC_SGB.searcher){window.PGC_SGB.searcher.initBlocks()}})()<\/script><\/div>","protected":false},"excerpt":{"rendered":"<p>Na dan pu\u0161tanja u javni saobra\u0107aj (04.07.1906. godine) izgra\u0111ene uzane pruge Sarajevo \u2013 Isto\u010dna granica (Sarajevo-Ostgrenze) Direkcija Bosanskohercegova\u010dkih dr\u017eavnih \u017eeljeznica (Bosnische-hercegovinische Staatsbahnen) izdaje knji\u017eicu kilometarskih odstojanja za lokalne tarife (Kilometerzeiger zu den Lokal- Tarifen) prilikom otpreme putnika, prtljaga, ekspresne robe i pasa. Knji\u017eica kilometarskih odstojanja tehni\u010dki je ura\u0111ena i propisana za slijede\u0107e pruge: Prilikom pregleda&hellip;&nbsp;<a href=\"https:\/\/vremeplov.ba\/2025\/2019\/11\/15\/daljinar-knjizica-tarifskih-kilometara-na-bosanskohercegovackim-i-austrijskim-drzavnim-zeljeznicama-za-1906-godinu\/\" rel=\"bookmark\">Read More &raquo;<span class=\"screen-reader-text\">Daljinar \u2013 knji\u017eica tarifskih kilometara na Bosanskohercegova\u010dkim i Austrijskim dr\u017eavnim \u017eeljeznicama za 1906. godinu<\/span><\/a><\/p>\n","protected":false},"author":2,"featured_media":0,"comment_status":"open","ping_status":"closed","sticky":false,"template":"","format":"standard","meta":{"give_campaign_id":0,"neve_meta_sidebar":"","neve_meta_container":"","neve_meta_enable_content_width":"","neve_meta_content_width":0,"neve_meta_title_alignment":"","neve_meta_author_avatar":"","neve_post_elements_order":"[\"content\",\"tags\"]","neve_meta_disable_header":"","neve_meta_disable_footer":"","neve_meta_disable_title":"","ngg_post_thumbnail":0,"pgc_sgb_lightbox_settings":"","_themeisle_gutenberg_block_has_review":false,"footnotes":""},"categories":[24],"tags":[],"class_list":["post-18336","post","type-post","status-publish","format-standard","hentry","category-zeljeznicko-stivo"],"_links":{"self":[{"href":"https:\/\/vremeplov.ba\/2025\/wp-json\/wp\/v2\/posts\/18336","targetHints":{"allow":["GET"]}}],"collection":[{"href":"https:\/\/vremeplov.ba\/2025\/wp-json\/wp\/v2\/posts"}],"about":[{"href":"https:\/\/vremeplov.ba\/2025\/wp-json\/wp\/v2\/types\/post"}],"author":[{"embeddable":true,"href":"https:\/\/vremeplov.ba\/2025\/wp-json\/wp\/v2\/users\/2"}],"replies":[{"embeddable":true,"href":"https:\/\/vremeplov.ba\/2025\/wp-json\/wp\/v2\/comments?post=18336"}],"version-history":[{"count":4,"href":"https:\/\/vremeplov.ba\/2025\/wp-json\/wp\/v2\/posts\/18336\/revisions"}],"predecessor-version":[{"id":34127,"href":"https:\/\/vremeplov.ba\/2025\/wp-json\/wp\/v2\/posts\/18336\/revisions\/34127"}],"wp:attachment":[{"href":"https:\/\/vremeplov.ba\/2025\/wp-json\/wp\/v2\/media?parent=18336"}],"wp:term":[{"taxonomy":"category","embeddable":true,"href":"https:\/\/vremeplov.ba\/2025\/wp-json\/wp\/v2\/categories?post=18336"},{"taxonomy":"post_tag","embeddable":true,"href":"https:\/\/vremeplov.ba\/2025\/wp-json\/wp\/v2\/tags?post=18336"}],"curies":[{"name":"wp","href":"https:\/\/api.w.org\/{rel}","templated":true}]}}