{"id":18418,"date":"2019-11-15T10:47:59","date_gmt":"2019-11-15T09:47:59","guid":{"rendered":"http:\/\/vremeplov.ba\/?p=18418"},"modified":"2025-05-18T14:00:48","modified_gmt":"2025-05-18T12:00:48","slug":"sumska-pruga-tarcin-laniste-lapov-dol-1902-godine","status":"publish","type":"post","link":"https:\/\/vremeplov.ba\/2025\/2019\/11\/15\/sumska-pruga-tarcin-laniste-lapov-dol-1902-godine\/","title":{"rendered":"\u0160umska pruga Tar\u010din-Lani\u0161te-Lapov dol 1902. godine"},"content":{"rendered":"\n<figure class=\"wp-block-image size-large\"><img decoding=\"async\" src=\"https:\/\/vremeplov.ba\/2025\/wp-content\/uploads\/2019\/11\/image-11.png\" alt=\"\" class=\"wp-image-18419\"\/><\/figure>\n\n\n\n<p>Sarajevski jevreji Rafael Zadik Finci, Elias Baruh i Isak Jak Baruh su 1902. godine osnovali preduze\u0107e za eksploataciju \u0161uma i industrijsku preradu drveta pod nazivom Rafael Z. Finci i komp. Preduze\u0107e je sa firmom Franz Steinmetz 1901. godine sklopila ugovor o dugoro\u010dnoj eksploataciji \u0161umskog podru\u010dja Preslica \u2013 Lapov dol \u2013 Lani\u0161te. Firma Rafael Z. Finci i komp. je izgradila \u0161umsku \u017eeljezni\u010dku prugu u du\u017eini od 13,0 km, koja je vodila od Tar\u010dina preko Guvni\u0161ta do Lani\u0161ta i Lapovog dola. Ta saobra\u0107ajnica je predstavljala kombinaciju adhezione (13,0 km) i gravitacione \u017eeljezni\u010dke pruge (kotura\u010de) od oko 3 kilometra. Vozni park je bio od jedne lokomotive ja\u010dine 30 KS i 25 pari dvoosovinskih truck-vagoneta. Istovremeno je firma podigla u Tar\u010dinu parnu pilanu sa pogonskim strojem od 200 KS i 4 gatera sa svim ostalim strojevima i ure\u0111ajima.<\/p>\n\n\n\n<figure class=\"wp-block-image size-large\"><img decoding=\"async\" src=\"https:\/\/vremeplov.ba\/2025\/wp-content\/uploads\/2019\/11\/image-12.png\" alt=\"\" class=\"wp-image-18420\"\/><\/figure>\n\n\n\n<p>U 1911. godini do\u0161lo je do pretvaranja preduze\u0107a Rafael Z. Finci i komp. u akcionarsko dru\u0161tvo pod nazivom Dioni\u010darsko dru\u0161tvo za eksploataciju i eksport drva \u201eJela\u201c. Nova firma je izgradila jo\u0161 jedan kilometar pruge ali bez lokomotivske vu\u0107e i nastavila rad sve do 1914. godine, jer su svi radovi bili prekinuti u vrijeme trajanja rata (1914.\/1918.). Tako\u0111er, firma \u201eJela\u201c d.d. iskori\u0161tavala je izvla\u010denje ogrijevnog drveta sa Ivan-planine koji se transportovao izgra\u0111enom prugom od glavne pruge kod Ra\u0161telice. Za dopunsko snabdijevanje svog pilanskog postrojenja u Tar\u010dinu, po\u010dev\u0161i od 1912. godine, kupovala je od preduze\u0107a F. Neuberger \u010detinarsku i bukovu oblovinu sje\u010denu&nbsp; u \u0161umskom podru\u010dju Ravne planine i najve\u0107im dijelom eksportovala u inostranstvo.<\/p>\n\n\n\n<figure class=\"wp-block-image size-large\"><img decoding=\"async\" src=\"https:\/\/vremeplov.ba\/2025\/wp-content\/uploads\/2019\/11\/image-13.png\" alt=\"\" class=\"wp-image-18421\"\/><\/figure>\n\n\n\n<p>Prilikom istra\u017eivanja u Istorijskom arhivu BiH nismo mogli prona\u0107i tehni\u010dku dokumentaciju, a niti podatke vezano za izgradnju ove \u0161umske \u017eeljeznice. Jedino podatke smo prona\u0161li iz 1908., 1911. i 1914. godine. Prvi dokument govori o produ\u017eenju pruge za oko 1,2 kilometra od Lani\u0161ta do Lapovog dola gdje investitor Rafael Z. Finci i komp. podnosi prijavu kotarskom uredu, \u0161umskoj upravi na Ilid\u017ei i svim zainteresiranim u zajednici (privatni posjedi) kako bi se svi mogli uklju\u0107iti u postupak.<\/p>\n\n\n\n<p>Prilikom projektovanja najavljene trase sa\u010dinjen je Zapisnik\nu kojem su u\u010destvovali projektant Mustajbeg Mutaveli\u0107, tehni\u010dki vje\u0161tak Ivan\nKriesehe, ispred \u0161umske uprave nad\u0161umar g. Aleman te kao stranke Salih Japalak\nd\u017eemat ba\u0161a (starje\u0161ina d\u017eemata) i Arif Japalak iz Kor\u010de.<\/p>\n\n\n\n<p>Drugi dokument iz 1911. godine govori o pravljenu pruge u\ndu\u017eini od 250 metara sa tehni\u010dkim nacrtom u kojem slijedi Zapisnik u kojem\nzastupnik ispred firme \u201eJela d.d.\u201c Isak Baruh daje svoj iskaz u kojem navodi da\nnema interesanata koji bi se uklju\u010dili u postupak osim Zemaljskog erara. Tre\u0107i\ndostupni dokument je podnesak ispred firme \u201eJela d.d.\u201c pa kako je pisan\nNjema\u010dkom goticom te\u0161ko da smo i\u0161ta mogli i prevesti.<\/p>\n\n\n\n<p>U prilogu ovog \u010dlanka mo\u017eete pogledati izvorna dokumenta\nkoja se nalaze u fotogaleriji.<\/p>\n\n\n\n<p>Literatura:<\/p>\n\n\n\n<ul class=\"wp-block-list\">\n<li>Branislav Begovi\u0107, <em>Razvojni put \u0161umske<br>privrede u Bosni i Hercegovini u periodu (1878-1918) sa posebnim osvrtom na<br>eksploataciju \u0161uma i industrijsku preradu drveta, str. 84 i 85.<\/em><\/li>\n\n\n\n<li>Arhiv Bosne i Hercegovine, ZVS-<em>\u0160umske i<br>industrijske \u017eeljeznice, 1908.,1911.,1914.<\/em><\/li>\n<\/ul>\n\n\n<div class=\"pgc-sgb-cb wp-block-pgcsimplygalleryblock-grid \" data-gallery-id=\"07167633\"><div class=\"sgb-preloader\" id=\"pr_07167633\">\n\t<div class=\"sgb-square\" style=\"background:#d4d4d4\"><\/div>\n\t<div class=\"sgb-square\" style=\"background:#d4d4d4\"><\/div>\n\t<div class=\"sgb-square\" style=\"background:#d4d4d4\"><\/div>\n\t<div class=\"sgb-square\" style=\"background:#d4d4d4\"><\/div><\/div><div class=\"simply-gallery-amp pgc_sgb_slider \"><noscript><div class=\"sgb-gallery\"><div class=\"sgb-item\"><a href=\"https:\/\/vremeplov.ba\/2025\/2019\/11\/15\/sumska-pruga-tarcin-laniste-lapov-dol-1902-godine\/tarcin_laniste-1\/\" target=\"_blank\"><img decoding=\"async\" alt=\"\" width=\"950\" height=\"628\" loading=\"lazy\" src=\"https:\/\/vremeplov.ba\/2025\/wp-content\/uploads\/2019\/11\/Tarcin_Laniste-1.jpg\" srcset=\",https:\/\/vremeplov.ba\/2025\/wp-content\/uploads\/2019\/11\/Tarcin_Laniste-1.jpg 950w\" sizes=\"auto, 250px\"\/><\/a><\/div><div class=\"sgb-item\"><a href=\"https:\/\/vremeplov.ba\/2025\/2019\/11\/15\/sumska-pruga-tarcin-laniste-lapov-dol-1902-godine\/tarcin_laniste-2\/\" target=\"_blank\"><img decoding=\"async\" alt=\"\" width=\"950\" height=\"607\" loading=\"lazy\" src=\"https:\/\/vremeplov.ba\/2025\/wp-content\/uploads\/2019\/11\/Tarcin_Laniste-2.jpg\" srcset=\",https:\/\/vremeplov.ba\/2025\/wp-content\/uploads\/2019\/11\/Tarcin_Laniste-2.jpg 950w\" sizes=\"auto, 250px\"\/><\/a><\/div><div class=\"sgb-item\"><a href=\"https:\/\/vremeplov.ba\/2025\/2019\/11\/15\/sumska-pruga-tarcin-laniste-lapov-dol-1902-godine\/tarcin_laniste-3\/\" target=\"_blank\"><img decoding=\"async\" alt=\"\" width=\"884\" height=\"1417\" loading=\"lazy\" src=\"https:\/\/vremeplov.ba\/2025\/wp-content\/uploads\/2019\/11\/Tarcin_Laniste-3.jpg\" srcset=\",https:\/\/vremeplov.ba\/2025\/wp-content\/uploads\/2019\/11\/Tarcin_Laniste-3.jpg 884w\" sizes=\"auto, 250px\"\/><\/a><\/div><div class=\"sgb-item\"><a href=\"https:\/\/vremeplov.ba\/2025\/2019\/11\/15\/sumska-pruga-tarcin-laniste-lapov-dol-1902-godine\/tarcin_laniste-4\/\" target=\"_blank\"><img decoding=\"async\" alt=\"\" width=\"2020\" height=\"3195\" loading=\"lazy\" src=\"https:\/\/vremeplov.ba\/2025\/wp-content\/uploads\/2019\/11\/Tarcin_Laniste-4.jpg\" srcset=\",https:\/\/vremeplov.ba\/2025\/wp-content\/uploads\/2019\/11\/Tarcin_Laniste-4.jpg 2020w\" sizes=\"auto, 250px\"\/><\/a><\/div><div class=\"sgb-item\"><a href=\"https:\/\/vremeplov.ba\/2025\/2019\/11\/15\/sumska-pruga-tarcin-laniste-lapov-dol-1902-godine\/tarcin_laniste-5\/\" target=\"_blank\"><img decoding=\"async\" alt=\"\" width=\"891\" height=\"1417\" loading=\"lazy\" src=\"https:\/\/vremeplov.ba\/2025\/wp-content\/uploads\/2019\/11\/Tarcin_Laniste-5.jpg\" srcset=\",https:\/\/vremeplov.ba\/2025\/wp-content\/uploads\/2019\/11\/Tarcin_Laniste-5.jpg 891w\" sizes=\"auto, 250px\"\/><\/a><\/div><div class=\"sgb-item\"><a href=\"https:\/\/vremeplov.ba\/2025\/2019\/11\/15\/sumska-pruga-tarcin-laniste-lapov-dol-1902-godine\/tarcin_laniste-6\/\" target=\"_blank\"><img decoding=\"async\" alt=\"\" width=\"891\" height=\"1417\" loading=\"lazy\" src=\"https:\/\/vremeplov.ba\/2025\/wp-content\/uploads\/2019\/11\/Tarcin_Laniste-6.jpg\" srcset=\",https:\/\/vremeplov.ba\/2025\/wp-content\/uploads\/2019\/11\/Tarcin_Laniste-6.jpg 891w\" sizes=\"auto, 250px\"\/><\/a><\/div><div class=\"sgb-item\"><a href=\"https:\/\/vremeplov.ba\/2025\/2019\/11\/15\/sumska-pruga-tarcin-laniste-lapov-dol-1902-godine\/tarcin_laniste-7\/\" target=\"_blank\"><img decoding=\"async\" alt=\"\" width=\"849\" height=\"1417\" loading=\"lazy\" src=\"https:\/\/vremeplov.ba\/2025\/wp-content\/uploads\/2019\/11\/Tarcin_Laniste-7.jpg\" srcset=\",https:\/\/vremeplov.ba\/2025\/wp-content\/uploads\/2019\/11\/Tarcin_Laniste-7.jpg 849w\" sizes=\"auto, 250px\"\/><\/a><\/div><div class=\"sgb-item\"><a href=\"https:\/\/vremeplov.ba\/2025\/2019\/11\/15\/sumska-pruga-tarcin-laniste-lapov-dol-1902-godine\/tarcin_laniste-8\/\" target=\"_blank\"><img decoding=\"async\" alt=\"\" width=\"879\" height=\"1417\" loading=\"lazy\" src=\"https:\/\/vremeplov.ba\/2025\/wp-content\/uploads\/2019\/11\/Tarcin_Laniste-8.jpg\" srcset=\",https:\/\/vremeplov.ba\/2025\/wp-content\/uploads\/2019\/11\/Tarcin_Laniste-8.jpg 879w\" sizes=\"auto, 250px\"\/><\/a><\/div><div class=\"sgb-item\"><a href=\"https:\/\/vremeplov.ba\/2025\/2019\/11\/15\/sumska-pruga-tarcin-laniste-lapov-dol-1902-godine\/tarcin_laniste-9\/\" target=\"_blank\"><img decoding=\"async\" alt=\"\" width=\"905\" height=\"1417\" loading=\"lazy\" src=\"https:\/\/vremeplov.ba\/2025\/wp-content\/uploads\/2019\/11\/Tarcin_Laniste-9.jpg\" srcset=\",https:\/\/vremeplov.ba\/2025\/wp-content\/uploads\/2019\/11\/Tarcin_Laniste-9.jpg 905w\" sizes=\"auto, 250px\"\/><\/a><\/div><div class=\"sgb-item\"><a href=\"https:\/\/vremeplov.ba\/2025\/2019\/11\/15\/sumska-pruga-tarcin-laniste-lapov-dol-1902-godine\/tarcin_laniste-10\/\" target=\"_blank\"><img decoding=\"async\" alt=\"\" width=\"882\" height=\"1417\" loading=\"lazy\" src=\"https:\/\/vremeplov.ba\/2025\/wp-content\/uploads\/2019\/11\/Tarcin_Laniste-10.jpg\" srcset=\",https:\/\/vremeplov.ba\/2025\/wp-content\/uploads\/2019\/11\/Tarcin_Laniste-10.jpg 882w\" sizes=\"auto, 250px\"\/><\/a><\/div><div class=\"sgb-item\"><a href=\"https:\/\/vremeplov.ba\/2025\/2019\/11\/15\/sumska-pruga-tarcin-laniste-lapov-dol-1902-godine\/tarcin_laniste-11\/\" target=\"_blank\"><img decoding=\"async\" alt=\"\" width=\"894\" height=\"1417\" loading=\"lazy\" src=\"https:\/\/vremeplov.ba\/2025\/wp-content\/uploads\/2019\/11\/Tarcin_Laniste-11.jpg\" srcset=\",https:\/\/vremeplov.ba\/2025\/wp-content\/uploads\/2019\/11\/Tarcin_Laniste-11.jpg 894w\" sizes=\"auto, 250px\"\/><\/a><\/div><div class=\"sgb-item\"><a href=\"https:\/\/vremeplov.ba\/2025\/2019\/11\/15\/sumska-pruga-tarcin-laniste-lapov-dol-1902-godine\/tarcin_laniste-12\/\" target=\"_blank\"><img decoding=\"async\" alt=\"\" width=\"891\" height=\"1417\" loading=\"lazy\" src=\"https:\/\/vremeplov.ba\/2025\/wp-content\/uploads\/2019\/11\/Tarcin_Laniste-12.jpg\" srcset=\",https:\/\/vremeplov.ba\/2025\/wp-content\/uploads\/2019\/11\/Tarcin_Laniste-12.jpg 891w\" sizes=\"auto, 250px\"\/><\/a><\/div><div class=\"sgb-item\"><a href=\"https:\/\/vremeplov.ba\/2025\/2019\/11\/15\/sumska-pruga-tarcin-laniste-lapov-dol-1902-godine\/tarcin_laniste-13\/\" target=\"_blank\"><img decoding=\"async\" alt=\"\" width=\"918\" height=\"1417\" loading=\"lazy\" src=\"https:\/\/vremeplov.ba\/2025\/wp-content\/uploads\/2019\/11\/Tarcin_Laniste-13.jpg\" srcset=\",https:\/\/vremeplov.ba\/2025\/wp-content\/uploads\/2019\/11\/Tarcin_Laniste-13.jpg 918w\" sizes=\"auto, 250px\"\/><\/a><\/div><div class=\"sgb-item\"><a href=\"https:\/\/vremeplov.ba\/2025\/2019\/11\/15\/sumska-pruga-tarcin-laniste-lapov-dol-1902-godine\/tarcin_laniste-14\/\" target=\"_blank\"><img decoding=\"async\" alt=\"\" width=\"913\" height=\"1417\" loading=\"lazy\" src=\"https:\/\/vremeplov.ba\/2025\/wp-content\/uploads\/2019\/11\/Tarcin_Laniste-14.jpg\" srcset=\",https:\/\/vremeplov.ba\/2025\/wp-content\/uploads\/2019\/11\/Tarcin_Laniste-14.jpg 913w\" sizes=\"auto, 250px\"\/><\/a><\/div><div class=\"sgb-item\"><a href=\"https:\/\/vremeplov.ba\/2025\/2019\/11\/15\/sumska-pruga-tarcin-laniste-lapov-dol-1902-godine\/tarcin_laniste-15\/\" target=\"_blank\"><img decoding=\"async\" alt=\"\" width=\"905\" height=\"1417\" loading=\"lazy\" src=\"https:\/\/vremeplov.ba\/2025\/wp-content\/uploads\/2019\/11\/Tarcin_Laniste-15.jpg\" srcset=\",https:\/\/vremeplov.ba\/2025\/wp-content\/uploads\/2019\/11\/Tarcin_Laniste-15.jpg 905w\" sizes=\"auto, 250px\"\/><\/a><\/div><div class=\"sgb-item\"><a href=\"https:\/\/vremeplov.ba\/2025\/2019\/11\/15\/sumska-pruga-tarcin-laniste-lapov-dol-1902-godine\/tarcin_laniste-16\/\" target=\"_blank\"><img decoding=\"async\" alt=\"\" width=\"900\" height=\"1417\" loading=\"lazy\" src=\"https:\/\/vremeplov.ba\/2025\/wp-content\/uploads\/2019\/11\/Tarcin_Laniste-16.jpg\" srcset=\",https:\/\/vremeplov.ba\/2025\/wp-content\/uploads\/2019\/11\/Tarcin_Laniste-16.jpg 900w\" sizes=\"auto, 250px\"\/><\/a><\/div><div class=\"sgb-item\"><a href=\"https:\/\/vremeplov.ba\/2025\/2019\/11\/15\/sumska-pruga-tarcin-laniste-lapov-dol-1902-godine\/tarcin_laniste-17\/\" target=\"_blank\"><img decoding=\"async\" alt=\"\" width=\"1417\" height=\"1017\" loading=\"lazy\" src=\"https:\/\/vremeplov.ba\/2025\/wp-content\/uploads\/2019\/11\/Tarcin_Laniste-17.jpg\" srcset=\",https:\/\/vremeplov.ba\/2025\/wp-content\/uploads\/2019\/11\/Tarcin_Laniste-17.jpg 1417w\" sizes=\"auto, 250px\"\/><\/a><\/div><div class=\"sgb-item\"><a href=\"https:\/\/vremeplov.ba\/2025\/2019\/11\/15\/sumska-pruga-tarcin-laniste-lapov-dol-1902-godine\/tarcin_laniste-18\/\" target=\"_blank\"><img decoding=\"async\" alt=\"\" width=\"862\" height=\"1417\" loading=\"lazy\" src=\"https:\/\/vremeplov.ba\/2025\/wp-content\/uploads\/2019\/11\/Tarcin_Laniste-18.jpg\" srcset=\",https:\/\/vremeplov.ba\/2025\/wp-content\/uploads\/2019\/11\/Tarcin_Laniste-18.jpg 862w\" sizes=\"auto, 250px\"\/><\/a><\/div><div class=\"sgb-item\"><a href=\"https:\/\/vremeplov.ba\/2025\/2019\/11\/15\/sumska-pruga-tarcin-laniste-lapov-dol-1902-godine\/tarcin_laniste-19\/\" target=\"_blank\"><img decoding=\"async\" alt=\"\" width=\"988\" height=\"1417\" loading=\"lazy\" src=\"https:\/\/vremeplov.ba\/2025\/wp-content\/uploads\/2019\/11\/Tarcin_Laniste-19.jpg\" srcset=\",https:\/\/vremeplov.ba\/2025\/wp-content\/uploads\/2019\/11\/Tarcin_Laniste-19.jpg 988w\" sizes=\"auto, 250px\"\/><\/a><\/div><div class=\"sgb-item\"><a href=\"https:\/\/vremeplov.ba\/2025\/2019\/11\/15\/sumska-pruga-tarcin-laniste-lapov-dol-1902-godine\/tarcin_laniste-20\/\" target=\"_blank\"><img decoding=\"async\" alt=\"\" width=\"881\" height=\"1417\" loading=\"lazy\" src=\"https:\/\/vremeplov.ba\/2025\/wp-content\/uploads\/2019\/11\/Tarcin_Laniste-20.jpg\" srcset=\",https:\/\/vremeplov.ba\/2025\/wp-content\/uploads\/2019\/11\/Tarcin_Laniste-20.jpg 881w\" sizes=\"auto, 250px\"\/><\/a><\/div><div class=\"sgb-item\"><a href=\"https:\/\/vremeplov.ba\/2025\/2019\/11\/15\/sumska-pruga-tarcin-laniste-lapov-dol-1902-godine\/tarcin_laniste-21\/\" target=\"_blank\"><img decoding=\"async\" alt=\"\" width=\"909\" height=\"1417\" loading=\"lazy\" src=\"https:\/\/vremeplov.ba\/2025\/wp-content\/uploads\/2019\/11\/Tarcin_Laniste-21.jpg\" srcset=\",https:\/\/vremeplov.ba\/2025\/wp-content\/uploads\/2019\/11\/Tarcin_Laniste-21.jpg 909w\" sizes=\"auto, 250px\"\/><\/a><\/div><div class=\"sgb-item\"><a href=\"https:\/\/vremeplov.ba\/2025\/2019\/11\/15\/sumska-pruga-tarcin-laniste-lapov-dol-1902-godine\/tarcin_laniste-22\/\" target=\"_blank\"><img decoding=\"async\" alt=\"\" width=\"950\" height=\"927\" loading=\"lazy\" src=\"https:\/\/vremeplov.ba\/2025\/wp-content\/uploads\/2019\/11\/Tarcin_Laniste-22.jpg\" srcset=\",https:\/\/vremeplov.ba\/2025\/wp-content\/uploads\/2019\/11\/Tarcin_Laniste-22.jpg 950w\" sizes=\"auto, 250px\"\/><\/a><\/div><div class=\"sgb-item\"><a href=\"https:\/\/vremeplov.ba\/2025\/2019\/11\/15\/sumska-pruga-tarcin-laniste-lapov-dol-1902-godine\/tarcin_laniste-23\/\" target=\"_blank\"><img decoding=\"async\" alt=\"\" width=\"900\" height=\"1417\" loading=\"lazy\" src=\"https:\/\/vremeplov.ba\/2025\/wp-content\/uploads\/2019\/11\/Tarcin_Laniste-23.jpg\" srcset=\",https:\/\/vremeplov.ba\/2025\/wp-content\/uploads\/2019\/11\/Tarcin_Laniste-23.jpg 900w\" sizes=\"auto, 250px\"\/><\/a><\/div><div class=\"sgb-item\"><a href=\"https:\/\/vremeplov.ba\/2025\/2019\/11\/15\/sumska-pruga-tarcin-laniste-lapov-dol-1902-godine\/tarcin_laniste-24\/\" target=\"_blank\"><img decoding=\"async\" alt=\"\" width=\"1322\" height=\"1890\" loading=\"lazy\" src=\"https:\/\/vremeplov.ba\/2025\/wp-content\/uploads\/2019\/11\/Tarcin_Laniste-24.jpg\" srcset=\",https:\/\/vremeplov.ba\/2025\/wp-content\/uploads\/2019\/11\/Tarcin_Laniste-24.jpg 1322w\" sizes=\"auto, 250px\"\/><\/a><\/div><div class=\"sgb-item\"><a href=\"https:\/\/vremeplov.ba\/2025\/2019\/11\/15\/sumska-pruga-tarcin-laniste-lapov-dol-1902-godine\/tarcin_laniste-25\/\" target=\"_blank\"><img decoding=\"async\" alt=\"\" width=\"1417\" height=\"1304\" loading=\"lazy\" src=\"https:\/\/vremeplov.ba\/2025\/wp-content\/uploads\/2019\/11\/Tarcin_Laniste-25.jpg\" srcset=\",https:\/\/vremeplov.ba\/2025\/wp-content\/uploads\/2019\/11\/Tarcin_Laniste-25.jpg 1417w\" sizes=\"auto, 250px\"\/><\/a><\/div><div class=\"sgb-item\"><a href=\"https:\/\/vremeplov.ba\/2025\/2019\/11\/15\/sumska-pruga-tarcin-laniste-lapov-dol-1902-godine\/tarcin_laniste-26\/\" target=\"_blank\"><img decoding=\"async\" alt=\"\" width=\"709\" height=\"950\" loading=\"lazy\" src=\"https:\/\/vremeplov.ba\/2025\/wp-content\/uploads\/2019\/11\/Tarcin_Laniste-26.jpg\" srcset=\",https:\/\/vremeplov.ba\/2025\/wp-content\/uploads\/2019\/11\/Tarcin_Laniste-26.jpg 709w\" sizes=\"auto, 250px\"\/><\/a><\/div><\/div><\/noscript><\/div><script type=\"application\/json\" class=\"sgb-data\">{\"collectionColumns\":5,\"collectionThumbRecomendedWidth\":100,\"externalLink\":false,\"captions\":false,\"collectionThumbSubMenuDownload\":false,\"collectionThumbSubMenuShare\":false,\"galleryType\":\"pgc_sgb_grid\",\"galleryId\":\"07167633\",\"images\":[{\"id\":25339,\"title\":\"Tarcin_Laniste-1\",\"url\":\"https:\/\/vremeplov.ba\/2025\/wp-content\/uploads\/2019\/11\/Tarcin_Laniste-1.jpg\",\"link\":\"https:\/\/vremeplov.ba\/2025\/2019\/11\/15\/sumska-pruga-tarcin-laniste-lapov-dol-1902-godine\/tarcin_laniste-1\/\",\"alt\":\"\",\"description\":\"\",\"caption\":\"\",\"mime\":\"image\/jpeg\",\"type\":\"image\",\"width\":950,\"height\":628,\"sizes\":{\"full\":{\"url\":\"https:\/\/vremeplov.ba\/2025\/wp-content\/uploads\/2019\/11\/Tarcin_Laniste-1.jpg\",\"height\":628,\"width\":950,\"orientation\":\"landscape\"}},\"imageMeta\":{\"aperture\":\"0\",\"credit\":\"Srecko\",\"camera\":\"\",\"caption\":\"\",\"created_timestamp\":\"1573319187\",\"copyright\":\"www.vremeplov.ba\",\"focal_length\":\"0\",\"iso\":\"0\",\"shutter_speed\":\"0\",\"title\":\"\",\"orientation\":\"1\",\"keywords\":[\"Tar\u010din\",\"Lani\u0161te\",\"Preslica\",\"\u0161umska pruga\",\"uzani\",\"kolosijek\",\"Finci\",\"pilana\",\"vremeplov\"]},\"meta\":false,\"postlink\":\"https:\/\/vremeplov.ba\/2025\/2019\/11\/15\/sumska-pruga-tarcin-laniste-lapov-dol-1902-godine\/tarcin_laniste-1\/\"},{\"id\":25340,\"title\":\"Tarcin_Laniste-2\",\"url\":\"https:\/\/vremeplov.ba\/2025\/wp-content\/uploads\/2019\/11\/Tarcin_Laniste-2.jpg\",\"link\":\"https:\/\/vremeplov.ba\/2025\/2019\/11\/15\/sumska-pruga-tarcin-laniste-lapov-dol-1902-godine\/tarcin_laniste-2\/\",\"alt\":\"\",\"description\":\"\",\"caption\":\"\",\"mime\":\"image\/jpeg\",\"type\":\"image\",\"width\":950,\"height\":607,\"sizes\":{\"full\":{\"url\":\"https:\/\/vremeplov.ba\/2025\/wp-content\/uploads\/2019\/11\/Tarcin_Laniste-2.jpg\",\"height\":607,\"width\":950,\"orientation\":\"landscape\"}},\"imageMeta\":{\"aperture\":\"0\",\"credit\":\"Srecko\",\"camera\":\"\",\"caption\":\"\",\"created_timestamp\":\"1573319187\",\"copyright\":\"www.vremeplov.ba\",\"focal_length\":\"0\",\"iso\":\"0\",\"shutter_speed\":\"0\",\"title\":\"\",\"orientation\":\"1\",\"keywords\":[\"Tar\u010din\",\"Lani\u0161te\",\"Preslica\",\"\u0161umska pruga\",\"uzani\",\"kolosijek\",\"Finci\",\"pilana\",\"vremeplov\"]},\"meta\":false,\"postlink\":\"https:\/\/vremeplov.ba\/2025\/2019\/11\/15\/sumska-pruga-tarcin-laniste-lapov-dol-1902-godine\/tarcin_laniste-2\/\"},{\"id\":25341,\"title\":\"Tarcin_Laniste-3\",\"url\":\"https:\/\/vremeplov.ba\/2025\/wp-content\/uploads\/2019\/11\/Tarcin_Laniste-3.jpg\",\"link\":\"https:\/\/vremeplov.ba\/2025\/2019\/11\/15\/sumska-pruga-tarcin-laniste-lapov-dol-1902-godine\/tarcin_laniste-3\/\",\"alt\":\"\",\"description\":\"\",\"caption\":\"\",\"mime\":\"image\/jpeg\",\"type\":\"image\",\"width\":884,\"height\":1417,\"sizes\":{\"full\":{\"url\":\"https:\/\/vremeplov.ba\/2025\/wp-content\/uploads\/2019\/11\/Tarcin_Laniste-3.jpg\",\"height\":1417,\"width\":884,\"orientation\":\"portrait\"}},\"imageMeta\":{\"aperture\":\"5.6\",\"credit\":\"Srecko\",\"camera\":\"Canon EOS 40D\",\"caption\":\"\",\"created_timestamp\":\"1571128027\",\"copyright\":\"www.vremeplov.ba\",\"focal_length\":\"28\",\"iso\":\"800\",\"shutter_speed\":\"0.033333333333333\",\"title\":\"\",\"orientation\":\"1\",\"keywords\":[\"Tar\u010din\",\"Lani\u0161te\",\"Preslica\",\"\u0161umska pruga\",\"uzani\",\"kolosijek\",\"Finci\",\"pilana\",\"vremeplov\"]},\"meta\":false,\"postlink\":\"https:\/\/vremeplov.ba\/2025\/2019\/11\/15\/sumska-pruga-tarcin-laniste-lapov-dol-1902-godine\/tarcin_laniste-3\/\"},{\"id\":25342,\"title\":\"Tarcin_Laniste-4\",\"url\":\"https:\/\/vremeplov.ba\/2025\/wp-content\/uploads\/2019\/11\/Tarcin_Laniste-4.jpg\",\"link\":\"https:\/\/vremeplov.ba\/2025\/2019\/11\/15\/sumska-pruga-tarcin-laniste-lapov-dol-1902-godine\/tarcin_laniste-4\/\",\"alt\":\"\",\"description\":\"\",\"caption\":\"\",\"mime\":\"image\/jpeg\",\"type\":\"image\",\"width\":2020,\"height\":3195,\"sizes\":{\"full\":{\"url\":\"https:\/\/vremeplov.ba\/2025\/wp-content\/uploads\/2019\/11\/Tarcin_Laniste-4.jpg\",\"height\":3195,\"width\":2020,\"orientation\":\"portrait\"}},\"imageMeta\":{\"aperture\":\"5.6\",\"credit\":\"Srecko\",\"camera\":\"Canon EOS 40D\",\"caption\":\"\",\"created_timestamp\":\"1571128027\",\"copyright\":\"www.vremeplov.ba\",\"focal_length\":\"28\",\"iso\":\"800\",\"shutter_speed\":\"0.033333333333333\",\"title\":\"\",\"orientation\":\"1\",\"keywords\":[]},\"meta\":false,\"postlink\":\"https:\/\/vremeplov.ba\/2025\/2019\/11\/15\/sumska-pruga-tarcin-laniste-lapov-dol-1902-godine\/tarcin_laniste-4\/\"},{\"id\":25343,\"title\":\"Tarcin_Laniste-5\",\"url\":\"https:\/\/vremeplov.ba\/2025\/wp-content\/uploads\/2019\/11\/Tarcin_Laniste-5.jpg\",\"link\":\"https:\/\/vremeplov.ba\/2025\/2019\/11\/15\/sumska-pruga-tarcin-laniste-lapov-dol-1902-godine\/tarcin_laniste-5\/\",\"alt\":\"\",\"description\":\"\",\"caption\":\"\",\"mime\":\"image\/jpeg\",\"type\":\"image\",\"width\":891,\"height\":1417,\"sizes\":{\"full\":{\"url\":\"https:\/\/vremeplov.ba\/2025\/wp-content\/uploads\/2019\/11\/Tarcin_Laniste-5.jpg\",\"height\":1417,\"width\":891,\"orientation\":\"portrait\"}},\"imageMeta\":{\"aperture\":\"4\",\"credit\":\"Srecko\",\"camera\":\"Canon EOS 40D\",\"caption\":\"\",\"created_timestamp\":\"1572860115\",\"copyright\":\"www.vremeplov.ba\",\"focal_length\":\"28\",\"iso\":\"400\",\"shutter_speed\":\"0.016666666666667\",\"title\":\"\",\"orientation\":\"1\",\"keywords\":[\"Tar\u010din\",\"Lani\u0161te\",\"Preslica\",\"\u0161umska pruga\",\"uzani\",\"kolosijek\",\"Finci\",\"pilana\",\"vremeplov\"]},\"meta\":false,\"postlink\":\"https:\/\/vremeplov.ba\/2025\/2019\/11\/15\/sumska-pruga-tarcin-laniste-lapov-dol-1902-godine\/tarcin_laniste-5\/\"},{\"id\":25344,\"title\":\"Tarcin_Laniste-6\",\"url\":\"https:\/\/vremeplov.ba\/2025\/wp-content\/uploads\/2019\/11\/Tarcin_Laniste-6.jpg\",\"link\":\"https:\/\/vremeplov.ba\/2025\/2019\/11\/15\/sumska-pruga-tarcin-laniste-lapov-dol-1902-godine\/tarcin_laniste-6\/\",\"alt\":\"\",\"description\":\"\",\"caption\":\"\",\"mime\":\"image\/jpeg\",\"type\":\"image\",\"width\":891,\"height\":1417,\"sizes\":{\"full\":{\"url\":\"https:\/\/vremeplov.ba\/2025\/wp-content\/uploads\/2019\/11\/Tarcin_Laniste-6.jpg\",\"height\":1417,\"width\":891,\"orientation\":\"portrait\"}},\"imageMeta\":{\"aperture\":\"4\",\"credit\":\"Srecko\",\"camera\":\"Canon EOS 40D\",\"caption\":\"\",\"created_timestamp\":\"1572860147\",\"copyright\":\"www.vremeplov.ba\",\"focal_length\":\"28\",\"iso\":\"400\",\"shutter_speed\":\"0.016666666666667\",\"title\":\"\",\"orientation\":\"1\",\"keywords\":[\"Tar\u010din\",\"Lani\u0161te\",\"Preslica\",\"\u0161umska pruga\",\"uzani\",\"kolosijek\",\"Finci\",\"pilana\",\"vremeplov\"]},\"meta\":false,\"postlink\":\"https:\/\/vremeplov.ba\/2025\/2019\/11\/15\/sumska-pruga-tarcin-laniste-lapov-dol-1902-godine\/tarcin_laniste-6\/\"},{\"id\":25345,\"title\":\"Tarcin_Laniste-7\",\"url\":\"https:\/\/vremeplov.ba\/2025\/wp-content\/uploads\/2019\/11\/Tarcin_Laniste-7.jpg\",\"link\":\"https:\/\/vremeplov.ba\/2025\/2019\/11\/15\/sumska-pruga-tarcin-laniste-lapov-dol-1902-godine\/tarcin_laniste-7\/\",\"alt\":\"\",\"description\":\"\",\"caption\":\"\",\"mime\":\"image\/jpeg\",\"type\":\"image\",\"width\":849,\"height\":1417,\"sizes\":{\"full\":{\"url\":\"https:\/\/vremeplov.ba\/2025\/wp-content\/uploads\/2019\/11\/Tarcin_Laniste-7.jpg\",\"height\":1417,\"width\":849,\"orientation\":\"portrait\"}},\"imageMeta\":{\"aperture\":\"4\",\"credit\":\"Srecko\",\"camera\":\"Canon EOS 40D\",\"caption\":\"\",\"created_timestamp\":\"1572860153\",\"copyright\":\"www.vremeplov.ba\",\"focal_length\":\"28\",\"iso\":\"400\",\"shutter_speed\":\"0.016666666666667\",\"title\":\"\",\"orientation\":\"1\",\"keywords\":[\"Tar\u010din\",\"Lani\u0161te\",\"Preslica\",\"\u0161umska pruga\",\"uzani\",\"kolosijek\",\"Finci\",\"pilana\",\"vremeplov\"]},\"meta\":false,\"postlink\":\"https:\/\/vremeplov.ba\/2025\/2019\/11\/15\/sumska-pruga-tarcin-laniste-lapov-dol-1902-godine\/tarcin_laniste-7\/\"},{\"id\":25346,\"title\":\"Tarcin_Laniste-8\",\"url\":\"https:\/\/vremeplov.ba\/2025\/wp-content\/uploads\/2019\/11\/Tarcin_Laniste-8.jpg\",\"link\":\"https:\/\/vremeplov.ba\/2025\/2019\/11\/15\/sumska-pruga-tarcin-laniste-lapov-dol-1902-godine\/tarcin_laniste-8\/\",\"alt\":\"\",\"description\":\"\",\"caption\":\"\",\"mime\":\"image\/jpeg\",\"type\":\"image\",\"width\":879,\"height\":1417,\"sizes\":{\"full\":{\"url\":\"https:\/\/vremeplov.ba\/2025\/wp-content\/uploads\/2019\/11\/Tarcin_Laniste-8.jpg\",\"height\":1417,\"width\":879,\"orientation\":\"portrait\"}},\"imageMeta\":{\"aperture\":\"0\",\"credit\":\"Srecko\",\"camera\":\"\",\"caption\":\"\",\"created_timestamp\":\"0\",\"copyright\":\"www.vremeplov.ba\",\"focal_length\":\"0\",\"iso\":\"0\",\"shutter_speed\":\"0\",\"title\":\"\",\"orientation\":\"1\",\"keywords\":[\"Tar\u010din\",\"Lani\u0161te\",\"Preslica\",\"\u0161umska pruga\",\"uzani\",\"kolosijek\",\"Finci\",\"pilana\",\"vremeplov\"]},\"meta\":false,\"postlink\":\"https:\/\/vremeplov.ba\/2025\/2019\/11\/15\/sumska-pruga-tarcin-laniste-lapov-dol-1902-godine\/tarcin_laniste-8\/\"},{\"id\":25347,\"title\":\"Tarcin_Laniste-9\",\"url\":\"https:\/\/vremeplov.ba\/2025\/wp-content\/uploads\/2019\/11\/Tarcin_Laniste-9.jpg\",\"link\":\"https:\/\/vremeplov.ba\/2025\/2019\/11\/15\/sumska-pruga-tarcin-laniste-lapov-dol-1902-godine\/tarcin_laniste-9\/\",\"alt\":\"\",\"description\":\"\",\"caption\":\"\",\"mime\":\"image\/jpeg\",\"type\":\"image\",\"width\":905,\"height\":1417,\"sizes\":{\"full\":{\"url\":\"https:\/\/vremeplov.ba\/2025\/wp-content\/uploads\/2019\/11\/Tarcin_Laniste-9.jpg\",\"height\":1417,\"width\":905,\"orientation\":\"portrait\"}},\"imageMeta\":{\"aperture\":\"0\",\"credit\":\"Srecko\",\"camera\":\"\",\"caption\":\"\",\"created_timestamp\":\"0\",\"copyright\":\"www.vremeplov.ba\",\"focal_length\":\"0\",\"iso\":\"0\",\"shutter_speed\":\"0\",\"title\":\"\",\"orientation\":\"1\",\"keywords\":[\"Tar\u010din\",\"Lani\u0161te\",\"Preslica\",\"\u0161umska pruga\",\"uzani\",\"kolosijek\",\"Finci\",\"pilana\",\"vremeplov\"]},\"meta\":false,\"postlink\":\"https:\/\/vremeplov.ba\/2025\/2019\/11\/15\/sumska-pruga-tarcin-laniste-lapov-dol-1902-godine\/tarcin_laniste-9\/\"},{\"id\":25348,\"title\":\"Tarcin_Laniste-10\",\"url\":\"https:\/\/vremeplov.ba\/2025\/wp-content\/uploads\/2019\/11\/Tarcin_Laniste-10.jpg\",\"link\":\"https:\/\/vremeplov.ba\/2025\/2019\/11\/15\/sumska-pruga-tarcin-laniste-lapov-dol-1902-godine\/tarcin_laniste-10\/\",\"alt\":\"\",\"description\":\"\",\"caption\":\"\",\"mime\":\"image\/jpeg\",\"type\":\"image\",\"width\":882,\"height\":1417,\"sizes\":{\"full\":{\"url\":\"https:\/\/vremeplov.ba\/2025\/wp-content\/uploads\/2019\/11\/Tarcin_Laniste-10.jpg\",\"height\":1417,\"width\":882,\"orientation\":\"portrait\"}},\"imageMeta\":{\"aperture\":\"0\",\"credit\":\"Srecko\",\"camera\":\"\",\"caption\":\"\",\"created_timestamp\":\"0\",\"copyright\":\"www.vremeplov.ba\",\"focal_length\":\"0\",\"iso\":\"0\",\"shutter_speed\":\"0\",\"title\":\"\",\"orientation\":\"1\",\"keywords\":[\"Tar\u010din\",\"Lani\u0161te\",\"Preslica\",\"\u0161umska pruga\",\"uzani\",\"kolosijek\",\"Finci\",\"pilana\",\"vremeplov\"]},\"meta\":false,\"postlink\":\"https:\/\/vremeplov.ba\/2025\/2019\/11\/15\/sumska-pruga-tarcin-laniste-lapov-dol-1902-godine\/tarcin_laniste-10\/\"},{\"id\":25349,\"title\":\"Tarcin_Laniste-11\",\"url\":\"https:\/\/vremeplov.ba\/2025\/wp-content\/uploads\/2019\/11\/Tarcin_Laniste-11.jpg\",\"link\":\"https:\/\/vremeplov.ba\/2025\/2019\/11\/15\/sumska-pruga-tarcin-laniste-lapov-dol-1902-godine\/tarcin_laniste-11\/\",\"alt\":\"\",\"description\":\"\",\"caption\":\"\",\"mime\":\"image\/jpeg\",\"type\":\"image\",\"width\":894,\"height\":1417,\"sizes\":{\"full\":{\"url\":\"https:\/\/vremeplov.ba\/2025\/wp-content\/uploads\/2019\/11\/Tarcin_Laniste-11.jpg\",\"height\":1417,\"width\":894,\"orientation\":\"portrait\"}},\"imageMeta\":{\"aperture\":\"0\",\"credit\":\"Srecko\",\"camera\":\"\",\"caption\":\"\",\"created_timestamp\":\"0\",\"copyright\":\"www.vremeplov.ba\",\"focal_length\":\"0\",\"iso\":\"0\",\"shutter_speed\":\"0\",\"title\":\"\",\"orientation\":\"1\",\"keywords\":[\"Tar\u010din\",\"Lani\u0161te\",\"Preslica\",\"\u0161umska pruga\",\"uzani\",\"kolosijek\",\"Finci\",\"pilana\",\"vremeplov\"]},\"meta\":false,\"postlink\":\"https:\/\/vremeplov.ba\/2025\/2019\/11\/15\/sumska-pruga-tarcin-laniste-lapov-dol-1902-godine\/tarcin_laniste-11\/\"},{\"id\":25350,\"title\":\"Tarcin_Laniste-12\",\"url\":\"https:\/\/vremeplov.ba\/2025\/wp-content\/uploads\/2019\/11\/Tarcin_Laniste-12.jpg\",\"link\":\"https:\/\/vremeplov.ba\/2025\/2019\/11\/15\/sumska-pruga-tarcin-laniste-lapov-dol-1902-godine\/tarcin_laniste-12\/\",\"alt\":\"\",\"description\":\"\",\"caption\":\"\",\"mime\":\"image\/jpeg\",\"type\":\"image\",\"width\":891,\"height\":1417,\"sizes\":{\"full\":{\"url\":\"https:\/\/vremeplov.ba\/2025\/wp-content\/uploads\/2019\/11\/Tarcin_Laniste-12.jpg\",\"height\":1417,\"width\":891,\"orientation\":\"portrait\"}},\"imageMeta\":{\"aperture\":\"0\",\"credit\":\"Srecko\",\"camera\":\"\",\"caption\":\"\",\"created_timestamp\":\"0\",\"copyright\":\"www.vremeplov.ba\",\"focal_length\":\"0\",\"iso\":\"0\",\"shutter_speed\":\"0\",\"title\":\"\",\"orientation\":\"1\",\"keywords\":[\"Tar\u010din\",\"Lani\u0161te\",\"Preslica\",\"\u0161umska pruga\",\"uzani\",\"kolosijek\",\"Finci\",\"pilana\",\"vremeplov\"]},\"meta\":false,\"postlink\":\"https:\/\/vremeplov.ba\/2025\/2019\/11\/15\/sumska-pruga-tarcin-laniste-lapov-dol-1902-godine\/tarcin_laniste-12\/\"},{\"id\":25351,\"title\":\"Tarcin_Laniste-13\",\"url\":\"https:\/\/vremeplov.ba\/2025\/wp-content\/uploads\/2019\/11\/Tarcin_Laniste-13.jpg\",\"link\":\"https:\/\/vremeplov.ba\/2025\/2019\/11\/15\/sumska-pruga-tarcin-laniste-lapov-dol-1902-godine\/tarcin_laniste-13\/\",\"alt\":\"\",\"description\":\"\",\"caption\":\"\",\"mime\":\"image\/jpeg\",\"type\":\"image\",\"width\":918,\"height\":1417,\"sizes\":{\"full\":{\"url\":\"https:\/\/vremeplov.ba\/2025\/wp-content\/uploads\/2019\/11\/Tarcin_Laniste-13.jpg\",\"height\":1417,\"width\":918,\"orientation\":\"portrait\"}},\"imageMeta\":{\"aperture\":\"4\",\"credit\":\"Srecko\",\"camera\":\"Canon EOS 40D\",\"caption\":\"\",\"created_timestamp\":\"1571826880\",\"copyright\":\"www.vremeplov.ba\",\"focal_length\":\"28\",\"iso\":\"400\",\"shutter_speed\":\"0.016666666666667\",\"title\":\"\",\"orientation\":\"1\",\"keywords\":[\"Tar\u010din\",\"Lani\u0161te\",\"Preslica\",\"\u0161umska pruga\",\"uzani\",\"kolosijek\",\"Finci\",\"pilana\",\"vremeplov\"]},\"meta\":false,\"postlink\":\"https:\/\/vremeplov.ba\/2025\/2019\/11\/15\/sumska-pruga-tarcin-laniste-lapov-dol-1902-godine\/tarcin_laniste-13\/\"},{\"id\":25352,\"title\":\"Tarcin_Laniste-14\",\"url\":\"https:\/\/vremeplov.ba\/2025\/wp-content\/uploads\/2019\/11\/Tarcin_Laniste-14.jpg\",\"link\":\"https:\/\/vremeplov.ba\/2025\/2019\/11\/15\/sumska-pruga-tarcin-laniste-lapov-dol-1902-godine\/tarcin_laniste-14\/\",\"alt\":\"\",\"description\":\"\",\"caption\":\"\",\"mime\":\"image\/jpeg\",\"type\":\"image\",\"width\":913,\"height\":1417,\"sizes\":{\"full\":{\"url\":\"https:\/\/vremeplov.ba\/2025\/wp-content\/uploads\/2019\/11\/Tarcin_Laniste-14.jpg\",\"height\":1417,\"width\":913,\"orientation\":\"portrait\"}},\"imageMeta\":{\"aperture\":\"4\",\"credit\":\"Srecko\",\"camera\":\"Canon EOS 40D\",\"caption\":\"\",\"created_timestamp\":\"1571826906\",\"copyright\":\"www.vremeplov.ba\",\"focal_length\":\"28\",\"iso\":\"400\",\"shutter_speed\":\"0.016666666666667\",\"title\":\"\",\"orientation\":\"1\",\"keywords\":[\"Tar\u010din\",\"Lani\u0161te\",\"Preslica\",\"\u0161umska pruga\",\"uzani\",\"kolosijek\",\"Finci\",\"pilana\",\"vremeplov\"]},\"meta\":false,\"postlink\":\"https:\/\/vremeplov.ba\/2025\/2019\/11\/15\/sumska-pruga-tarcin-laniste-lapov-dol-1902-godine\/tarcin_laniste-14\/\"},{\"id\":25353,\"title\":\"Tarcin_Laniste-15\",\"url\":\"https:\/\/vremeplov.ba\/2025\/wp-content\/uploads\/2019\/11\/Tarcin_Laniste-15.jpg\",\"link\":\"https:\/\/vremeplov.ba\/2025\/2019\/11\/15\/sumska-pruga-tarcin-laniste-lapov-dol-1902-godine\/tarcin_laniste-15\/\",\"alt\":\"\",\"description\":\"\",\"caption\":\"\",\"mime\":\"image\/jpeg\",\"type\":\"image\",\"width\":905,\"height\":1417,\"sizes\":{\"full\":{\"url\":\"https:\/\/vremeplov.ba\/2025\/wp-content\/uploads\/2019\/11\/Tarcin_Laniste-15.jpg\",\"height\":1417,\"width\":905,\"orientation\":\"portrait\"}},\"imageMeta\":{\"aperture\":\"4\",\"credit\":\"Srecko\",\"camera\":\"Canon EOS 40D\",\"caption\":\"\",\"created_timestamp\":\"1571826887\",\"copyright\":\"www.vremeplov.ba\",\"focal_length\":\"28\",\"iso\":\"400\",\"shutter_speed\":\"0.016666666666667\",\"title\":\"\",\"orientation\":\"1\",\"keywords\":[\"Tar\u010din\",\"Lani\u0161te\",\"Preslica\",\"\u0161umska pruga\",\"uzani\",\"kolosijek\",\"Finci\",\"pilana\",\"vremeplov\"]},\"meta\":false,\"postlink\":\"https:\/\/vremeplov.ba\/2025\/2019\/11\/15\/sumska-pruga-tarcin-laniste-lapov-dol-1902-godine\/tarcin_laniste-15\/\"},{\"id\":25354,\"title\":\"Tarcin_Laniste-16\",\"url\":\"https:\/\/vremeplov.ba\/2025\/wp-content\/uploads\/2019\/11\/Tarcin_Laniste-16.jpg\",\"link\":\"https:\/\/vremeplov.ba\/2025\/2019\/11\/15\/sumska-pruga-tarcin-laniste-lapov-dol-1902-godine\/tarcin_laniste-16\/\",\"alt\":\"\",\"description\":\"\",\"caption\":\"\",\"mime\":\"image\/jpeg\",\"type\":\"image\",\"width\":900,\"height\":1417,\"sizes\":{\"full\":{\"url\":\"https:\/\/vremeplov.ba\/2025\/wp-content\/uploads\/2019\/11\/Tarcin_Laniste-16.jpg\",\"height\":1417,\"width\":900,\"orientation\":\"portrait\"}},\"imageMeta\":{\"aperture\":\"4\",\"credit\":\"Srecko\",\"camera\":\"Canon EOS 40D\",\"caption\":\"\",\"created_timestamp\":\"1571826896\",\"copyright\":\"www.vremeplov.ba\",\"focal_length\":\"28\",\"iso\":\"400\",\"shutter_speed\":\"0.016666666666667\",\"title\":\"\",\"orientation\":\"1\",\"keywords\":[\"Tar\u010din\",\"Lani\u0161te\",\"Preslica\",\"\u0161umska pruga\",\"uzani\",\"kolosijek\",\"Finci\",\"pilana\",\"vremeplov\"]},\"meta\":false,\"postlink\":\"https:\/\/vremeplov.ba\/2025\/2019\/11\/15\/sumska-pruga-tarcin-laniste-lapov-dol-1902-godine\/tarcin_laniste-16\/\"},{\"id\":25355,\"title\":\"Tarcin_Laniste-17\",\"url\":\"https:\/\/vremeplov.ba\/2025\/wp-content\/uploads\/2019\/11\/Tarcin_Laniste-17.jpg\",\"link\":\"https:\/\/vremeplov.ba\/2025\/2019\/11\/15\/sumska-pruga-tarcin-laniste-lapov-dol-1902-godine\/tarcin_laniste-17\/\",\"alt\":\"\",\"description\":\"\",\"caption\":\"\",\"mime\":\"image\/jpeg\",\"type\":\"image\",\"width\":1417,\"height\":1017,\"sizes\":{\"full\":{\"url\":\"https:\/\/vremeplov.ba\/2025\/wp-content\/uploads\/2019\/11\/Tarcin_Laniste-17.jpg\",\"height\":1017,\"width\":1417,\"orientation\":\"landscape\"}},\"imageMeta\":{\"aperture\":\"4\",\"credit\":\"Srecko\",\"camera\":\"Canon EOS 40D\",\"caption\":\"\",\"created_timestamp\":\"1571826977\",\"copyright\":\"www.vremeplov.ba\",\"focal_length\":\"28\",\"iso\":\"400\",\"shutter_speed\":\"0.016666666666667\",\"title\":\"\",\"orientation\":\"1\",\"keywords\":[\"Tar\u010din\",\"Lani\u0161te\",\"Preslica\",\"\u0161umska pruga\",\"uzani\",\"kolosijek\",\"Finci\",\"pilana\",\"vremeplov\"]},\"meta\":false,\"postlink\":\"https:\/\/vremeplov.ba\/2025\/2019\/11\/15\/sumska-pruga-tarcin-laniste-lapov-dol-1902-godine\/tarcin_laniste-17\/\"},{\"id\":25356,\"title\":\"Tarcin_Laniste-18\",\"url\":\"https:\/\/vremeplov.ba\/2025\/wp-content\/uploads\/2019\/11\/Tarcin_Laniste-18.jpg\",\"link\":\"https:\/\/vremeplov.ba\/2025\/2019\/11\/15\/sumska-pruga-tarcin-laniste-lapov-dol-1902-godine\/tarcin_laniste-18\/\",\"alt\":\"\",\"description\":\"\",\"caption\":\"\",\"mime\":\"image\/jpeg\",\"type\":\"image\",\"width\":862,\"height\":1417,\"sizes\":{\"full\":{\"url\":\"https:\/\/vremeplov.ba\/2025\/wp-content\/uploads\/2019\/11\/Tarcin_Laniste-18.jpg\",\"height\":1417,\"width\":862,\"orientation\":\"portrait\"}},\"imageMeta\":{\"aperture\":\"4\",\"credit\":\"Srecko\",\"camera\":\"Canon EOS 40D\",\"caption\":\"\",\"created_timestamp\":\"1571826999\",\"copyright\":\"www.vremeplov.ba\",\"focal_length\":\"30\",\"iso\":\"400\",\"shutter_speed\":\"0.016666666666667\",\"title\":\"\",\"orientation\":\"1\",\"keywords\":[\"Tar\u010din\",\"Lani\u0161te\",\"Preslica\",\"\u0161umska pruga\",\"uzani\",\"kolosijek\",\"Finci\",\"pilana\",\"vremeplov\"]},\"meta\":false,\"postlink\":\"https:\/\/vremeplov.ba\/2025\/2019\/11\/15\/sumska-pruga-tarcin-laniste-lapov-dol-1902-godine\/tarcin_laniste-18\/\"},{\"id\":25357,\"title\":\"Tarcin_Laniste-19\",\"url\":\"https:\/\/vremeplov.ba\/2025\/wp-content\/uploads\/2019\/11\/Tarcin_Laniste-19.jpg\",\"link\":\"https:\/\/vremeplov.ba\/2025\/2019\/11\/15\/sumska-pruga-tarcin-laniste-lapov-dol-1902-godine\/tarcin_laniste-19\/\",\"alt\":\"\",\"description\":\"\",\"caption\":\"\",\"mime\":\"image\/jpeg\",\"type\":\"image\",\"width\":988,\"height\":1417,\"sizes\":{\"full\":{\"url\":\"https:\/\/vremeplov.ba\/2025\/wp-content\/uploads\/2019\/11\/Tarcin_Laniste-19.jpg\",\"height\":1417,\"width\":988,\"orientation\":\"portrait\"}},\"imageMeta\":{\"aperture\":\"0\",\"credit\":\"Srecko\",\"camera\":\"\",\"caption\":\"\",\"created_timestamp\":\"0\",\"copyright\":\"www.vremeplov.ba\",\"focal_length\":\"0\",\"iso\":\"0\",\"shutter_speed\":\"0\",\"title\":\"\",\"orientation\":\"1\",\"keywords\":[\"Tar\u010din\",\"Lani\u0161te\",\"Preslica\",\"\u0161umska pruga\",\"uzani\",\"kolosijek\",\"Finci\",\"pilana\",\"vremeplov\"]},\"meta\":false,\"postlink\":\"https:\/\/vremeplov.ba\/2025\/2019\/11\/15\/sumska-pruga-tarcin-laniste-lapov-dol-1902-godine\/tarcin_laniste-19\/\"},{\"id\":25358,\"title\":\"Tarcin_Laniste-20\",\"url\":\"https:\/\/vremeplov.ba\/2025\/wp-content\/uploads\/2019\/11\/Tarcin_Laniste-20.jpg\",\"link\":\"https:\/\/vremeplov.ba\/2025\/2019\/11\/15\/sumska-pruga-tarcin-laniste-lapov-dol-1902-godine\/tarcin_laniste-20\/\",\"alt\":\"\",\"description\":\"\",\"caption\":\"\",\"mime\":\"image\/jpeg\",\"type\":\"image\",\"width\":881,\"height\":1417,\"sizes\":{\"full\":{\"url\":\"https:\/\/vremeplov.ba\/2025\/wp-content\/uploads\/2019\/11\/Tarcin_Laniste-20.jpg\",\"height\":1417,\"width\":881,\"orientation\":\"portrait\"}},\"imageMeta\":{\"aperture\":\"0\",\"credit\":\"Srecko\",\"camera\":\"\",\"caption\":\"\",\"created_timestamp\":\"0\",\"copyright\":\"www.vremeplov.ba\",\"focal_length\":\"0\",\"iso\":\"0\",\"shutter_speed\":\"0\",\"title\":\"\",\"orientation\":\"1\",\"keywords\":[\"Tar\u010din\",\"Lani\u0161te\",\"Preslica\",\"\u0161umska pruga\",\"uzani\",\"kolosijek\",\"Finci\",\"pilana\",\"vremeplov\"]},\"meta\":false,\"postlink\":\"https:\/\/vremeplov.ba\/2025\/2019\/11\/15\/sumska-pruga-tarcin-laniste-lapov-dol-1902-godine\/tarcin_laniste-20\/\"},{\"id\":25359,\"title\":\"Tarcin_Laniste-21\",\"url\":\"https:\/\/vremeplov.ba\/2025\/wp-content\/uploads\/2019\/11\/Tarcin_Laniste-21.jpg\",\"link\":\"https:\/\/vremeplov.ba\/2025\/2019\/11\/15\/sumska-pruga-tarcin-laniste-lapov-dol-1902-godine\/tarcin_laniste-21\/\",\"alt\":\"\",\"description\":\"\",\"caption\":\"\",\"mime\":\"image\/jpeg\",\"type\":\"image\",\"width\":909,\"height\":1417,\"sizes\":{\"full\":{\"url\":\"https:\/\/vremeplov.ba\/2025\/wp-content\/uploads\/2019\/11\/Tarcin_Laniste-21.jpg\",\"height\":1417,\"width\":909,\"orientation\":\"portrait\"}},\"imageMeta\":{\"aperture\":\"0\",\"credit\":\"Srecko\",\"camera\":\"\",\"caption\":\"\",\"created_timestamp\":\"0\",\"copyright\":\"www.vremeplov.ba\",\"focal_length\":\"0\",\"iso\":\"0\",\"shutter_speed\":\"0\",\"title\":\"\",\"orientation\":\"1\",\"keywords\":[\"Tar\u010din\",\"Lani\u0161te\",\"Preslica\",\"\u0161umska pruga\",\"uzani\",\"kolosijek\",\"Finci\",\"pilana\",\"vremeplov\"]},\"meta\":false,\"postlink\":\"https:\/\/vremeplov.ba\/2025\/2019\/11\/15\/sumska-pruga-tarcin-laniste-lapov-dol-1902-godine\/tarcin_laniste-21\/\"},{\"id\":25360,\"title\":\"Tarcin_Laniste-22\",\"url\":\"https:\/\/vremeplov.ba\/2025\/wp-content\/uploads\/2019\/11\/Tarcin_Laniste-22.jpg\",\"link\":\"https:\/\/vremeplov.ba\/2025\/2019\/11\/15\/sumska-pruga-tarcin-laniste-lapov-dol-1902-godine\/tarcin_laniste-22\/\",\"alt\":\"\",\"description\":\"\",\"caption\":\"\",\"mime\":\"image\/jpeg\",\"type\":\"image\",\"width\":950,\"height\":927,\"sizes\":{\"full\":{\"url\":\"https:\/\/vremeplov.ba\/2025\/wp-content\/uploads\/2019\/11\/Tarcin_Laniste-22.jpg\",\"height\":927,\"width\":950,\"orientation\":\"landscape\"}},\"imageMeta\":{\"aperture\":\"4\",\"credit\":\"Srecko\",\"camera\":\"Canon EOS 40D\",\"caption\":\"\",\"created_timestamp\":\"1571826833\",\"copyright\":\"www.vremeplov.ba\",\"focal_length\":\"28\",\"iso\":\"400\",\"shutter_speed\":\"0.016666666666667\",\"title\":\"\",\"orientation\":\"1\",\"keywords\":[\"Tar\u010din\",\"Lani\u0161te\",\"Preslica\",\"\u0161umska pruga\",\"uzani\",\"kolosijek\",\"Finci\",\"pilana\",\"vremeplov\"]},\"meta\":false,\"postlink\":\"https:\/\/vremeplov.ba\/2025\/2019\/11\/15\/sumska-pruga-tarcin-laniste-lapov-dol-1902-godine\/tarcin_laniste-22\/\"},{\"id\":25361,\"title\":\"Tarcin_Laniste-23\",\"url\":\"https:\/\/vremeplov.ba\/2025\/wp-content\/uploads\/2019\/11\/Tarcin_Laniste-23.jpg\",\"link\":\"https:\/\/vremeplov.ba\/2025\/2019\/11\/15\/sumska-pruga-tarcin-laniste-lapov-dol-1902-godine\/tarcin_laniste-23\/\",\"alt\":\"\",\"description\":\"\",\"caption\":\"\",\"mime\":\"image\/jpeg\",\"type\":\"image\",\"width\":900,\"height\":1417,\"sizes\":{\"full\":{\"url\":\"https:\/\/vremeplov.ba\/2025\/wp-content\/uploads\/2019\/11\/Tarcin_Laniste-23.jpg\",\"height\":1417,\"width\":900,\"orientation\":\"portrait\"}},\"imageMeta\":{\"aperture\":\"0\",\"credit\":\"Srecko\",\"camera\":\"\",\"caption\":\"\",\"created_timestamp\":\"0\",\"copyright\":\"www.vremeplov.ba\",\"focal_length\":\"0\",\"iso\":\"0\",\"shutter_speed\":\"0\",\"title\":\"\",\"orientation\":\"1\",\"keywords\":[\"Tar\u010din\",\"Lani\u0161te\",\"Preslica\",\"\u0161umska pruga\",\"uzani\",\"kolosijek\",\"Finci\",\"pilana\",\"vremeplov\"]},\"meta\":false,\"postlink\":\"https:\/\/vremeplov.ba\/2025\/2019\/11\/15\/sumska-pruga-tarcin-laniste-lapov-dol-1902-godine\/tarcin_laniste-23\/\"},{\"id\":25362,\"title\":\"Tarcin_Laniste-24\",\"url\":\"https:\/\/vremeplov.ba\/2025\/wp-content\/uploads\/2019\/11\/Tarcin_Laniste-24.jpg\",\"link\":\"https:\/\/vremeplov.ba\/2025\/2019\/11\/15\/sumska-pruga-tarcin-laniste-lapov-dol-1902-godine\/tarcin_laniste-24\/\",\"alt\":\"\",\"description\":\"\",\"caption\":\"\",\"mime\":\"image\/jpeg\",\"type\":\"image\",\"width\":1322,\"height\":1890,\"sizes\":{\"full\":{\"url\":\"https:\/\/vremeplov.ba\/2025\/wp-content\/uploads\/2019\/11\/Tarcin_Laniste-24.jpg\",\"height\":1890,\"width\":1322,\"orientation\":\"portrait\"}},\"imageMeta\":{\"aperture\":\"0\",\"credit\":\"Srecko\",\"camera\":\"\",\"caption\":\"\",\"created_timestamp\":\"1573324388\",\"copyright\":\"www.vremeplov.ba\",\"focal_length\":\"0\",\"iso\":\"0\",\"shutter_speed\":\"0\",\"title\":\"\",\"orientation\":\"1\",\"keywords\":[\"Tar\u010din\",\"Lani\u0161te\",\"Preslica\",\"\u0161umska pruga\",\"uzani\",\"kolosijek\",\"Finci\",\"pilana\",\"vremeplov\"]},\"meta\":false,\"postlink\":\"https:\/\/vremeplov.ba\/2025\/2019\/11\/15\/sumska-pruga-tarcin-laniste-lapov-dol-1902-godine\/tarcin_laniste-24\/\"},{\"id\":25363,\"title\":\"Tarcin_Laniste-25\",\"url\":\"https:\/\/vremeplov.ba\/2025\/wp-content\/uploads\/2019\/11\/Tarcin_Laniste-25.jpg\",\"link\":\"https:\/\/vremeplov.ba\/2025\/2019\/11\/15\/sumska-pruga-tarcin-laniste-lapov-dol-1902-godine\/tarcin_laniste-25\/\",\"alt\":\"\",\"description\":\"\",\"caption\":\"\",\"mime\":\"image\/jpeg\",\"type\":\"image\",\"width\":1417,\"height\":1304,\"sizes\":{\"full\":{\"url\":\"https:\/\/vremeplov.ba\/2025\/wp-content\/uploads\/2019\/11\/Tarcin_Laniste-25.jpg\",\"height\":1304,\"width\":1417,\"orientation\":\"landscape\"}},\"imageMeta\":{\"aperture\":\"4\",\"credit\":\"Srecko\",\"camera\":\"Canon EOS 40D\",\"caption\":\"\",\"created_timestamp\":\"1572860346\",\"copyright\":\"www.vremeplov.ba\",\"focal_length\":\"28\",\"iso\":\"400\",\"shutter_speed\":\"0.016666666666667\",\"title\":\"\",\"orientation\":\"1\",\"keywords\":[\"Tar\u010din\",\"Lani\u0161te\",\"Preslica\",\"\u0161umska pruga\",\"uzani\",\"kolosijek\",\"Finci\",\"pilana\",\"vremeplov\"]},\"meta\":false,\"postlink\":\"https:\/\/vremeplov.ba\/2025\/2019\/11\/15\/sumska-pruga-tarcin-laniste-lapov-dol-1902-godine\/tarcin_laniste-25\/\"},{\"id\":25364,\"title\":\"Tarcin_Laniste-26\",\"url\":\"https:\/\/vremeplov.ba\/2025\/wp-content\/uploads\/2019\/11\/Tarcin_Laniste-26.jpg\",\"link\":\"https:\/\/vremeplov.ba\/2025\/2019\/11\/15\/sumska-pruga-tarcin-laniste-lapov-dol-1902-godine\/tarcin_laniste-26\/\",\"alt\":\"\",\"description\":\"\",\"caption\":\"\",\"mime\":\"image\/jpeg\",\"type\":\"image\",\"width\":709,\"height\":950,\"sizes\":{\"full\":{\"url\":\"https:\/\/vremeplov.ba\/2025\/wp-content\/uploads\/2019\/11\/Tarcin_Laniste-26.jpg\",\"height\":950,\"width\":709,\"orientation\":\"portrait\"}},\"imageMeta\":{\"aperture\":\"0\",\"credit\":\"Srecko\",\"camera\":\"\",\"caption\":\"\",\"created_timestamp\":\"0\",\"copyright\":\"www.vremeplov.ba\",\"focal_length\":\"0\",\"iso\":\"0\",\"shutter_speed\":\"0\",\"title\":\"\",\"orientation\":\"1\",\"keywords\":[\"Tar\u010din\",\"Lani\u0161te\",\"Preslica\",\"\u0161umska pruga\",\"uzani\",\"kolosijek\",\"Finci\",\"pilana\",\"vremeplov\"]},\"meta\":false,\"postlink\":\"https:\/\/vremeplov.ba\/2025\/2019\/11\/15\/sumska-pruga-tarcin-laniste-lapov-dol-1902-godine\/tarcin_laniste-26\/\"}],\"hasCustomCSS\":false,\"customCSS\":\"\",\"otterConditions\":[],\"itemsMetaDataCollection\":[]}<\/script><script>(function(){if(window.PGC_SGB && window.PGC_SGB.searcher){window.PGC_SGB.searcher.initBlocks()}})()<\/script><\/div>","protected":false},"excerpt":{"rendered":"<p>Sarajevski jevreji Rafael Zadik Finci, Elias Baruh i Isak Jak Baruh su 1902. godine osnovali preduze\u0107e za eksploataciju \u0161uma i industrijsku preradu drveta pod nazivom Rafael Z. Finci i komp. Preduze\u0107e je sa firmom Franz Steinmetz 1901. godine sklopila ugovor o dugoro\u010dnoj eksploataciji \u0161umskog podru\u010dja Preslica \u2013 Lapov dol \u2013 Lani\u0161te. Firma Rafael Z. Finci&hellip;&nbsp;<a href=\"https:\/\/vremeplov.ba\/2025\/2019\/11\/15\/sumska-pruga-tarcin-laniste-lapov-dol-1902-godine\/\" rel=\"bookmark\">Read More &raquo;<span class=\"screen-reader-text\">\u0160umska pruga Tar\u010din-Lani\u0161te-Lapov dol 1902. godine<\/span><\/a><\/p>\n","protected":false},"author":2,"featured_media":0,"comment_status":"open","ping_status":"closed","sticky":false,"template":"","format":"standard","meta":{"give_campaign_id":0,"neve_meta_sidebar":"","neve_meta_container":"","neve_meta_enable_content_width":"","neve_meta_content_width":0,"neve_meta_title_alignment":"","neve_meta_author_avatar":"","neve_post_elements_order":"","neve_meta_disable_header":"","neve_meta_disable_footer":"","neve_meta_disable_title":"","ngg_post_thumbnail":0,"pgc_sgb_lightbox_settings":"","_themeisle_gutenberg_block_has_review":false,"footnotes":""},"categories":[24],"tags":[],"class_list":["post-18418","post","type-post","status-publish","format-standard","hentry","category-zeljeznicko-stivo"],"_links":{"self":[{"href":"https:\/\/vremeplov.ba\/2025\/wp-json\/wp\/v2\/posts\/18418","targetHints":{"allow":["GET"]}}],"collection":[{"href":"https:\/\/vremeplov.ba\/2025\/wp-json\/wp\/v2\/posts"}],"about":[{"href":"https:\/\/vremeplov.ba\/2025\/wp-json\/wp\/v2\/types\/post"}],"author":[{"embeddable":true,"href":"https:\/\/vremeplov.ba\/2025\/wp-json\/wp\/v2\/users\/2"}],"replies":[{"embeddable":true,"href":"https:\/\/vremeplov.ba\/2025\/wp-json\/wp\/v2\/comments?post=18418"}],"version-history":[{"count":2,"href":"https:\/\/vremeplov.ba\/2025\/wp-json\/wp\/v2\/posts\/18418\/revisions"}],"predecessor-version":[{"id":34115,"href":"https:\/\/vremeplov.ba\/2025\/wp-json\/wp\/v2\/posts\/18418\/revisions\/34115"}],"wp:attachment":[{"href":"https:\/\/vremeplov.ba\/2025\/wp-json\/wp\/v2\/media?parent=18418"}],"wp:term":[{"taxonomy":"category","embeddable":true,"href":"https:\/\/vremeplov.ba\/2025\/wp-json\/wp\/v2\/categories?post=18418"},{"taxonomy":"post_tag","embeddable":true,"href":"https:\/\/vremeplov.ba\/2025\/wp-json\/wp\/v2\/tags?post=18418"}],"curies":[{"name":"wp","href":"https:\/\/api.w.org\/{rel}","templated":true}]}}