{"id":34526,"date":"2025-07-13T20:03:15","date_gmt":"2025-07-13T18:03:15","guid":{"rendered":"https:\/\/vremeplov.ba\/2025\/?p=34526"},"modified":"2025-07-13T20:03:19","modified_gmt":"2025-07-13T18:03:19","slug":"shema-stanica-normalne-zeljeznice-brcko-novo-banovici-1955-godine","status":"publish","type":"post","link":"https:\/\/vremeplov.ba\/2025\/hr\/2025\/07\/13\/shema-stanica-normalne-zeljeznice-brcko-novo-banovici-1955-godine\/","title":{"rendered":"Shema stanica normalne \u017eeljeznice Br\u010dko Novo \u2013 Banovi\u0107i, 1955. godine"},"content":{"rendered":"\n<figure class=\"wp-block-image\"><img decoding=\"async\" src=\"https:\/\/vremeplov.ba\/2025\/wp-content\/uploads\/2019\/05\/image-9.png\" alt=\"\" class=\"wp-image-16728\"\/><\/figure>\n\n\n\n<p>Iz dosad prikupljene gra\u0111e dostupne su sheme stanica na normalnoj pruzi od 1.435 m Br\u010dko Novo \u2013 Banovi\u0107i: Br\u010dko Novo (i Br\u010dko), Bukovac, Mali Bukvik, Bukvik, Bosanska Bijela, \u0160pionica, Srebrnik, Duboki Potok, Tinja, Mramor, Bosanska Poljana (veza za Kreku i Tuzlu, Doboju i ind. kolosijek za Bistarac), zatim stanica Kiseljak za koju nema sheme, Ljuba\u010de (ind. kolosijek za Mlin), \u017divinice (ind. kolosijek za pilanu), Donja Vi\u0161\u0107a i Banovi\u0107i.<\/p>\n\n\n\n<p><br><strong> Iz povijesti:<\/strong><br>Trasa pruge normalnog kolosijeka Vinkovci \u2013 Br\u010dko duga je 52 km + 494. Pruga Vinkovci do rijeke Save pu\u0161tena je u promet 29.10.1886. godine, da bi gradnjom \u017eeljezni\u010dkog mosta preko Save 1894. godine slu\u017ebeno uspostavljen \u017eeljezni\u010dki promet na cijeloj dionici. Izravnu \u017eeljezni\u010dku vezu s tuzlanskim gospodarskim bazenom, a time i za ju\u017eni koridor (Vrpolje \u2013 Doboj \u2013 Sarajevo \u2013 Plo\u010de), ostvarila je izgradnjom pruge Br\u010dko \u2013 Banovi\u0107i 1946. godine. Izgradnja pruge trajala je 190 dana, odnosno od 1. svibnja 1946. do 7. studenoga iste godine.<br>Du\u017eina pruge od Stanice Gunja (od kojeg je mjesta po\u010dela izgradnja pruge) do Bosanske Poljane iznosi 65,909 km, a od Bosanske Poljane do Banovi\u0107a 22,684 km, \u0161to ukupno \u010dini 88,593 km.<br>S obzirom na to da ova trasa pruge povezuje dvije regije, Hrvatsku i Bosnu i Hercegovinu, po staciona\u017ei od Vinkovaca do kilometra 50+872 (Stanica Gunja), pripada Hrvatskoj, zatim slijedi \u017eeljezni\u010dki most dug 646 metara i stanica Br\u010dko koja pripada BiH. Stanica Br\u010dko, \u017eeljezni\u010dkim razgrani\u010denjem, pripada \u017deljeznici Republike Srpske i u njezinoj je nadle\u017enosti 6 kilometara pruge, dok je dalje pruga pod upravom \u017deljeznice Federacije BiH. Radna jedinica za vu\u010du vozova Br\u010dko sastavni je dio sekcije za vu\u010du vozova Doboja, a osiguravaju ga osoblje za vu\u010dna vozila za rad manevre na podru\u010dju Br\u010dkog i vo\u017enju vlakova na relaciji Dobar \u2013 Br\u010dko.<\/p>\n\n\n\n<p><em>Napominjemo da je arhivska gra\u0111a na ovoj stranici u vlasni\u0161tvu web portala vremeplov.ba i ne smije se objavljivati ili ponovno koristiti bez izri\u010ditog dopu\u0161tenja.<\/em><\/p>\n\n\n<div class=\"pgc-sgb-cb wp-block-pgcsimplygalleryblock-grid \" data-gallery-id=\"df086771\"><div class=\"sgb-preloader\" id=\"pr_df086771\">\n\t<div class=\"sgb-square\" style=\"background:#d4d4d4\"><\/div>\n\t<div class=\"sgb-square\" style=\"background:#d4d4d4\"><\/div>\n\t<div class=\"sgb-square\" style=\"background:#d4d4d4\"><\/div>\n\t<div class=\"sgb-square\" style=\"background:#d4d4d4\"><\/div><\/div><div class=\"simply-gallery-amp pgc_sgb_slider \"><noscript><div class=\"sgb-gallery\"><div class=\"sgb-item\"><a href=\"https:\/\/vremeplov.ba\/2025\/2019\/05\/05\/seme-stanica-normalne-pruge-brcko-novo-banovici-1955-godine\/seme_stanica_brcko_banovici-1\/\" target=\"_blank\"><img decoding=\"async\" alt=\"\" width=\"2483\" height=\"3509\" loading=\"lazy\" src=\"https:\/\/vremeplov.ba\/2025\/wp-content\/uploads\/2019\/05\/Seme_stanica_Brcko_Banovici-1.jpg\" srcset=\",https:\/\/vremeplov.ba\/2025\/wp-content\/uploads\/2019\/05\/Seme_stanica_Brcko_Banovici-1.jpg 2483w\" sizes=\"auto, 250px\"\/><\/a><\/div><div class=\"sgb-item\"><a href=\"https:\/\/vremeplov.ba\/2025\/2019\/05\/05\/seme-stanica-normalne-pruge-brcko-novo-banovici-1955-godine\/seme_stanica_brcko_banovici-2\/\" target=\"_blank\"><img decoding=\"async\" alt=\"\" width=\"1417\" height=\"1003\" loading=\"lazy\" src=\"https:\/\/vremeplov.ba\/2025\/wp-content\/uploads\/2019\/05\/Seme_stanica_Brcko_Banovici-2.jpg\" srcset=\",https:\/\/vremeplov.ba\/2025\/wp-content\/uploads\/2019\/05\/Seme_stanica_Brcko_Banovici-2.jpg 1417w\" sizes=\"auto, 250px\"\/><\/a><\/div><div class=\"sgb-item\"><a href=\"https:\/\/vremeplov.ba\/2025\/2019\/05\/05\/seme-stanica-normalne-pruge-brcko-novo-banovici-1955-godine\/seme_stanica_brcko_banovici-3\/\" target=\"_blank\"><img decoding=\"async\" alt=\"\" width=\"1417\" height=\"1003\" loading=\"lazy\" src=\"https:\/\/vremeplov.ba\/2025\/wp-content\/uploads\/2019\/05\/Seme_stanica_Brcko_Banovici-3.jpg\" srcset=\",https:\/\/vremeplov.ba\/2025\/wp-content\/uploads\/2019\/05\/Seme_stanica_Brcko_Banovici-3.jpg 1417w\" sizes=\"auto, 250px\"\/><\/a><\/div><div class=\"sgb-item\"><a href=\"https:\/\/vremeplov.ba\/2025\/2019\/05\/05\/seme-stanica-normalne-pruge-brcko-novo-banovici-1955-godine\/seme_stanica_brcko_banovici-4\/\" target=\"_blank\"><img decoding=\"async\" alt=\"\" width=\"1417\" height=\"1003\" loading=\"lazy\" src=\"https:\/\/vremeplov.ba\/2025\/wp-content\/uploads\/2019\/05\/Seme_stanica_Brcko_Banovici-4.jpg\" srcset=\",https:\/\/vremeplov.ba\/2025\/wp-content\/uploads\/2019\/05\/Seme_stanica_Brcko_Banovici-4.jpg 1417w\" sizes=\"auto, 250px\"\/><\/a><\/div><div class=\"sgb-item\"><a href=\"https:\/\/vremeplov.ba\/2025\/2019\/05\/05\/seme-stanica-normalne-pruge-brcko-novo-banovici-1955-godine\/seme_stanica_brcko_banovici-5\/\" target=\"_blank\"><img decoding=\"async\" alt=\"\" width=\"1417\" height=\"1003\" loading=\"lazy\" src=\"https:\/\/vremeplov.ba\/2025\/wp-content\/uploads\/2019\/05\/Seme_stanica_Brcko_Banovici-5.jpg\" srcset=\",https:\/\/vremeplov.ba\/2025\/wp-content\/uploads\/2019\/05\/Seme_stanica_Brcko_Banovici-5.jpg 1417w\" sizes=\"auto, 250px\"\/><\/a><\/div><div class=\"sgb-item\"><a href=\"https:\/\/vremeplov.ba\/2025\/2019\/05\/05\/seme-stanica-normalne-pruge-brcko-novo-banovici-1955-godine\/seme_stanica_brcko_banovici-6\/\" target=\"_blank\"><img decoding=\"async\" alt=\"\" width=\"1417\" height=\"1003\" loading=\"lazy\" src=\"https:\/\/vremeplov.ba\/2025\/wp-content\/uploads\/2019\/05\/Seme_stanica_Brcko_Banovici-6.jpg\" srcset=\",https:\/\/vremeplov.ba\/2025\/wp-content\/uploads\/2019\/05\/Seme_stanica_Brcko_Banovici-6.jpg 1417w\" sizes=\"auto, 250px\"\/><\/a><\/div><div class=\"sgb-item\"><a href=\"https:\/\/vremeplov.ba\/2025\/2019\/05\/05\/seme-stanica-normalne-pruge-brcko-novo-banovici-1955-godine\/seme_stanica_brcko_banovici-7\/\" target=\"_blank\"><img decoding=\"async\" alt=\"\" width=\"1417\" height=\"1003\" loading=\"lazy\" src=\"https:\/\/vremeplov.ba\/2025\/wp-content\/uploads\/2019\/05\/Seme_stanica_Brcko_Banovici-7.jpg\" srcset=\",https:\/\/vremeplov.ba\/2025\/wp-content\/uploads\/2019\/05\/Seme_stanica_Brcko_Banovici-7.jpg 1417w\" sizes=\"auto, 250px\"\/><\/a><\/div><div class=\"sgb-item\"><a href=\"https:\/\/vremeplov.ba\/2025\/2019\/05\/05\/seme-stanica-normalne-pruge-brcko-novo-banovici-1955-godine\/seme_stanica_brcko_banovici-8\/\" target=\"_blank\"><img decoding=\"async\" alt=\"\" width=\"1417\" height=\"1003\" loading=\"lazy\" src=\"https:\/\/vremeplov.ba\/2025\/wp-content\/uploads\/2019\/05\/Seme_stanica_Brcko_Banovici-8.jpg\" srcset=\",https:\/\/vremeplov.ba\/2025\/wp-content\/uploads\/2019\/05\/Seme_stanica_Brcko_Banovici-8.jpg 1417w\" sizes=\"auto, 250px\"\/><\/a><\/div><div class=\"sgb-item\"><a href=\"https:\/\/vremeplov.ba\/2025\/2019\/05\/05\/seme-stanica-normalne-pruge-brcko-novo-banovici-1955-godine\/seme_stanica_brcko_banovici-9\/\" target=\"_blank\"><img decoding=\"async\" alt=\"\" width=\"1417\" height=\"1003\" loading=\"lazy\" src=\"https:\/\/vremeplov.ba\/2025\/wp-content\/uploads\/2019\/05\/Seme_stanica_Brcko_Banovici-9.jpg\" srcset=\",https:\/\/vremeplov.ba\/2025\/wp-content\/uploads\/2019\/05\/Seme_stanica_Brcko_Banovici-9.jpg 1417w\" sizes=\"auto, 250px\"\/><\/a><\/div><\/div><\/noscript><\/div><script type=\"application\/json\" class=\"sgb-data\">{\"collectionColumns\":5,\"collectionThumbRecomendedWidth\":100,\"externalLink\":false,\"captions\":false,\"collectionThumbSubMenuDownload\":false,\"collectionThumbSubMenuShare\":false,\"galleryType\":\"pgc_sgb_grid\",\"galleryId\":\"df086771\",\"images\":[{\"id\":26238,\"title\":\"Seme_stanica_Brcko_Banovici-1\",\"url\":\"https:\/\/vremeplov.ba\/2025\/wp-content\/uploads\/2019\/05\/Seme_stanica_Brcko_Banovici-1.jpg\",\"link\":\"https:\/\/vremeplov.ba\/2025\/2019\/05\/05\/seme-stanica-normalne-pruge-brcko-novo-banovici-1955-godine\/seme_stanica_brcko_banovici-1\/\",\"alt\":\"\",\"description\":\"\",\"caption\":\"\",\"mime\":\"image\/jpeg\",\"type\":\"image\",\"width\":2483,\"height\":3509,\"sizes\":{\"full\":{\"url\":\"https:\/\/vremeplov.ba\/2025\/wp-content\/uploads\/2019\/05\/Seme_stanica_Brcko_Banovici-1.jpg\",\"height\":3509,\"width\":2483,\"orientation\":\"portrait\"}},\"imageMeta\":{\"aperture\":\"0\",\"credit\":\"Srecko\",\"camera\":\"\",\"caption\":\"\",\"created_timestamp\":\"1555419243\",\"copyright\":\"www.vremeplov.ba\",\"focal_length\":\"0\",\"iso\":\"0\",\"shutter_speed\":\"0\",\"title\":\"\",\"orientation\":\"0\",\"keywords\":[]},\"meta\":false,\"postlink\":\"https:\/\/vremeplov.ba\/2025\/2019\/05\/05\/seme-stanica-normalne-pruge-brcko-novo-banovici-1955-godine\/seme_stanica_brcko_banovici-1\/\"},{\"id\":26239,\"title\":\"Seme_stanica_Brcko_Banovici-2\",\"url\":\"https:\/\/vremeplov.ba\/2025\/wp-content\/uploads\/2019\/05\/Seme_stanica_Brcko_Banovici-2.jpg\",\"link\":\"https:\/\/vremeplov.ba\/2025\/2019\/05\/05\/seme-stanica-normalne-pruge-brcko-novo-banovici-1955-godine\/seme_stanica_brcko_banovici-2\/\",\"alt\":\"\",\"description\":\"\",\"caption\":\"\",\"mime\":\"image\/jpeg\",\"type\":\"image\",\"width\":1417,\"height\":1003,\"sizes\":{\"full\":{\"url\":\"https:\/\/vremeplov.ba\/2025\/wp-content\/uploads\/2019\/05\/Seme_stanica_Brcko_Banovici-2.jpg\",\"height\":1003,\"width\":1417,\"orientation\":\"landscape\"}},\"imageMeta\":{\"aperture\":\"0\",\"credit\":\"Srecko\",\"camera\":\"\",\"caption\":\"\",\"created_timestamp\":\"1555419243\",\"copyright\":\"www.vremeplov.ba\",\"focal_length\":\"0\",\"iso\":\"0\",\"shutter_speed\":\"0\",\"title\":\"\",\"orientation\":\"1\",\"keywords\":[\"pruge\",\"\u017eeljeznica\",\"izgradnja\",\"\u0161eme\",\"stanica\",\"Br\u010dko\",\"Banovi\u0107i\",\"Bosanska\",\"Poljana\",\"Gunja\",\"Vinkovci\",\"vremeplov\"]},\"meta\":false,\"postlink\":\"https:\/\/vremeplov.ba\/2025\/2019\/05\/05\/seme-stanica-normalne-pruge-brcko-novo-banovici-1955-godine\/seme_stanica_brcko_banovici-2\/\"},{\"id\":26240,\"title\":\"Seme_stanica_Brcko_Banovici-3\",\"url\":\"https:\/\/vremeplov.ba\/2025\/wp-content\/uploads\/2019\/05\/Seme_stanica_Brcko_Banovici-3.jpg\",\"link\":\"https:\/\/vremeplov.ba\/2025\/2019\/05\/05\/seme-stanica-normalne-pruge-brcko-novo-banovici-1955-godine\/seme_stanica_brcko_banovici-3\/\",\"alt\":\"\",\"description\":\"\",\"caption\":\"\",\"mime\":\"image\/jpeg\",\"type\":\"image\",\"width\":1417,\"height\":1003,\"sizes\":{\"full\":{\"url\":\"https:\/\/vremeplov.ba\/2025\/wp-content\/uploads\/2019\/05\/Seme_stanica_Brcko_Banovici-3.jpg\",\"height\":1003,\"width\":1417,\"orientation\":\"landscape\"}},\"imageMeta\":{\"aperture\":\"0\",\"credit\":\"Srecko\",\"camera\":\"\",\"caption\":\"\",\"created_timestamp\":\"1555419243\",\"copyright\":\"www.vremeplov.ba\",\"focal_length\":\"0\",\"iso\":\"0\",\"shutter_speed\":\"0\",\"title\":\"\",\"orientation\":\"1\",\"keywords\":[\"pruge\",\"\u017eeljeznica\",\"izgradnja\",\"\u0161eme\",\"stanica\",\"Br\u010dko\",\"Banovi\u0107i\",\"Bosanska\",\"Poljana\",\"Gunja\",\"Vinkovci\",\"vremeplov\"]},\"meta\":false,\"postlink\":\"https:\/\/vremeplov.ba\/2025\/2019\/05\/05\/seme-stanica-normalne-pruge-brcko-novo-banovici-1955-godine\/seme_stanica_brcko_banovici-3\/\"},{\"id\":26241,\"title\":\"Seme_stanica_Brcko_Banovici-4\",\"url\":\"https:\/\/vremeplov.ba\/2025\/wp-content\/uploads\/2019\/05\/Seme_stanica_Brcko_Banovici-4.jpg\",\"link\":\"https:\/\/vremeplov.ba\/2025\/2019\/05\/05\/seme-stanica-normalne-pruge-brcko-novo-banovici-1955-godine\/seme_stanica_brcko_banovici-4\/\",\"alt\":\"\",\"description\":\"\",\"caption\":\"\",\"mime\":\"image\/jpeg\",\"type\":\"image\",\"width\":1417,\"height\":1003,\"sizes\":{\"full\":{\"url\":\"https:\/\/vremeplov.ba\/2025\/wp-content\/uploads\/2019\/05\/Seme_stanica_Brcko_Banovici-4.jpg\",\"height\":1003,\"width\":1417,\"orientation\":\"landscape\"}},\"imageMeta\":{\"aperture\":\"0\",\"credit\":\"Srecko\",\"camera\":\"\",\"caption\":\"\",\"created_timestamp\":\"1555419243\",\"copyright\":\"www.vremeplov.ba\",\"focal_length\":\"0\",\"iso\":\"0\",\"shutter_speed\":\"0\",\"title\":\"\",\"orientation\":\"1\",\"keywords\":[\"pruge\",\"\u017eeljeznica\",\"izgradnja\",\"\u0161eme\",\"stanica\",\"Br\u010dko\",\"Banovi\u0107i\",\"Bosanska\",\"Poljana\",\"Gunja\",\"Vinkovci\",\"vremeplov\"]},\"meta\":false,\"postlink\":\"https:\/\/vremeplov.ba\/2025\/2019\/05\/05\/seme-stanica-normalne-pruge-brcko-novo-banovici-1955-godine\/seme_stanica_brcko_banovici-4\/\"},{\"id\":26242,\"title\":\"Seme_stanica_Brcko_Banovici-5\",\"url\":\"https:\/\/vremeplov.ba\/2025\/wp-content\/uploads\/2019\/05\/Seme_stanica_Brcko_Banovici-5.jpg\",\"link\":\"https:\/\/vremeplov.ba\/2025\/2019\/05\/05\/seme-stanica-normalne-pruge-brcko-novo-banovici-1955-godine\/seme_stanica_brcko_banovici-5\/\",\"alt\":\"\",\"description\":\"\",\"caption\":\"\",\"mime\":\"image\/jpeg\",\"type\":\"image\",\"width\":1417,\"height\":1003,\"sizes\":{\"full\":{\"url\":\"https:\/\/vremeplov.ba\/2025\/wp-content\/uploads\/2019\/05\/Seme_stanica_Brcko_Banovici-5.jpg\",\"height\":1003,\"width\":1417,\"orientation\":\"landscape\"}},\"imageMeta\":{\"aperture\":\"0\",\"credit\":\"Srecko\",\"camera\":\"\",\"caption\":\"\",\"created_timestamp\":\"1555419243\",\"copyright\":\"www.vremeplov.ba\",\"focal_length\":\"0\",\"iso\":\"0\",\"shutter_speed\":\"0\",\"title\":\"\",\"orientation\":\"1\",\"keywords\":[\"pruge\",\"\u017eeljeznica\",\"izgradnja\",\"\u0161eme\",\"stanica\",\"Br\u010dko\",\"Banovi\u0107i\",\"Bosanska\",\"Poljana\",\"Gunja\",\"Vinkovci\",\"vremeplov\"]},\"meta\":false,\"postlink\":\"https:\/\/vremeplov.ba\/2025\/2019\/05\/05\/seme-stanica-normalne-pruge-brcko-novo-banovici-1955-godine\/seme_stanica_brcko_banovici-5\/\"},{\"id\":26243,\"title\":\"Seme_stanica_Brcko_Banovici-6\",\"url\":\"https:\/\/vremeplov.ba\/2025\/wp-content\/uploads\/2019\/05\/Seme_stanica_Brcko_Banovici-6.jpg\",\"link\":\"https:\/\/vremeplov.ba\/2025\/2019\/05\/05\/seme-stanica-normalne-pruge-brcko-novo-banovici-1955-godine\/seme_stanica_brcko_banovici-6\/\",\"alt\":\"\",\"description\":\"\",\"caption\":\"\",\"mime\":\"image\/jpeg\",\"type\":\"image\",\"width\":1417,\"height\":1003,\"sizes\":{\"full\":{\"url\":\"https:\/\/vremeplov.ba\/2025\/wp-content\/uploads\/2019\/05\/Seme_stanica_Brcko_Banovici-6.jpg\",\"height\":1003,\"width\":1417,\"orientation\":\"landscape\"}},\"imageMeta\":{\"aperture\":\"0\",\"credit\":\"Srecko\",\"camera\":\"\",\"caption\":\"\",\"created_timestamp\":\"1555419243\",\"copyright\":\"www.vremeplov.ba\",\"focal_length\":\"0\",\"iso\":\"0\",\"shutter_speed\":\"0\",\"title\":\"\",\"orientation\":\"1\",\"keywords\":[\"pruge\",\"\u017eeljeznica\",\"izgradnja\",\"\u0161eme\",\"stanica\",\"Br\u010dko\",\"Banovi\u0107i\",\"Bosanska\",\"Poljana\",\"Gunja\",\"Vinkovci\",\"vremeplov\"]},\"meta\":false,\"postlink\":\"https:\/\/vremeplov.ba\/2025\/2019\/05\/05\/seme-stanica-normalne-pruge-brcko-novo-banovici-1955-godine\/seme_stanica_brcko_banovici-6\/\"},{\"id\":26244,\"title\":\"Seme_stanica_Brcko_Banovici-7\",\"url\":\"https:\/\/vremeplov.ba\/2025\/wp-content\/uploads\/2019\/05\/Seme_stanica_Brcko_Banovici-7.jpg\",\"link\":\"https:\/\/vremeplov.ba\/2025\/2019\/05\/05\/seme-stanica-normalne-pruge-brcko-novo-banovici-1955-godine\/seme_stanica_brcko_banovici-7\/\",\"alt\":\"\",\"description\":\"\",\"caption\":\"\",\"mime\":\"image\/jpeg\",\"type\":\"image\",\"width\":1417,\"height\":1003,\"sizes\":{\"full\":{\"url\":\"https:\/\/vremeplov.ba\/2025\/wp-content\/uploads\/2019\/05\/Seme_stanica_Brcko_Banovici-7.jpg\",\"height\":1003,\"width\":1417,\"orientation\":\"landscape\"}},\"imageMeta\":{\"aperture\":\"0\",\"credit\":\"Srecko\",\"camera\":\"\",\"caption\":\"\",\"created_timestamp\":\"1555419243\",\"copyright\":\"www.vremeplov.ba\",\"focal_length\":\"0\",\"iso\":\"0\",\"shutter_speed\":\"0\",\"title\":\"\",\"orientation\":\"1\",\"keywords\":[\"pruge\",\"\u017eeljeznica\",\"izgradnja\",\"\u0161eme\",\"stanica\",\"Br\u010dko\",\"Banovi\u0107i\",\"Bosanska\",\"Poljana\",\"Gunja\",\"Vinkovci\",\"vremeplov\"]},\"meta\":false,\"postlink\":\"https:\/\/vremeplov.ba\/2025\/2019\/05\/05\/seme-stanica-normalne-pruge-brcko-novo-banovici-1955-godine\/seme_stanica_brcko_banovici-7\/\"},{\"id\":26245,\"title\":\"Seme_stanica_Brcko_Banovici-8\",\"url\":\"https:\/\/vremeplov.ba\/2025\/wp-content\/uploads\/2019\/05\/Seme_stanica_Brcko_Banovici-8.jpg\",\"link\":\"https:\/\/vremeplov.ba\/2025\/2019\/05\/05\/seme-stanica-normalne-pruge-brcko-novo-banovici-1955-godine\/seme_stanica_brcko_banovici-8\/\",\"alt\":\"\",\"description\":\"\",\"caption\":\"\",\"mime\":\"image\/jpeg\",\"type\":\"image\",\"width\":1417,\"height\":1003,\"sizes\":{\"full\":{\"url\":\"https:\/\/vremeplov.ba\/2025\/wp-content\/uploads\/2019\/05\/Seme_stanica_Brcko_Banovici-8.jpg\",\"height\":1003,\"width\":1417,\"orientation\":\"landscape\"}},\"imageMeta\":{\"aperture\":\"0\",\"credit\":\"Srecko\",\"camera\":\"\",\"caption\":\"\",\"created_timestamp\":\"1555419243\",\"copyright\":\"www.vremeplov.ba\",\"focal_length\":\"0\",\"iso\":\"0\",\"shutter_speed\":\"0\",\"title\":\"\",\"orientation\":\"1\",\"keywords\":[\"pruge\",\"\u017eeljeznica\",\"izgradnja\",\"\u0161eme\",\"stanica\",\"Br\u010dko\",\"Banovi\u0107i\",\"Bosanska\",\"Poljana\",\"Gunja\",\"Vinkovci\",\"vremeplov\"]},\"meta\":false,\"postlink\":\"https:\/\/vremeplov.ba\/2025\/2019\/05\/05\/seme-stanica-normalne-pruge-brcko-novo-banovici-1955-godine\/seme_stanica_brcko_banovici-8\/\"},{\"id\":26246,\"title\":\"Seme_stanica_Brcko_Banovici-9\",\"url\":\"https:\/\/vremeplov.ba\/2025\/wp-content\/uploads\/2019\/05\/Seme_stanica_Brcko_Banovici-9.jpg\",\"link\":\"https:\/\/vremeplov.ba\/2025\/2019\/05\/05\/seme-stanica-normalne-pruge-brcko-novo-banovici-1955-godine\/seme_stanica_brcko_banovici-9\/\",\"alt\":\"\",\"description\":\"\",\"caption\":\"\",\"mime\":\"image\/jpeg\",\"type\":\"image\",\"width\":1417,\"height\":1003,\"sizes\":{\"full\":{\"url\":\"https:\/\/vremeplov.ba\/2025\/wp-content\/uploads\/2019\/05\/Seme_stanica_Brcko_Banovici-9.jpg\",\"height\":1003,\"width\":1417,\"orientation\":\"landscape\"}},\"imageMeta\":{\"aperture\":\"0\",\"credit\":\"Srecko\",\"camera\":\"\",\"caption\":\"\",\"created_timestamp\":\"1555419243\",\"copyright\":\"www.vremeplov.ba\",\"focal_length\":\"0\",\"iso\":\"0\",\"shutter_speed\":\"0\",\"title\":\"\",\"orientation\":\"1\",\"keywords\":[\"pruge\",\"\u017eeljeznica\",\"izgradnja\",\"\u0161eme\",\"stanica\",\"Br\u010dko\",\"Banovi\u0107i\",\"Bosanska\",\"Poljana\",\"Gunja\",\"Vinkovci\",\"vremeplov\"]},\"meta\":false,\"postlink\":\"https:\/\/vremeplov.ba\/2025\/2019\/05\/05\/seme-stanica-normalne-pruge-brcko-novo-banovici-1955-godine\/seme_stanica_brcko_banovici-9\/\"}],\"hasCustomCSS\":false,\"customCSS\":\"\",\"otterConditions\":[],\"itemsMetaDataCollection\":[]}<\/script><script>(function(){if(window.PGC_SGB && window.PGC_SGB.searcher){window.PGC_SGB.searcher.initBlocks()}})()<\/script><\/div>","protected":false},"excerpt":{"rendered":"<p>Iz dosad prikupljene gra\u0111e dostupne su sheme stanica na normalnoj pruzi od 1.435 m Br\u010dko Novo \u2013 Banovi\u0107i: Br\u010dko Novo (i Br\u010dko), Bukovac, Mali Bukvik, Bukvik, Bosanska Bijela, \u0160pionica, Srebrnik, Duboki Potok, Tinja, Mramor, Bosanska Poljana (veza za Kreku i Tuzlu, Doboju i ind. kolosijek za Bistarac), zatim stanica Kiseljak za koju nema sheme, Ljuba\u010de&hellip;&nbsp;<a href=\"https:\/\/vremeplov.ba\/2025\/hr\/2025\/07\/13\/shema-stanica-normalne-zeljeznice-brcko-novo-banovici-1955-godine\/\" rel=\"bookmark\">Read More &raquo;<span class=\"screen-reader-text\">Shema stanica normalne \u017eeljeznice Br\u010dko Novo \u2013 Banovi\u0107i, 1955. godine<\/span><\/a><\/p>\n","protected":false},"author":1,"featured_media":0,"comment_status":"open","ping_status":"closed","sticky":false,"template":"","format":"standard","meta":{"give_campaign_id":0,"neve_meta_sidebar":"","neve_meta_container":"","neve_meta_enable_content_width":"","neve_meta_content_width":0,"neve_meta_title_alignment":"","neve_meta_author_avatar":"","neve_post_elements_order":"","neve_meta_disable_header":"","neve_meta_disable_footer":"","neve_meta_disable_title":"","ngg_post_thumbnail":0,"pgc_sgb_lightbox_settings":"","_themeisle_gutenberg_block_has_review":false,"footnotes":""},"categories":[209],"tags":[],"class_list":["post-34526","post","type-post","status-publish","format-standard","hentry","category-sheme_kolodvora_normalnog_kolosijeka"],"_links":{"self":[{"href":"https:\/\/vremeplov.ba\/2025\/wp-json\/wp\/v2\/posts\/34526","targetHints":{"allow":["GET"]}}],"collection":[{"href":"https:\/\/vremeplov.ba\/2025\/wp-json\/wp\/v2\/posts"}],"about":[{"href":"https:\/\/vremeplov.ba\/2025\/wp-json\/wp\/v2\/types\/post"}],"author":[{"embeddable":true,"href":"https:\/\/vremeplov.ba\/2025\/wp-json\/wp\/v2\/users\/1"}],"replies":[{"embeddable":true,"href":"https:\/\/vremeplov.ba\/2025\/wp-json\/wp\/v2\/comments?post=34526"}],"version-history":[{"count":1,"href":"https:\/\/vremeplov.ba\/2025\/wp-json\/wp\/v2\/posts\/34526\/revisions"}],"predecessor-version":[{"id":34528,"href":"https:\/\/vremeplov.ba\/2025\/wp-json\/wp\/v2\/posts\/34526\/revisions\/34528"}],"wp:attachment":[{"href":"https:\/\/vremeplov.ba\/2025\/wp-json\/wp\/v2\/media?parent=34526"}],"wp:term":[{"taxonomy":"category","embeddable":true,"href":"https:\/\/vremeplov.ba\/2025\/wp-json\/wp\/v2\/categories?post=34526"},{"taxonomy":"post_tag","embeddable":true,"href":"https:\/\/vremeplov.ba\/2025\/wp-json\/wp\/v2\/tags?post=34526"}],"curies":[{"name":"wp","href":"https:\/\/api.w.org\/{rel}","templated":true}]}}