{"id":35099,"date":"2025-07-15T12:02:56","date_gmt":"2025-07-15T10:02:56","guid":{"rendered":"https:\/\/vremeplov.ba\/2025\/?p=35099"},"modified":"2025-07-15T12:03:00","modified_gmt":"2025-07-15T10:03:00","slug":"red-voznje-putnickih-i-postanskih-vozova-u-ratu-1914-godine-2","status":"publish","type":"post","link":"https:\/\/vremeplov.ba\/2025\/hr\/2025\/07\/15\/red-voznje-putnickih-i-postanskih-vozova-u-ratu-1914-godine-2\/","title":{"rendered":"Red vo\u017enje putni\u010dkih i po\u0161tanskih vozova u ratu 1914.godine"},"content":{"rendered":"\n<p>Objavljujemo knji\u017eicu reda vo\u017enje putni\u010dkih i po\u0161tanskih vlakova u ratu, izdanu od strane carsko-kraljevskog suda i dr\u017eavne tiskare iz Be\u010da za 1914. godinu.<\/p>\n\n\n<div class=\"wp-block-image\">\n<figure class=\"alignleft\"><a href=\"https:\/\/vremeplov.ba\/2025\/wp-content\/uploads\/2016\/01\/1-2.jpg\" rel=\"attachment wp-att-11017\"><img decoding=\"async\" src=\"https:\/\/vremeplov.ba\/2025\/wp-content\/uploads\/2016\/01\/1-2.jpg\" alt=\"1\" class=\"wp-image-11017\"\/><\/a><\/figure>\n<\/div>\n\n\n<p><\/p>\n\n\n\n<p><em>Originalni naslov: Vo\u017eni red voza u ratu, iz carske i kraljevske dr\u017eavne tiskare, Be\u010d, za godinu 1914.<\/em><\/p>\n\n\n<div class=\"wp-block-image\">\n<figure class=\"alignleft\"><a href=\"https:\/\/vremeplov.ba\/2025\/wp-content\/uploads\/2016\/01\/2.jpg\" rel=\"attachment wp-att-11018\"><img decoding=\"async\" src=\"https:\/\/vremeplov.ba\/2025\/wp-content\/uploads\/2016\/01\/2.jpg\" alt=\"2\" class=\"wp-image-11018\"\/><\/a><\/figure>\n<\/div>\n\n\n<p><\/p>\n\n\n\n<p>&nbsp;\n\n&nbsp;<\/p>\n\n\n\n<p>&nbsp;\n\n&nbsp;<\/p>\n\n\n\n<p>&nbsp;<\/p>\n\n\n\n<p>&nbsp;<\/p>\n\n\n\n<p>&nbsp;\n\n\n&nbsp;<\/p>\n\n\n\n<p>\u00a0<br>\u00a0<\/p>\n\n\n\n<p>Bro\u0161ura voznog reda proslije\u0111ena je Upravi Bosanskohercegova\u010dkih dr\u017eavnih \u017eeljeznica (Direkcija bosansko-hercegova\u010dkih dr\u017eavnih \u017eeljeznica &#8211; BHD\u017d\u017d) za unutarnji promet vozova na uzanim prugama (Schmalspurbahn) i Vojnom uredu (Milit\u00e4rb\u00fcro) za pruge normalnog kolosijeka (Normalspur) carske i kraljevske vojske (K.u.k. Milit\u00e4reisenbahn) u Sarajevu i Banjoj Luci.<\/p>\n\n\n\n<p>Ovdje mo\u017eete pogledati RED vo\u017enje vlakova za relacije:<\/p>\n\n\n\n<ul class=\"wp-block-list\">\n<li>Bosanski Brod \u2013 Sarajevo,<\/li>\n\n\n\n<li>Sarajevo \u2013 Uvac<\/li>\n\n\n\n<li>Sarajevo \u2013 Gravosa (Dubrovnik),<\/li>\n\n\n\n<li>Doboj \u2013 Tuzla,<\/li>\n\n\n\n<li>La\u0161va \u2013 Bugojno,<\/li>\n\n\n\n<li>Donji Vakuf \u2013 Jajce,<\/li>\n\n\n\n<li>Me\u0111e\u0111a \u2013 Vardi\u0161te,<\/li>\n\n\n\n<li>Uskoplje \u2013 Zelenika,<\/li>\n\n\n\n<li>Hum \u2013 Trebinje,<\/li>\n\n\n\n<li>Gabela \u2013 Metkovi\u0107,<\/li>\n\n\n\n<li>Sunja \u2013 Dobrljin,<\/li>\n\n\n\n<li>Dobrljin \u2013 Banja Luka,<\/li>\n\n\n\n<li>Eszek \u2013 Stri\u017eivojna Vrpolje \u2013 \u0160amac,<\/li>\n\n\n\n<li>Vinkovci \u2013 Br\u010dko i<\/li>\n\n\n\n<li>Dalj \u2013 Brod (Sl.Brod) \u2013 Bosanski Brod.<\/li>\n<\/ul>\n\n\n\n<p>Zbog obimnog materijala u prilog galerija-skenova redova vo\u017enji koji se odnose na Direkciju BH dr\u017eavnih \u017eeljeznica, odnosno do dr\u017eavne granice stanice Dobrljin, Slavonski Brod \u2013 Bosanski Brod, \u0160amac i Br\u010dko.<\/p>\n\n\n\n<p>&nbsp;<\/p>\n\n\n<div class=\"pgc-sgb-cb wp-block-pgcsimplygalleryblock-grid \" data-gallery-id=\"16b27670\"><div class=\"sgb-preloader\" id=\"pr_16b27670\">\n\t<div class=\"sgb-square\" style=\"background:#d4d4d4\"><\/div>\n\t<div class=\"sgb-square\" style=\"background:#d4d4d4\"><\/div>\n\t<div class=\"sgb-square\" style=\"background:#d4d4d4\"><\/div>\n\t<div class=\"sgb-square\" style=\"background:#d4d4d4\"><\/div><\/div><div class=\"simply-gallery-amp pgc_sgb_slider \"><noscript><div class=\"sgb-gallery\"><div class=\"sgb-item\"><a href=\"https:\/\/vremeplov.ba\/2025\/2016\/01\/12\/red-voznje-putnickih-i-postanskih-vozova-u-ratu-1914-godine\/fahrordnung-1\/\" target=\"_blank\"><img decoding=\"async\" alt=\"\" width=\"622\" height=\"950\" loading=\"lazy\" src=\"https:\/\/vremeplov.ba\/2025\/wp-content\/uploads\/2016\/01\/Fahrordnung-1.jpg\" srcset=\",https:\/\/vremeplov.ba\/2025\/wp-content\/uploads\/2016\/01\/Fahrordnung-1.jpg 622w\" sizes=\"auto, 250px\"\/><\/a><\/div><div class=\"sgb-item\"><a href=\"https:\/\/vremeplov.ba\/2025\/2016\/01\/12\/red-voznje-putnickih-i-postanskih-vozova-u-ratu-1914-godine\/fahrordnung-2\/\" target=\"_blank\"><img decoding=\"async\" alt=\"\" width=\"633\" height=\"950\" loading=\"lazy\" src=\"https:\/\/vremeplov.ba\/2025\/wp-content\/uploads\/2016\/01\/Fahrordnung-2.jpg\" srcset=\",https:\/\/vremeplov.ba\/2025\/wp-content\/uploads\/2016\/01\/Fahrordnung-2.jpg 633w\" sizes=\"auto, 250px\"\/><\/a><\/div><div class=\"sgb-item\"><a href=\"https:\/\/vremeplov.ba\/2025\/2016\/01\/12\/red-voznje-putnickih-i-postanskih-vozova-u-ratu-1914-godine\/fahrordnung-3\/\" target=\"_blank\"><img decoding=\"async\" alt=\"\" width=\"615\" height=\"950\" loading=\"lazy\" src=\"https:\/\/vremeplov.ba\/2025\/wp-content\/uploads\/2016\/01\/Fahrordnung-3.jpg\" srcset=\",https:\/\/vremeplov.ba\/2025\/wp-content\/uploads\/2016\/01\/Fahrordnung-3.jpg 615w\" sizes=\"auto, 250px\"\/><\/a><\/div><div class=\"sgb-item\"><a href=\"https:\/\/vremeplov.ba\/2025\/2016\/01\/12\/red-voznje-putnickih-i-postanskih-vozova-u-ratu-1914-godine\/fahrordnung-4\/\" target=\"_blank\"><img decoding=\"async\" alt=\"\" width=\"615\" height=\"950\" loading=\"lazy\" src=\"https:\/\/vremeplov.ba\/2025\/wp-content\/uploads\/2016\/01\/Fahrordnung-4.jpg\" srcset=\",https:\/\/vremeplov.ba\/2025\/wp-content\/uploads\/2016\/01\/Fahrordnung-4.jpg 615w\" sizes=\"auto, 250px\"\/><\/a><\/div><div class=\"sgb-item\"><a href=\"https:\/\/vremeplov.ba\/2025\/2016\/01\/12\/red-voznje-putnickih-i-postanskih-vozova-u-ratu-1914-godine\/fahrordnung-5\/\" target=\"_blank\"><img decoding=\"async\" alt=\"\" width=\"602\" height=\"950\" loading=\"lazy\" src=\"https:\/\/vremeplov.ba\/2025\/wp-content\/uploads\/2016\/01\/Fahrordnung-5.jpg\" srcset=\",https:\/\/vremeplov.ba\/2025\/wp-content\/uploads\/2016\/01\/Fahrordnung-5.jpg 602w\" sizes=\"auto, 250px\"\/><\/a><\/div><div class=\"sgb-item\"><a href=\"https:\/\/vremeplov.ba\/2025\/2016\/01\/12\/red-voznje-putnickih-i-postanskih-vozova-u-ratu-1914-godine\/fahrordnung-6\/\" target=\"_blank\"><img decoding=\"async\" alt=\"\" width=\"605\" height=\"950\" loading=\"lazy\" src=\"https:\/\/vremeplov.ba\/2025\/wp-content\/uploads\/2016\/01\/Fahrordnung-6.jpg\" srcset=\",https:\/\/vremeplov.ba\/2025\/wp-content\/uploads\/2016\/01\/Fahrordnung-6.jpg 605w\" sizes=\"auto, 250px\"\/><\/a><\/div><div class=\"sgb-item\"><a href=\"https:\/\/vremeplov.ba\/2025\/2016\/01\/12\/red-voznje-putnickih-i-postanskih-vozova-u-ratu-1914-godine\/fahrordnung-7\/\" target=\"_blank\"><img decoding=\"async\" alt=\"\" width=\"594\" height=\"950\" loading=\"lazy\" src=\"https:\/\/vremeplov.ba\/2025\/wp-content\/uploads\/2016\/01\/Fahrordnung-7.jpg\" srcset=\",https:\/\/vremeplov.ba\/2025\/wp-content\/uploads\/2016\/01\/Fahrordnung-7.jpg 594w\" sizes=\"auto, 250px\"\/><\/a><\/div><div class=\"sgb-item\"><a href=\"https:\/\/vremeplov.ba\/2025\/2016\/01\/12\/red-voznje-putnickih-i-postanskih-vozova-u-ratu-1914-godine\/fahrordnung-8\/\" target=\"_blank\"><img decoding=\"async\" alt=\"\" width=\"598\" height=\"950\" loading=\"lazy\" src=\"https:\/\/vremeplov.ba\/2025\/wp-content\/uploads\/2016\/01\/Fahrordnung-8.jpg\" srcset=\",https:\/\/vremeplov.ba\/2025\/wp-content\/uploads\/2016\/01\/Fahrordnung-8.jpg 598w\" sizes=\"auto, 250px\"\/><\/a><\/div><div class=\"sgb-item\"><a href=\"https:\/\/vremeplov.ba\/2025\/2016\/01\/12\/red-voznje-putnickih-i-postanskih-vozova-u-ratu-1914-godine\/fahrordnung-9\/\" target=\"_blank\"><img decoding=\"async\" alt=\"\" width=\"597\" height=\"950\" loading=\"lazy\" src=\"https:\/\/vremeplov.ba\/2025\/wp-content\/uploads\/2016\/01\/Fahrordnung-9.jpg\" srcset=\",https:\/\/vremeplov.ba\/2025\/wp-content\/uploads\/2016\/01\/Fahrordnung-9.jpg 597w\" sizes=\"auto, 250px\"\/><\/a><\/div><div class=\"sgb-item\"><a href=\"https:\/\/vremeplov.ba\/2025\/2016\/01\/12\/red-voznje-putnickih-i-postanskih-vozova-u-ratu-1914-godine\/fahrordnung-10\/\" target=\"_blank\"><img decoding=\"async\" alt=\"\" width=\"585\" height=\"950\" loading=\"lazy\" src=\"https:\/\/vremeplov.ba\/2025\/wp-content\/uploads\/2016\/01\/Fahrordnung-10.jpg\" srcset=\",https:\/\/vremeplov.ba\/2025\/wp-content\/uploads\/2016\/01\/Fahrordnung-10.jpg 585w\" sizes=\"auto, 250px\"\/><\/a><\/div><div class=\"sgb-item\"><a href=\"https:\/\/vremeplov.ba\/2025\/2016\/01\/12\/red-voznje-putnickih-i-postanskih-vozova-u-ratu-1914-godine\/fahrordnung-11\/\" target=\"_blank\"><img decoding=\"async\" alt=\"\" width=\"585\" height=\"950\" loading=\"lazy\" src=\"https:\/\/vremeplov.ba\/2025\/wp-content\/uploads\/2016\/01\/Fahrordnung-11.jpg\" srcset=\",https:\/\/vremeplov.ba\/2025\/wp-content\/uploads\/2016\/01\/Fahrordnung-11.jpg 585w\" sizes=\"auto, 250px\"\/><\/a><\/div><div class=\"sgb-item\"><a href=\"https:\/\/vremeplov.ba\/2025\/2016\/01\/12\/red-voznje-putnickih-i-postanskih-vozova-u-ratu-1914-godine\/fahrordnung-12\/\" target=\"_blank\"><img decoding=\"async\" alt=\"\" width=\"597\" height=\"950\" loading=\"lazy\" src=\"https:\/\/vremeplov.ba\/2025\/wp-content\/uploads\/2016\/01\/Fahrordnung-12.jpg\" srcset=\",https:\/\/vremeplov.ba\/2025\/wp-content\/uploads\/2016\/01\/Fahrordnung-12.jpg 597w\" sizes=\"auto, 250px\"\/><\/a><\/div><div class=\"sgb-item\"><a href=\"https:\/\/vremeplov.ba\/2025\/2016\/01\/12\/red-voznje-putnickih-i-postanskih-vozova-u-ratu-1914-godine\/fahrordnung-13\/\" target=\"_blank\"><img decoding=\"async\" alt=\"\" width=\"597\" height=\"950\" loading=\"lazy\" src=\"https:\/\/vremeplov.ba\/2025\/wp-content\/uploads\/2016\/01\/Fahrordnung-13.jpg\" srcset=\",https:\/\/vremeplov.ba\/2025\/wp-content\/uploads\/2016\/01\/Fahrordnung-13.jpg 597w\" sizes=\"auto, 250px\"\/><\/a><\/div><div class=\"sgb-item\"><a href=\"https:\/\/vremeplov.ba\/2025\/2016\/01\/12\/red-voznje-putnickih-i-postanskih-vozova-u-ratu-1914-godine\/fahrordnung-14\/\" target=\"_blank\"><img decoding=\"async\" alt=\"\" width=\"580\" height=\"950\" loading=\"lazy\" src=\"https:\/\/vremeplov.ba\/2025\/wp-content\/uploads\/2016\/01\/Fahrordnung-14.jpg\" srcset=\",https:\/\/vremeplov.ba\/2025\/wp-content\/uploads\/2016\/01\/Fahrordnung-14.jpg 580w\" sizes=\"auto, 250px\"\/><\/a><\/div><div class=\"sgb-item\"><a href=\"https:\/\/vremeplov.ba\/2025\/2016\/01\/12\/red-voznje-putnickih-i-postanskih-vozova-u-ratu-1914-godine\/fahrordnung-15\/\" target=\"_blank\"><img decoding=\"async\" alt=\"\" width=\"600\" height=\"950\" loading=\"lazy\" src=\"https:\/\/vremeplov.ba\/2025\/wp-content\/uploads\/2016\/01\/Fahrordnung-15.jpg\" srcset=\",https:\/\/vremeplov.ba\/2025\/wp-content\/uploads\/2016\/01\/Fahrordnung-15.jpg 600w\" sizes=\"auto, 250px\"\/><\/a><\/div><div class=\"sgb-item\"><a href=\"https:\/\/vremeplov.ba\/2025\/2016\/01\/12\/red-voznje-putnickih-i-postanskih-vozova-u-ratu-1914-godine\/fahrordnung-16\/\" target=\"_blank\"><img decoding=\"async\" alt=\"\" width=\"579\" height=\"950\" loading=\"lazy\" src=\"https:\/\/vremeplov.ba\/2025\/wp-content\/uploads\/2016\/01\/Fahrordnung-16.jpg\" srcset=\",https:\/\/vremeplov.ba\/2025\/wp-content\/uploads\/2016\/01\/Fahrordnung-16.jpg 579w\" sizes=\"auto, 250px\"\/><\/a><\/div><div class=\"sgb-item\"><a href=\"https:\/\/vremeplov.ba\/2025\/2016\/01\/12\/red-voznje-putnickih-i-postanskih-vozova-u-ratu-1914-godine\/fahrordnung-17\/\" target=\"_blank\"><img decoding=\"async\" alt=\"\" width=\"950\" height=\"576\" loading=\"lazy\" src=\"https:\/\/vremeplov.ba\/2025\/wp-content\/uploads\/2016\/01\/Fahrordnung-17.jpg\" srcset=\",https:\/\/vremeplov.ba\/2025\/wp-content\/uploads\/2016\/01\/Fahrordnung-17.jpg 950w\" sizes=\"auto, 250px\"\/><\/a><\/div><div class=\"sgb-item\"><a href=\"https:\/\/vremeplov.ba\/2025\/2016\/01\/12\/red-voznje-putnickih-i-postanskih-vozova-u-ratu-1914-godine\/fahrordnung-18\/\" target=\"_blank\"><img decoding=\"async\" alt=\"\" width=\"572\" height=\"950\" loading=\"lazy\" src=\"https:\/\/vremeplov.ba\/2025\/wp-content\/uploads\/2016\/01\/Fahrordnung-18.jpg\" srcset=\",https:\/\/vremeplov.ba\/2025\/wp-content\/uploads\/2016\/01\/Fahrordnung-18.jpg 572w\" sizes=\"auto, 250px\"\/><\/a><\/div><div class=\"sgb-item\"><a href=\"https:\/\/vremeplov.ba\/2025\/2016\/01\/12\/red-voznje-putnickih-i-postanskih-vozova-u-ratu-1914-godine\/fahrordnung-19\/\" target=\"_blank\"><img decoding=\"async\" alt=\"\" width=\"597\" height=\"950\" loading=\"lazy\" src=\"https:\/\/vremeplov.ba\/2025\/wp-content\/uploads\/2016\/01\/Fahrordnung-19.jpg\" srcset=\",https:\/\/vremeplov.ba\/2025\/wp-content\/uploads\/2016\/01\/Fahrordnung-19.jpg 597w\" sizes=\"auto, 250px\"\/><\/a><\/div><div class=\"sgb-item\"><a href=\"https:\/\/vremeplov.ba\/2025\/2016\/01\/12\/red-voznje-putnickih-i-postanskih-vozova-u-ratu-1914-godine\/fahrordnung-20\/\" target=\"_blank\"><img decoding=\"async\" alt=\"\" width=\"597\" height=\"950\" loading=\"lazy\" src=\"https:\/\/vremeplov.ba\/2025\/wp-content\/uploads\/2016\/01\/Fahrordnung-20.jpg\" srcset=\",https:\/\/vremeplov.ba\/2025\/wp-content\/uploads\/2016\/01\/Fahrordnung-20.jpg 597w\" sizes=\"auto, 250px\"\/><\/a><\/div><\/div><\/noscript><\/div><script type=\"application\/json\" class=\"sgb-data\">{\"collectionColumns\":5,\"collectionThumbRecomendedWidth\":100,\"externalLink\":false,\"captions\":false,\"collectionThumbSubMenuDownload\":false,\"collectionThumbSubMenuShare\":false,\"galleryType\":\"pgc_sgb_grid\",\"galleryId\":\"16b27670\",\"images\":[{\"id\":28266,\"title\":\"Fahrordnung-1\",\"url\":\"https:\/\/vremeplov.ba\/2025\/wp-content\/uploads\/2016\/01\/Fahrordnung-1.jpg\",\"link\":\"https:\/\/vremeplov.ba\/2025\/2016\/01\/12\/red-voznje-putnickih-i-postanskih-vozova-u-ratu-1914-godine\/fahrordnung-1\/\",\"alt\":\"\",\"description\":\"\",\"caption\":\"\",\"mime\":\"image\/jpeg\",\"type\":\"image\",\"width\":622,\"height\":950,\"sizes\":{\"full\":{\"url\":\"https:\/\/vremeplov.ba\/2025\/wp-content\/uploads\/2016\/01\/Fahrordnung-1.jpg\",\"height\":950,\"width\":622,\"orientation\":\"portrait\"}},\"imageMeta\":{\"aperture\":\"0\",\"credit\":\"Sre\u0107ko Ignjatovi\u0107 Sarajevo BiH\",\"camera\":\"HP Scanjet 2400\",\"caption\":\"\",\"created_timestamp\":\"0\",\"copyright\":\"www.photogalerija.com\",\"focal_length\":\"0\",\"iso\":\"0\",\"shutter_speed\":\"0\",\"title\":\"\",\"orientation\":\"1\",\"keywords\":[\"landesbahnen\",\"Normalspur\",\"K.u.k. Milit\u00e4reisenbahn\",\"red vo\u017enje\",\"fahrordnung\",\"Postz\u00fcge\"]},\"meta\":false,\"postlink\":\"https:\/\/vremeplov.ba\/2025\/2016\/01\/12\/red-voznje-putnickih-i-postanskih-vozova-u-ratu-1914-godine\/fahrordnung-1\/\"},{\"id\":28267,\"title\":\"Fahrordnung-2\",\"url\":\"https:\/\/vremeplov.ba\/2025\/wp-content\/uploads\/2016\/01\/Fahrordnung-2.jpg\",\"link\":\"https:\/\/vremeplov.ba\/2025\/2016\/01\/12\/red-voznje-putnickih-i-postanskih-vozova-u-ratu-1914-godine\/fahrordnung-2\/\",\"alt\":\"\",\"description\":\"\",\"caption\":\"\",\"mime\":\"image\/jpeg\",\"type\":\"image\",\"width\":633,\"height\":950,\"sizes\":{\"full\":{\"url\":\"https:\/\/vremeplov.ba\/2025\/wp-content\/uploads\/2016\/01\/Fahrordnung-2.jpg\",\"height\":950,\"width\":633,\"orientation\":\"portrait\"}},\"imageMeta\":{\"aperture\":\"0\",\"credit\":\"Sre\u0107ko Ignjatovi\u0107 Sarajevo BiH\",\"camera\":\"\",\"caption\":\"\",\"created_timestamp\":\"1451985514\",\"copyright\":\"www.photogalerija.com\",\"focal_length\":\"0\",\"iso\":\"0\",\"shutter_speed\":\"0\",\"title\":\"\",\"orientation\":\"1\",\"keywords\":[\"landesbahnen\",\"Normalspur\",\"K.u.k. Milit\u00e4reisenbahn\",\"red vo\u017enje\",\"fahrordnung\",\"Postz\u00fcge\"]},\"meta\":false,\"postlink\":\"https:\/\/vremeplov.ba\/2025\/2016\/01\/12\/red-voznje-putnickih-i-postanskih-vozova-u-ratu-1914-godine\/fahrordnung-2\/\"},{\"id\":28268,\"title\":\"Fahrordnung-3\",\"url\":\"https:\/\/vremeplov.ba\/2025\/wp-content\/uploads\/2016\/01\/Fahrordnung-3.jpg\",\"link\":\"https:\/\/vremeplov.ba\/2025\/2016\/01\/12\/red-voznje-putnickih-i-postanskih-vozova-u-ratu-1914-godine\/fahrordnung-3\/\",\"alt\":\"\",\"description\":\"\",\"caption\":\"\",\"mime\":\"image\/jpeg\",\"type\":\"image\",\"width\":615,\"height\":950,\"sizes\":{\"full\":{\"url\":\"https:\/\/vremeplov.ba\/2025\/wp-content\/uploads\/2016\/01\/Fahrordnung-3.jpg\",\"height\":950,\"width\":615,\"orientation\":\"portrait\"}},\"imageMeta\":{\"aperture\":\"0\",\"credit\":\"Sre\u0107ko Ignjatovi\u0107 Sarajevo BiH\",\"camera\":\"\",\"caption\":\"\",\"created_timestamp\":\"1451985514\",\"copyright\":\"www.photogalerija.com\",\"focal_length\":\"0\",\"iso\":\"0\",\"shutter_speed\":\"0\",\"title\":\"\",\"orientation\":\"1\",\"keywords\":[\"landesbahnen\",\"Normalspur\",\"K.u.k. Milit\u00e4reisenbahn\",\"red vo\u017enje\",\"fahrordnung\",\"Postz\u00fcge\"]},\"meta\":false,\"postlink\":\"https:\/\/vremeplov.ba\/2025\/2016\/01\/12\/red-voznje-putnickih-i-postanskih-vozova-u-ratu-1914-godine\/fahrordnung-3\/\"},{\"id\":28269,\"title\":\"Fahrordnung-4\",\"url\":\"https:\/\/vremeplov.ba\/2025\/wp-content\/uploads\/2016\/01\/Fahrordnung-4.jpg\",\"link\":\"https:\/\/vremeplov.ba\/2025\/2016\/01\/12\/red-voznje-putnickih-i-postanskih-vozova-u-ratu-1914-godine\/fahrordnung-4\/\",\"alt\":\"\",\"description\":\"\",\"caption\":\"\",\"mime\":\"image\/jpeg\",\"type\":\"image\",\"width\":615,\"height\":950,\"sizes\":{\"full\":{\"url\":\"https:\/\/vremeplov.ba\/2025\/wp-content\/uploads\/2016\/01\/Fahrordnung-4.jpg\",\"height\":950,\"width\":615,\"orientation\":\"portrait\"}},\"imageMeta\":{\"aperture\":\"0\",\"credit\":\"Sre\u0107ko Ignjatovi\u0107 Sarajevo BiH\",\"camera\":\"HP Scanjet 2400\",\"caption\":\"\",\"created_timestamp\":\"0\",\"copyright\":\"www.photogalerija.com\",\"focal_length\":\"0\",\"iso\":\"0\",\"shutter_speed\":\"0\",\"title\":\"\",\"orientation\":\"1\",\"keywords\":[\"landesbahnen\",\"Normalspur\",\"K.u.k. Milit\u00e4reisenbahn\",\"red vo\u017enje\",\"fahrordnung\",\"Postz\u00fcge\"]},\"meta\":false,\"postlink\":\"https:\/\/vremeplov.ba\/2025\/2016\/01\/12\/red-voznje-putnickih-i-postanskih-vozova-u-ratu-1914-godine\/fahrordnung-4\/\"},{\"id\":28270,\"title\":\"Fahrordnung-5\",\"url\":\"https:\/\/vremeplov.ba\/2025\/wp-content\/uploads\/2016\/01\/Fahrordnung-5.jpg\",\"link\":\"https:\/\/vremeplov.ba\/2025\/2016\/01\/12\/red-voznje-putnickih-i-postanskih-vozova-u-ratu-1914-godine\/fahrordnung-5\/\",\"alt\":\"\",\"description\":\"\",\"caption\":\"\",\"mime\":\"image\/jpeg\",\"type\":\"image\",\"width\":602,\"height\":950,\"sizes\":{\"full\":{\"url\":\"https:\/\/vremeplov.ba\/2025\/wp-content\/uploads\/2016\/01\/Fahrordnung-5.jpg\",\"height\":950,\"width\":602,\"orientation\":\"portrait\"}},\"imageMeta\":{\"aperture\":\"0\",\"credit\":\"Sre\u0107ko Ignjatovi\u0107 Sarajevo BiH\",\"camera\":\"HP Scanjet 2400\",\"caption\":\"\",\"created_timestamp\":\"0\",\"copyright\":\"www.photogalerija.com\",\"focal_length\":\"0\",\"iso\":\"0\",\"shutter_speed\":\"0\",\"title\":\"\",\"orientation\":\"1\",\"keywords\":[\"landesbahnen\",\"Normalspur\",\"K.u.k. Milit\u00e4reisenbahn\",\"red vo\u017enje\",\"fahrordnung\",\"Postz\u00fcge\"]},\"meta\":false,\"postlink\":\"https:\/\/vremeplov.ba\/2025\/2016\/01\/12\/red-voznje-putnickih-i-postanskih-vozova-u-ratu-1914-godine\/fahrordnung-5\/\"},{\"id\":28271,\"title\":\"Fahrordnung-6\",\"url\":\"https:\/\/vremeplov.ba\/2025\/wp-content\/uploads\/2016\/01\/Fahrordnung-6.jpg\",\"link\":\"https:\/\/vremeplov.ba\/2025\/2016\/01\/12\/red-voznje-putnickih-i-postanskih-vozova-u-ratu-1914-godine\/fahrordnung-6\/\",\"alt\":\"\",\"description\":\"\",\"caption\":\"\",\"mime\":\"image\/jpeg\",\"type\":\"image\",\"width\":605,\"height\":950,\"sizes\":{\"full\":{\"url\":\"https:\/\/vremeplov.ba\/2025\/wp-content\/uploads\/2016\/01\/Fahrordnung-6.jpg\",\"height\":950,\"width\":605,\"orientation\":\"portrait\"}},\"imageMeta\":{\"aperture\":\"0\",\"credit\":\"Sre\u0107ko Ignjatovi\u0107 Sarajevo BiH\",\"camera\":\"\",\"caption\":\"\",\"created_timestamp\":\"1451985514\",\"copyright\":\"www.photogalerija.com\",\"focal_length\":\"0\",\"iso\":\"0\",\"shutter_speed\":\"0\",\"title\":\"\",\"orientation\":\"1\",\"keywords\":[\"landesbahnen\",\"Normalspur\",\"K.u.k. Milit\u00e4reisenbahn\",\"red vo\u017enje\",\"fahrordnung\",\"Postz\u00fcge\"]},\"meta\":false,\"postlink\":\"https:\/\/vremeplov.ba\/2025\/2016\/01\/12\/red-voznje-putnickih-i-postanskih-vozova-u-ratu-1914-godine\/fahrordnung-6\/\"},{\"id\":28272,\"title\":\"Fahrordnung-7\",\"url\":\"https:\/\/vremeplov.ba\/2025\/wp-content\/uploads\/2016\/01\/Fahrordnung-7.jpg\",\"link\":\"https:\/\/vremeplov.ba\/2025\/2016\/01\/12\/red-voznje-putnickih-i-postanskih-vozova-u-ratu-1914-godine\/fahrordnung-7\/\",\"alt\":\"\",\"description\":\"\",\"caption\":\"\",\"mime\":\"image\/jpeg\",\"type\":\"image\",\"width\":594,\"height\":950,\"sizes\":{\"full\":{\"url\":\"https:\/\/vremeplov.ba\/2025\/wp-content\/uploads\/2016\/01\/Fahrordnung-7.jpg\",\"height\":950,\"width\":594,\"orientation\":\"portrait\"}},\"imageMeta\":{\"aperture\":\"0\",\"credit\":\"Sre\u0107ko Ignjatovi\u0107 Sarajevo BiH\",\"camera\":\"\",\"caption\":\"\",\"created_timestamp\":\"1451985514\",\"copyright\":\"www.photogalerija.com\",\"focal_length\":\"0\",\"iso\":\"0\",\"shutter_speed\":\"0\",\"title\":\"\",\"orientation\":\"1\",\"keywords\":[\"landesbahnen\",\"Normalspur\",\"K.u.k. Milit\u00e4reisenbahn\",\"red vo\u017enje\",\"fahrordnung\",\"Postz\u00fcge\"]},\"meta\":false,\"postlink\":\"https:\/\/vremeplov.ba\/2025\/2016\/01\/12\/red-voznje-putnickih-i-postanskih-vozova-u-ratu-1914-godine\/fahrordnung-7\/\"},{\"id\":28273,\"title\":\"Fahrordnung-8\",\"url\":\"https:\/\/vremeplov.ba\/2025\/wp-content\/uploads\/2016\/01\/Fahrordnung-8.jpg\",\"link\":\"https:\/\/vremeplov.ba\/2025\/2016\/01\/12\/red-voznje-putnickih-i-postanskih-vozova-u-ratu-1914-godine\/fahrordnung-8\/\",\"alt\":\"\",\"description\":\"\",\"caption\":\"\",\"mime\":\"image\/jpeg\",\"type\":\"image\",\"width\":598,\"height\":950,\"sizes\":{\"full\":{\"url\":\"https:\/\/vremeplov.ba\/2025\/wp-content\/uploads\/2016\/01\/Fahrordnung-8.jpg\",\"height\":950,\"width\":598,\"orientation\":\"portrait\"}},\"imageMeta\":{\"aperture\":\"0\",\"credit\":\"Sre\u0107ko Ignjatovi\u0107 Sarajevo BiH\",\"camera\":\"\",\"caption\":\"\",\"created_timestamp\":\"1451985514\",\"copyright\":\"www.photogalerija.com\",\"focal_length\":\"0\",\"iso\":\"0\",\"shutter_speed\":\"0\",\"title\":\"\",\"orientation\":\"1\",\"keywords\":[\"landesbahnen\",\"Normalspur\",\"K.u.k. Milit\u00e4reisenbahn\",\"red vo\u017enje\",\"fahrordnung\",\"Postz\u00fcge\"]},\"meta\":false,\"postlink\":\"https:\/\/vremeplov.ba\/2025\/2016\/01\/12\/red-voznje-putnickih-i-postanskih-vozova-u-ratu-1914-godine\/fahrordnung-8\/\"},{\"id\":28274,\"title\":\"Fahrordnung-9\",\"url\":\"https:\/\/vremeplov.ba\/2025\/wp-content\/uploads\/2016\/01\/Fahrordnung-9.jpg\",\"link\":\"https:\/\/vremeplov.ba\/2025\/2016\/01\/12\/red-voznje-putnickih-i-postanskih-vozova-u-ratu-1914-godine\/fahrordnung-9\/\",\"alt\":\"\",\"description\":\"\",\"caption\":\"\",\"mime\":\"image\/jpeg\",\"type\":\"image\",\"width\":597,\"height\":950,\"sizes\":{\"full\":{\"url\":\"https:\/\/vremeplov.ba\/2025\/wp-content\/uploads\/2016\/01\/Fahrordnung-9.jpg\",\"height\":950,\"width\":597,\"orientation\":\"portrait\"}},\"imageMeta\":{\"aperture\":\"0\",\"credit\":\"Sre\u0107ko Ignjatovi\u0107 Sarajevo BiH\",\"camera\":\"HP Scanjet 2400\",\"caption\":\"\",\"created_timestamp\":\"0\",\"copyright\":\"www.photogalerija.com\",\"focal_length\":\"0\",\"iso\":\"0\",\"shutter_speed\":\"0\",\"title\":\"\",\"orientation\":\"1\",\"keywords\":[\"landesbahnen\",\"Normalspur\",\"K.u.k. Milit\u00e4reisenbahn\",\"red vo\u017enje\",\"fahrordnung\",\"Postz\u00fcge\"]},\"meta\":false,\"postlink\":\"https:\/\/vremeplov.ba\/2025\/2016\/01\/12\/red-voznje-putnickih-i-postanskih-vozova-u-ratu-1914-godine\/fahrordnung-9\/\"},{\"id\":28275,\"title\":\"Fahrordnung-10\",\"url\":\"https:\/\/vremeplov.ba\/2025\/wp-content\/uploads\/2016\/01\/Fahrordnung-10.jpg\",\"link\":\"https:\/\/vremeplov.ba\/2025\/2016\/01\/12\/red-voznje-putnickih-i-postanskih-vozova-u-ratu-1914-godine\/fahrordnung-10\/\",\"alt\":\"\",\"description\":\"\",\"caption\":\"\",\"mime\":\"image\/jpeg\",\"type\":\"image\",\"width\":585,\"height\":950,\"sizes\":{\"full\":{\"url\":\"https:\/\/vremeplov.ba\/2025\/wp-content\/uploads\/2016\/01\/Fahrordnung-10.jpg\",\"height\":950,\"width\":585,\"orientation\":\"portrait\"}},\"imageMeta\":{\"aperture\":\"0\",\"credit\":\"Sre\u0107ko Ignjatovi\u0107 Sarajevo BiH\",\"camera\":\"HP Scanjet 2400\",\"caption\":\"\",\"created_timestamp\":\"0\",\"copyright\":\"www.photogalerija.com\",\"focal_length\":\"0\",\"iso\":\"0\",\"shutter_speed\":\"0\",\"title\":\"\",\"orientation\":\"1\",\"keywords\":[\"landesbahnen\",\"Normalspur\",\"K.u.k. Milit\u00e4reisenbahn\",\"red vo\u017enje\",\"fahrordnung\",\"Postz\u00fcge\"]},\"meta\":false,\"postlink\":\"https:\/\/vremeplov.ba\/2025\/2016\/01\/12\/red-voznje-putnickih-i-postanskih-vozova-u-ratu-1914-godine\/fahrordnung-10\/\"},{\"id\":28276,\"title\":\"Fahrordnung-11\",\"url\":\"https:\/\/vremeplov.ba\/2025\/wp-content\/uploads\/2016\/01\/Fahrordnung-11.jpg\",\"link\":\"https:\/\/vremeplov.ba\/2025\/2016\/01\/12\/red-voznje-putnickih-i-postanskih-vozova-u-ratu-1914-godine\/fahrordnung-11\/\",\"alt\":\"\",\"description\":\"\",\"caption\":\"\",\"mime\":\"image\/jpeg\",\"type\":\"image\",\"width\":585,\"height\":950,\"sizes\":{\"full\":{\"url\":\"https:\/\/vremeplov.ba\/2025\/wp-content\/uploads\/2016\/01\/Fahrordnung-11.jpg\",\"height\":950,\"width\":585,\"orientation\":\"portrait\"}},\"imageMeta\":{\"aperture\":\"0\",\"credit\":\"Sre\u0107ko Ignjatovi\u0107 Sarajevo BiH\",\"camera\":\"HP Scanjet 2400\",\"caption\":\"\",\"created_timestamp\":\"0\",\"copyright\":\"www.photogalerija.com\",\"focal_length\":\"0\",\"iso\":\"0\",\"shutter_speed\":\"0\",\"title\":\"\",\"orientation\":\"1\",\"keywords\":[\"landesbahnen\",\"Normalspur\",\"K.u.k. Milit\u00e4reisenbahn\",\"red vo\u017enje\",\"fahrordnung\",\"Postz\u00fcge\"]},\"meta\":false,\"postlink\":\"https:\/\/vremeplov.ba\/2025\/2016\/01\/12\/red-voznje-putnickih-i-postanskih-vozova-u-ratu-1914-godine\/fahrordnung-11\/\"},{\"id\":28277,\"title\":\"Fahrordnung-12\",\"url\":\"https:\/\/vremeplov.ba\/2025\/wp-content\/uploads\/2016\/01\/Fahrordnung-12.jpg\",\"link\":\"https:\/\/vremeplov.ba\/2025\/2016\/01\/12\/red-voznje-putnickih-i-postanskih-vozova-u-ratu-1914-godine\/fahrordnung-12\/\",\"alt\":\"\",\"description\":\"\",\"caption\":\"\",\"mime\":\"image\/jpeg\",\"type\":\"image\",\"width\":597,\"height\":950,\"sizes\":{\"full\":{\"url\":\"https:\/\/vremeplov.ba\/2025\/wp-content\/uploads\/2016\/01\/Fahrordnung-12.jpg\",\"height\":950,\"width\":597,\"orientation\":\"portrait\"}},\"imageMeta\":{\"aperture\":\"0\",\"credit\":\"Sre\u0107ko Ignjatovi\u0107 Sarajevo BiH\",\"camera\":\"HP Scanjet 2400\",\"caption\":\"\",\"created_timestamp\":\"0\",\"copyright\":\"www.photogalerija.com\",\"focal_length\":\"0\",\"iso\":\"0\",\"shutter_speed\":\"0\",\"title\":\"\",\"orientation\":\"1\",\"keywords\":[\"landesbahnen\",\"Normalspur\",\"K.u.k. Milit\u00e4reisenbahn\",\"red vo\u017enje\",\"fahrordnung\",\"Postz\u00fcge\"]},\"meta\":false,\"postlink\":\"https:\/\/vremeplov.ba\/2025\/2016\/01\/12\/red-voznje-putnickih-i-postanskih-vozova-u-ratu-1914-godine\/fahrordnung-12\/\"},{\"id\":28278,\"title\":\"Fahrordnung-13\",\"url\":\"https:\/\/vremeplov.ba\/2025\/wp-content\/uploads\/2016\/01\/Fahrordnung-13.jpg\",\"link\":\"https:\/\/vremeplov.ba\/2025\/2016\/01\/12\/red-voznje-putnickih-i-postanskih-vozova-u-ratu-1914-godine\/fahrordnung-13\/\",\"alt\":\"\",\"description\":\"\",\"caption\":\"\",\"mime\":\"image\/jpeg\",\"type\":\"image\",\"width\":597,\"height\":950,\"sizes\":{\"full\":{\"url\":\"https:\/\/vremeplov.ba\/2025\/wp-content\/uploads\/2016\/01\/Fahrordnung-13.jpg\",\"height\":950,\"width\":597,\"orientation\":\"portrait\"}},\"imageMeta\":{\"aperture\":\"0\",\"credit\":\"Sre\u0107ko Ignjatovi\u0107 Sarajevo BiH\",\"camera\":\"HP Scanjet 2400\",\"caption\":\"\",\"created_timestamp\":\"0\",\"copyright\":\"www.photogalerija.com\",\"focal_length\":\"0\",\"iso\":\"0\",\"shutter_speed\":\"0\",\"title\":\"\",\"orientation\":\"1\",\"keywords\":[\"landesbahnen\",\"Normalspur\",\"K.u.k. Milit\u00e4reisenbahn\",\"red vo\u017enje\",\"fahrordnung\",\"Postz\u00fcge\"]},\"meta\":false,\"postlink\":\"https:\/\/vremeplov.ba\/2025\/2016\/01\/12\/red-voznje-putnickih-i-postanskih-vozova-u-ratu-1914-godine\/fahrordnung-13\/\"},{\"id\":28279,\"title\":\"Fahrordnung-14\",\"url\":\"https:\/\/vremeplov.ba\/2025\/wp-content\/uploads\/2016\/01\/Fahrordnung-14.jpg\",\"link\":\"https:\/\/vremeplov.ba\/2025\/2016\/01\/12\/red-voznje-putnickih-i-postanskih-vozova-u-ratu-1914-godine\/fahrordnung-14\/\",\"alt\":\"\",\"description\":\"\",\"caption\":\"\",\"mime\":\"image\/jpeg\",\"type\":\"image\",\"width\":580,\"height\":950,\"sizes\":{\"full\":{\"url\":\"https:\/\/vremeplov.ba\/2025\/wp-content\/uploads\/2016\/01\/Fahrordnung-14.jpg\",\"height\":950,\"width\":580,\"orientation\":\"portrait\"}},\"imageMeta\":{\"aperture\":\"0\",\"credit\":\"Sre\u0107ko Ignjatovi\u0107 Sarajevo BiH\",\"camera\":\"\",\"caption\":\"\",\"created_timestamp\":\"1451985514\",\"copyright\":\"www.photogalerija.com\",\"focal_length\":\"0\",\"iso\":\"0\",\"shutter_speed\":\"0\",\"title\":\"\",\"orientation\":\"1\",\"keywords\":[\"landesbahnen\",\"Normalspur\",\"K.u.k. Milit\u00e4reisenbahn\",\"red vo\u017enje\",\"fahrordnung\",\"Postz\u00fcge\"]},\"meta\":false,\"postlink\":\"https:\/\/vremeplov.ba\/2025\/2016\/01\/12\/red-voznje-putnickih-i-postanskih-vozova-u-ratu-1914-godine\/fahrordnung-14\/\"},{\"id\":28280,\"title\":\"Fahrordnung-15\",\"url\":\"https:\/\/vremeplov.ba\/2025\/wp-content\/uploads\/2016\/01\/Fahrordnung-15.jpg\",\"link\":\"https:\/\/vremeplov.ba\/2025\/2016\/01\/12\/red-voznje-putnickih-i-postanskih-vozova-u-ratu-1914-godine\/fahrordnung-15\/\",\"alt\":\"\",\"description\":\"\",\"caption\":\"\",\"mime\":\"image\/jpeg\",\"type\":\"image\",\"width\":600,\"height\":950,\"sizes\":{\"full\":{\"url\":\"https:\/\/vremeplov.ba\/2025\/wp-content\/uploads\/2016\/01\/Fahrordnung-15.jpg\",\"height\":950,\"width\":600,\"orientation\":\"portrait\"}},\"imageMeta\":{\"aperture\":\"0\",\"credit\":\"Sre\u0107ko Ignjatovi\u0107 Sarajevo BiH\",\"camera\":\"\",\"caption\":\"\",\"created_timestamp\":\"1451985514\",\"copyright\":\"www.photogalerija.com\",\"focal_length\":\"0\",\"iso\":\"0\",\"shutter_speed\":\"0\",\"title\":\"\",\"orientation\":\"1\",\"keywords\":[\"landesbahnen\",\"Normalspur\",\"K.u.k. Milit\u00e4reisenbahn\",\"red vo\u017enje\",\"fahrordnung\",\"Postz\u00fcge\"]},\"meta\":false,\"postlink\":\"https:\/\/vremeplov.ba\/2025\/2016\/01\/12\/red-voznje-putnickih-i-postanskih-vozova-u-ratu-1914-godine\/fahrordnung-15\/\"},{\"id\":28281,\"title\":\"Fahrordnung-16\",\"url\":\"https:\/\/vremeplov.ba\/2025\/wp-content\/uploads\/2016\/01\/Fahrordnung-16.jpg\",\"link\":\"https:\/\/vremeplov.ba\/2025\/2016\/01\/12\/red-voznje-putnickih-i-postanskih-vozova-u-ratu-1914-godine\/fahrordnung-16\/\",\"alt\":\"\",\"description\":\"\",\"caption\":\"\",\"mime\":\"image\/jpeg\",\"type\":\"image\",\"width\":579,\"height\":950,\"sizes\":{\"full\":{\"url\":\"https:\/\/vremeplov.ba\/2025\/wp-content\/uploads\/2016\/01\/Fahrordnung-16.jpg\",\"height\":950,\"width\":579,\"orientation\":\"portrait\"}},\"imageMeta\":{\"aperture\":\"0\",\"credit\":\"Sre\u0107ko Ignjatovi\u0107 Sarajevo BiH\",\"camera\":\"\",\"caption\":\"\",\"created_timestamp\":\"1451985514\",\"copyright\":\"www.photogalerija.com\",\"focal_length\":\"0\",\"iso\":\"0\",\"shutter_speed\":\"0\",\"title\":\"\",\"orientation\":\"1\",\"keywords\":[\"landesbahnen\",\"Normalspur\",\"K.u.k. Milit\u00e4reisenbahn\",\"red vo\u017enje\",\"fahrordnung\",\"Postz\u00fcge\"]},\"meta\":false,\"postlink\":\"https:\/\/vremeplov.ba\/2025\/2016\/01\/12\/red-voznje-putnickih-i-postanskih-vozova-u-ratu-1914-godine\/fahrordnung-16\/\"},{\"id\":28282,\"title\":\"Fahrordnung-17\",\"url\":\"https:\/\/vremeplov.ba\/2025\/wp-content\/uploads\/2016\/01\/Fahrordnung-17.jpg\",\"link\":\"https:\/\/vremeplov.ba\/2025\/2016\/01\/12\/red-voznje-putnickih-i-postanskih-vozova-u-ratu-1914-godine\/fahrordnung-17\/\",\"alt\":\"\",\"description\":\"\",\"caption\":\"\",\"mime\":\"image\/jpeg\",\"type\":\"image\",\"width\":950,\"height\":576,\"sizes\":{\"full\":{\"url\":\"https:\/\/vremeplov.ba\/2025\/wp-content\/uploads\/2016\/01\/Fahrordnung-17.jpg\",\"height\":576,\"width\":950,\"orientation\":\"landscape\"}},\"imageMeta\":{\"aperture\":\"0\",\"credit\":\"Sre\u0107ko Ignjatovi\u0107 Sarajevo BiH\",\"camera\":\"\",\"caption\":\"\",\"created_timestamp\":\"1451985514\",\"copyright\":\"www.photogalerija.com\",\"focal_length\":\"0\",\"iso\":\"0\",\"shutter_speed\":\"0\",\"title\":\"\",\"orientation\":\"1\",\"keywords\":[\"landesbahnen\",\"Normalspur\",\"K.u.k. Milit\u00e4reisenbahn\",\"red vo\u017enje\",\"fahrordnung\",\"Postz\u00fcge\"]},\"meta\":false,\"postlink\":\"https:\/\/vremeplov.ba\/2025\/2016\/01\/12\/red-voznje-putnickih-i-postanskih-vozova-u-ratu-1914-godine\/fahrordnung-17\/\"},{\"id\":28283,\"title\":\"Fahrordnung-18\",\"url\":\"https:\/\/vremeplov.ba\/2025\/wp-content\/uploads\/2016\/01\/Fahrordnung-18.jpg\",\"link\":\"https:\/\/vremeplov.ba\/2025\/2016\/01\/12\/red-voznje-putnickih-i-postanskih-vozova-u-ratu-1914-godine\/fahrordnung-18\/\",\"alt\":\"\",\"description\":\"\",\"caption\":\"\",\"mime\":\"image\/jpeg\",\"type\":\"image\",\"width\":572,\"height\":950,\"sizes\":{\"full\":{\"url\":\"https:\/\/vremeplov.ba\/2025\/wp-content\/uploads\/2016\/01\/Fahrordnung-18.jpg\",\"height\":950,\"width\":572,\"orientation\":\"portrait\"}},\"imageMeta\":{\"aperture\":\"0\",\"credit\":\"Sre\u0107ko Ignjatovi\u0107 Sarajevo BiH\",\"camera\":\"HP Scanjet 2400\",\"caption\":\"\",\"created_timestamp\":\"0\",\"copyright\":\"www.photogalerija.com\",\"focal_length\":\"0\",\"iso\":\"0\",\"shutter_speed\":\"0\",\"title\":\"\",\"orientation\":\"1\",\"keywords\":[\"landesbahnen\",\"Normalspur\",\"K.u.k. Milit\u00e4reisenbahn\",\"red vo\u017enje\",\"fahrordnung\",\"Postz\u00fcge\"]},\"meta\":false,\"postlink\":\"https:\/\/vremeplov.ba\/2025\/2016\/01\/12\/red-voznje-putnickih-i-postanskih-vozova-u-ratu-1914-godine\/fahrordnung-18\/\"},{\"id\":28284,\"title\":\"Fahrordnung-19\",\"url\":\"https:\/\/vremeplov.ba\/2025\/wp-content\/uploads\/2016\/01\/Fahrordnung-19.jpg\",\"link\":\"https:\/\/vremeplov.ba\/2025\/2016\/01\/12\/red-voznje-putnickih-i-postanskih-vozova-u-ratu-1914-godine\/fahrordnung-19\/\",\"alt\":\"\",\"description\":\"\",\"caption\":\"\",\"mime\":\"image\/jpeg\",\"type\":\"image\",\"width\":597,\"height\":950,\"sizes\":{\"full\":{\"url\":\"https:\/\/vremeplov.ba\/2025\/wp-content\/uploads\/2016\/01\/Fahrordnung-19.jpg\",\"height\":950,\"width\":597,\"orientation\":\"portrait\"}},\"imageMeta\":{\"aperture\":\"0\",\"credit\":\"Sre\u0107ko Ignjatovi\u0107 Sarajevo BiH\",\"camera\":\"HP Scanjet 2400\",\"caption\":\"\",\"created_timestamp\":\"0\",\"copyright\":\"www.photogalerija.com\",\"focal_length\":\"0\",\"iso\":\"0\",\"shutter_speed\":\"0\",\"title\":\"\",\"orientation\":\"1\",\"keywords\":[\"landesbahnen\",\"Normalspur\",\"K.u.k. Milit\u00e4reisenbahn\",\"red vo\u017enje\",\"fahrordnung\",\"Postz\u00fcge\"]},\"meta\":false,\"postlink\":\"https:\/\/vremeplov.ba\/2025\/2016\/01\/12\/red-voznje-putnickih-i-postanskih-vozova-u-ratu-1914-godine\/fahrordnung-19\/\"},{\"id\":28285,\"title\":\"Fahrordnung-20\",\"url\":\"https:\/\/vremeplov.ba\/2025\/wp-content\/uploads\/2016\/01\/Fahrordnung-20.jpg\",\"link\":\"https:\/\/vremeplov.ba\/2025\/2016\/01\/12\/red-voznje-putnickih-i-postanskih-vozova-u-ratu-1914-godine\/fahrordnung-20\/\",\"alt\":\"\",\"description\":\"\",\"caption\":\"\",\"mime\":\"image\/jpeg\",\"type\":\"image\",\"width\":597,\"height\":950,\"sizes\":{\"full\":{\"url\":\"https:\/\/vremeplov.ba\/2025\/wp-content\/uploads\/2016\/01\/Fahrordnung-20.jpg\",\"height\":950,\"width\":597,\"orientation\":\"portrait\"}},\"imageMeta\":{\"aperture\":\"0\",\"credit\":\"Sre\u0107ko Ignjatovi\u0107 Sarajevo BiH\",\"camera\":\"HP Scanjet 2400\",\"caption\":\"\",\"created_timestamp\":\"0\",\"copyright\":\"www.photogalerija.com\",\"focal_length\":\"0\",\"iso\":\"0\",\"shutter_speed\":\"0\",\"title\":\"\",\"orientation\":\"1\",\"keywords\":[\"landesbahnen\",\"Normalspur\",\"K.u.k. Milit\u00e4reisenbahn\",\"red vo\u017enje\",\"fahrordnung\",\"Postz\u00fcge\"]},\"meta\":false,\"postlink\":\"https:\/\/vremeplov.ba\/2025\/2016\/01\/12\/red-voznje-putnickih-i-postanskih-vozova-u-ratu-1914-godine\/fahrordnung-20\/\"}],\"hasCustomCSS\":false,\"customCSS\":\"\",\"otterConditions\":[],\"itemsMetaDataCollection\":[]}<\/script><script>(function(){if(window.PGC_SGB && window.PGC_SGB.searcher){window.PGC_SGB.searcher.initBlocks()}})()<\/script><\/div>","protected":false},"excerpt":{"rendered":"<p>Objavljujemo knji\u017eicu reda vo\u017enje putni\u010dkih i po\u0161tanskih vlakova u ratu, izdanu od strane carsko-kraljevskog suda i dr\u017eavne tiskare iz Be\u010da za 1914. godinu. Originalni naslov: Vo\u017eni red voza u ratu, iz carske i kraljevske dr\u017eavne tiskare, Be\u010d, za godinu 1914. &nbsp; &nbsp; &nbsp; &nbsp; &nbsp; &nbsp; &nbsp; &nbsp; \u00a0\u00a0 Bro\u0161ura voznog reda proslije\u0111ena je Upravi&hellip;&nbsp;<a href=\"https:\/\/vremeplov.ba\/2025\/hr\/2025\/07\/15\/red-voznje-putnickih-i-postanskih-vozova-u-ratu-1914-godine-2\/\" rel=\"bookmark\">Read More &raquo;<span class=\"screen-reader-text\">Red vo\u017enje putni\u010dkih i po\u0161tanskih vozova u ratu 1914.godine<\/span><\/a><\/p>\n","protected":false},"author":1,"featured_media":0,"comment_status":"open","ping_status":"closed","sticky":false,"template":"","format":"standard","meta":{"give_campaign_id":0,"neve_meta_sidebar":"","neve_meta_container":"","neve_meta_enable_content_width":"","neve_meta_content_width":0,"neve_meta_title_alignment":"","neve_meta_author_avatar":"","neve_post_elements_order":"","neve_meta_disable_header":"","neve_meta_disable_footer":"","neve_meta_disable_title":"","ngg_post_thumbnail":0,"pgc_sgb_lightbox_settings":"","_themeisle_gutenberg_block_has_review":false,"footnotes":""},"categories":[199,261],"tags":[],"class_list":["post-35099","post","type-post","status-publish","format-standard","hentry","category-raspored_voznje_vlakova_arhivska_grada","category-zeljeznicko_stivo"],"_links":{"self":[{"href":"https:\/\/vremeplov.ba\/2025\/wp-json\/wp\/v2\/posts\/35099","targetHints":{"allow":["GET"]}}],"collection":[{"href":"https:\/\/vremeplov.ba\/2025\/wp-json\/wp\/v2\/posts"}],"about":[{"href":"https:\/\/vremeplov.ba\/2025\/wp-json\/wp\/v2\/types\/post"}],"author":[{"embeddable":true,"href":"https:\/\/vremeplov.ba\/2025\/wp-json\/wp\/v2\/users\/1"}],"replies":[{"embeddable":true,"href":"https:\/\/vremeplov.ba\/2025\/wp-json\/wp\/v2\/comments?post=35099"}],"version-history":[{"count":1,"href":"https:\/\/vremeplov.ba\/2025\/wp-json\/wp\/v2\/posts\/35099\/revisions"}],"predecessor-version":[{"id":35101,"href":"https:\/\/vremeplov.ba\/2025\/wp-json\/wp\/v2\/posts\/35099\/revisions\/35101"}],"wp:attachment":[{"href":"https:\/\/vremeplov.ba\/2025\/wp-json\/wp\/v2\/media?parent=35099"}],"wp:term":[{"taxonomy":"category","embeddable":true,"href":"https:\/\/vremeplov.ba\/2025\/wp-json\/wp\/v2\/categories?post=35099"},{"taxonomy":"post_tag","embeddable":true,"href":"https:\/\/vremeplov.ba\/2025\/wp-json\/wp\/v2\/tags?post=35099"}],"curies":[{"name":"wp","href":"https:\/\/api.w.org\/{rel}","templated":true}]}}