{"id":36091,"date":"2025-07-18T13:17:29","date_gmt":"2025-07-18T11:17:29","guid":{"rendered":"https:\/\/vremeplov.ba\/2025\/?p=36091"},"modified":"2025-07-18T13:17:35","modified_gmt":"2025-07-18T11:17:35","slug":"analiza-o-opravdanosti-ukidanja-stanice-sarajevo-076m-sijecanj-1968","status":"publish","type":"post","link":"https:\/\/vremeplov.ba\/2025\/hr\/2025\/07\/18\/analiza-o-opravdanosti-ukidanja-stanice-sarajevo-076m-sijecanj-1968\/","title":{"rendered":"Analiza o opravdanosti ukidanja stanice Sarajevo 0,76m, sije\u010danj 1968."},"content":{"rendered":"<div class=\"wp-block-image\">\n<figure class=\"alignleft\"><a href=\"https:\/\/vremeplov.ba\/2025\/wp-content\/uploads\/2015\/06\/11.jpg\"><img decoding=\"async\" src=\"https:\/\/vremeplov.ba\/2025\/wp-content\/uploads\/2015\/06\/11.jpg\" alt=\"1\" class=\"wp-image-7432\"\/><\/a><\/figure>\n<\/div>\n\n\n<p>Cijenjeni posjetitelji portala vremeplov.ba!<\/p>\n\n\n\n<p>Ovom prilikom, isklju\u010divo, putem arhivskog dokumenta dajemo \u201ekona\u010dan\u201c odgovor o opravdanosti ukidanja pruga \u0161irine 0,76 m u gradu Sarajevu, koje su imale uzane stanice Sarajevo, Alipa\u0161in Most i Bistrik. Usvajanje programa o modernizaciji J\u017d, 1964. godine, uklju\u010divalo je i masovno ukidanje uzanih i nerentabilnih pruga na podru\u010dju cijele Jugoslavije. Tada, \u017deljezni\u010dko transportno preduze\u0107e Sarajevo osniva <em>\u201eBiro za studije i analize\u201c<\/em>, \u010diji je osnovni zadatak da analizom \u201estudioznom\u201c pretrese temeljne elemente i pokazatelje nerentabilnosti ovog oblika saobra\u0107aja, \u0161to \u0107e na kraju utjecati na razmatranje (njihovog) prijedloga za kona\u010dno ukidanje uzanog \u017eeljezni\u010dkog kolosijeka u \u010dvori\u0161tu Sarajeva.<\/p>\n\n\n\n<p>Treba se podsjetiti da izgradnjom pruga normalnog kolosijeka \u0160amac \u2013 Sarajevo 1947. i normalizacijom pruge Sarajevo \u2013 Plo\u010de 1966. godine stara \u017eeljezni\u010dka stanica Sarajevo i stanica Alipa\u0161in Most, sa svom postoje\u0107om infrastrukturom, postaju usko grlo povezano s otpremom putnika, ekspresne i dnevne robe. Sve to iz razloga ukidanja uzakih pruga prema pravcima Mostar i Zenica, a kasnije i za Vi\u0161egrad. Tako\u0111er, za niz uzakih industrijskih i manipulativnih kolosijeka predla\u017ee se demonta\u017ea i postavljanje kolosijeka normalnog kolosijeka za potrebe ve\u0107ih \u201eradnih organizacija\u201c koje gravitiraju u blizini \u017eeljezni\u010dkog \u010dvori\u0161ta kao \u0161to su: Energoinvest, RO Vaso Miskin Crni, Tvornica \u017eice i eksera, Paromlin, Fabrika duhana i dr.<\/p>\n\n\n<div class=\"wp-block-image\">\n<figure class=\"alignleft\"><a href=\"https:\/\/vremeplov.ba\/2025\/wp-content\/uploads\/2015\/06\/21.jpg\"><img decoding=\"async\" src=\"https:\/\/vremeplov.ba\/2025\/wp-content\/uploads\/2015\/06\/21.jpg\" alt=\"2\" class=\"wp-image-7433\"\/><\/a><\/figure>\n<\/div>\n\n\n<p>\u010citaju\u0107i tekst iz ura\u0111ene analize pomenutog biroa mo\u017eete primijetiti jednu \u201esvijetlu ta\u010dku\u201c. Naime, konstatovano je da stanica Bistrik posljednjih godina (tj. 1965.\/66. i 67. godine) pokazuje tendenciju porasta u broju otpremljenih putnika te ukupnog utovara i istovara den\u010dane i kolske robe. Fakti\u010dki, stanicu Bistrik ostavljaju u \u017eivotu i predla\u017eu da i dalje bude otvorena za putni\u010dki saobra\u0107aj prema Vi\u0161egradu. Jedini uslov je da se izgrade monta\u017eni objekti za potrebe putnika, prtljaga i ekspresne robe na novom lokalitetu (jer definitivno se ukidaju uzane stanice Sarajevo i Alipa\u0161in Most) i za najpovoljniju varijantu izabrana je lokacija na \u010cengi\u0107 Vili. Isto tako, stanica Bistrik, sa tada\u0161njim robnim magacinom, nije mogla zadovoljiti predvi\u0111ene potrebe u manipulaciji robe, pa se predla\u017ee izgradnja novog monta\u017enog robnog magacina. Kao \u0161to je poznato, stanica Bistrik (izgra\u0111ena i pu\u0161tena u promet 1906.) prestala je sa radom polovinom 1978. godine.<\/p>\n\n\n<div class=\"wp-block-image\">\n<figure class=\"alignleft\"><a href=\"https:\/\/vremeplov.ba\/2025\/wp-content\/uploads\/2015\/06\/3.jpg\"><img decoding=\"async\" src=\"https:\/\/vremeplov.ba\/2025\/wp-content\/uploads\/2015\/06\/3.jpg\" alt=\"3\" class=\"wp-image-7434\"\/><\/a><\/figure>\n<\/div>\n\n\n<p>Ukratko iz povijesti: U\u017ea pruga Sarajevo \u2013 Plo\u010de ukinuta je (etapno) 01.06.1967. godine, Zenica \u2013 Doboj 1. travnja 1968. godine, pruga Sarajevo \u2013 La\u0161va 26. svibnja 1969. godine, La\u0161va \u2013 Zenica 1. lipnja 1975. godine, Gabela \u2013 Dubrovnik 1. lipnja 1976. godine i Sarajevo (\u010cengi\u0107 Vila) \u2013 Vi\u0161egrad 1. tog kolovoza 1978. godine. \u010cinjeni\u010dno danom 1. kolovoza 1978. godine, kada je u stanicu \u010cengi\u0107 Vila pristigao posljednji vlak iz stanice Vi\u0161egrad, smatra se danom, mjesecem i godinom kona\u010dnog ukidanja \u017eeljezni\u010dke u\u017ee pruge u BiH.<\/p>\n\n\n\n<p>Na kraju, kako ne zaboraviti trud na\u0161ih djedova i o\u010deva koji su svojim znojem gradili i postavljali temelje ovih pruga, i svih onih koji su ih odr\u017eavali i slu\u017eili. Kako ne zahvaliti ekipama \u017eeljezni\u010dara mnogih stanica prilikom primanja i otpreme vozova, na \u010delu s \u0161efovima stanica, prodornom zvuku usne zvi\u017edaljke otpravnika vozova, kondukterima s gromkim glasom i povikom \u201eUlaz, molim!\u201c te ma\u0161inovo\u0111ama koje u tom trenutku ispu\u0161taju vi\u0161ak pare iz kotla i jasnim zvukom lokomotivske pi\u0161taljke najavljuju polazak voza. Da, od srca im veliko HVALA.<\/p>\n\n\n\n<p>Po\u0161tovani posjetitelji, srda\u010dno preporu\u010dujemo da pro\u010ditate ponu\u0111eni arhivski dokument kako biste se na kratko vrijeme prisjetili ili (mla\u0111i) ne\u0161to nau\u010dili o \u017eeljezni\u010dkoj povijesti na\u0161e domovine.<\/p>\n\n\n<div class=\"wp-block-image\">\n<figure class=\"alignleft\"><a href=\"https:\/\/vremeplov.ba\/2025\/wp-content\/uploads\/2015\/06\/Analiza-o-opravdanosti-ukidanja-stanice-Sarajevo-076.pdf\" target=\"_blank\" rel=\"noopener\"><img decoding=\"async\" src=\"https:\/\/vremeplov.ba\/2025\/wp-content\/uploads\/2015\/06\/pdficon.jpg\" alt=\"pdficon\" class=\"wp-image-7398\"\/><\/a><\/figure>\n<\/div>\n\n\n<p>Za pregled knji\u017eice klikni na pdf dokument (12MB):<\/p>\n\n\n\n<p>&nbsp;<\/p>\n\n\n\n<p>&nbsp;<\/p>\n\n\n\n<p>U prilogu pogledajte galeriju odabranih fotografija povezanih s \u010dlankom, kao dio bogate galerije &#8220;<a href=\"https:\/\/vremeplov.ba\/2025\/?page_id=2358\">Pruga uzanog kolosijeka<\/a>&#8220;<\/p>\n\n\n<div class=\"pgc-sgb-cb wp-block-pgcsimplygalleryblock-grid \" data-gallery-id=\"8c635582\"><div class=\"sgb-preloader\" id=\"pr_8c635582\">\n\t<div class=\"sgb-square\" style=\"background:#d4d4d4\"><\/div>\n\t<div class=\"sgb-square\" style=\"background:#d4d4d4\"><\/div>\n\t<div class=\"sgb-square\" style=\"background:#d4d4d4\"><\/div>\n\t<div class=\"sgb-square\" style=\"background:#d4d4d4\"><\/div><\/div><div class=\"simply-gallery-amp pgc_sgb_slider \"><noscript><div class=\"sgb-gallery\"><div class=\"sgb-item\"><a href=\"https:\/\/vremeplov.ba\/2025\/2015\/06\/28\/analiza-o-opravdanosti-ukidanja-stanice-sarajevo-076m-januar-1968\/analiza_clanak_images_sarajevo_railway-1\/\" target=\"_blank\"><img decoding=\"async\" alt=\"\" width=\"950\" height=\"642\" loading=\"lazy\" src=\"https:\/\/vremeplov.ba\/2025\/wp-content\/uploads\/2015\/06\/analiza_clanak_images_sarajevo_railway-1.jpg\" srcset=\",https:\/\/vremeplov.ba\/2025\/wp-content\/uploads\/2015\/06\/analiza_clanak_images_sarajevo_railway-1.jpg 950w\" sizes=\"auto, 250px\"\/><\/a><\/div><div class=\"sgb-item\"><a href=\"https:\/\/vremeplov.ba\/2025\/2015\/06\/28\/analiza-o-opravdanosti-ukidanja-stanice-sarajevo-076m-januar-1968\/analiza_clanak_images_sarajevo_railway-2\/\" target=\"_blank\"><img decoding=\"async\" alt=\"\" width=\"950\" height=\"656\" loading=\"lazy\" src=\"https:\/\/vremeplov.ba\/2025\/wp-content\/uploads\/2015\/06\/analiza_clanak_images_sarajevo_railway-2.jpg\" srcset=\",https:\/\/vremeplov.ba\/2025\/wp-content\/uploads\/2015\/06\/analiza_clanak_images_sarajevo_railway-2.jpg 950w\" sizes=\"auto, 250px\"\/><\/a><\/div><div class=\"sgb-item\"><a href=\"https:\/\/vremeplov.ba\/2025\/2015\/06\/28\/analiza-o-opravdanosti-ukidanja-stanice-sarajevo-076m-januar-1968\/analiza_clanak_images_sarajevo_railway-3\/\" target=\"_blank\"><img decoding=\"async\" alt=\"\" width=\"950\" height=\"656\" loading=\"lazy\" src=\"https:\/\/vremeplov.ba\/2025\/wp-content\/uploads\/2015\/06\/analiza_clanak_images_sarajevo_railway-3.jpg\" srcset=\",https:\/\/vremeplov.ba\/2025\/wp-content\/uploads\/2015\/06\/analiza_clanak_images_sarajevo_railway-3.jpg 950w\" sizes=\"auto, 250px\"\/><\/a><\/div><div class=\"sgb-item\"><a href=\"https:\/\/vremeplov.ba\/2025\/2015\/06\/28\/analiza-o-opravdanosti-ukidanja-stanice-sarajevo-076m-januar-1968\/analiza_clanak_images_sarajevo_railway-4\/\" target=\"_blank\"><img decoding=\"async\" alt=\"\" width=\"950\" height=\"598\" loading=\"lazy\" src=\"https:\/\/vremeplov.ba\/2025\/wp-content\/uploads\/2015\/06\/analiza_clanak_images_sarajevo_railway-4.jpg\" srcset=\",https:\/\/vremeplov.ba\/2025\/wp-content\/uploads\/2015\/06\/analiza_clanak_images_sarajevo_railway-4.jpg 950w\" sizes=\"auto, 250px\"\/><\/a><\/div><div class=\"sgb-item\"><a href=\"https:\/\/vremeplov.ba\/2025\/2015\/06\/28\/analiza-o-opravdanosti-ukidanja-stanice-sarajevo-076m-januar-1968\/analiza_clanak_images_sarajevo_railway-5\/\" target=\"_blank\"><img decoding=\"async\" alt=\"\" width=\"950\" height=\"733\" loading=\"lazy\" src=\"https:\/\/vremeplov.ba\/2025\/wp-content\/uploads\/2015\/06\/analiza_clanak_images_sarajevo_railway-5.jpg\" srcset=\",https:\/\/vremeplov.ba\/2025\/wp-content\/uploads\/2015\/06\/analiza_clanak_images_sarajevo_railway-5.jpg 950w\" sizes=\"auto, 250px\"\/><\/a><\/div><div class=\"sgb-item\"><a href=\"https:\/\/vremeplov.ba\/2025\/2015\/06\/28\/analiza-o-opravdanosti-ukidanja-stanice-sarajevo-076m-januar-1968\/analiza_clanak_images_sarajevo_railway-6\/\" target=\"_blank\"><img decoding=\"async\" alt=\"\" width=\"950\" height=\"621\" loading=\"lazy\" src=\"https:\/\/vremeplov.ba\/2025\/wp-content\/uploads\/2015\/06\/analiza_clanak_images_sarajevo_railway-6.jpg\" srcset=\",https:\/\/vremeplov.ba\/2025\/wp-content\/uploads\/2015\/06\/analiza_clanak_images_sarajevo_railway-6.jpg 950w\" sizes=\"auto, 250px\"\/><\/a><\/div><div class=\"sgb-item\"><a href=\"https:\/\/vremeplov.ba\/2025\/2015\/06\/28\/analiza-o-opravdanosti-ukidanja-stanice-sarajevo-076m-januar-1968\/analiza_clanak_images_sarajevo_railway-7\/\" target=\"_blank\"><img decoding=\"async\" alt=\"\" width=\"950\" height=\"695\" loading=\"lazy\" src=\"https:\/\/vremeplov.ba\/2025\/wp-content\/uploads\/2015\/06\/analiza_clanak_images_sarajevo_railway-7.jpg\" srcset=\",https:\/\/vremeplov.ba\/2025\/wp-content\/uploads\/2015\/06\/analiza_clanak_images_sarajevo_railway-7.jpg 950w\" sizes=\"auto, 250px\"\/><\/a><\/div><div class=\"sgb-item\"><a href=\"https:\/\/vremeplov.ba\/2025\/2015\/06\/28\/analiza-o-opravdanosti-ukidanja-stanice-sarajevo-076m-januar-1968\/analiza_clanak_images_sarajevo_railway-8\/\" target=\"_blank\"><img decoding=\"async\" alt=\"\" width=\"929\" height=\"950\" loading=\"lazy\" src=\"https:\/\/vremeplov.ba\/2025\/wp-content\/uploads\/2015\/06\/analiza_clanak_images_sarajevo_railway-8.jpg\" srcset=\",https:\/\/vremeplov.ba\/2025\/wp-content\/uploads\/2015\/06\/analiza_clanak_images_sarajevo_railway-8.jpg 929w\" sizes=\"auto, 250px\"\/><\/a><\/div><div class=\"sgb-item\"><a href=\"https:\/\/vremeplov.ba\/2025\/2015\/06\/28\/analiza-o-opravdanosti-ukidanja-stanice-sarajevo-076m-januar-1968\/analiza_clanak_images_sarajevo_railway-9\/\" target=\"_blank\"><img decoding=\"async\" alt=\"\" width=\"950\" height=\"616\" loading=\"lazy\" src=\"https:\/\/vremeplov.ba\/2025\/wp-content\/uploads\/2015\/06\/analiza_clanak_images_sarajevo_railway-9.jpg\" srcset=\",https:\/\/vremeplov.ba\/2025\/wp-content\/uploads\/2015\/06\/analiza_clanak_images_sarajevo_railway-9.jpg 950w\" sizes=\"auto, 250px\"\/><\/a><\/div><div class=\"sgb-item\"><a href=\"https:\/\/vremeplov.ba\/2025\/2015\/06\/28\/analiza-o-opravdanosti-ukidanja-stanice-sarajevo-076m-januar-1968\/analiza_clanak_images_sarajevo_railway-10\/\" target=\"_blank\"><img decoding=\"async\" alt=\"\" width=\"950\" height=\"662\" loading=\"lazy\" src=\"https:\/\/vremeplov.ba\/2025\/wp-content\/uploads\/2015\/06\/analiza_clanak_images_sarajevo_railway-10.jpg\" srcset=\",https:\/\/vremeplov.ba\/2025\/wp-content\/uploads\/2015\/06\/analiza_clanak_images_sarajevo_railway-10.jpg 950w\" sizes=\"auto, 250px\"\/><\/a><\/div><div class=\"sgb-item\"><a href=\"https:\/\/vremeplov.ba\/2025\/2015\/06\/28\/analiza-o-opravdanosti-ukidanja-stanice-sarajevo-076m-januar-1968\/analiza_clanak_images_sarajevo_railway-11\/\" target=\"_blank\"><img decoding=\"async\" alt=\"\" width=\"950\" height=\"621\" loading=\"lazy\" src=\"https:\/\/vremeplov.ba\/2025\/wp-content\/uploads\/2015\/06\/analiza_clanak_images_sarajevo_railway-11.jpg\" srcset=\",https:\/\/vremeplov.ba\/2025\/wp-content\/uploads\/2015\/06\/analiza_clanak_images_sarajevo_railway-11.jpg 950w\" sizes=\"auto, 250px\"\/><\/a><\/div><div class=\"sgb-item\"><a href=\"https:\/\/vremeplov.ba\/2025\/2015\/06\/28\/analiza-o-opravdanosti-ukidanja-stanice-sarajevo-076m-januar-1968\/analiza_clanak_images_sarajevo_railway-12\/\" target=\"_blank\"><img decoding=\"async\" alt=\"\" width=\"950\" height=\"622\" loading=\"lazy\" src=\"https:\/\/vremeplov.ba\/2025\/wp-content\/uploads\/2015\/06\/analiza_clanak_images_sarajevo_railway-12.jpg\" srcset=\",https:\/\/vremeplov.ba\/2025\/wp-content\/uploads\/2015\/06\/analiza_clanak_images_sarajevo_railway-12.jpg 950w\" sizes=\"auto, 250px\"\/><\/a><\/div><div class=\"sgb-item\"><a href=\"https:\/\/vremeplov.ba\/2025\/2015\/06\/28\/analiza-o-opravdanosti-ukidanja-stanice-sarajevo-076m-januar-1968\/analiza_clanak_images_sarajevo_railway-13\/\" target=\"_blank\"><img decoding=\"async\" alt=\"\" width=\"950\" height=\"627\" loading=\"lazy\" src=\"https:\/\/vremeplov.ba\/2025\/wp-content\/uploads\/2015\/06\/analiza_clanak_images_sarajevo_railway-13.jpg\" srcset=\",https:\/\/vremeplov.ba\/2025\/wp-content\/uploads\/2015\/06\/analiza_clanak_images_sarajevo_railway-13.jpg 950w\" sizes=\"auto, 250px\"\/><\/a><\/div><div class=\"sgb-item\"><a href=\"https:\/\/vremeplov.ba\/2025\/2015\/06\/28\/analiza-o-opravdanosti-ukidanja-stanice-sarajevo-076m-januar-1968\/analiza_clanak_images_sarajevo_railway-14\/\" target=\"_blank\"><img decoding=\"async\" alt=\"\" width=\"950\" height=\"610\" loading=\"lazy\" src=\"https:\/\/vremeplov.ba\/2025\/wp-content\/uploads\/2015\/06\/analiza_clanak_images_sarajevo_railway-14.jpg\" srcset=\",https:\/\/vremeplov.ba\/2025\/wp-content\/uploads\/2015\/06\/analiza_clanak_images_sarajevo_railway-14.jpg 950w\" sizes=\"auto, 250px\"\/><\/a><\/div><div class=\"sgb-item\"><a href=\"https:\/\/vremeplov.ba\/2025\/2015\/06\/28\/analiza-o-opravdanosti-ukidanja-stanice-sarajevo-076m-januar-1968\/analiza_clanak_images_sarajevo_railway-15\/\" target=\"_blank\"><img decoding=\"async\" alt=\"\" width=\"950\" height=\"592\" loading=\"lazy\" src=\"https:\/\/vremeplov.ba\/2025\/wp-content\/uploads\/2015\/06\/analiza_clanak_images_sarajevo_railway-15.jpg\" srcset=\",https:\/\/vremeplov.ba\/2025\/wp-content\/uploads\/2015\/06\/analiza_clanak_images_sarajevo_railway-15.jpg 950w\" sizes=\"auto, 250px\"\/><\/a><\/div><div class=\"sgb-item\"><a href=\"https:\/\/vremeplov.ba\/2025\/2015\/06\/28\/analiza-o-opravdanosti-ukidanja-stanice-sarajevo-076m-januar-1968\/analiza_clanak_images_sarajevo_railway-16\/\" target=\"_blank\"><img decoding=\"async\" alt=\"\" width=\"950\" height=\"627\" loading=\"lazy\" src=\"https:\/\/vremeplov.ba\/2025\/wp-content\/uploads\/2015\/06\/analiza_clanak_images_sarajevo_railway-16.jpg\" srcset=\",https:\/\/vremeplov.ba\/2025\/wp-content\/uploads\/2015\/06\/analiza_clanak_images_sarajevo_railway-16.jpg 950w\" sizes=\"auto, 250px\"\/><\/a><\/div><div class=\"sgb-item\"><a href=\"https:\/\/vremeplov.ba\/2025\/2015\/06\/28\/analiza-o-opravdanosti-ukidanja-stanice-sarajevo-076m-januar-1968\/analiza_clanak_images_sarajevo_railway-17\/\" target=\"_blank\"><img decoding=\"async\" alt=\"\" width=\"950\" height=\"633\" loading=\"lazy\" src=\"https:\/\/vremeplov.ba\/2025\/wp-content\/uploads\/2015\/06\/analiza_clanak_images_sarajevo_railway-17.jpg\" srcset=\",https:\/\/vremeplov.ba\/2025\/wp-content\/uploads\/2015\/06\/analiza_clanak_images_sarajevo_railway-17.jpg 950w\" sizes=\"auto, 250px\"\/><\/a><\/div><div class=\"sgb-item\"><a href=\"https:\/\/vremeplov.ba\/2025\/2015\/06\/28\/analiza-o-opravdanosti-ukidanja-stanice-sarajevo-076m-januar-1968\/analiza_clanak_images_sarajevo_railway-18\/\" target=\"_blank\"><img decoding=\"async\" alt=\"\" width=\"632\" height=\"950\" loading=\"lazy\" src=\"https:\/\/vremeplov.ba\/2025\/wp-content\/uploads\/2015\/06\/analiza_clanak_images_sarajevo_railway-18.jpg\" srcset=\",https:\/\/vremeplov.ba\/2025\/wp-content\/uploads\/2015\/06\/analiza_clanak_images_sarajevo_railway-18.jpg 632w\" sizes=\"auto, 250px\"\/><\/a><\/div><div class=\"sgb-item\"><a href=\"https:\/\/vremeplov.ba\/2025\/2015\/06\/28\/analiza-o-opravdanosti-ukidanja-stanice-sarajevo-076m-januar-1968\/analiza_clanak_images_sarajevo_railway-19\/\" target=\"_blank\"><img decoding=\"async\" alt=\"\" width=\"950\" height=\"676\" loading=\"lazy\" src=\"https:\/\/vremeplov.ba\/2025\/wp-content\/uploads\/2015\/06\/analiza_clanak_images_sarajevo_railway-19.jpg\" srcset=\",https:\/\/vremeplov.ba\/2025\/wp-content\/uploads\/2015\/06\/analiza_clanak_images_sarajevo_railway-19.jpg 950w\" sizes=\"auto, 250px\"\/><\/a><\/div><div class=\"sgb-item\"><a href=\"https:\/\/vremeplov.ba\/2025\/2015\/06\/28\/analiza-o-opravdanosti-ukidanja-stanice-sarajevo-076m-januar-1968\/analiza_clanak_images_sarajevo_railway-20\/\" target=\"_blank\"><img decoding=\"async\" alt=\"\" width=\"950\" height=\"679\" loading=\"lazy\" src=\"https:\/\/vremeplov.ba\/2025\/wp-content\/uploads\/2015\/06\/analiza_clanak_images_sarajevo_railway-20.jpg\" srcset=\",https:\/\/vremeplov.ba\/2025\/wp-content\/uploads\/2015\/06\/analiza_clanak_images_sarajevo_railway-20.jpg 950w\" sizes=\"auto, 250px\"\/><\/a><\/div><div class=\"sgb-item\"><a href=\"https:\/\/vremeplov.ba\/2025\/2015\/06\/28\/analiza-o-opravdanosti-ukidanja-stanice-sarajevo-076m-januar-1968\/analiza_clanak_images_sarajevo_railway-21\/\" target=\"_blank\"><img decoding=\"async\" alt=\"\" width=\"950\" height=\"646\" loading=\"lazy\" src=\"https:\/\/vremeplov.ba\/2025\/wp-content\/uploads\/2015\/06\/analiza_clanak_images_sarajevo_railway-21.jpg\" srcset=\",https:\/\/vremeplov.ba\/2025\/wp-content\/uploads\/2015\/06\/analiza_clanak_images_sarajevo_railway-21.jpg 950w\" sizes=\"auto, 250px\"\/><\/a><\/div><div class=\"sgb-item\"><a href=\"https:\/\/vremeplov.ba\/2025\/2015\/06\/28\/analiza-o-opravdanosti-ukidanja-stanice-sarajevo-076m-januar-1968\/analiza_clanak_images_sarajevo_railway-22\/\" target=\"_blank\"><img decoding=\"async\" alt=\"\" width=\"950\" height=\"669\" loading=\"lazy\" src=\"https:\/\/vremeplov.ba\/2025\/wp-content\/uploads\/2015\/06\/analiza_clanak_images_sarajevo_railway-22.jpg\" srcset=\",https:\/\/vremeplov.ba\/2025\/wp-content\/uploads\/2015\/06\/analiza_clanak_images_sarajevo_railway-22.jpg 950w\" sizes=\"auto, 250px\"\/><\/a><\/div><div class=\"sgb-item\"><a href=\"https:\/\/vremeplov.ba\/2025\/2015\/06\/28\/analiza-o-opravdanosti-ukidanja-stanice-sarajevo-076m-januar-1968\/analiza_clanak_images_sarajevo_railway-23\/\" target=\"_blank\"><img decoding=\"async\" alt=\"\" width=\"950\" height=\"644\" loading=\"lazy\" src=\"https:\/\/vremeplov.ba\/2025\/wp-content\/uploads\/2015\/06\/analiza_clanak_images_sarajevo_railway-23.jpg\" srcset=\",https:\/\/vremeplov.ba\/2025\/wp-content\/uploads\/2015\/06\/analiza_clanak_images_sarajevo_railway-23.jpg 950w\" sizes=\"auto, 250px\"\/><\/a><\/div><div class=\"sgb-item\"><a href=\"https:\/\/vremeplov.ba\/2025\/2015\/06\/28\/analiza-o-opravdanosti-ukidanja-stanice-sarajevo-076m-januar-1968\/analiza_clanak_images_sarajevo_railway-24\/\" target=\"_blank\"><img decoding=\"async\" alt=\"\" width=\"950\" height=\"668\" loading=\"lazy\" src=\"https:\/\/vremeplov.ba\/2025\/wp-content\/uploads\/2015\/06\/analiza_clanak_images_sarajevo_railway-24.jpg\" srcset=\",https:\/\/vremeplov.ba\/2025\/wp-content\/uploads\/2015\/06\/analiza_clanak_images_sarajevo_railway-24.jpg 950w\" sizes=\"auto, 250px\"\/><\/a><\/div><div class=\"sgb-item\"><a href=\"https:\/\/vremeplov.ba\/2025\/2015\/06\/28\/analiza-o-opravdanosti-ukidanja-stanice-sarajevo-076m-januar-1968\/analiza_clanak_images_sarajevo_railway-25\/\" target=\"_blank\"><img decoding=\"async\" alt=\"\" width=\"950\" height=\"615\" loading=\"lazy\" src=\"https:\/\/vremeplov.ba\/2025\/wp-content\/uploads\/2015\/06\/analiza_clanak_images_sarajevo_railway-25.jpg\" srcset=\",https:\/\/vremeplov.ba\/2025\/wp-content\/uploads\/2015\/06\/analiza_clanak_images_sarajevo_railway-25.jpg 950w\" sizes=\"auto, 250px\"\/><\/a><\/div><div class=\"sgb-item\"><a href=\"https:\/\/vremeplov.ba\/2025\/2015\/06\/28\/analiza-o-opravdanosti-ukidanja-stanice-sarajevo-076m-januar-1968\/analiza_clanak_images_sarajevo_railway-26\/\" target=\"_blank\"><img decoding=\"async\" alt=\"\" width=\"950\" height=\"695\" loading=\"lazy\" src=\"https:\/\/vremeplov.ba\/2025\/wp-content\/uploads\/2015\/06\/analiza_clanak_images_sarajevo_railway-26.jpg\" srcset=\",https:\/\/vremeplov.ba\/2025\/wp-content\/uploads\/2015\/06\/analiza_clanak_images_sarajevo_railway-26.jpg 950w\" sizes=\"auto, 250px\"\/><\/a><\/div><div class=\"sgb-item\"><a href=\"https:\/\/vremeplov.ba\/2025\/2015\/06\/28\/analiza-o-opravdanosti-ukidanja-stanice-sarajevo-076m-januar-1968\/analiza_clanak_images_sarajevo_railway-27\/\" target=\"_blank\"><img decoding=\"async\" alt=\"\" width=\"950\" height=\"624\" loading=\"lazy\" src=\"https:\/\/vremeplov.ba\/2025\/wp-content\/uploads\/2015\/06\/analiza_clanak_images_sarajevo_railway-27.jpg\" srcset=\",https:\/\/vremeplov.ba\/2025\/wp-content\/uploads\/2015\/06\/analiza_clanak_images_sarajevo_railway-27.jpg 950w\" sizes=\"auto, 250px\"\/><\/a><\/div><div class=\"sgb-item\"><a href=\"https:\/\/vremeplov.ba\/2025\/2015\/06\/28\/analiza-o-opravdanosti-ukidanja-stanice-sarajevo-076m-januar-1968\/analiza_clanak_images_sarajevo_railway-28\/\" target=\"_blank\"><img decoding=\"async\" alt=\"\" width=\"950\" height=\"661\" loading=\"lazy\" src=\"https:\/\/vremeplov.ba\/2025\/wp-content\/uploads\/2015\/06\/analiza_clanak_images_sarajevo_railway-28.jpg\" srcset=\",https:\/\/vremeplov.ba\/2025\/wp-content\/uploads\/2015\/06\/analiza_clanak_images_sarajevo_railway-28.jpg 950w\" sizes=\"auto, 250px\"\/><\/a><\/div><div class=\"sgb-item\"><a href=\"https:\/\/vremeplov.ba\/2025\/2015\/06\/28\/analiza-o-opravdanosti-ukidanja-stanice-sarajevo-076m-januar-1968\/analiza_clanak_images_sarajevo_railway-29\/\" target=\"_blank\"><img decoding=\"async\" alt=\"\" width=\"950\" height=\"686\" loading=\"lazy\" src=\"https:\/\/vremeplov.ba\/2025\/wp-content\/uploads\/2015\/06\/analiza_clanak_images_sarajevo_railway-29.jpg\" srcset=\",https:\/\/vremeplov.ba\/2025\/wp-content\/uploads\/2015\/06\/analiza_clanak_images_sarajevo_railway-29.jpg 950w\" sizes=\"auto, 250px\"\/><\/a><\/div><div class=\"sgb-item\"><a href=\"https:\/\/vremeplov.ba\/2025\/2015\/06\/28\/analiza-o-opravdanosti-ukidanja-stanice-sarajevo-076m-januar-1968\/analiza_clanak_images_sarajevo_railway-30\/\" target=\"_blank\"><img decoding=\"async\" alt=\"\" width=\"950\" height=\"684\" loading=\"lazy\" src=\"https:\/\/vremeplov.ba\/2025\/wp-content\/uploads\/2015\/06\/analiza_clanak_images_sarajevo_railway-30.jpg\" srcset=\",https:\/\/vremeplov.ba\/2025\/wp-content\/uploads\/2015\/06\/analiza_clanak_images_sarajevo_railway-30.jpg 950w\" sizes=\"auto, 250px\"\/><\/a><\/div><div class=\"sgb-item\"><a href=\"https:\/\/vremeplov.ba\/2025\/2015\/06\/28\/analiza-o-opravdanosti-ukidanja-stanice-sarajevo-076m-januar-1968\/analiza_clanak_images_sarajevo_railway-31\/\" target=\"_blank\"><img decoding=\"async\" alt=\"\" width=\"950\" height=\"650\" loading=\"lazy\" src=\"https:\/\/vremeplov.ba\/2025\/wp-content\/uploads\/2015\/06\/analiza_clanak_images_sarajevo_railway-31.jpg\" srcset=\",https:\/\/vremeplov.ba\/2025\/wp-content\/uploads\/2015\/06\/analiza_clanak_images_sarajevo_railway-31.jpg 950w\" sizes=\"auto, 250px\"\/><\/a><\/div><div class=\"sgb-item\"><a href=\"https:\/\/vremeplov.ba\/2025\/2015\/06\/28\/analiza-o-opravdanosti-ukidanja-stanice-sarajevo-076m-januar-1968\/analiza_clanak_images_sarajevo_railway-32\/\" target=\"_blank\"><img decoding=\"async\" alt=\"\" width=\"950\" height=\"596\" loading=\"lazy\" src=\"https:\/\/vremeplov.ba\/2025\/wp-content\/uploads\/2015\/06\/analiza_clanak_images_sarajevo_railway-32.jpg\" srcset=\",https:\/\/vremeplov.ba\/2025\/wp-content\/uploads\/2015\/06\/analiza_clanak_images_sarajevo_railway-32.jpg 950w\" sizes=\"auto, 250px\"\/><\/a><\/div><div class=\"sgb-item\"><a href=\"https:\/\/vremeplov.ba\/2025\/2015\/06\/28\/analiza-o-opravdanosti-ukidanja-stanice-sarajevo-076m-januar-1968\/analiza_clanak_images_sarajevo_railway-33\/\" target=\"_blank\"><img decoding=\"async\" alt=\"\" width=\"950\" height=\"606\" loading=\"lazy\" src=\"https:\/\/vremeplov.ba\/2025\/wp-content\/uploads\/2015\/06\/analiza_clanak_images_sarajevo_railway-33.jpg\" srcset=\",https:\/\/vremeplov.ba\/2025\/wp-content\/uploads\/2015\/06\/analiza_clanak_images_sarajevo_railway-33.jpg 950w\" sizes=\"auto, 250px\"\/><\/a><\/div><div class=\"sgb-item\"><a href=\"https:\/\/vremeplov.ba\/2025\/2015\/06\/28\/analiza-o-opravdanosti-ukidanja-stanice-sarajevo-076m-januar-1968\/analiza_clanak_images_sarajevo_railway-34\/\" target=\"_blank\"><img decoding=\"async\" alt=\"\" width=\"950\" height=\"578\" loading=\"lazy\" src=\"https:\/\/vremeplov.ba\/2025\/wp-content\/uploads\/2015\/06\/analiza_clanak_images_sarajevo_railway-34.jpg\" srcset=\",https:\/\/vremeplov.ba\/2025\/wp-content\/uploads\/2015\/06\/analiza_clanak_images_sarajevo_railway-34.jpg 950w\" sizes=\"auto, 250px\"\/><\/a><\/div><div class=\"sgb-item\"><a href=\"https:\/\/vremeplov.ba\/2025\/2015\/06\/28\/analiza-o-opravdanosti-ukidanja-stanice-sarajevo-076m-januar-1968\/analiza_clanak_images_sarajevo_railway-35\/\" target=\"_blank\"><img decoding=\"async\" alt=\"\" width=\"950\" height=\"685\" loading=\"lazy\" src=\"https:\/\/vremeplov.ba\/2025\/wp-content\/uploads\/2015\/06\/analiza_clanak_images_sarajevo_railway-35.jpg\" srcset=\",https:\/\/vremeplov.ba\/2025\/wp-content\/uploads\/2015\/06\/analiza_clanak_images_sarajevo_railway-35.jpg 950w\" sizes=\"auto, 250px\"\/><\/a><\/div><div class=\"sgb-item\"><a href=\"https:\/\/vremeplov.ba\/2025\/2015\/06\/28\/analiza-o-opravdanosti-ukidanja-stanice-sarajevo-076m-januar-1968\/analiza_clanak_images_sarajevo_railway-36\/\" target=\"_blank\"><img decoding=\"async\" alt=\"\" width=\"950\" height=\"622\" loading=\"lazy\" src=\"https:\/\/vremeplov.ba\/2025\/wp-content\/uploads\/2015\/06\/analiza_clanak_images_sarajevo_railway-36.jpg\" srcset=\",https:\/\/vremeplov.ba\/2025\/wp-content\/uploads\/2015\/06\/analiza_clanak_images_sarajevo_railway-36.jpg 950w\" sizes=\"auto, 250px\"\/><\/a><\/div><div class=\"sgb-item\"><a href=\"https:\/\/vremeplov.ba\/2025\/2015\/06\/28\/analiza-o-opravdanosti-ukidanja-stanice-sarajevo-076m-januar-1968\/analiza_clanak_images_sarajevo_railway-37\/\" target=\"_blank\"><img decoding=\"async\" alt=\"\" width=\"950\" height=\"693\" loading=\"lazy\" src=\"https:\/\/vremeplov.ba\/2025\/wp-content\/uploads\/2015\/06\/analiza_clanak_images_sarajevo_railway-37.jpg\" srcset=\",https:\/\/vremeplov.ba\/2025\/wp-content\/uploads\/2015\/06\/analiza_clanak_images_sarajevo_railway-37.jpg 950w\" sizes=\"auto, 250px\"\/><\/a><\/div><div class=\"sgb-item\"><a href=\"https:\/\/vremeplov.ba\/2025\/2015\/06\/28\/analiza-o-opravdanosti-ukidanja-stanice-sarajevo-076m-januar-1968\/analiza_clanak_images_sarajevo_railway-38\/\" target=\"_blank\"><img decoding=\"async\" alt=\"\" width=\"950\" height=\"617\" loading=\"lazy\" src=\"https:\/\/vremeplov.ba\/2025\/wp-content\/uploads\/2015\/06\/analiza_clanak_images_sarajevo_railway-38.jpg\" srcset=\",https:\/\/vremeplov.ba\/2025\/wp-content\/uploads\/2015\/06\/analiza_clanak_images_sarajevo_railway-38.jpg 950w\" sizes=\"auto, 250px\"\/><\/a><\/div><div class=\"sgb-item\"><a href=\"https:\/\/vremeplov.ba\/2025\/2015\/06\/28\/analiza-o-opravdanosti-ukidanja-stanice-sarajevo-076m-januar-1968\/analiza_clanak_images_sarajevo_railway-39\/\" target=\"_blank\"><img decoding=\"async\" alt=\"\" width=\"950\" height=\"725\" loading=\"lazy\" src=\"https:\/\/vremeplov.ba\/2025\/wp-content\/uploads\/2015\/06\/analiza_clanak_images_sarajevo_railway-39.jpg\" srcset=\",https:\/\/vremeplov.ba\/2025\/wp-content\/uploads\/2015\/06\/analiza_clanak_images_sarajevo_railway-39.jpg 950w\" sizes=\"auto, 250px\"\/><\/a><\/div><div class=\"sgb-item\"><a href=\"https:\/\/vremeplov.ba\/2025\/2015\/06\/28\/analiza-o-opravdanosti-ukidanja-stanice-sarajevo-076m-januar-1968\/analiza_clanak_images_sarajevo_railway-40\/\" target=\"_blank\"><img decoding=\"async\" alt=\"\" width=\"950\" height=\"723\" loading=\"lazy\" src=\"https:\/\/vremeplov.ba\/2025\/wp-content\/uploads\/2015\/06\/analiza_clanak_images_sarajevo_railway-40.jpg\" srcset=\",https:\/\/vremeplov.ba\/2025\/wp-content\/uploads\/2015\/06\/analiza_clanak_images_sarajevo_railway-40.jpg 950w\" sizes=\"auto, 250px\"\/><\/a><\/div><div class=\"sgb-item\"><a href=\"https:\/\/vremeplov.ba\/2025\/2015\/06\/28\/analiza-o-opravdanosti-ukidanja-stanice-sarajevo-076m-januar-1968\/der-alte-bahnhof-sarajevo-innen-2\/\" target=\"_blank\"><img decoding=\"async\" alt=\"\" width=\"950\" height=\"650\" loading=\"lazy\" src=\"https:\/\/vremeplov.ba\/2025\/wp-content\/uploads\/2015\/06\/Der-alte-Bahnhof-Sarajevo-Innen.jpg\" srcset=\",https:\/\/vremeplov.ba\/2025\/wp-content\/uploads\/2015\/06\/Der-alte-Bahnhof-Sarajevo-Innen.jpg 950w\" sizes=\"auto, 250px\"\/><\/a><\/div><div class=\"sgb-item\"><a href=\"https:\/\/vremeplov.ba\/2025\/2015\/06\/28\/analiza-o-opravdanosti-ukidanja-stanice-sarajevo-076m-januar-1968\/nadvoznjak_lozionicka_sarajevo-2\/\" target=\"_blank\"><img decoding=\"async\" alt=\"\" width=\"950\" height=\"673\" loading=\"lazy\" src=\"https:\/\/vremeplov.ba\/2025\/wp-content\/uploads\/2015\/06\/Nadvoznjak_lozionicka_sarajevo.jpg\" srcset=\",https:\/\/vremeplov.ba\/2025\/wp-content\/uploads\/2015\/06\/Nadvoznjak_lozionicka_sarajevo.jpg 950w\" sizes=\"auto, 250px\"\/><\/a><\/div><div class=\"sgb-item\"><a href=\"https:\/\/vremeplov.ba\/2025\/2015\/06\/28\/analiza-o-opravdanosti-ukidanja-stanice-sarajevo-076m-januar-1968\/old-station-sarajevo-2\/\" target=\"_blank\"><img decoding=\"async\" alt=\"\" width=\"950\" height=\"646\" loading=\"lazy\" src=\"https:\/\/vremeplov.ba\/2025\/wp-content\/uploads\/2015\/06\/Old-Station-Sarajevo.jpg\" srcset=\",https:\/\/vremeplov.ba\/2025\/wp-content\/uploads\/2015\/06\/Old-Station-Sarajevo.jpg 950w\" sizes=\"auto, 250px\"\/><\/a><\/div><div class=\"sgb-item\"><a href=\"https:\/\/vremeplov.ba\/2025\/2015\/06\/28\/analiza-o-opravdanosti-ukidanja-stanice-sarajevo-076m-januar-1968\/old-station-sarajevo_lok_83-2\/\" target=\"_blank\"><img decoding=\"async\" alt=\"\" width=\"950\" height=\"653\" loading=\"lazy\" src=\"https:\/\/vremeplov.ba\/2025\/wp-content\/uploads\/2015\/06\/Old-Station-Sarajevo_lok_83.jpg\" srcset=\",https:\/\/vremeplov.ba\/2025\/wp-content\/uploads\/2015\/06\/Old-Station-Sarajevo_lok_83.jpg 950w\" sizes=\"auto, 250px\"\/><\/a><\/div><div class=\"sgb-item\"><a href=\"https:\/\/vremeplov.ba\/2025\/2015\/06\/28\/analiza-o-opravdanosti-ukidanja-stanice-sarajevo-076m-januar-1968\/old-station-sarajevo_platforms-2\/\" target=\"_blank\"><img decoding=\"async\" alt=\"\" width=\"950\" height=\"653\" loading=\"lazy\" src=\"https:\/\/vremeplov.ba\/2025\/wp-content\/uploads\/2015\/06\/Old-Station-Sarajevo_platforms.jpg\" srcset=\",https:\/\/vremeplov.ba\/2025\/wp-content\/uploads\/2015\/06\/Old-Station-Sarajevo_platforms.jpg 950w\" sizes=\"auto, 250px\"\/><\/a><\/div><div class=\"sgb-item\"><a href=\"https:\/\/vremeplov.ba\/2025\/2015\/06\/28\/analiza-o-opravdanosti-ukidanja-stanice-sarajevo-076m-januar-1968\/sarajevo_760_mm_stanica-2-2\/\" target=\"_blank\"><img decoding=\"async\" alt=\"\" width=\"950\" height=\"686\" loading=\"lazy\" src=\"https:\/\/vremeplov.ba\/2025\/wp-content\/uploads\/2015\/06\/Sarajevo_760_mm_stanica-2.jpg\" srcset=\",https:\/\/vremeplov.ba\/2025\/wp-content\/uploads\/2015\/06\/Sarajevo_760_mm_stanica-2.jpg 950w\" sizes=\"auto, 250px\"\/><\/a><\/div><div class=\"sgb-item\"><a href=\"https:\/\/vremeplov.ba\/2025\/2015\/06\/28\/analiza-o-opravdanosti-ukidanja-stanice-sarajevo-076m-januar-1968\/sarajevo_760_mm_stanica-3-2\/\" target=\"_blank\"><img decoding=\"async\" alt=\"\" width=\"950\" height=\"693\" loading=\"lazy\" src=\"https:\/\/vremeplov.ba\/2025\/wp-content\/uploads\/2015\/06\/Sarajevo_760_mm_stanica-3.jpg\" srcset=\",https:\/\/vremeplov.ba\/2025\/wp-content\/uploads\/2015\/06\/Sarajevo_760_mm_stanica-3.jpg 950w\" sizes=\"auto, 250px\"\/><\/a><\/div><div class=\"sgb-item\"><a href=\"https:\/\/vremeplov.ba\/2025\/2015\/06\/28\/analiza-o-opravdanosti-ukidanja-stanice-sarajevo-076m-januar-1968\/sarajevo_760_mm_stanica-4-2\/\" target=\"_blank\"><img decoding=\"async\" alt=\"\" width=\"950\" height=\"798\" loading=\"lazy\" src=\"https:\/\/vremeplov.ba\/2025\/wp-content\/uploads\/2015\/06\/Sarajevo_760_mm_stanica-4.jpg\" srcset=\",https:\/\/vremeplov.ba\/2025\/wp-content\/uploads\/2015\/06\/Sarajevo_760_mm_stanica-4.jpg 950w\" sizes=\"auto, 250px\"\/><\/a><\/div><div class=\"sgb-item\"><a href=\"https:\/\/vremeplov.ba\/2025\/2015\/06\/28\/analiza-o-opravdanosti-ukidanja-stanice-sarajevo-076m-januar-1968\/sarajevo_760_mm_stanica-5-2\/\" target=\"_blank\"><img decoding=\"async\" alt=\"\" width=\"950\" height=\"627\" loading=\"lazy\" src=\"https:\/\/vremeplov.ba\/2025\/wp-content\/uploads\/2015\/06\/Sarajevo_760_mm_stanica-5.jpg\" srcset=\",https:\/\/vremeplov.ba\/2025\/wp-content\/uploads\/2015\/06\/Sarajevo_760_mm_stanica-5.jpg 950w\" sizes=\"auto, 250px\"\/><\/a><\/div><div class=\"sgb-item\"><a href=\"https:\/\/vremeplov.ba\/2025\/2015\/06\/28\/analiza-o-opravdanosti-ukidanja-stanice-sarajevo-076m-januar-1968\/sarajevo_lok_5565-2\/\" target=\"_blank\"><img decoding=\"async\" alt=\"\" width=\"950\" height=\"651\" loading=\"lazy\" src=\"https:\/\/vremeplov.ba\/2025\/wp-content\/uploads\/2015\/06\/Sarajevo_lok_5565.jpg\" srcset=\",https:\/\/vremeplov.ba\/2025\/wp-content\/uploads\/2015\/06\/Sarajevo_lok_5565.jpg 950w\" sizes=\"auto, 250px\"\/><\/a><\/div><div class=\"sgb-item\"><a href=\"https:\/\/vremeplov.ba\/2025\/2015\/06\/28\/analiza-o-opravdanosti-ukidanja-stanice-sarajevo-076m-januar-1968\/sarajevo_station_bistrik-2\/\" target=\"_blank\"><img decoding=\"async\" alt=\"\" width=\"950\" height=\"796\" loading=\"lazy\" src=\"https:\/\/vremeplov.ba\/2025\/wp-content\/uploads\/2015\/06\/Sarajevo_station_Bistrik.jpg\" srcset=\",https:\/\/vremeplov.ba\/2025\/wp-content\/uploads\/2015\/06\/Sarajevo_station_Bistrik.jpg 950w\" sizes=\"auto, 250px\"\/><\/a><\/div><\/div><\/noscript><\/div><script type=\"application\/json\" class=\"sgb-data\">{\"collectionColumns\":5,\"collectionThumbRecomendedWidth\":100,\"externalLink\":false,\"captions\":false,\"collectionThumbSubMenuDownload\":false,\"collectionThumbSubMenuShare\":false,\"galleryType\":\"pgc_sgb_grid\",\"galleryId\":\"8c635582\",\"images\":[{\"id\":29177,\"title\":\"analiza_clanak_images_sarajevo_railway-1\",\"url\":\"https:\/\/vremeplov.ba\/2025\/wp-content\/uploads\/2015\/06\/analiza_clanak_images_sarajevo_railway-1.jpg\",\"link\":\"https:\/\/vremeplov.ba\/2025\/2015\/06\/28\/analiza-o-opravdanosti-ukidanja-stanice-sarajevo-076m-januar-1968\/analiza_clanak_images_sarajevo_railway-1\/\",\"alt\":\"\",\"description\":\"\",\"caption\":\"\",\"mime\":\"image\/jpeg\",\"type\":\"image\",\"width\":950,\"height\":642,\"sizes\":{\"full\":{\"url\":\"https:\/\/vremeplov.ba\/2025\/wp-content\/uploads\/2015\/06\/analiza_clanak_images_sarajevo_railway-1.jpg\",\"height\":642,\"width\":950,\"orientation\":\"landscape\"}},\"imageMeta\":{\"aperture\":\"0\",\"credit\":\"\",\"camera\":\"\",\"caption\":\"\",\"created_timestamp\":\"0\",\"copyright\":\"www.photogalerija.com\",\"focal_length\":\"0\",\"iso\":\"0\",\"shutter_speed\":\"0\",\"title\":\"\",\"orientation\":\"1\",\"keywords\":[\"Old station sarajevo\"]},\"meta\":false,\"postlink\":\"https:\/\/vremeplov.ba\/2025\/2015\/06\/28\/analiza-o-opravdanosti-ukidanja-stanice-sarajevo-076m-januar-1968\/analiza_clanak_images_sarajevo_railway-1\/\"},{\"id\":29179,\"title\":\"analiza_clanak_images_sarajevo_railway-2\",\"url\":\"https:\/\/vremeplov.ba\/2025\/wp-content\/uploads\/2015\/06\/analiza_clanak_images_sarajevo_railway-2.jpg\",\"link\":\"https:\/\/vremeplov.ba\/2025\/2015\/06\/28\/analiza-o-opravdanosti-ukidanja-stanice-sarajevo-076m-januar-1968\/analiza_clanak_images_sarajevo_railway-2\/\",\"alt\":\"\",\"description\":\"\",\"caption\":\"\",\"mime\":\"image\/jpeg\",\"type\":\"image\",\"width\":950,\"height\":656,\"sizes\":{\"full\":{\"url\":\"https:\/\/vremeplov.ba\/2025\/wp-content\/uploads\/2015\/06\/analiza_clanak_images_sarajevo_railway-2.jpg\",\"height\":656,\"width\":950,\"orientation\":\"landscape\"}},\"imageMeta\":{\"aperture\":\"0\",\"credit\":\"Sre\u0107ko Ignjatovi\u0107, Sarajevo BiH\",\"camera\":\"\",\"caption\":\"\",\"created_timestamp\":\"0\",\"copyright\":\"www.photogalerija.com\",\"focal_length\":\"0\",\"iso\":\"0\",\"shutter_speed\":\"0\",\"title\":\"\",\"orientation\":\"1\",\"keywords\":[\"Uzana, uskotra\u010dna, pruga, 0,76m,\"]},\"meta\":false,\"postlink\":\"https:\/\/vremeplov.ba\/2025\/2015\/06\/28\/analiza-o-opravdanosti-ukidanja-stanice-sarajevo-076m-januar-1968\/analiza_clanak_images_sarajevo_railway-2\/\"},{\"id\":29181,\"title\":\"analiza_clanak_images_sarajevo_railway-3\",\"url\":\"https:\/\/vremeplov.ba\/2025\/wp-content\/uploads\/2015\/06\/analiza_clanak_images_sarajevo_railway-3.jpg\",\"link\":\"https:\/\/vremeplov.ba\/2025\/2015\/06\/28\/analiza-o-opravdanosti-ukidanja-stanice-sarajevo-076m-januar-1968\/analiza_clanak_images_sarajevo_railway-3\/\",\"alt\":\"\",\"description\":\"\",\"caption\":\"\",\"mime\":\"image\/jpeg\",\"type\":\"image\",\"width\":950,\"height\":656,\"sizes\":{\"full\":{\"url\":\"https:\/\/vremeplov.ba\/2025\/wp-content\/uploads\/2015\/06\/analiza_clanak_images_sarajevo_railway-3.jpg\",\"height\":656,\"width\":950,\"orientation\":\"landscape\"}},\"imageMeta\":{\"aperture\":\"0\",\"credit\":\"Sre\u0107ko Ignjatovi\u0107, Sarajevo BiH\",\"camera\":\"\",\"caption\":\"\",\"created_timestamp\":\"0\",\"copyright\":\"www.photogalerija.com\",\"focal_length\":\"0\",\"iso\":\"0\",\"shutter_speed\":\"0\",\"title\":\"\",\"orientation\":\"1\",\"keywords\":[\"Uzana, uskotra\u010dna, pruga, 0,76m,\"]},\"meta\":false,\"postlink\":\"https:\/\/vremeplov.ba\/2025\/2015\/06\/28\/analiza-o-opravdanosti-ukidanja-stanice-sarajevo-076m-januar-1968\/analiza_clanak_images_sarajevo_railway-3\/\"},{\"id\":29183,\"title\":\"analiza_clanak_images_sarajevo_railway-4\",\"url\":\"https:\/\/vremeplov.ba\/2025\/wp-content\/uploads\/2015\/06\/analiza_clanak_images_sarajevo_railway-4.jpg\",\"link\":\"https:\/\/vremeplov.ba\/2025\/2015\/06\/28\/analiza-o-opravdanosti-ukidanja-stanice-sarajevo-076m-januar-1968\/analiza_clanak_images_sarajevo_railway-4\/\",\"alt\":\"\",\"description\":\"\",\"caption\":\"\",\"mime\":\"image\/jpeg\",\"type\":\"image\",\"width\":950,\"height\":598,\"sizes\":{\"full\":{\"url\":\"https:\/\/vremeplov.ba\/2025\/wp-content\/uploads\/2015\/06\/analiza_clanak_images_sarajevo_railway-4.jpg\",\"height\":598,\"width\":950,\"orientation\":\"landscape\"}},\"imageMeta\":{\"aperture\":\"0\",\"credit\":\"Sre\u0107ko Ignjatovi\u0107, Sarajevo BiH\",\"camera\":\"\",\"caption\":\"\",\"created_timestamp\":\"0\",\"copyright\":\"www.photogalerija.com\",\"focal_length\":\"0\",\"iso\":\"0\",\"shutter_speed\":\"0\",\"title\":\"\",\"orientation\":\"1\",\"keywords\":[\"Uzane,uskotra\u010dne\"]},\"meta\":false,\"postlink\":\"https:\/\/vremeplov.ba\/2025\/2015\/06\/28\/analiza-o-opravdanosti-ukidanja-stanice-sarajevo-076m-januar-1968\/analiza_clanak_images_sarajevo_railway-4\/\"},{\"id\":29184,\"title\":\"analiza_clanak_images_sarajevo_railway-5\",\"url\":\"https:\/\/vremeplov.ba\/2025\/wp-content\/uploads\/2015\/06\/analiza_clanak_images_sarajevo_railway-5.jpg\",\"link\":\"https:\/\/vremeplov.ba\/2025\/2015\/06\/28\/analiza-o-opravdanosti-ukidanja-stanice-sarajevo-076m-januar-1968\/analiza_clanak_images_sarajevo_railway-5\/\",\"alt\":\"\",\"description\":\"\",\"caption\":\"\",\"mime\":\"image\/jpeg\",\"type\":\"image\",\"width\":950,\"height\":733,\"sizes\":{\"full\":{\"url\":\"https:\/\/vremeplov.ba\/2025\/wp-content\/uploads\/2015\/06\/analiza_clanak_images_sarajevo_railway-5.jpg\",\"height\":733,\"width\":950,\"orientation\":\"landscape\"}},\"imageMeta\":{\"aperture\":\"0\",\"credit\":\"\",\"camera\":\"\",\"caption\":\"\",\"created_timestamp\":\"0\",\"copyright\":\"www.photogalerija.com\",\"focal_length\":\"0\",\"iso\":\"0\",\"shutter_speed\":\"0\",\"title\":\"\",\"orientation\":\"1\",\"keywords\":[]},\"meta\":false,\"postlink\":\"https:\/\/vremeplov.ba\/2025\/2015\/06\/28\/analiza-o-opravdanosti-ukidanja-stanice-sarajevo-076m-januar-1968\/analiza_clanak_images_sarajevo_railway-5\/\"},{\"id\":29186,\"title\":\"analiza_clanak_images_sarajevo_railway-6\",\"url\":\"https:\/\/vremeplov.ba\/2025\/wp-content\/uploads\/2015\/06\/analiza_clanak_images_sarajevo_railway-6.jpg\",\"link\":\"https:\/\/vremeplov.ba\/2025\/2015\/06\/28\/analiza-o-opravdanosti-ukidanja-stanice-sarajevo-076m-januar-1968\/analiza_clanak_images_sarajevo_railway-6\/\",\"alt\":\"\",\"description\":\"\",\"caption\":\"\",\"mime\":\"image\/jpeg\",\"type\":\"image\",\"width\":950,\"height\":621,\"sizes\":{\"full\":{\"url\":\"https:\/\/vremeplov.ba\/2025\/wp-content\/uploads\/2015\/06\/analiza_clanak_images_sarajevo_railway-6.jpg\",\"height\":621,\"width\":950,\"orientation\":\"landscape\"}},\"imageMeta\":{\"aperture\":\"0\",\"credit\":\"\",\"camera\":\"\",\"caption\":\"\",\"created_timestamp\":\"0\",\"copyright\":\"\",\"focal_length\":\"0\",\"iso\":\"0\",\"shutter_speed\":\"0\",\"title\":\"\",\"orientation\":\"1\",\"keywords\":[]},\"meta\":false,\"postlink\":\"https:\/\/vremeplov.ba\/2025\/2015\/06\/28\/analiza-o-opravdanosti-ukidanja-stanice-sarajevo-076m-januar-1968\/analiza_clanak_images_sarajevo_railway-6\/\"},{\"id\":29188,\"title\":\"analiza_clanak_images_sarajevo_railway-7\",\"url\":\"https:\/\/vremeplov.ba\/2025\/wp-content\/uploads\/2015\/06\/analiza_clanak_images_sarajevo_railway-7.jpg\",\"link\":\"https:\/\/vremeplov.ba\/2025\/2015\/06\/28\/analiza-o-opravdanosti-ukidanja-stanice-sarajevo-076m-januar-1968\/analiza_clanak_images_sarajevo_railway-7\/\",\"alt\":\"\",\"description\":\"\",\"caption\":\"\",\"mime\":\"image\/jpeg\",\"type\":\"image\",\"width\":950,\"height\":695,\"sizes\":{\"full\":{\"url\":\"https:\/\/vremeplov.ba\/2025\/wp-content\/uploads\/2015\/06\/analiza_clanak_images_sarajevo_railway-7.jpg\",\"height\":695,\"width\":950,\"orientation\":\"landscape\"}},\"imageMeta\":{\"aperture\":\"0\",\"credit\":\"\",\"camera\":\"\",\"caption\":\"\",\"created_timestamp\":\"0\",\"copyright\":\"\",\"focal_length\":\"0\",\"iso\":\"0\",\"shutter_speed\":\"0\",\"title\":\"\",\"orientation\":\"1\",\"keywords\":[]},\"meta\":false,\"postlink\":\"https:\/\/vremeplov.ba\/2025\/2015\/06\/28\/analiza-o-opravdanosti-ukidanja-stanice-sarajevo-076m-januar-1968\/analiza_clanak_images_sarajevo_railway-7\/\"},{\"id\":29190,\"title\":\"analiza_clanak_images_sarajevo_railway-8\",\"url\":\"https:\/\/vremeplov.ba\/2025\/wp-content\/uploads\/2015\/06\/analiza_clanak_images_sarajevo_railway-8.jpg\",\"link\":\"https:\/\/vremeplov.ba\/2025\/2015\/06\/28\/analiza-o-opravdanosti-ukidanja-stanice-sarajevo-076m-januar-1968\/analiza_clanak_images_sarajevo_railway-8\/\",\"alt\":\"\",\"description\":\"\",\"caption\":\"\",\"mime\":\"image\/jpeg\",\"type\":\"image\",\"width\":929,\"height\":950,\"sizes\":{\"full\":{\"url\":\"https:\/\/vremeplov.ba\/2025\/wp-content\/uploads\/2015\/06\/analiza_clanak_images_sarajevo_railway-8.jpg\",\"height\":950,\"width\":929,\"orientation\":\"portrait\"}},\"imageMeta\":{\"aperture\":\"0\",\"credit\":\"Sre\u0107ko Ignjatovi\u0107, Sarajevo BiH\",\"camera\":\"\",\"caption\":\"\",\"created_timestamp\":\"0\",\"copyright\":\"www.photogalerija.com\",\"focal_length\":\"0\",\"iso\":\"0\",\"shutter_speed\":\"0\",\"title\":\"\",\"orientation\":\"1\",\"keywords\":[\"Uzana, uskotra\u010dna, pruga, 0,76m,\"]},\"meta\":false,\"postlink\":\"https:\/\/vremeplov.ba\/2025\/2015\/06\/28\/analiza-o-opravdanosti-ukidanja-stanice-sarajevo-076m-januar-1968\/analiza_clanak_images_sarajevo_railway-8\/\"},{\"id\":29192,\"title\":\"analiza_clanak_images_sarajevo_railway-9\",\"url\":\"https:\/\/vremeplov.ba\/2025\/wp-content\/uploads\/2015\/06\/analiza_clanak_images_sarajevo_railway-9.jpg\",\"link\":\"https:\/\/vremeplov.ba\/2025\/2015\/06\/28\/analiza-o-opravdanosti-ukidanja-stanice-sarajevo-076m-januar-1968\/analiza_clanak_images_sarajevo_railway-9\/\",\"alt\":\"\",\"description\":\"\",\"caption\":\"\",\"mime\":\"image\/jpeg\",\"type\":\"image\",\"width\":950,\"height\":616,\"sizes\":{\"full\":{\"url\":\"https:\/\/vremeplov.ba\/2025\/wp-content\/uploads\/2015\/06\/analiza_clanak_images_sarajevo_railway-9.jpg\",\"height\":616,\"width\":950,\"orientation\":\"landscape\"}},\"imageMeta\":{\"aperture\":\"0\",\"credit\":\"\",\"camera\":\"\",\"caption\":\"\",\"created_timestamp\":\"0\",\"copyright\":\"www.photogalerija.com\",\"focal_length\":\"0\",\"iso\":\"0\",\"shutter_speed\":\"0\",\"title\":\"\",\"orientation\":\"1\",\"keywords\":[]},\"meta\":false,\"postlink\":\"https:\/\/vremeplov.ba\/2025\/2015\/06\/28\/analiza-o-opravdanosti-ukidanja-stanice-sarajevo-076m-januar-1968\/analiza_clanak_images_sarajevo_railway-9\/\"},{\"id\":29193,\"title\":\"analiza_clanak_images_sarajevo_railway-10\",\"url\":\"https:\/\/vremeplov.ba\/2025\/wp-content\/uploads\/2015\/06\/analiza_clanak_images_sarajevo_railway-10.jpg\",\"link\":\"https:\/\/vremeplov.ba\/2025\/2015\/06\/28\/analiza-o-opravdanosti-ukidanja-stanice-sarajevo-076m-januar-1968\/analiza_clanak_images_sarajevo_railway-10\/\",\"alt\":\"\",\"description\":\"\",\"caption\":\"\",\"mime\":\"image\/jpeg\",\"type\":\"image\",\"width\":950,\"height\":662,\"sizes\":{\"full\":{\"url\":\"https:\/\/vremeplov.ba\/2025\/wp-content\/uploads\/2015\/06\/analiza_clanak_images_sarajevo_railway-10.jpg\",\"height\":662,\"width\":950,\"orientation\":\"landscape\"}},\"imageMeta\":{\"aperture\":\"0\",\"credit\":\"Srecko\",\"camera\":\"\",\"caption\":\"\",\"created_timestamp\":\"1392557579\",\"copyright\":\"www.photogalerija.com\",\"focal_length\":\"0\",\"iso\":\"0\",\"shutter_speed\":\"0\",\"title\":\"\",\"orientation\":\"1\",\"keywords\":[]},\"meta\":false,\"postlink\":\"https:\/\/vremeplov.ba\/2025\/2015\/06\/28\/analiza-o-opravdanosti-ukidanja-stanice-sarajevo-076m-januar-1968\/analiza_clanak_images_sarajevo_railway-10\/\"},{\"id\":29195,\"title\":\"analiza_clanak_images_sarajevo_railway-11\",\"url\":\"https:\/\/vremeplov.ba\/2025\/wp-content\/uploads\/2015\/06\/analiza_clanak_images_sarajevo_railway-11.jpg\",\"link\":\"https:\/\/vremeplov.ba\/2025\/2015\/06\/28\/analiza-o-opravdanosti-ukidanja-stanice-sarajevo-076m-januar-1968\/analiza_clanak_images_sarajevo_railway-11\/\",\"alt\":\"\",\"description\":\"\",\"caption\":\"\",\"mime\":\"image\/jpeg\",\"type\":\"image\",\"width\":950,\"height\":621,\"sizes\":{\"full\":{\"url\":\"https:\/\/vremeplov.ba\/2025\/wp-content\/uploads\/2015\/06\/analiza_clanak_images_sarajevo_railway-11.jpg\",\"height\":621,\"width\":950,\"orientation\":\"landscape\"}},\"imageMeta\":{\"aperture\":\"0\",\"credit\":\"Sre\u0107ko Ignjatovi\u0107, Sarajevo, Bosna i Hercegovina\",\"camera\":\"\",\"caption\":\"\",\"created_timestamp\":\"0\",\"copyright\":\"www.photogalerija.com\",\"focal_length\":\"0\",\"iso\":\"0\",\"shutter_speed\":\"0\",\"title\":\"\",\"orientation\":\"1\",\"keywords\":[\"Uzani kolosijek, \u010cengi\u0107 Vila, Sarajevo U\u017eice\"]},\"meta\":false,\"postlink\":\"https:\/\/vremeplov.ba\/2025\/2015\/06\/28\/analiza-o-opravdanosti-ukidanja-stanice-sarajevo-076m-januar-1968\/analiza_clanak_images_sarajevo_railway-11\/\"},{\"id\":29197,\"title\":\"analiza_clanak_images_sarajevo_railway-12\",\"url\":\"https:\/\/vremeplov.ba\/2025\/wp-content\/uploads\/2015\/06\/analiza_clanak_images_sarajevo_railway-12.jpg\",\"link\":\"https:\/\/vremeplov.ba\/2025\/2015\/06\/28\/analiza-o-opravdanosti-ukidanja-stanice-sarajevo-076m-januar-1968\/analiza_clanak_images_sarajevo_railway-12\/\",\"alt\":\"\",\"description\":\"\",\"caption\":\"\",\"mime\":\"image\/jpeg\",\"type\":\"image\",\"width\":950,\"height\":622,\"sizes\":{\"full\":{\"url\":\"https:\/\/vremeplov.ba\/2025\/wp-content\/uploads\/2015\/06\/analiza_clanak_images_sarajevo_railway-12.jpg\",\"height\":622,\"width\":950,\"orientation\":\"landscape\"}},\"imageMeta\":{\"aperture\":\"0\",\"credit\":\"Sre\u0107ko Ignjatovi\u0107, Sarajevo, Bosna i Hercegovina\",\"camera\":\"\",\"caption\":\"\",\"created_timestamp\":\"0\",\"copyright\":\"www.photogalerija.com\",\"focal_length\":\"0\",\"iso\":\"0\",\"shutter_speed\":\"0\",\"title\":\"\",\"orientation\":\"1\",\"keywords\":[\"Uzani kolosijek, \u010cengi\u0107 Vila, Sarajevo U\u017eice\"]},\"meta\":false,\"postlink\":\"https:\/\/vremeplov.ba\/2025\/2015\/06\/28\/analiza-o-opravdanosti-ukidanja-stanice-sarajevo-076m-januar-1968\/analiza_clanak_images_sarajevo_railway-12\/\"},{\"id\":29198,\"title\":\"analiza_clanak_images_sarajevo_railway-13\",\"url\":\"https:\/\/vremeplov.ba\/2025\/wp-content\/uploads\/2015\/06\/analiza_clanak_images_sarajevo_railway-13.jpg\",\"link\":\"https:\/\/vremeplov.ba\/2025\/2015\/06\/28\/analiza-o-opravdanosti-ukidanja-stanice-sarajevo-076m-januar-1968\/analiza_clanak_images_sarajevo_railway-13\/\",\"alt\":\"\",\"description\":\"\",\"caption\":\"\",\"mime\":\"image\/jpeg\",\"type\":\"image\",\"width\":950,\"height\":627,\"sizes\":{\"full\":{\"url\":\"https:\/\/vremeplov.ba\/2025\/wp-content\/uploads\/2015\/06\/analiza_clanak_images_sarajevo_railway-13.jpg\",\"height\":627,\"width\":950,\"orientation\":\"landscape\"}},\"imageMeta\":{\"aperture\":\"0\",\"credit\":\"Sre\u0107ko Ignjatovi\u0107, Sarajevo, Bosna i Hercegovina\",\"camera\":\"\",\"caption\":\"\",\"created_timestamp\":\"0\",\"copyright\":\"www.photogalerija.com\",\"focal_length\":\"0\",\"iso\":\"0\",\"shutter_speed\":\"0\",\"title\":\"\",\"orientation\":\"1\",\"keywords\":[\"Uzani kolosijek, \u010cengi\u0107 Vila, Sarajevo U\u017eice\"]},\"meta\":false,\"postlink\":\"https:\/\/vremeplov.ba\/2025\/2015\/06\/28\/analiza-o-opravdanosti-ukidanja-stanice-sarajevo-076m-januar-1968\/analiza_clanak_images_sarajevo_railway-13\/\"},{\"id\":29200,\"title\":\"analiza_clanak_images_sarajevo_railway-14\",\"url\":\"https:\/\/vremeplov.ba\/2025\/wp-content\/uploads\/2015\/06\/analiza_clanak_images_sarajevo_railway-14.jpg\",\"link\":\"https:\/\/vremeplov.ba\/2025\/2015\/06\/28\/analiza-o-opravdanosti-ukidanja-stanice-sarajevo-076m-januar-1968\/analiza_clanak_images_sarajevo_railway-14\/\",\"alt\":\"\",\"description\":\"\",\"caption\":\"\",\"mime\":\"image\/jpeg\",\"type\":\"image\",\"width\":950,\"height\":610,\"sizes\":{\"full\":{\"url\":\"https:\/\/vremeplov.ba\/2025\/wp-content\/uploads\/2015\/06\/analiza_clanak_images_sarajevo_railway-14.jpg\",\"height\":610,\"width\":950,\"orientation\":\"landscape\"}},\"imageMeta\":{\"aperture\":\"0\",\"credit\":\"Sre\u0107ko Ignjatovi\u0107, Sarajevo, Bosna i Hercegovina\",\"camera\":\"\",\"caption\":\"\",\"created_timestamp\":\"0\",\"copyright\":\"www.photogalerija.com\",\"focal_length\":\"0\",\"iso\":\"0\",\"shutter_speed\":\"0\",\"title\":\"\",\"orientation\":\"1\",\"keywords\":[\"Uzani kolosijek, \u010cengi\u0107 Vila, Sarajevo U\u017eice\"]},\"meta\":false,\"postlink\":\"https:\/\/vremeplov.ba\/2025\/2015\/06\/28\/analiza-o-opravdanosti-ukidanja-stanice-sarajevo-076m-januar-1968\/analiza_clanak_images_sarajevo_railway-14\/\"},{\"id\":29202,\"title\":\"analiza_clanak_images_sarajevo_railway-15\",\"url\":\"https:\/\/vremeplov.ba\/2025\/wp-content\/uploads\/2015\/06\/analiza_clanak_images_sarajevo_railway-15.jpg\",\"link\":\"https:\/\/vremeplov.ba\/2025\/2015\/06\/28\/analiza-o-opravdanosti-ukidanja-stanice-sarajevo-076m-januar-1968\/analiza_clanak_images_sarajevo_railway-15\/\",\"alt\":\"\",\"description\":\"\",\"caption\":\"\",\"mime\":\"image\/jpeg\",\"type\":\"image\",\"width\":950,\"height\":592,\"sizes\":{\"full\":{\"url\":\"https:\/\/vremeplov.ba\/2025\/wp-content\/uploads\/2015\/06\/analiza_clanak_images_sarajevo_railway-15.jpg\",\"height\":592,\"width\":950,\"orientation\":\"landscape\"}},\"imageMeta\":{\"aperture\":\"0\",\"credit\":\"\",\"camera\":\"\",\"caption\":\"\",\"created_timestamp\":\"0\",\"copyright\":\"www.photogalerija.com\",\"focal_length\":\"0\",\"iso\":\"0\",\"shutter_speed\":\"0\",\"title\":\"\",\"orientation\":\"1\",\"keywords\":[]},\"meta\":false,\"postlink\":\"https:\/\/vremeplov.ba\/2025\/2015\/06\/28\/analiza-o-opravdanosti-ukidanja-stanice-sarajevo-076m-januar-1968\/analiza_clanak_images_sarajevo_railway-15\/\"},{\"id\":29203,\"title\":\"analiza_clanak_images_sarajevo_railway-16\",\"url\":\"https:\/\/vremeplov.ba\/2025\/wp-content\/uploads\/2015\/06\/analiza_clanak_images_sarajevo_railway-16.jpg\",\"link\":\"https:\/\/vremeplov.ba\/2025\/2015\/06\/28\/analiza-o-opravdanosti-ukidanja-stanice-sarajevo-076m-januar-1968\/analiza_clanak_images_sarajevo_railway-16\/\",\"alt\":\"\",\"description\":\"\",\"caption\":\"\",\"mime\":\"image\/jpeg\",\"type\":\"image\",\"width\":950,\"height\":627,\"sizes\":{\"full\":{\"url\":\"https:\/\/vremeplov.ba\/2025\/wp-content\/uploads\/2015\/06\/analiza_clanak_images_sarajevo_railway-16.jpg\",\"height\":627,\"width\":950,\"orientation\":\"landscape\"}},\"imageMeta\":{\"aperture\":\"0\",\"credit\":\"Sre\u0107ko Ignjatovi\u0107, Sarajevo, Bosna i Hercegovina\",\"camera\":\"\",\"caption\":\"\",\"created_timestamp\":\"0\",\"copyright\":\"www.photogalerija.com\",\"focal_length\":\"0\",\"iso\":\"0\",\"shutter_speed\":\"0\",\"title\":\"\",\"orientation\":\"1\",\"keywords\":[\"Uzani kolosijek, \u010cengi\u0107 Vila, Sarajevo U\u017eice\"]},\"meta\":false,\"postlink\":\"https:\/\/vremeplov.ba\/2025\/2015\/06\/28\/analiza-o-opravdanosti-ukidanja-stanice-sarajevo-076m-januar-1968\/analiza_clanak_images_sarajevo_railway-16\/\"},{\"id\":29205,\"title\":\"analiza_clanak_images_sarajevo_railway-17\",\"url\":\"https:\/\/vremeplov.ba\/2025\/wp-content\/uploads\/2015\/06\/analiza_clanak_images_sarajevo_railway-17.jpg\",\"link\":\"https:\/\/vremeplov.ba\/2025\/2015\/06\/28\/analiza-o-opravdanosti-ukidanja-stanice-sarajevo-076m-januar-1968\/analiza_clanak_images_sarajevo_railway-17\/\",\"alt\":\"\",\"description\":\"\",\"caption\":\"\",\"mime\":\"image\/jpeg\",\"type\":\"image\",\"width\":950,\"height\":633,\"sizes\":{\"full\":{\"url\":\"https:\/\/vremeplov.ba\/2025\/wp-content\/uploads\/2015\/06\/analiza_clanak_images_sarajevo_railway-17.jpg\",\"height\":633,\"width\":950,\"orientation\":\"landscape\"}},\"imageMeta\":{\"aperture\":\"0\",\"credit\":\"Sre\u0107ko Ignjatovi\u0107, Sarajevo BiH\",\"camera\":\"\",\"caption\":\"\",\"created_timestamp\":\"0\",\"copyright\":\"www.photogalerija.com\",\"focal_length\":\"0\",\"iso\":\"0\",\"shutter_speed\":\"0\",\"title\":\"\",\"orientation\":\"1\",\"keywords\":[\"Uzana, uskotra\u010dna, pruga, 0,76m,\"]},\"meta\":false,\"postlink\":\"https:\/\/vremeplov.ba\/2025\/2015\/06\/28\/analiza-o-opravdanosti-ukidanja-stanice-sarajevo-076m-januar-1968\/analiza_clanak_images_sarajevo_railway-17\/\"},{\"id\":29207,\"title\":\"analiza_clanak_images_sarajevo_railway-18\",\"url\":\"https:\/\/vremeplov.ba\/2025\/wp-content\/uploads\/2015\/06\/analiza_clanak_images_sarajevo_railway-18.jpg\",\"link\":\"https:\/\/vremeplov.ba\/2025\/2015\/06\/28\/analiza-o-opravdanosti-ukidanja-stanice-sarajevo-076m-januar-1968\/analiza_clanak_images_sarajevo_railway-18\/\",\"alt\":\"\",\"description\":\"\",\"caption\":\"\",\"mime\":\"image\/jpeg\",\"type\":\"image\",\"width\":632,\"height\":950,\"sizes\":{\"full\":{\"url\":\"https:\/\/vremeplov.ba\/2025\/wp-content\/uploads\/2015\/06\/analiza_clanak_images_sarajevo_railway-18.jpg\",\"height\":950,\"width\":632,\"orientation\":\"portrait\"}},\"imageMeta\":{\"aperture\":\"0\",\"credit\":\"\",\"camera\":\"\",\"caption\":\"\",\"created_timestamp\":\"0\",\"copyright\":\"www.photogalerija.com\",\"focal_length\":\"0\",\"iso\":\"0\",\"shutter_speed\":\"0\",\"title\":\"\",\"orientation\":\"1\",\"keywords\":[]},\"meta\":false,\"postlink\":\"https:\/\/vremeplov.ba\/2025\/2015\/06\/28\/analiza-o-opravdanosti-ukidanja-stanice-sarajevo-076m-januar-1968\/analiza_clanak_images_sarajevo_railway-18\/\"},{\"id\":29209,\"title\":\"analiza_clanak_images_sarajevo_railway-19\",\"url\":\"https:\/\/vremeplov.ba\/2025\/wp-content\/uploads\/2015\/06\/analiza_clanak_images_sarajevo_railway-19.jpg\",\"link\":\"https:\/\/vremeplov.ba\/2025\/2015\/06\/28\/analiza-o-opravdanosti-ukidanja-stanice-sarajevo-076m-januar-1968\/analiza_clanak_images_sarajevo_railway-19\/\",\"alt\":\"\",\"description\":\"\",\"caption\":\"\",\"mime\":\"image\/jpeg\",\"type\":\"image\",\"width\":950,\"height\":676,\"sizes\":{\"full\":{\"url\":\"https:\/\/vremeplov.ba\/2025\/wp-content\/uploads\/2015\/06\/analiza_clanak_images_sarajevo_railway-19.jpg\",\"height\":676,\"width\":950,\"orientation\":\"landscape\"}},\"imageMeta\":{\"aperture\":\"0\",\"credit\":\"\",\"camera\":\"\",\"caption\":\"\",\"created_timestamp\":\"0\",\"copyright\":\"www.photogalerija.com\",\"focal_length\":\"0\",\"iso\":\"0\",\"shutter_speed\":\"0\",\"title\":\"\",\"orientation\":\"1\",\"keywords\":[]},\"meta\":false,\"postlink\":\"https:\/\/vremeplov.ba\/2025\/2015\/06\/28\/analiza-o-opravdanosti-ukidanja-stanice-sarajevo-076m-januar-1968\/analiza_clanak_images_sarajevo_railway-19\/\"},{\"id\":29210,\"title\":\"analiza_clanak_images_sarajevo_railway-20\",\"url\":\"https:\/\/vremeplov.ba\/2025\/wp-content\/uploads\/2015\/06\/analiza_clanak_images_sarajevo_railway-20.jpg\",\"link\":\"https:\/\/vremeplov.ba\/2025\/2015\/06\/28\/analiza-o-opravdanosti-ukidanja-stanice-sarajevo-076m-januar-1968\/analiza_clanak_images_sarajevo_railway-20\/\",\"alt\":\"\",\"description\":\"\",\"caption\":\"\",\"mime\":\"image\/jpeg\",\"type\":\"image\",\"width\":950,\"height\":679,\"sizes\":{\"full\":{\"url\":\"https:\/\/vremeplov.ba\/2025\/wp-content\/uploads\/2015\/06\/analiza_clanak_images_sarajevo_railway-20.jpg\",\"height\":679,\"width\":950,\"orientation\":\"landscape\"}},\"imageMeta\":{\"aperture\":\"0\",\"credit\":\"Sre\u0107ko Ignjatovi\u0107, Sarajevo BiH\",\"camera\":\"\",\"caption\":\"\",\"created_timestamp\":\"0\",\"copyright\":\"www.photogalerija.com\",\"focal_length\":\"0\",\"iso\":\"0\",\"shutter_speed\":\"0\",\"title\":\"\",\"orientation\":\"1\",\"keywords\":[\"Uzana, uskotra\u010dna, pruga, 0,76m,\"]},\"meta\":false,\"postlink\":\"https:\/\/vremeplov.ba\/2025\/2015\/06\/28\/analiza-o-opravdanosti-ukidanja-stanice-sarajevo-076m-januar-1968\/analiza_clanak_images_sarajevo_railway-20\/\"},{\"id\":29212,\"title\":\"analiza_clanak_images_sarajevo_railway-21\",\"url\":\"https:\/\/vremeplov.ba\/2025\/wp-content\/uploads\/2015\/06\/analiza_clanak_images_sarajevo_railway-21.jpg\",\"link\":\"https:\/\/vremeplov.ba\/2025\/2015\/06\/28\/analiza-o-opravdanosti-ukidanja-stanice-sarajevo-076m-januar-1968\/analiza_clanak_images_sarajevo_railway-21\/\",\"alt\":\"\",\"description\":\"\",\"caption\":\"\",\"mime\":\"image\/jpeg\",\"type\":\"image\",\"width\":950,\"height\":646,\"sizes\":{\"full\":{\"url\":\"https:\/\/vremeplov.ba\/2025\/wp-content\/uploads\/2015\/06\/analiza_clanak_images_sarajevo_railway-21.jpg\",\"height\":646,\"width\":950,\"orientation\":\"landscape\"}},\"imageMeta\":{\"aperture\":\"0\",\"credit\":\"Sre\u0107ko Ignjatovi\u0107, Sarajevo BiH\",\"camera\":\"\",\"caption\":\"\",\"created_timestamp\":\"0\",\"copyright\":\"www.photogalerija.com\",\"focal_length\":\"0\",\"iso\":\"0\",\"shutter_speed\":\"0\",\"title\":\"\",\"orientation\":\"1\",\"keywords\":[\"Uzana, uskotra\u010dna, pruga, 0,76m,\"]},\"meta\":false,\"postlink\":\"https:\/\/vremeplov.ba\/2025\/2015\/06\/28\/analiza-o-opravdanosti-ukidanja-stanice-sarajevo-076m-januar-1968\/analiza_clanak_images_sarajevo_railway-21\/\"},{\"id\":29214,\"title\":\"analiza_clanak_images_sarajevo_railway-22\",\"url\":\"https:\/\/vremeplov.ba\/2025\/wp-content\/uploads\/2015\/06\/analiza_clanak_images_sarajevo_railway-22.jpg\",\"link\":\"https:\/\/vremeplov.ba\/2025\/2015\/06\/28\/analiza-o-opravdanosti-ukidanja-stanice-sarajevo-076m-januar-1968\/analiza_clanak_images_sarajevo_railway-22\/\",\"alt\":\"\",\"description\":\"\",\"caption\":\"\",\"mime\":\"image\/jpeg\",\"type\":\"image\",\"width\":950,\"height\":669,\"sizes\":{\"full\":{\"url\":\"https:\/\/vremeplov.ba\/2025\/wp-content\/uploads\/2015\/06\/analiza_clanak_images_sarajevo_railway-22.jpg\",\"height\":669,\"width\":950,\"orientation\":\"landscape\"}},\"imageMeta\":{\"aperture\":\"0\",\"credit\":\"Srecko\",\"camera\":\"\",\"caption\":\"\",\"created_timestamp\":\"1392557579\",\"copyright\":\"www.photogalerija.com\",\"focal_length\":\"0\",\"iso\":\"0\",\"shutter_speed\":\"0\",\"title\":\"\",\"orientation\":\"1\",\"keywords\":[\"Bistrik\"]},\"meta\":false,\"postlink\":\"https:\/\/vremeplov.ba\/2025\/2015\/06\/28\/analiza-o-opravdanosti-ukidanja-stanice-sarajevo-076m-januar-1968\/analiza_clanak_images_sarajevo_railway-22\/\"},{\"id\":29215,\"title\":\"analiza_clanak_images_sarajevo_railway-23\",\"url\":\"https:\/\/vremeplov.ba\/2025\/wp-content\/uploads\/2015\/06\/analiza_clanak_images_sarajevo_railway-23.jpg\",\"link\":\"https:\/\/vremeplov.ba\/2025\/2015\/06\/28\/analiza-o-opravdanosti-ukidanja-stanice-sarajevo-076m-januar-1968\/analiza_clanak_images_sarajevo_railway-23\/\",\"alt\":\"\",\"description\":\"\",\"caption\":\"\",\"mime\":\"image\/jpeg\",\"type\":\"image\",\"width\":950,\"height\":644,\"sizes\":{\"full\":{\"url\":\"https:\/\/vremeplov.ba\/2025\/wp-content\/uploads\/2015\/06\/analiza_clanak_images_sarajevo_railway-23.jpg\",\"height\":644,\"width\":950,\"orientation\":\"landscape\"}},\"imageMeta\":{\"aperture\":\"0\",\"credit\":\"\",\"camera\":\"\",\"caption\":\"\",\"created_timestamp\":\"0\",\"copyright\":\"www.photogalerija.com\",\"focal_length\":\"0\",\"iso\":\"0\",\"shutter_speed\":\"0\",\"title\":\"\",\"orientation\":\"1\",\"keywords\":[]},\"meta\":false,\"postlink\":\"https:\/\/vremeplov.ba\/2025\/2015\/06\/28\/analiza-o-opravdanosti-ukidanja-stanice-sarajevo-076m-januar-1968\/analiza_clanak_images_sarajevo_railway-23\/\"},{\"id\":29217,\"title\":\"analiza_clanak_images_sarajevo_railway-24\",\"url\":\"https:\/\/vremeplov.ba\/2025\/wp-content\/uploads\/2015\/06\/analiza_clanak_images_sarajevo_railway-24.jpg\",\"link\":\"https:\/\/vremeplov.ba\/2025\/2015\/06\/28\/analiza-o-opravdanosti-ukidanja-stanice-sarajevo-076m-januar-1968\/analiza_clanak_images_sarajevo_railway-24\/\",\"alt\":\"\",\"description\":\"\",\"caption\":\"\",\"mime\":\"image\/jpeg\",\"type\":\"image\",\"width\":950,\"height\":668,\"sizes\":{\"full\":{\"url\":\"https:\/\/vremeplov.ba\/2025\/wp-content\/uploads\/2015\/06\/analiza_clanak_images_sarajevo_railway-24.jpg\",\"height\":668,\"width\":950,\"orientation\":\"landscape\"}},\"imageMeta\":{\"aperture\":\"0\",\"credit\":\"\",\"camera\":\"\",\"caption\":\"\",\"created_timestamp\":\"0\",\"copyright\":\"\",\"focal_length\":\"0\",\"iso\":\"0\",\"shutter_speed\":\"0\",\"title\":\"\",\"orientation\":\"1\",\"keywords\":[]},\"meta\":false,\"postlink\":\"https:\/\/vremeplov.ba\/2025\/2015\/06\/28\/analiza-o-opravdanosti-ukidanja-stanice-sarajevo-076m-januar-1968\/analiza_clanak_images_sarajevo_railway-24\/\"},{\"id\":29219,\"title\":\"analiza_clanak_images_sarajevo_railway-25\",\"url\":\"https:\/\/vremeplov.ba\/2025\/wp-content\/uploads\/2015\/06\/analiza_clanak_images_sarajevo_railway-25.jpg\",\"link\":\"https:\/\/vremeplov.ba\/2025\/2015\/06\/28\/analiza-o-opravdanosti-ukidanja-stanice-sarajevo-076m-januar-1968\/analiza_clanak_images_sarajevo_railway-25\/\",\"alt\":\"\",\"description\":\"\",\"caption\":\"\",\"mime\":\"image\/jpeg\",\"type\":\"image\",\"width\":950,\"height\":615,\"sizes\":{\"full\":{\"url\":\"https:\/\/vremeplov.ba\/2025\/wp-content\/uploads\/2015\/06\/analiza_clanak_images_sarajevo_railway-25.jpg\",\"height\":615,\"width\":950,\"orientation\":\"landscape\"}},\"imageMeta\":{\"aperture\":\"0\",\"credit\":\"Sre\u0107ko Ignjatovi\u0107, Sarajevo BiH\",\"camera\":\"\",\"caption\":\"\",\"created_timestamp\":\"0\",\"copyright\":\"www.photogalerija.com\",\"focal_length\":\"0\",\"iso\":\"0\",\"shutter_speed\":\"0\",\"title\":\"\",\"orientation\":\"1\",\"keywords\":[\"Uzane,uskotra\u010dne\"]},\"meta\":false,\"postlink\":\"https:\/\/vremeplov.ba\/2025\/2015\/06\/28\/analiza-o-opravdanosti-ukidanja-stanice-sarajevo-076m-januar-1968\/analiza_clanak_images_sarajevo_railway-25\/\"},{\"id\":29221,\"title\":\"analiza_clanak_images_sarajevo_railway-26\",\"url\":\"https:\/\/vremeplov.ba\/2025\/wp-content\/uploads\/2015\/06\/analiza_clanak_images_sarajevo_railway-26.jpg\",\"link\":\"https:\/\/vremeplov.ba\/2025\/2015\/06\/28\/analiza-o-opravdanosti-ukidanja-stanice-sarajevo-076m-januar-1968\/analiza_clanak_images_sarajevo_railway-26\/\",\"alt\":\"\",\"description\":\"\",\"caption\":\"\",\"mime\":\"image\/jpeg\",\"type\":\"image\",\"width\":950,\"height\":695,\"sizes\":{\"full\":{\"url\":\"https:\/\/vremeplov.ba\/2025\/wp-content\/uploads\/2015\/06\/analiza_clanak_images_sarajevo_railway-26.jpg\",\"height\":695,\"width\":950,\"orientation\":\"landscape\"}},\"imageMeta\":{\"aperture\":\"0\",\"credit\":\"\",\"camera\":\"\",\"caption\":\"\",\"created_timestamp\":\"0\",\"copyright\":\"www.photogalerija.com\",\"focal_length\":\"0\",\"iso\":\"0\",\"shutter_speed\":\"0\",\"title\":\"\",\"orientation\":\"1\",\"keywords\":[\"Uzana, uskotra\u010dna, pruga, 0,76m,\"]},\"meta\":false,\"postlink\":\"https:\/\/vremeplov.ba\/2025\/2015\/06\/28\/analiza-o-opravdanosti-ukidanja-stanice-sarajevo-076m-januar-1968\/analiza_clanak_images_sarajevo_railway-26\/\"},{\"id\":29223,\"title\":\"analiza_clanak_images_sarajevo_railway-27\",\"url\":\"https:\/\/vremeplov.ba\/2025\/wp-content\/uploads\/2015\/06\/analiza_clanak_images_sarajevo_railway-27.jpg\",\"link\":\"https:\/\/vremeplov.ba\/2025\/2015\/06\/28\/analiza-o-opravdanosti-ukidanja-stanice-sarajevo-076m-januar-1968\/analiza_clanak_images_sarajevo_railway-27\/\",\"alt\":\"\",\"description\":\"\",\"caption\":\"\",\"mime\":\"image\/jpeg\",\"type\":\"image\",\"width\":950,\"height\":624,\"sizes\":{\"full\":{\"url\":\"https:\/\/vremeplov.ba\/2025\/wp-content\/uploads\/2015\/06\/analiza_clanak_images_sarajevo_railway-27.jpg\",\"height\":624,\"width\":950,\"orientation\":\"landscape\"}},\"imageMeta\":{\"aperture\":\"0\",\"credit\":\"Sre\u0107ko Ignjatovi\u0107, Sarajebo, BiH,\",\"camera\":\"\",\"caption\":\"\",\"created_timestamp\":\"0\",\"copyright\":\"www.photogalerija.com\",\"focal_length\":\"0\",\"iso\":\"0\",\"shutter_speed\":\"0\",\"title\":\"\",\"orientation\":\"1\",\"keywords\":[\"Uzana, uskotra\u010dna, pruga, 0,76m,\"]},\"meta\":false,\"postlink\":\"https:\/\/vremeplov.ba\/2025\/2015\/06\/28\/analiza-o-opravdanosti-ukidanja-stanice-sarajevo-076m-januar-1968\/analiza_clanak_images_sarajevo_railway-27\/\"},{\"id\":29225,\"title\":\"analiza_clanak_images_sarajevo_railway-28\",\"url\":\"https:\/\/vremeplov.ba\/2025\/wp-content\/uploads\/2015\/06\/analiza_clanak_images_sarajevo_railway-28.jpg\",\"link\":\"https:\/\/vremeplov.ba\/2025\/2015\/06\/28\/analiza-o-opravdanosti-ukidanja-stanice-sarajevo-076m-januar-1968\/analiza_clanak_images_sarajevo_railway-28\/\",\"alt\":\"\",\"description\":\"\",\"caption\":\"\",\"mime\":\"image\/jpeg\",\"type\":\"image\",\"width\":950,\"height\":661,\"sizes\":{\"full\":{\"url\":\"https:\/\/vremeplov.ba\/2025\/wp-content\/uploads\/2015\/06\/analiza_clanak_images_sarajevo_railway-28.jpg\",\"height\":661,\"width\":950,\"orientation\":\"landscape\"}},\"imageMeta\":{\"aperture\":\"0\",\"credit\":\"\",\"camera\":\"\",\"caption\":\"\",\"created_timestamp\":\"0\",\"copyright\":\"\",\"focal_length\":\"0\",\"iso\":\"0\",\"shutter_speed\":\"0\",\"title\":\"\",\"orientation\":\"1\",\"keywords\":[]},\"meta\":false,\"postlink\":\"https:\/\/vremeplov.ba\/2025\/2015\/06\/28\/analiza-o-opravdanosti-ukidanja-stanice-sarajevo-076m-januar-1968\/analiza_clanak_images_sarajevo_railway-28\/\"},{\"id\":29227,\"title\":\"analiza_clanak_images_sarajevo_railway-29\",\"url\":\"https:\/\/vremeplov.ba\/2025\/wp-content\/uploads\/2015\/06\/analiza_clanak_images_sarajevo_railway-29.jpg\",\"link\":\"https:\/\/vremeplov.ba\/2025\/2015\/06\/28\/analiza-o-opravdanosti-ukidanja-stanice-sarajevo-076m-januar-1968\/analiza_clanak_images_sarajevo_railway-29\/\",\"alt\":\"\",\"description\":\"\",\"caption\":\"\",\"mime\":\"image\/jpeg\",\"type\":\"image\",\"width\":950,\"height\":686,\"sizes\":{\"full\":{\"url\":\"https:\/\/vremeplov.ba\/2025\/wp-content\/uploads\/2015\/06\/analiza_clanak_images_sarajevo_railway-29.jpg\",\"height\":686,\"width\":950,\"orientation\":\"landscape\"}},\"imageMeta\":{\"aperture\":\"0\",\"credit\":\"\",\"camera\":\"\",\"caption\":\"\",\"created_timestamp\":\"0\",\"copyright\":\"\",\"focal_length\":\"0\",\"iso\":\"0\",\"shutter_speed\":\"0\",\"title\":\"\",\"orientation\":\"1\",\"keywords\":[]},\"meta\":false,\"postlink\":\"https:\/\/vremeplov.ba\/2025\/2015\/06\/28\/analiza-o-opravdanosti-ukidanja-stanice-sarajevo-076m-januar-1968\/analiza_clanak_images_sarajevo_railway-29\/\"},{\"id\":29229,\"title\":\"analiza_clanak_images_sarajevo_railway-30\",\"url\":\"https:\/\/vremeplov.ba\/2025\/wp-content\/uploads\/2015\/06\/analiza_clanak_images_sarajevo_railway-30.jpg\",\"link\":\"https:\/\/vremeplov.ba\/2025\/2015\/06\/28\/analiza-o-opravdanosti-ukidanja-stanice-sarajevo-076m-januar-1968\/analiza_clanak_images_sarajevo_railway-30\/\",\"alt\":\"\",\"description\":\"\",\"caption\":\"\",\"mime\":\"image\/jpeg\",\"type\":\"image\",\"width\":950,\"height\":684,\"sizes\":{\"full\":{\"url\":\"https:\/\/vremeplov.ba\/2025\/wp-content\/uploads\/2015\/06\/analiza_clanak_images_sarajevo_railway-30.jpg\",\"height\":684,\"width\":950,\"orientation\":\"landscape\"}},\"imageMeta\":{\"aperture\":\"0\",\"credit\":\"\",\"camera\":\"\",\"caption\":\"\",\"created_timestamp\":\"0\",\"copyright\":\"\",\"focal_length\":\"0\",\"iso\":\"0\",\"shutter_speed\":\"0\",\"title\":\"\",\"orientation\":\"1\",\"keywords\":[]},\"meta\":false,\"postlink\":\"https:\/\/vremeplov.ba\/2025\/2015\/06\/28\/analiza-o-opravdanosti-ukidanja-stanice-sarajevo-076m-januar-1968\/analiza_clanak_images_sarajevo_railway-30\/\"},{\"id\":29231,\"title\":\"analiza_clanak_images_sarajevo_railway-31\",\"url\":\"https:\/\/vremeplov.ba\/2025\/wp-content\/uploads\/2015\/06\/analiza_clanak_images_sarajevo_railway-31.jpg\",\"link\":\"https:\/\/vremeplov.ba\/2025\/2015\/06\/28\/analiza-o-opravdanosti-ukidanja-stanice-sarajevo-076m-januar-1968\/analiza_clanak_images_sarajevo_railway-31\/\",\"alt\":\"\",\"description\":\"\",\"caption\":\"\",\"mime\":\"image\/jpeg\",\"type\":\"image\",\"width\":950,\"height\":650,\"sizes\":{\"full\":{\"url\":\"https:\/\/vremeplov.ba\/2025\/wp-content\/uploads\/2015\/06\/analiza_clanak_images_sarajevo_railway-31.jpg\",\"height\":650,\"width\":950,\"orientation\":\"landscape\"}},\"imageMeta\":{\"aperture\":\"0\",\"credit\":\"\",\"camera\":\"\",\"caption\":\"\",\"created_timestamp\":\"0\",\"copyright\":\"\",\"focal_length\":\"0\",\"iso\":\"0\",\"shutter_speed\":\"0\",\"title\":\"\",\"orientation\":\"1\",\"keywords\":[]},\"meta\":false,\"postlink\":\"https:\/\/vremeplov.ba\/2025\/2015\/06\/28\/analiza-o-opravdanosti-ukidanja-stanice-sarajevo-076m-januar-1968\/analiza_clanak_images_sarajevo_railway-31\/\"},{\"id\":29233,\"title\":\"analiza_clanak_images_sarajevo_railway-32\",\"url\":\"https:\/\/vremeplov.ba\/2025\/wp-content\/uploads\/2015\/06\/analiza_clanak_images_sarajevo_railway-32.jpg\",\"link\":\"https:\/\/vremeplov.ba\/2025\/2015\/06\/28\/analiza-o-opravdanosti-ukidanja-stanice-sarajevo-076m-januar-1968\/analiza_clanak_images_sarajevo_railway-32\/\",\"alt\":\"\",\"description\":\"\",\"caption\":\"\",\"mime\":\"image\/jpeg\",\"type\":\"image\",\"width\":950,\"height\":596,\"sizes\":{\"full\":{\"url\":\"https:\/\/vremeplov.ba\/2025\/wp-content\/uploads\/2015\/06\/analiza_clanak_images_sarajevo_railway-32.jpg\",\"height\":596,\"width\":950,\"orientation\":\"landscape\"}},\"imageMeta\":{\"aperture\":\"0\",\"credit\":\"\",\"camera\":\"\",\"caption\":\"\",\"created_timestamp\":\"0\",\"copyright\":\"www.photogalerija.com\",\"focal_length\":\"0\",\"iso\":\"0\",\"shutter_speed\":\"0\",\"title\":\"\",\"orientation\":\"1\",\"keywords\":[]},\"meta\":false,\"postlink\":\"https:\/\/vremeplov.ba\/2025\/2015\/06\/28\/analiza-o-opravdanosti-ukidanja-stanice-sarajevo-076m-januar-1968\/analiza_clanak_images_sarajevo_railway-32\/\"},{\"id\":29235,\"title\":\"analiza_clanak_images_sarajevo_railway-33\",\"url\":\"https:\/\/vremeplov.ba\/2025\/wp-content\/uploads\/2015\/06\/analiza_clanak_images_sarajevo_railway-33.jpg\",\"link\":\"https:\/\/vremeplov.ba\/2025\/2015\/06\/28\/analiza-o-opravdanosti-ukidanja-stanice-sarajevo-076m-januar-1968\/analiza_clanak_images_sarajevo_railway-33\/\",\"alt\":\"\",\"description\":\"\",\"caption\":\"\",\"mime\":\"image\/jpeg\",\"type\":\"image\",\"width\":950,\"height\":606,\"sizes\":{\"full\":{\"url\":\"https:\/\/vremeplov.ba\/2025\/wp-content\/uploads\/2015\/06\/analiza_clanak_images_sarajevo_railway-33.jpg\",\"height\":606,\"width\":950,\"orientation\":\"landscape\"}},\"imageMeta\":{\"aperture\":\"0\",\"credit\":\"Srecko\",\"camera\":\"\",\"caption\":\"\",\"created_timestamp\":\"1392557579\",\"copyright\":\"www.photogalerija.com\",\"focal_length\":\"0\",\"iso\":\"0\",\"shutter_speed\":\"0\",\"title\":\"\",\"orientation\":\"1\",\"keywords\":[]},\"meta\":false,\"postlink\":\"https:\/\/vremeplov.ba\/2025\/2015\/06\/28\/analiza-o-opravdanosti-ukidanja-stanice-sarajevo-076m-januar-1968\/analiza_clanak_images_sarajevo_railway-33\/\"},{\"id\":29237,\"title\":\"analiza_clanak_images_sarajevo_railway-34\",\"url\":\"https:\/\/vremeplov.ba\/2025\/wp-content\/uploads\/2015\/06\/analiza_clanak_images_sarajevo_railway-34.jpg\",\"link\":\"https:\/\/vremeplov.ba\/2025\/2015\/06\/28\/analiza-o-opravdanosti-ukidanja-stanice-sarajevo-076m-januar-1968\/analiza_clanak_images_sarajevo_railway-34\/\",\"alt\":\"\",\"description\":\"\",\"caption\":\"\",\"mime\":\"image\/jpeg\",\"type\":\"image\",\"width\":950,\"height\":578,\"sizes\":{\"full\":{\"url\":\"https:\/\/vremeplov.ba\/2025\/wp-content\/uploads\/2015\/06\/analiza_clanak_images_sarajevo_railway-34.jpg\",\"height\":578,\"width\":950,\"orientation\":\"landscape\"}},\"imageMeta\":{\"aperture\":\"0\",\"credit\":\"Srecko\",\"camera\":\"\",\"caption\":\"\",\"created_timestamp\":\"1392557579\",\"copyright\":\"www.photogalerija.com\",\"focal_length\":\"0\",\"iso\":\"0\",\"shutter_speed\":\"0\",\"title\":\"\",\"orientation\":\"1\",\"keywords\":[\"Ostro\u017eac\"]},\"meta\":false,\"postlink\":\"https:\/\/vremeplov.ba\/2025\/2015\/06\/28\/analiza-o-opravdanosti-ukidanja-stanice-sarajevo-076m-januar-1968\/analiza_clanak_images_sarajevo_railway-34\/\"},{\"id\":29239,\"title\":\"analiza_clanak_images_sarajevo_railway-35\",\"url\":\"https:\/\/vremeplov.ba\/2025\/wp-content\/uploads\/2015\/06\/analiza_clanak_images_sarajevo_railway-35.jpg\",\"link\":\"https:\/\/vremeplov.ba\/2025\/2015\/06\/28\/analiza-o-opravdanosti-ukidanja-stanice-sarajevo-076m-januar-1968\/analiza_clanak_images_sarajevo_railway-35\/\",\"alt\":\"\",\"description\":\"\",\"caption\":\"\",\"mime\":\"image\/jpeg\",\"type\":\"image\",\"width\":950,\"height\":685,\"sizes\":{\"full\":{\"url\":\"https:\/\/vremeplov.ba\/2025\/wp-content\/uploads\/2015\/06\/analiza_clanak_images_sarajevo_railway-35.jpg\",\"height\":685,\"width\":950,\"orientation\":\"landscape\"}},\"imageMeta\":{\"aperture\":\"0\",\"credit\":\"Sre\u0107ko Ignjatovi\u0107, Sarajevo BiH\",\"camera\":\"\",\"caption\":\"\",\"created_timestamp\":\"0\",\"copyright\":\"www.photogalerija.com\",\"focal_length\":\"0\",\"iso\":\"0\",\"shutter_speed\":\"0\",\"title\":\"\",\"orientation\":\"1\",\"keywords\":[\"Uzane,uskotra\u010dne\"]},\"meta\":false,\"postlink\":\"https:\/\/vremeplov.ba\/2025\/2015\/06\/28\/analiza-o-opravdanosti-ukidanja-stanice-sarajevo-076m-januar-1968\/analiza_clanak_images_sarajevo_railway-35\/\"},{\"id\":29241,\"title\":\"analiza_clanak_images_sarajevo_railway-36\",\"url\":\"https:\/\/vremeplov.ba\/2025\/wp-content\/uploads\/2015\/06\/analiza_clanak_images_sarajevo_railway-36.jpg\",\"link\":\"https:\/\/vremeplov.ba\/2025\/2015\/06\/28\/analiza-o-opravdanosti-ukidanja-stanice-sarajevo-076m-januar-1968\/analiza_clanak_images_sarajevo_railway-36\/\",\"alt\":\"\",\"description\":\"\",\"caption\":\"\",\"mime\":\"image\/jpeg\",\"type\":\"image\",\"width\":950,\"height\":622,\"sizes\":{\"full\":{\"url\":\"https:\/\/vremeplov.ba\/2025\/wp-content\/uploads\/2015\/06\/analiza_clanak_images_sarajevo_railway-36.jpg\",\"height\":622,\"width\":950,\"orientation\":\"landscape\"}},\"imageMeta\":{\"aperture\":\"0\",\"credit\":\"Sre\u0107ko Ignjatovi\u0107, Sarajevo BiH\",\"camera\":\"\",\"caption\":\"\",\"created_timestamp\":\"0\",\"copyright\":\"www.photogalerija.com\",\"focal_length\":\"0\",\"iso\":\"0\",\"shutter_speed\":\"0\",\"title\":\"\",\"orientation\":\"1\",\"keywords\":[\"Uzane,uskotra\u010dne\"]},\"meta\":false,\"postlink\":\"https:\/\/vremeplov.ba\/2025\/2015\/06\/28\/analiza-o-opravdanosti-ukidanja-stanice-sarajevo-076m-januar-1968\/analiza_clanak_images_sarajevo_railway-36\/\"},{\"id\":29243,\"title\":\"analiza_clanak_images_sarajevo_railway-37\",\"url\":\"https:\/\/vremeplov.ba\/2025\/wp-content\/uploads\/2015\/06\/analiza_clanak_images_sarajevo_railway-37.jpg\",\"link\":\"https:\/\/vremeplov.ba\/2025\/2015\/06\/28\/analiza-o-opravdanosti-ukidanja-stanice-sarajevo-076m-januar-1968\/analiza_clanak_images_sarajevo_railway-37\/\",\"alt\":\"\",\"description\":\"\",\"caption\":\"\",\"mime\":\"image\/jpeg\",\"type\":\"image\",\"width\":950,\"height\":693,\"sizes\":{\"full\":{\"url\":\"https:\/\/vremeplov.ba\/2025\/wp-content\/uploads\/2015\/06\/analiza_clanak_images_sarajevo_railway-37.jpg\",\"height\":693,\"width\":950,\"orientation\":\"landscape\"}},\"imageMeta\":{\"aperture\":\"0\",\"credit\":\"\",\"camera\":\"\",\"caption\":\"\",\"created_timestamp\":\"0\",\"copyright\":\"www.photogalerija.com\",\"focal_length\":\"0\",\"iso\":\"0\",\"shutter_speed\":\"0\",\"title\":\"\",\"orientation\":\"1\",\"keywords\":[\"Dobrinje\"]},\"meta\":false,\"postlink\":\"https:\/\/vremeplov.ba\/2025\/2015\/06\/28\/analiza-o-opravdanosti-ukidanja-stanice-sarajevo-076m-januar-1968\/analiza_clanak_images_sarajevo_railway-37\/\"},{\"id\":29245,\"title\":\"analiza_clanak_images_sarajevo_railway-38\",\"url\":\"https:\/\/vremeplov.ba\/2025\/wp-content\/uploads\/2015\/06\/analiza_clanak_images_sarajevo_railway-38.jpg\",\"link\":\"https:\/\/vremeplov.ba\/2025\/2015\/06\/28\/analiza-o-opravdanosti-ukidanja-stanice-sarajevo-076m-januar-1968\/analiza_clanak_images_sarajevo_railway-38\/\",\"alt\":\"\",\"description\":\"\",\"caption\":\"\",\"mime\":\"image\/jpeg\",\"type\":\"image\",\"width\":950,\"height\":617,\"sizes\":{\"full\":{\"url\":\"https:\/\/vremeplov.ba\/2025\/wp-content\/uploads\/2015\/06\/analiza_clanak_images_sarajevo_railway-38.jpg\",\"height\":617,\"width\":950,\"orientation\":\"landscape\"}},\"imageMeta\":{\"aperture\":\"0\",\"credit\":\"\",\"camera\":\"\",\"caption\":\"\",\"created_timestamp\":\"0\",\"copyright\":\"\",\"focal_length\":\"0\",\"iso\":\"0\",\"shutter_speed\":\"0\",\"title\":\"\",\"orientation\":\"1\",\"keywords\":[]},\"meta\":false,\"postlink\":\"https:\/\/vremeplov.ba\/2025\/2015\/06\/28\/analiza-o-opravdanosti-ukidanja-stanice-sarajevo-076m-januar-1968\/analiza_clanak_images_sarajevo_railway-38\/\"},{\"id\":29247,\"title\":\"analiza_clanak_images_sarajevo_railway-39\",\"url\":\"https:\/\/vremeplov.ba\/2025\/wp-content\/uploads\/2015\/06\/analiza_clanak_images_sarajevo_railway-39.jpg\",\"link\":\"https:\/\/vremeplov.ba\/2025\/2015\/06\/28\/analiza-o-opravdanosti-ukidanja-stanice-sarajevo-076m-januar-1968\/analiza_clanak_images_sarajevo_railway-39\/\",\"alt\":\"\",\"description\":\"\",\"caption\":\"\",\"mime\":\"image\/jpeg\",\"type\":\"image\",\"width\":950,\"height\":725,\"sizes\":{\"full\":{\"url\":\"https:\/\/vremeplov.ba\/2025\/wp-content\/uploads\/2015\/06\/analiza_clanak_images_sarajevo_railway-39.jpg\",\"height\":725,\"width\":950,\"orientation\":\"landscape\"}},\"imageMeta\":{\"aperture\":\"0\",\"credit\":\"Sre\u0107ko Ignjatovi\u0107, Sarajevo BiH\",\"camera\":\"\",\"caption\":\"\",\"created_timestamp\":\"0\",\"copyright\":\"www.photogalerija.com\",\"focal_length\":\"0\",\"iso\":\"0\",\"shutter_speed\":\"0\",\"title\":\"\",\"orientation\":\"1\",\"keywords\":[\"Uzana, uskotra\u010dna, pruga, 0,76m,\"]},\"meta\":false,\"postlink\":\"https:\/\/vremeplov.ba\/2025\/2015\/06\/28\/analiza-o-opravdanosti-ukidanja-stanice-sarajevo-076m-januar-1968\/analiza_clanak_images_sarajevo_railway-39\/\"},{\"id\":29249,\"title\":\"analiza_clanak_images_sarajevo_railway-40\",\"url\":\"https:\/\/vremeplov.ba\/2025\/wp-content\/uploads\/2015\/06\/analiza_clanak_images_sarajevo_railway-40.jpg\",\"link\":\"https:\/\/vremeplov.ba\/2025\/2015\/06\/28\/analiza-o-opravdanosti-ukidanja-stanice-sarajevo-076m-januar-1968\/analiza_clanak_images_sarajevo_railway-40\/\",\"alt\":\"\",\"description\":\"\",\"caption\":\"\",\"mime\":\"image\/jpeg\",\"type\":\"image\",\"width\":950,\"height\":723,\"sizes\":{\"full\":{\"url\":\"https:\/\/vremeplov.ba\/2025\/wp-content\/uploads\/2015\/06\/analiza_clanak_images_sarajevo_railway-40.jpg\",\"height\":723,\"width\":950,\"orientation\":\"landscape\"}},\"imageMeta\":{\"aperture\":\"0\",\"credit\":\"Sre\u0107ko Ignjatovi\u0107, Sarajevo BiH\",\"camera\":\"\",\"caption\":\"\",\"created_timestamp\":\"0\",\"copyright\":\"www.photogalerija.com\",\"focal_length\":\"0\",\"iso\":\"0\",\"shutter_speed\":\"0\",\"title\":\"\",\"orientation\":\"1\",\"keywords\":[\"Uzana, uskotra\u010dna, pruga, 0,76m,\"]},\"meta\":false,\"postlink\":\"https:\/\/vremeplov.ba\/2025\/2015\/06\/28\/analiza-o-opravdanosti-ukidanja-stanice-sarajevo-076m-januar-1968\/analiza_clanak_images_sarajevo_railway-40\/\"},{\"id\":29251,\"title\":\"Der-alte-Bahnhof-Sarajevo-Innen\",\"url\":\"https:\/\/vremeplov.ba\/2025\/wp-content\/uploads\/2015\/06\/Der-alte-Bahnhof-Sarajevo-Innen.jpg\",\"link\":\"https:\/\/vremeplov.ba\/2025\/2015\/06\/28\/analiza-o-opravdanosti-ukidanja-stanice-sarajevo-076m-januar-1968\/der-alte-bahnhof-sarajevo-innen-2\/\",\"alt\":\"\",\"description\":\"\",\"caption\":\"\",\"mime\":\"image\/jpeg\",\"type\":\"image\",\"width\":950,\"height\":650,\"sizes\":{\"full\":{\"url\":\"https:\/\/vremeplov.ba\/2025\/wp-content\/uploads\/2015\/06\/Der-alte-Bahnhof-Sarajevo-Innen.jpg\",\"height\":650,\"width\":950,\"orientation\":\"landscape\"}},\"imageMeta\":{\"aperture\":\"0\",\"credit\":\"Sre\u0107ko Ignjatovi\u0107 Sarajevo BiH\",\"camera\":\"\",\"caption\":\"\",\"created_timestamp\":\"1450866073\",\"copyright\":\"www.photogalerija.com\",\"focal_length\":\"0\",\"iso\":\"0\",\"shutter_speed\":\"0\",\"title\":\"\",\"orientation\":\"1\",\"keywords\":[\"Schmalspurbahn in Bosnien\",\"Waldbahn Bosnia\",\"uzane pruge\",\"uskotra\u010dne pruge\",\"\u017eeljeznica\",\"lokomotiven\",\"parne lokomotive\",\"stanice uzane pruge u Bosni\"]},\"meta\":false,\"postlink\":\"https:\/\/vremeplov.ba\/2025\/2015\/06\/28\/analiza-o-opravdanosti-ukidanja-stanice-sarajevo-076m-januar-1968\/der-alte-bahnhof-sarajevo-innen-2\/\"},{\"id\":29253,\"title\":\"Nadvoznjak_lozionicka_sarajevo\",\"url\":\"https:\/\/vremeplov.ba\/2025\/wp-content\/uploads\/2015\/06\/Nadvoznjak_lozionicka_sarajevo.jpg\",\"link\":\"https:\/\/vremeplov.ba\/2025\/2015\/06\/28\/analiza-o-opravdanosti-ukidanja-stanice-sarajevo-076m-januar-1968\/nadvoznjak_lozionicka_sarajevo-2\/\",\"alt\":\"\",\"description\":\"\",\"caption\":\"\",\"mime\":\"image\/jpeg\",\"type\":\"image\",\"width\":950,\"height\":673,\"sizes\":{\"full\":{\"url\":\"https:\/\/vremeplov.ba\/2025\/wp-content\/uploads\/2015\/06\/Nadvoznjak_lozionicka_sarajevo.jpg\",\"height\":673,\"width\":950,\"orientation\":\"landscape\"}},\"imageMeta\":{\"aperture\":\"0\",\"credit\":\"Sre\u0107ko Ignjatovi\u0107 Sarajevo BiH\",\"camera\":\"\",\"caption\":\"\",\"created_timestamp\":\"0\",\"copyright\":\"www.photogalerija.com\",\"focal_length\":\"0\",\"iso\":\"0\",\"shutter_speed\":\"0\",\"title\":\"\",\"orientation\":\"1\",\"keywords\":[\"\u017divko Jo\u0161ilo\",\"zgrada \u0161ibica\",\"prva pomo\u0107\",\"nadvo\u017enjak\",\"uzana pruga\"]},\"meta\":false,\"postlink\":\"https:\/\/vremeplov.ba\/2025\/2015\/06\/28\/analiza-o-opravdanosti-ukidanja-stanice-sarajevo-076m-januar-1968\/nadvoznjak_lozionicka_sarajevo-2\/\"},{\"id\":29255,\"title\":\"Old-Station-Sarajevo\",\"url\":\"https:\/\/vremeplov.ba\/2025\/wp-content\/uploads\/2015\/06\/Old-Station-Sarajevo.jpg\",\"link\":\"https:\/\/vremeplov.ba\/2025\/2015\/06\/28\/analiza-o-opravdanosti-ukidanja-stanice-sarajevo-076m-januar-1968\/old-station-sarajevo-2\/\",\"alt\":\"\",\"description\":\"\",\"caption\":\"\",\"mime\":\"image\/jpeg\",\"type\":\"image\",\"width\":950,\"height\":646,\"sizes\":{\"full\":{\"url\":\"https:\/\/vremeplov.ba\/2025\/wp-content\/uploads\/2015\/06\/Old-Station-Sarajevo.jpg\",\"height\":646,\"width\":950,\"orientation\":\"landscape\"}},\"imageMeta\":{\"aperture\":\"0\",\"credit\":\"Sre\u0107ko Ignjatovi\u0107 Sarajevo BiH\",\"camera\":\"\",\"caption\":\"\",\"created_timestamp\":\"0\",\"copyright\":\"www.photogalerija.com\",\"focal_length\":\"0\",\"iso\":\"0\",\"shutter_speed\":\"0\",\"title\":\"\",\"orientation\":\"1\",\"keywords\":[\"Schmalspurbahn in Bosnien\",\"Waldbahn Bosnia\",\"uzane pruge\",\"uskotra\u010dne pruge\",\"\u017eeljeznica\",\"lokomotiven\",\"parne lokomotive\",\"stanice uzane pruge u Bosni\"]},\"meta\":false,\"postlink\":\"https:\/\/vremeplov.ba\/2025\/2015\/06\/28\/analiza-o-opravdanosti-ukidanja-stanice-sarajevo-076m-januar-1968\/old-station-sarajevo-2\/\"},{\"id\":29257,\"title\":\"Old-Station-Sarajevo_lok_83\",\"url\":\"https:\/\/vremeplov.ba\/2025\/wp-content\/uploads\/2015\/06\/Old-Station-Sarajevo_lok_83.jpg\",\"link\":\"https:\/\/vremeplov.ba\/2025\/2015\/06\/28\/analiza-o-opravdanosti-ukidanja-stanice-sarajevo-076m-januar-1968\/old-station-sarajevo_lok_83-2\/\",\"alt\":\"\",\"description\":\"\",\"caption\":\"\",\"mime\":\"image\/jpeg\",\"type\":\"image\",\"width\":950,\"height\":653,\"sizes\":{\"full\":{\"url\":\"https:\/\/vremeplov.ba\/2025\/wp-content\/uploads\/2015\/06\/Old-Station-Sarajevo_lok_83.jpg\",\"height\":653,\"width\":950,\"orientation\":\"landscape\"}},\"imageMeta\":{\"aperture\":\"0\",\"credit\":\"Sre\u0107ko Ignjatovi\u0107 Sarajevo BiH\",\"camera\":\"\",\"caption\":\"\",\"created_timestamp\":\"0\",\"copyright\":\"www.photogalerija.com\",\"focal_length\":\"0\",\"iso\":\"0\",\"shutter_speed\":\"0\",\"title\":\"\",\"orientation\":\"1\",\"keywords\":[\"Schmalspurbahn in Bosnien\",\"Waldbahn Bosnia\",\"uzane pruge\",\"uskotra\u010dne pruge\",\"\u017eeljeznica\",\"lokomotiven\",\"parne lokomotive\",\"stanice uzane pruge u Bosni\"]},\"meta\":false,\"postlink\":\"https:\/\/vremeplov.ba\/2025\/2015\/06\/28\/analiza-o-opravdanosti-ukidanja-stanice-sarajevo-076m-januar-1968\/old-station-sarajevo_lok_83-2\/\"},{\"id\":29259,\"title\":\"Old-Station-Sarajevo_platforms\",\"url\":\"https:\/\/vremeplov.ba\/2025\/wp-content\/uploads\/2015\/06\/Old-Station-Sarajevo_platforms.jpg\",\"link\":\"https:\/\/vremeplov.ba\/2025\/2015\/06\/28\/analiza-o-opravdanosti-ukidanja-stanice-sarajevo-076m-januar-1968\/old-station-sarajevo_platforms-2\/\",\"alt\":\"\",\"description\":\"\",\"caption\":\"\",\"mime\":\"image\/jpeg\",\"type\":\"image\",\"width\":950,\"height\":653,\"sizes\":{\"full\":{\"url\":\"https:\/\/vremeplov.ba\/2025\/wp-content\/uploads\/2015\/06\/Old-Station-Sarajevo_platforms.jpg\",\"height\":653,\"width\":950,\"orientation\":\"landscape\"}},\"imageMeta\":{\"aperture\":\"0\",\"credit\":\"Sre\u0107ko Ignjatovi\u0107 Sarajevo BiH\",\"camera\":\"\",\"caption\":\"\",\"created_timestamp\":\"0\",\"copyright\":\"www.photogalerija.com\",\"focal_length\":\"0\",\"iso\":\"0\",\"shutter_speed\":\"0\",\"title\":\"\",\"orientation\":\"1\",\"keywords\":[\"Schmalspurbahn in Bosnien\",\"Waldbahn Bosnia\",\"uzane pruge\",\"uskotra\u010dne pruge\",\"\u017eeljeznica\",\"lokomotiven\",\"parne lokomotive\",\"stanice uzane pruge u Bosni\"]},\"meta\":false,\"postlink\":\"https:\/\/vremeplov.ba\/2025\/2015\/06\/28\/analiza-o-opravdanosti-ukidanja-stanice-sarajevo-076m-januar-1968\/old-station-sarajevo_platforms-2\/\"},{\"id\":29261,\"title\":\"Sarajevo_760_mm_stanica-2\",\"url\":\"https:\/\/vremeplov.ba\/2025\/wp-content\/uploads\/2015\/06\/Sarajevo_760_mm_stanica-2.jpg\",\"link\":\"https:\/\/vremeplov.ba\/2025\/2015\/06\/28\/analiza-o-opravdanosti-ukidanja-stanice-sarajevo-076m-januar-1968\/sarajevo_760_mm_stanica-2-2\/\",\"alt\":\"\",\"description\":\"\",\"caption\":\"\",\"mime\":\"image\/jpeg\",\"type\":\"image\",\"width\":950,\"height\":686,\"sizes\":{\"full\":{\"url\":\"https:\/\/vremeplov.ba\/2025\/wp-content\/uploads\/2015\/06\/Sarajevo_760_mm_stanica-2.jpg\",\"height\":686,\"width\":950,\"orientation\":\"landscape\"}},\"imageMeta\":{\"aperture\":\"0\",\"credit\":\"Sre\u0107ko Ignjatovi\u0107 Sarajevo BiH\",\"camera\":\"\",\"caption\":\"\",\"created_timestamp\":\"0\",\"copyright\":\"www.photogalerija.com\",\"focal_length\":\"0\",\"iso\":\"0\",\"shutter_speed\":\"0\",\"title\":\"\",\"orientation\":\"1\",\"keywords\":[\"stara stanica\",\"sarajevo\",\"ru\u0161enje stanice\",\"uzana pruga\"]},\"meta\":false,\"postlink\":\"https:\/\/vremeplov.ba\/2025\/2015\/06\/28\/analiza-o-opravdanosti-ukidanja-stanice-sarajevo-076m-januar-1968\/sarajevo_760_mm_stanica-2-2\/\"},{\"id\":29263,\"title\":\"Sarajevo_760_mm_stanica-3\",\"url\":\"https:\/\/vremeplov.ba\/2025\/wp-content\/uploads\/2015\/06\/Sarajevo_760_mm_stanica-3.jpg\",\"link\":\"https:\/\/vremeplov.ba\/2025\/2015\/06\/28\/analiza-o-opravdanosti-ukidanja-stanice-sarajevo-076m-januar-1968\/sarajevo_760_mm_stanica-3-2\/\",\"alt\":\"\",\"description\":\"\",\"caption\":\"\",\"mime\":\"image\/jpeg\",\"type\":\"image\",\"width\":950,\"height\":693,\"sizes\":{\"full\":{\"url\":\"https:\/\/vremeplov.ba\/2025\/wp-content\/uploads\/2015\/06\/Sarajevo_760_mm_stanica-3.jpg\",\"height\":693,\"width\":950,\"orientation\":\"landscape\"}},\"imageMeta\":{\"aperture\":\"0\",\"credit\":\"Sre\u0107ko Ignjatovi\u0107 Sarajevo BiH\",\"camera\":\"\",\"caption\":\"\",\"created_timestamp\":\"0\",\"copyright\":\"www.photogalerija.com\",\"focal_length\":\"0\",\"iso\":\"0\",\"shutter_speed\":\"0\",\"title\":\"\",\"orientation\":\"1\",\"keywords\":[\"stara stanica\",\"sarajevo\",\"ru\u0161enje stanice\",\"uzana pruga\"]},\"meta\":false,\"postlink\":\"https:\/\/vremeplov.ba\/2025\/2015\/06\/28\/analiza-o-opravdanosti-ukidanja-stanice-sarajevo-076m-januar-1968\/sarajevo_760_mm_stanica-3-2\/\"},{\"id\":29265,\"title\":\"Sarajevo_760_mm_stanica-4\",\"url\":\"https:\/\/vremeplov.ba\/2025\/wp-content\/uploads\/2015\/06\/Sarajevo_760_mm_stanica-4.jpg\",\"link\":\"https:\/\/vremeplov.ba\/2025\/2015\/06\/28\/analiza-o-opravdanosti-ukidanja-stanice-sarajevo-076m-januar-1968\/sarajevo_760_mm_stanica-4-2\/\",\"alt\":\"\",\"description\":\"\",\"caption\":\"\",\"mime\":\"image\/jpeg\",\"type\":\"image\",\"width\":950,\"height\":798,\"sizes\":{\"full\":{\"url\":\"https:\/\/vremeplov.ba\/2025\/wp-content\/uploads\/2015\/06\/Sarajevo_760_mm_stanica-4.jpg\",\"height\":798,\"width\":950,\"orientation\":\"landscape\"}},\"imageMeta\":{\"aperture\":\"0\",\"credit\":\"Sre\u0107ko Ignjatovi\u0107 Sarajevo BiH\",\"camera\":\"\",\"caption\":\"\",\"created_timestamp\":\"0\",\"copyright\":\"www.photogalerija.com\",\"focal_length\":\"0\",\"iso\":\"0\",\"shutter_speed\":\"0\",\"title\":\"\",\"orientation\":\"1\",\"keywords\":[\"stara stanica\",\"sarajevo\",\"ru\u0161enje stanice\",\"uzana pruga\"]},\"meta\":false,\"postlink\":\"https:\/\/vremeplov.ba\/2025\/2015\/06\/28\/analiza-o-opravdanosti-ukidanja-stanice-sarajevo-076m-januar-1968\/sarajevo_760_mm_stanica-4-2\/\"},{\"id\":29267,\"title\":\"Sarajevo_760_mm_stanica-5\",\"url\":\"https:\/\/vremeplov.ba\/2025\/wp-content\/uploads\/2015\/06\/Sarajevo_760_mm_stanica-5.jpg\",\"link\":\"https:\/\/vremeplov.ba\/2025\/2015\/06\/28\/analiza-o-opravdanosti-ukidanja-stanice-sarajevo-076m-januar-1968\/sarajevo_760_mm_stanica-5-2\/\",\"alt\":\"\",\"description\":\"\",\"caption\":\"\",\"mime\":\"image\/jpeg\",\"type\":\"image\",\"width\":950,\"height\":627,\"sizes\":{\"full\":{\"url\":\"https:\/\/vremeplov.ba\/2025\/wp-content\/uploads\/2015\/06\/Sarajevo_760_mm_stanica-5.jpg\",\"height\":627,\"width\":950,\"orientation\":\"landscape\"}},\"imageMeta\":{\"aperture\":\"0\",\"credit\":\"Sre\u0107ko Ignjatovi\u0107\",\"camera\":\"\",\"caption\":\"\",\"created_timestamp\":\"1449162239\",\"copyright\":\"www.photogalerija.com\",\"focal_length\":\"0\",\"iso\":\"0\",\"shutter_speed\":\"0\",\"title\":\"\",\"orientation\":\"1\",\"keywords\":[\"stara stanica\",\"sarajevo uzani\",\"\u017eeljeznica\"]},\"meta\":false,\"postlink\":\"https:\/\/vremeplov.ba\/2025\/2015\/06\/28\/analiza-o-opravdanosti-ukidanja-stanice-sarajevo-076m-januar-1968\/sarajevo_760_mm_stanica-5-2\/\"},{\"id\":29269,\"title\":\"Sarajevo_lok_5565\",\"url\":\"https:\/\/vremeplov.ba\/2025\/wp-content\/uploads\/2015\/06\/Sarajevo_lok_5565.jpg\",\"link\":\"https:\/\/vremeplov.ba\/2025\/2015\/06\/28\/analiza-o-opravdanosti-ukidanja-stanice-sarajevo-076m-januar-1968\/sarajevo_lok_5565-2\/\",\"alt\":\"\",\"description\":\"\",\"caption\":\"\",\"mime\":\"image\/jpeg\",\"type\":\"image\",\"width\":950,\"height\":651,\"sizes\":{\"full\":{\"url\":\"https:\/\/vremeplov.ba\/2025\/wp-content\/uploads\/2015\/06\/Sarajevo_lok_5565.jpg\",\"height\":651,\"width\":950,\"orientation\":\"landscape\"}},\"imageMeta\":{\"aperture\":\"0\",\"credit\":\"Sre\u0107ko Ignjatovi\u0107 Sarajevo BiH\",\"camera\":\"\",\"caption\":\"\",\"created_timestamp\":\"0\",\"copyright\":\"www.photogalerija.com\",\"focal_length\":\"0\",\"iso\":\"0\",\"shutter_speed\":\"0\",\"title\":\"\",\"orientation\":\"1\",\"keywords\":[\"Schmalspurbahn in Bosnien\",\"Waldbahn Bosnia\",\"uzane pruge\",\"uskotra\u010dne pruge\",\"\u017eeljeznica\",\"lokomotiven\",\"parne lokomotive\",\"stanice uzane pruge u Bosni\"]},\"meta\":false,\"postlink\":\"https:\/\/vremeplov.ba\/2025\/2015\/06\/28\/analiza-o-opravdanosti-ukidanja-stanice-sarajevo-076m-januar-1968\/sarajevo_lok_5565-2\/\"},{\"id\":29271,\"title\":\"Sarajevo_station_Bistrik\",\"url\":\"https:\/\/vremeplov.ba\/2025\/wp-content\/uploads\/2015\/06\/Sarajevo_station_Bistrik.jpg\",\"link\":\"https:\/\/vremeplov.ba\/2025\/2015\/06\/28\/analiza-o-opravdanosti-ukidanja-stanice-sarajevo-076m-januar-1968\/sarajevo_station_bistrik-2\/\",\"alt\":\"\",\"description\":\"\",\"caption\":\"\",\"mime\":\"image\/jpeg\",\"type\":\"image\",\"width\":950,\"height\":796,\"sizes\":{\"full\":{\"url\":\"https:\/\/vremeplov.ba\/2025\/wp-content\/uploads\/2015\/06\/Sarajevo_station_Bistrik.jpg\",\"height\":796,\"width\":950,\"orientation\":\"landscape\"}},\"imageMeta\":{\"aperture\":\"0\",\"credit\":\"Sre\u0107ko Ignjatovi\u0107 Sarajevo BiH\",\"camera\":\"\",\"caption\":\"\",\"created_timestamp\":\"0\",\"copyright\":\"www.photogalerija.com\",\"focal_length\":\"0\",\"iso\":\"0\",\"shutter_speed\":\"0\",\"title\":\"\",\"orientation\":\"1\",\"keywords\":[\"Schmalspurbahn in Bosnien\",\"Waldbahn Bosnia\",\"uzane pruge\",\"uskotra\u010dne pruge\",\"\u017eeljeznica\",\"lokomotiven\",\"parne lokomotive\",\"stanice uzane pruge u Bosni\"]},\"meta\":false,\"postlink\":\"https:\/\/vremeplov.ba\/2025\/2015\/06\/28\/analiza-o-opravdanosti-ukidanja-stanice-sarajevo-076m-januar-1968\/sarajevo_station_bistrik-2\/\"}],\"hasCustomCSS\":false,\"customCSS\":\"\",\"otterConditions\":[],\"itemsMetaDataCollection\":[]}<\/script><script>(function(){if(window.PGC_SGB && window.PGC_SGB.searcher){window.PGC_SGB.searcher.initBlocks()}})()<\/script><\/div>","protected":false},"excerpt":{"rendered":"<p>Cijenjeni posjetitelji portala vremeplov.ba! Ovom prilikom, isklju\u010divo, putem arhivskog dokumenta dajemo \u201ekona\u010dan\u201c odgovor o opravdanosti ukidanja pruga \u0161irine 0,76 m u gradu Sarajevu, koje su imale uzane stanice Sarajevo, Alipa\u0161in Most i Bistrik. Usvajanje programa o modernizaciji J\u017d, 1964. godine, uklju\u010divalo je i masovno ukidanje uzanih i nerentabilnih pruga na podru\u010dju cijele Jugoslavije. Tada, \u017deljezni\u010dko&hellip;&nbsp;<a href=\"https:\/\/vremeplov.ba\/2025\/hr\/2025\/07\/18\/analiza-o-opravdanosti-ukidanja-stanice-sarajevo-076m-sijecanj-1968\/\" rel=\"bookmark\">Read More &raquo;<span class=\"screen-reader-text\">Analiza o opravdanosti ukidanja stanice Sarajevo 0,76m, sije\u010danj 1968.<\/span><\/a><\/p>\n","protected":false},"author":1,"featured_media":0,"comment_status":"open","ping_status":"closed","sticky":false,"template":"","format":"standard","meta":{"give_campaign_id":0,"neve_meta_sidebar":"","neve_meta_container":"","neve_meta_enable_content_width":"","neve_meta_content_width":0,"neve_meta_title_alignment":"","neve_meta_author_avatar":"","neve_post_elements_order":"","neve_meta_disable_header":"","neve_meta_disable_footer":"","neve_meta_disable_title":"","ngg_post_thumbnail":0,"pgc_sgb_lightbox_settings":"","_themeisle_gutenberg_block_has_review":false,"footnotes":""},"categories":[261],"tags":[],"class_list":["post-36091","post","type-post","status-publish","format-standard","hentry","category-zeljeznicko_stivo"],"_links":{"self":[{"href":"https:\/\/vremeplov.ba\/2025\/wp-json\/wp\/v2\/posts\/36091","targetHints":{"allow":["GET"]}}],"collection":[{"href":"https:\/\/vremeplov.ba\/2025\/wp-json\/wp\/v2\/posts"}],"about":[{"href":"https:\/\/vremeplov.ba\/2025\/wp-json\/wp\/v2\/types\/post"}],"author":[{"embeddable":true,"href":"https:\/\/vremeplov.ba\/2025\/wp-json\/wp\/v2\/users\/1"}],"replies":[{"embeddable":true,"href":"https:\/\/vremeplov.ba\/2025\/wp-json\/wp\/v2\/comments?post=36091"}],"version-history":[{"count":1,"href":"https:\/\/vremeplov.ba\/2025\/wp-json\/wp\/v2\/posts\/36091\/revisions"}],"predecessor-version":[{"id":36093,"href":"https:\/\/vremeplov.ba\/2025\/wp-json\/wp\/v2\/posts\/36091\/revisions\/36093"}],"wp:attachment":[{"href":"https:\/\/vremeplov.ba\/2025\/wp-json\/wp\/v2\/media?parent=36091"}],"wp:term":[{"taxonomy":"category","embeddable":true,"href":"https:\/\/vremeplov.ba\/2025\/wp-json\/wp\/v2\/categories?post=36091"},{"taxonomy":"post_tag","embeddable":true,"href":"https:\/\/vremeplov.ba\/2025\/wp-json\/wp\/v2\/tags?post=36091"}],"curies":[{"name":"wp","href":"https:\/\/api.w.org\/{rel}","templated":true}]}}