{"id":36126,"date":"2025-07-18T14:22:13","date_gmt":"2025-07-18T12:22:13","guid":{"rendered":"https:\/\/vremeplov.ba\/2025\/?p=36126"},"modified":"2025-07-18T14:22:18","modified_gmt":"2025-07-18T12:22:18","slug":"raspored-voznji-bosanskohercegovackih-zeljeznica-oktobar-1912-godine","status":"publish","type":"post","link":"https:\/\/vremeplov.ba\/2025\/sr-latn\/2025\/07\/18\/raspored-voznji-bosanskohercegovackih-zeljeznica-oktobar-1912-godine\/","title":{"rendered":"Raspored vo\u017enji bosanskohercegova\u010dkih \u017eeljeznica \u2013 oktobar 1912. godine"},"content":{"rendered":"<div class=\"wp-block-image\">\n<figure class=\"alignleft\"><a href=\"https:\/\/vremeplov.ba\/2025\/wp-content\/uploads\/2015\/06\/red-voznje-1912.jpg\"><img decoding=\"async\" src=\"https:\/\/vremeplov.ba\/2025\/wp-content\/uploads\/2015\/06\/red-voznje-1912.jpg\" alt=\"red voznje 1912\" class=\"wp-image-7367\"\/><\/a><\/figure>\n<\/div>\n\n\n<p>Objavljujem red vo\u017enje (kurir, Winterfahrordnung 1912.\/13.) i automobilskih pruga \u017eeljeznica Bosne i Hercegovine sa va\u017eno\u0161\u0107u od oktobra 1912.\/13. godine, uz napomenu da su carske i kraljevske austrijske dr\u017eavne \u017eeljeznice pod nadzorom BH zemaljskih \u017eeljeznica.<\/p>\n\n\n\n<p>Original naslov: <em>Behrijski Hercegovinski Kurir \/ Red vo\u017enje bosanskohercegova\u010dkih \u017eeleznica i automobilske rute, va\u017ee\u0107i od 1. oktobra 1912. godine.<\/em><\/p>\n\n\n\n<p>&nbsp;<\/p>\n\n\n\n<p>&nbsp;<\/p>\n\n\n\n<p>&nbsp;<\/p>\n\n\n\n<p>Iz sadr\u017eaja reda vo\u017enje:<\/p>\n\n\n\n<ol class=\"wp-block-list\">\n<li><strong>Bosanski Brod \u2013 Sarajevo<\/strong> i obratno (veza sa direktnim vlakom u stanici Doboj iz\/za Tuzlu i vlakom u stanici La\u0161va iz\/za Travnik \u2013 Jajce i obratno),<\/li>\n\n\n\n<li><strong>Sarajevo \u2013 Gru\u017e<\/strong> (Gravosa\/Dubrovnik) i obratno (veza sa direktnim vlakom u stanici Uskoplje iz\/za Trebinje),<\/li>\n\n\n\n<li><strong>Uskoplje \u2013 Zelenika<\/strong> i obratno,<\/li>\n\n\n\n<li><strong>Hum \u2013 Trebinje<\/strong> i obratno (sa direktnom vezom iz Mostara, Zelenike i Gru\u017ea),<\/li>\n\n\n\n<li><strong>Gabela \u2013 Metkovi\u0107i<\/strong> i obratno,<\/li>\n\n\n\n<li><strong>Sarajevo \u2013 Vi\u0161egrad \u2013 Vardi\u0161te<\/strong> via Me\u0111e\u0111a i obratno i <strong>Sarajevo \u2013 Uvac <\/strong>via Me\u0111e\u0111a i obratno,<\/li>\n\n\n\n<li><strong>Semizovac \u2013 \u010cevljanovi\u0107i<\/strong> i obratno,<\/li>\n\n\n\n<li><strong>Podlugovi \u2013 Vare\u0161<\/strong> i obratno,<\/li>\n\n\n\n<li><strong>La\u0161va \u2013 Bugojno <\/strong>via Donji Vakuf i obratno i <strong>Donji Vakuf \u2013 Jajce<\/strong> i obratno,<\/li>\n\n\n\n<li><strong>Doboj \u2013 Simin Han <\/strong>via Karanovac &#8211; Tuzla i obratno,<\/li>\n\n\n\n<li><strong>Karanovac \u2013 Gra\u010danica<\/strong> i obratno,<\/li>\n\n\n\n<li><strong>Usora \u2013 Pribini\u0107 <\/strong>via Tesli\u0107 i obratno. \u0160umsko\u2013industrijska pruga austrijskog industrijalca Ota \u0160tajnbajsa (<em>Waldbahn Usora \u2013 Pribini\u0107<\/em>). <em>Napomena: Dio pruge od Tesli\u0107a do Pribini\u0107a ukinut je poslije drugog svjetskog rata, a pruga Usora \u2013 Tesli\u0107 1. aprila <\/em><em>1<\/em><em>968<\/em><em>. godine.<\/em><\/li>\n\n\n\n<li><strong>Dobrljin \u2013 Banja Luka<\/strong> i obratno. Ovim redom vo\u017enje uplanjeni su direktni vlakovi iz Wiena, Budimpe\u0161te, Trsta do Zagreba i nastavak vo\u017enje iz Zagreba via Sisak (<em>Sziszek<\/em>) i Dobrljin (<em>Doberlin<\/em>) do Banja Luke. <em>Napomena: Dio pruge (normalni kolosijek 1435 mm) Dobrljin \u2013 Banja Luka su bile pod nadzorom kao C. i kr. vojni\u010dka \u017eeljeznica, odnosno K. und k. Milit\u00e4rbahn Banjaluka \u2013 Doberlin.&nbsp;&nbsp;&nbsp;&nbsp; <\/em><\/li>\n\n\n\n<li><strong>Banja Luka \u2013 Jajce<\/strong> i obratno <em>opstoje<\/em> redovite vo\u017enje automobilom tj. <em>automobilna<\/em> linija (pruga) Banja Luka \u2013 Jajce ( <em>Automobillinie Banjaluka \u2013 Jajce<\/em>) pod nadzornom upravom <em> und k. Milit\u00e4rbahn Banjaluka \u2013 Doberlin.&nbsp;&nbsp;&nbsp;&nbsp; <\/em><\/li>\n<\/ol>\n\n\n\n<p>U prilogu fotogalerija reda vo\u017enje:<\/p>\n\n\n<div class=\"pgc-sgb-cb wp-block-pgcsimplygalleryblock-grid \" data-gallery-id=\"09647591\"><div class=\"sgb-preloader\" id=\"pr_09647591\">\n\t<div class=\"sgb-square\" style=\"background:#d4d4d4\"><\/div>\n\t<div class=\"sgb-square\" style=\"background:#d4d4d4\"><\/div>\n\t<div class=\"sgb-square\" style=\"background:#d4d4d4\"><\/div>\n\t<div class=\"sgb-square\" style=\"background:#d4d4d4\"><\/div><\/div><div class=\"simply-gallery-amp pgc_sgb_slider \"><noscript><div class=\"sgb-gallery\"><div class=\"sgb-item\"><a href=\"https:\/\/vremeplov.ba\/2025\/2015\/06\/25\/red-voznje-bosanskohercegovackih-zeljeznica-oktobar-1912-godine-2\/red-voznje-kurier-kurir-1\/\" target=\"_blank\"><img decoding=\"async\" alt=\"\" width=\"1839\" height=\"2835\" loading=\"lazy\" src=\"https:\/\/vremeplov.ba\/2025\/wp-content\/uploads\/2015\/06\/Red-voznje-kurier-kurir-1.jpg\" srcset=\",https:\/\/vremeplov.ba\/2025\/wp-content\/uploads\/2015\/06\/Red-voznje-kurier-kurir-1.jpg 1839w\" sizes=\"auto, 250px\"\/><\/a><\/div><div class=\"sgb-item\"><a href=\"https:\/\/vremeplov.ba\/2025\/2015\/06\/25\/red-voznje-bosanskohercegovackih-zeljeznica-oktobar-1912-godine-2\/red-voznje-kurier-kurir-2\/\" target=\"_blank\"><img decoding=\"async\" alt=\"\" width=\"2408\" height=\"2835\" loading=\"lazy\" src=\"https:\/\/vremeplov.ba\/2025\/wp-content\/uploads\/2015\/06\/Red-voznje-kurier-kurir-2.jpg\" srcset=\",https:\/\/vremeplov.ba\/2025\/wp-content\/uploads\/2015\/06\/Red-voznje-kurier-kurir-2.jpg 2408w\" sizes=\"auto, 250px\"\/><\/a><\/div><div class=\"sgb-item\"><a href=\"https:\/\/vremeplov.ba\/2025\/2015\/06\/25\/red-voznje-bosanskohercegovackih-zeljeznica-oktobar-1912-godine-2\/red-voznje-kurier-kurir-3\/\" target=\"_blank\"><img decoding=\"async\" alt=\"\" width=\"2402\" height=\"2835\" loading=\"lazy\" src=\"https:\/\/vremeplov.ba\/2025\/wp-content\/uploads\/2015\/06\/Red-voznje-kurier-kurir-3.jpg\" srcset=\",https:\/\/vremeplov.ba\/2025\/wp-content\/uploads\/2015\/06\/Red-voznje-kurier-kurir-3.jpg 2402w\" sizes=\"auto, 250px\"\/><\/a><\/div><div class=\"sgb-item\"><a href=\"https:\/\/vremeplov.ba\/2025\/2015\/06\/25\/red-voznje-bosanskohercegovackih-zeljeznica-oktobar-1912-godine-2\/red-voznje-kurier-kurir-4\/\" target=\"_blank\"><img decoding=\"async\" alt=\"\" width=\"2387\" height=\"2835\" loading=\"lazy\" src=\"https:\/\/vremeplov.ba\/2025\/wp-content\/uploads\/2015\/06\/Red-voznje-kurier-kurir-4.jpg\" srcset=\",https:\/\/vremeplov.ba\/2025\/wp-content\/uploads\/2015\/06\/Red-voznje-kurier-kurir-4.jpg 2387w\" sizes=\"auto, 250px\"\/><\/a><\/div><div class=\"sgb-item\"><a href=\"https:\/\/vremeplov.ba\/2025\/2015\/06\/25\/red-voznje-bosanskohercegovackih-zeljeznica-oktobar-1912-godine-2\/red-voznje-kurier-kurir-5\/\" target=\"_blank\"><img decoding=\"async\" alt=\"\" width=\"2835\" height=\"2387\" loading=\"lazy\" src=\"https:\/\/vremeplov.ba\/2025\/wp-content\/uploads\/2015\/06\/Red-voznje-kurier-kurir-5.jpg\" srcset=\",https:\/\/vremeplov.ba\/2025\/wp-content\/uploads\/2015\/06\/Red-voznje-kurier-kurir-5.jpg 2835w\" sizes=\"auto, 250px\"\/><\/a><\/div><div class=\"sgb-item\"><a href=\"https:\/\/vremeplov.ba\/2025\/2015\/06\/25\/red-voznje-bosanskohercegovackih-zeljeznica-oktobar-1912-godine-2\/red-voznje-kurier-kurir-6\/\" target=\"_blank\"><img decoding=\"async\" alt=\"\" width=\"2337\" height=\"2835\" loading=\"lazy\" src=\"https:\/\/vremeplov.ba\/2025\/wp-content\/uploads\/2015\/06\/Red-voznje-kurier-kurir-6.jpg\" srcset=\",https:\/\/vremeplov.ba\/2025\/wp-content\/uploads\/2015\/06\/Red-voznje-kurier-kurir-6.jpg 2337w\" sizes=\"auto, 250px\"\/><\/a><\/div><div class=\"sgb-item\"><a href=\"https:\/\/vremeplov.ba\/2025\/2015\/06\/25\/red-voznje-bosanskohercegovackih-zeljeznica-oktobar-1912-godine-2\/red-voznje-kurier-kurir-7\/\" target=\"_blank\"><img decoding=\"async\" alt=\"\" width=\"2391\" height=\"2835\" loading=\"lazy\" src=\"https:\/\/vremeplov.ba\/2025\/wp-content\/uploads\/2015\/06\/Red-voznje-kurier-kurir-7.jpg\" srcset=\",https:\/\/vremeplov.ba\/2025\/wp-content\/uploads\/2015\/06\/Red-voznje-kurier-kurir-7.jpg 2391w\" sizes=\"auto, 250px\"\/><\/a><\/div><div class=\"sgb-item\"><a href=\"https:\/\/vremeplov.ba\/2025\/2015\/06\/25\/red-voznje-bosanskohercegovackih-zeljeznica-oktobar-1912-godine-2\/red-voznje-kurier-kurir-8\/\" target=\"_blank\"><img decoding=\"async\" alt=\"\" width=\"2369\" height=\"2835\" loading=\"lazy\" src=\"https:\/\/vremeplov.ba\/2025\/wp-content\/uploads\/2015\/06\/Red-voznje-kurier-kurir-8.jpg\" srcset=\",https:\/\/vremeplov.ba\/2025\/wp-content\/uploads\/2015\/06\/Red-voznje-kurier-kurir-8.jpg 2369w\" sizes=\"auto, 250px\"\/><\/a><\/div><div class=\"sgb-item\"><a href=\"https:\/\/vremeplov.ba\/2025\/2015\/06\/25\/red-voznje-bosanskohercegovackih-zeljeznica-oktobar-1912-godine-2\/red-voznje-kurier-kurir-9\/\" target=\"_blank\"><img decoding=\"async\" alt=\"\" width=\"2835\" height=\"2392\" loading=\"lazy\" src=\"https:\/\/vremeplov.ba\/2025\/wp-content\/uploads\/2015\/06\/Red-voznje-kurier-kurir-9.jpg\" srcset=\",https:\/\/vremeplov.ba\/2025\/wp-content\/uploads\/2015\/06\/Red-voznje-kurier-kurir-9.jpg 2835w\" sizes=\"auto, 250px\"\/><\/a><\/div><\/div><\/noscript><\/div><script type=\"application\/json\" class=\"sgb-data\">{\"collectionColumns\":5,\"collectionThumbRecomendedWidth\":100,\"externalLink\":false,\"captions\":false,\"collectionThumbSubMenuDownload\":false,\"collectionThumbSubMenuShare\":false,\"galleryType\":\"pgc_sgb_grid\",\"galleryId\":\"09647591\",\"images\":[{\"id\":29452,\"title\":\"Red-voznje-kurier-kurir-1\",\"url\":\"https:\/\/vremeplov.ba\/2025\/wp-content\/uploads\/2015\/06\/Red-voznje-kurier-kurir-1.jpg\",\"link\":\"https:\/\/vremeplov.ba\/2025\/2015\/06\/25\/red-voznje-bosanskohercegovackih-zeljeznica-oktobar-1912-godine-2\/red-voznje-kurier-kurir-1\/\",\"alt\":\"\",\"description\":\"\",\"caption\":\"\",\"mime\":\"image\/jpeg\",\"type\":\"image\",\"width\":1839,\"height\":2835,\"sizes\":{\"full\":{\"url\":\"https:\/\/vremeplov.ba\/2025\/wp-content\/uploads\/2015\/06\/Red-voznje-kurier-kurir-1.jpg\",\"height\":2835,\"width\":1839,\"orientation\":\"portrait\"}},\"imageMeta\":{\"aperture\":\"0\",\"credit\":\"Sre\u0107ko Ignjatovi\u0107 Sarajevo BiH\",\"camera\":\"\",\"caption\":\"\",\"created_timestamp\":\"1435236772\",\"copyright\":\"www.photogalerija.com\",\"focal_length\":\"0\",\"iso\":\"0\",\"shutter_speed\":\"0\",\"title\":\"\",\"orientation\":\"1\",\"keywords\":[\"Red-voznje, kurier, kurir, eisenbahnen,winterfahrordnung\"]},\"meta\":false,\"postlink\":\"https:\/\/vremeplov.ba\/2025\/2015\/06\/25\/red-voznje-bosanskohercegovackih-zeljeznica-oktobar-1912-godine-2\/red-voznje-kurier-kurir-1\/\"},{\"id\":29453,\"title\":\"Red-voznje-kurier-kurir-2\",\"url\":\"https:\/\/vremeplov.ba\/2025\/wp-content\/uploads\/2015\/06\/Red-voznje-kurier-kurir-2.jpg\",\"link\":\"https:\/\/vremeplov.ba\/2025\/2015\/06\/25\/red-voznje-bosanskohercegovackih-zeljeznica-oktobar-1912-godine-2\/red-voznje-kurier-kurir-2\/\",\"alt\":\"\",\"description\":\"\",\"caption\":\"\",\"mime\":\"image\/jpeg\",\"type\":\"image\",\"width\":2408,\"height\":2835,\"sizes\":{\"full\":{\"url\":\"https:\/\/vremeplov.ba\/2025\/wp-content\/uploads\/2015\/06\/Red-voznje-kurier-kurir-2.jpg\",\"height\":2835,\"width\":2408,\"orientation\":\"portrait\"}},\"imageMeta\":{\"aperture\":\"0\",\"credit\":\"Sre\u0107ko Ignjatovi\u0107 Sarajevo BiH\",\"camera\":\"\",\"caption\":\"\",\"created_timestamp\":\"1435236772\",\"copyright\":\"www.photogalerija.com\",\"focal_length\":\"0\",\"iso\":\"0\",\"shutter_speed\":\"0\",\"title\":\"\",\"orientation\":\"1\",\"keywords\":[\"Red-voznje, kurier, kurir, eisenbahnen,winterfahrordnung\"]},\"meta\":false,\"postlink\":\"https:\/\/vremeplov.ba\/2025\/2015\/06\/25\/red-voznje-bosanskohercegovackih-zeljeznica-oktobar-1912-godine-2\/red-voznje-kurier-kurir-2\/\"},{\"id\":29454,\"title\":\"Red-voznje-kurier-kurir-3\",\"url\":\"https:\/\/vremeplov.ba\/2025\/wp-content\/uploads\/2015\/06\/Red-voznje-kurier-kurir-3.jpg\",\"link\":\"https:\/\/vremeplov.ba\/2025\/2015\/06\/25\/red-voznje-bosanskohercegovackih-zeljeznica-oktobar-1912-godine-2\/red-voznje-kurier-kurir-3\/\",\"alt\":\"\",\"description\":\"\",\"caption\":\"\",\"mime\":\"image\/jpeg\",\"type\":\"image\",\"width\":2402,\"height\":2835,\"sizes\":{\"full\":{\"url\":\"https:\/\/vremeplov.ba\/2025\/wp-content\/uploads\/2015\/06\/Red-voznje-kurier-kurir-3.jpg\",\"height\":2835,\"width\":2402,\"orientation\":\"portrait\"}},\"imageMeta\":{\"aperture\":\"0\",\"credit\":\"Sre\u0107ko Ignjatovi\u0107 Sarajevo BiH\",\"camera\":\"\",\"caption\":\"\",\"created_timestamp\":\"1435236772\",\"copyright\":\"www.photogalerija.com\",\"focal_length\":\"0\",\"iso\":\"0\",\"shutter_speed\":\"0\",\"title\":\"\",\"orientation\":\"1\",\"keywords\":[\"Red-voznje, kurier, kurir, eisenbahnen,winterfahrordnung\"]},\"meta\":false,\"postlink\":\"https:\/\/vremeplov.ba\/2025\/2015\/06\/25\/red-voznje-bosanskohercegovackih-zeljeznica-oktobar-1912-godine-2\/red-voznje-kurier-kurir-3\/\"},{\"id\":29455,\"title\":\"Red-voznje-kurier-kurir-4\",\"url\":\"https:\/\/vremeplov.ba\/2025\/wp-content\/uploads\/2015\/06\/Red-voznje-kurier-kurir-4.jpg\",\"link\":\"https:\/\/vremeplov.ba\/2025\/2015\/06\/25\/red-voznje-bosanskohercegovackih-zeljeznica-oktobar-1912-godine-2\/red-voznje-kurier-kurir-4\/\",\"alt\":\"\",\"description\":\"\",\"caption\":\"\",\"mime\":\"image\/jpeg\",\"type\":\"image\",\"width\":2387,\"height\":2835,\"sizes\":{\"full\":{\"url\":\"https:\/\/vremeplov.ba\/2025\/wp-content\/uploads\/2015\/06\/Red-voznje-kurier-kurir-4.jpg\",\"height\":2835,\"width\":2387,\"orientation\":\"portrait\"}},\"imageMeta\":{\"aperture\":\"0\",\"credit\":\"Sre\u0107ko Ignjatovi\u0107 Sarajevo BiH\",\"camera\":\"\",\"caption\":\"\",\"created_timestamp\":\"1435236772\",\"copyright\":\"www.photogalerija.com\",\"focal_length\":\"0\",\"iso\":\"0\",\"shutter_speed\":\"0\",\"title\":\"\",\"orientation\":\"1\",\"keywords\":[\"Red-voznje, kurier, kurir, eisenbahnen,winterfahrordnung\"]},\"meta\":false,\"postlink\":\"https:\/\/vremeplov.ba\/2025\/2015\/06\/25\/red-voznje-bosanskohercegovackih-zeljeznica-oktobar-1912-godine-2\/red-voznje-kurier-kurir-4\/\"},{\"id\":29456,\"title\":\"Red-voznje-kurier-kurir-5\",\"url\":\"https:\/\/vremeplov.ba\/2025\/wp-content\/uploads\/2015\/06\/Red-voznje-kurier-kurir-5.jpg\",\"link\":\"https:\/\/vremeplov.ba\/2025\/2015\/06\/25\/red-voznje-bosanskohercegovackih-zeljeznica-oktobar-1912-godine-2\/red-voznje-kurier-kurir-5\/\",\"alt\":\"\",\"description\":\"\",\"caption\":\"\",\"mime\":\"image\/jpeg\",\"type\":\"image\",\"width\":2835,\"height\":2387,\"sizes\":{\"full\":{\"url\":\"https:\/\/vremeplov.ba\/2025\/wp-content\/uploads\/2015\/06\/Red-voznje-kurier-kurir-5.jpg\",\"height\":2387,\"width\":2835,\"orientation\":\"landscape\"}},\"imageMeta\":{\"aperture\":\"0\",\"credit\":\"Sre\u0107ko Ignjatovi\u0107 Sarajevo BiH\",\"camera\":\"\",\"caption\":\"\",\"created_timestamp\":\"1435236772\",\"copyright\":\"www.photogalerija.com\",\"focal_length\":\"0\",\"iso\":\"0\",\"shutter_speed\":\"0\",\"title\":\"\",\"orientation\":\"1\",\"keywords\":[\"Red-voznje, kurier, kurir, eisenbahnen,winterfahrordnung\"]},\"meta\":false,\"postlink\":\"https:\/\/vremeplov.ba\/2025\/2015\/06\/25\/red-voznje-bosanskohercegovackih-zeljeznica-oktobar-1912-godine-2\/red-voznje-kurier-kurir-5\/\"},{\"id\":29457,\"title\":\"Red-voznje-kurier-kurir-6\",\"url\":\"https:\/\/vremeplov.ba\/2025\/wp-content\/uploads\/2015\/06\/Red-voznje-kurier-kurir-6.jpg\",\"link\":\"https:\/\/vremeplov.ba\/2025\/2015\/06\/25\/red-voznje-bosanskohercegovackih-zeljeznica-oktobar-1912-godine-2\/red-voznje-kurier-kurir-6\/\",\"alt\":\"\",\"description\":\"\",\"caption\":\"\",\"mime\":\"image\/jpeg\",\"type\":\"image\",\"width\":2337,\"height\":2835,\"sizes\":{\"full\":{\"url\":\"https:\/\/vremeplov.ba\/2025\/wp-content\/uploads\/2015\/06\/Red-voznje-kurier-kurir-6.jpg\",\"height\":2835,\"width\":2337,\"orientation\":\"portrait\"}},\"imageMeta\":{\"aperture\":\"0\",\"credit\":\"Sre\u0107ko Ignjatovi\u0107 Sarajevo BiH\",\"camera\":\"\",\"caption\":\"\",\"created_timestamp\":\"1435236772\",\"copyright\":\"www.photogalerija.com\",\"focal_length\":\"0\",\"iso\":\"0\",\"shutter_speed\":\"0\",\"title\":\"\",\"orientation\":\"1\",\"keywords\":[\"Red-voznje, kurier, kurir, eisenbahnen,winterfahrordnung\"]},\"meta\":false,\"postlink\":\"https:\/\/vremeplov.ba\/2025\/2015\/06\/25\/red-voznje-bosanskohercegovackih-zeljeznica-oktobar-1912-godine-2\/red-voznje-kurier-kurir-6\/\"},{\"id\":29458,\"title\":\"Red-voznje-kurier-kurir-7\",\"url\":\"https:\/\/vremeplov.ba\/2025\/wp-content\/uploads\/2015\/06\/Red-voznje-kurier-kurir-7.jpg\",\"link\":\"https:\/\/vremeplov.ba\/2025\/2015\/06\/25\/red-voznje-bosanskohercegovackih-zeljeznica-oktobar-1912-godine-2\/red-voznje-kurier-kurir-7\/\",\"alt\":\"\",\"description\":\"\",\"caption\":\"\",\"mime\":\"image\/jpeg\",\"type\":\"image\",\"width\":2391,\"height\":2835,\"sizes\":{\"full\":{\"url\":\"https:\/\/vremeplov.ba\/2025\/wp-content\/uploads\/2015\/06\/Red-voznje-kurier-kurir-7.jpg\",\"height\":2835,\"width\":2391,\"orientation\":\"portrait\"}},\"imageMeta\":{\"aperture\":\"0\",\"credit\":\"Sre\u0107ko Ignjatovi\u0107 Sarajevo BiH\",\"camera\":\"\",\"caption\":\"\",\"created_timestamp\":\"1435236772\",\"copyright\":\"www.photogalerija.com\",\"focal_length\":\"0\",\"iso\":\"0\",\"shutter_speed\":\"0\",\"title\":\"\",\"orientation\":\"1\",\"keywords\":[\"Red-voznje, kurier, kurir, eisenbahnen,winterfahrordnung\"]},\"meta\":false,\"postlink\":\"https:\/\/vremeplov.ba\/2025\/2015\/06\/25\/red-voznje-bosanskohercegovackih-zeljeznica-oktobar-1912-godine-2\/red-voznje-kurier-kurir-7\/\"},{\"id\":29459,\"title\":\"Red-voznje-kurier-kurir-8\",\"url\":\"https:\/\/vremeplov.ba\/2025\/wp-content\/uploads\/2015\/06\/Red-voznje-kurier-kurir-8.jpg\",\"link\":\"https:\/\/vremeplov.ba\/2025\/2015\/06\/25\/red-voznje-bosanskohercegovackih-zeljeznica-oktobar-1912-godine-2\/red-voznje-kurier-kurir-8\/\",\"alt\":\"\",\"description\":\"\",\"caption\":\"\",\"mime\":\"image\/jpeg\",\"type\":\"image\",\"width\":2369,\"height\":2835,\"sizes\":{\"full\":{\"url\":\"https:\/\/vremeplov.ba\/2025\/wp-content\/uploads\/2015\/06\/Red-voznje-kurier-kurir-8.jpg\",\"height\":2835,\"width\":2369,\"orientation\":\"portrait\"}},\"imageMeta\":{\"aperture\":\"0\",\"credit\":\"Sre\u0107ko Ignjatovi\u0107 Sarajevo BiH\",\"camera\":\"\",\"caption\":\"\",\"created_timestamp\":\"1435236772\",\"copyright\":\"www.photogalerija.com\",\"focal_length\":\"0\",\"iso\":\"0\",\"shutter_speed\":\"0\",\"title\":\"\",\"orientation\":\"1\",\"keywords\":[\"Red-voznje, kurier, kurir, eisenbahnen,winterfahrordnung\"]},\"meta\":false,\"postlink\":\"https:\/\/vremeplov.ba\/2025\/2015\/06\/25\/red-voznje-bosanskohercegovackih-zeljeznica-oktobar-1912-godine-2\/red-voznje-kurier-kurir-8\/\"},{\"id\":29460,\"title\":\"Red-voznje-kurier-kurir-9\",\"url\":\"https:\/\/vremeplov.ba\/2025\/wp-content\/uploads\/2015\/06\/Red-voznje-kurier-kurir-9.jpg\",\"link\":\"https:\/\/vremeplov.ba\/2025\/2015\/06\/25\/red-voznje-bosanskohercegovackih-zeljeznica-oktobar-1912-godine-2\/red-voznje-kurier-kurir-9\/\",\"alt\":\"\",\"description\":\"\",\"caption\":\"\",\"mime\":\"image\/jpeg\",\"type\":\"image\",\"width\":2835,\"height\":2392,\"sizes\":{\"full\":{\"url\":\"https:\/\/vremeplov.ba\/2025\/wp-content\/uploads\/2015\/06\/Red-voznje-kurier-kurir-9.jpg\",\"height\":2392,\"width\":2835,\"orientation\":\"landscape\"}},\"imageMeta\":{\"aperture\":\"0\",\"credit\":\"Sre\u0107ko Ignjatovi\u0107 Sarajevo BiH\",\"camera\":\"\",\"caption\":\"\",\"created_timestamp\":\"1435236772\",\"copyright\":\"www.photogalerija.com\",\"focal_length\":\"0\",\"iso\":\"0\",\"shutter_speed\":\"0\",\"title\":\"\",\"orientation\":\"1\",\"keywords\":[\"Red-voznje, kurier, kurir, eisenbahnen,winterfahrordnung\"]},\"meta\":false,\"postlink\":\"https:\/\/vremeplov.ba\/2025\/2015\/06\/25\/red-voznje-bosanskohercegovackih-zeljeznica-oktobar-1912-godine-2\/red-voznje-kurier-kurir-9\/\"}],\"hasCustomCSS\":false,\"customCSS\":\"\",\"otterConditions\":[],\"itemsMetaDataCollection\":[]}<\/script><script>(function(){if(window.PGC_SGB && window.PGC_SGB.searcher){window.PGC_SGB.searcher.initBlocks()}})()<\/script><\/div>","protected":false},"excerpt":{"rendered":"<p>Objavljujem red vo\u017enje (kurir, Winterfahrordnung 1912.\/13.) i automobilskih pruga \u017eeljeznica Bosne i Hercegovine sa va\u017eno\u0161\u0107u od oktobra 1912.\/13. godine, uz napomenu da su carske i kraljevske austrijske dr\u017eavne \u017eeljeznice pod nadzorom BH zemaljskih \u017eeljeznica. Original naslov: Behrijski Hercegovinski Kurir \/ Red vo\u017enje bosanskohercegova\u010dkih \u017eeleznica i automobilske rute, va\u017ee\u0107i od 1. oktobra 1912. godine. &nbsp; &nbsp;&hellip;&nbsp;<a href=\"https:\/\/vremeplov.ba\/2025\/sr-latn\/2025\/07\/18\/raspored-voznji-bosanskohercegovackih-zeljeznica-oktobar-1912-godine\/\" rel=\"bookmark\">Read More &raquo;<span class=\"screen-reader-text\">Raspored vo\u017enji bosanskohercegova\u010dkih \u017eeljeznica \u2013 oktobar 1912. godine<\/span><\/a><\/p>\n","protected":false},"author":1,"featured_media":0,"comment_status":"open","ping_status":"closed","sticky":false,"template":"","format":"standard","meta":{"give_campaign_id":0,"neve_meta_sidebar":"","neve_meta_container":"","neve_meta_enable_content_width":"","neve_meta_content_width":0,"neve_meta_title_alignment":"","neve_meta_author_avatar":"","neve_post_elements_order":"","neve_meta_disable_header":"","neve_meta_disable_footer":"","neve_meta_disable_title":"","ngg_post_thumbnail":0,"pgc_sgb_lightbox_settings":"","_themeisle_gutenberg_block_has_review":false,"footnotes":""},"categories":[207,269],"tags":[],"class_list":["post-36126","post","type-post","status-publish","format-standard","hentry","category-red_voznje_vozova_arhivska_grada","category-zeleznicko_stivo"],"_links":{"self":[{"href":"https:\/\/vremeplov.ba\/2025\/wp-json\/wp\/v2\/posts\/36126","targetHints":{"allow":["GET"]}}],"collection":[{"href":"https:\/\/vremeplov.ba\/2025\/wp-json\/wp\/v2\/posts"}],"about":[{"href":"https:\/\/vremeplov.ba\/2025\/wp-json\/wp\/v2\/types\/post"}],"author":[{"embeddable":true,"href":"https:\/\/vremeplov.ba\/2025\/wp-json\/wp\/v2\/users\/1"}],"replies":[{"embeddable":true,"href":"https:\/\/vremeplov.ba\/2025\/wp-json\/wp\/v2\/comments?post=36126"}],"version-history":[{"count":1,"href":"https:\/\/vremeplov.ba\/2025\/wp-json\/wp\/v2\/posts\/36126\/revisions"}],"predecessor-version":[{"id":36127,"href":"https:\/\/vremeplov.ba\/2025\/wp-json\/wp\/v2\/posts\/36126\/revisions\/36127"}],"wp:attachment":[{"href":"https:\/\/vremeplov.ba\/2025\/wp-json\/wp\/v2\/media?parent=36126"}],"wp:term":[{"taxonomy":"category","embeddable":true,"href":"https:\/\/vremeplov.ba\/2025\/wp-json\/wp\/v2\/categories?post=36126"},{"taxonomy":"post_tag","embeddable":true,"href":"https:\/\/vremeplov.ba\/2025\/wp-json\/wp\/v2\/tags?post=36126"}],"curies":[{"name":"wp","href":"https:\/\/api.w.org\/{rel}","templated":true}]}}