{"id":36250,"date":"2025-07-21T08:12:12","date_gmt":"2025-07-21T06:12:12","guid":{"rendered":"https:\/\/vremeplov.ba\/2025\/?p=36250"},"modified":"2025-07-21T08:12:28","modified_gmt":"2025-07-21T06:12:28","slug":"ljetni-vozni-red-sa-cijenama-karata-iz-1941-godine","status":"publish","type":"post","link":"https:\/\/vremeplov.ba\/2025\/sr-latn\/2025\/07\/21\/ljetni-vozni-red-sa-cijenama-karata-iz-1941-godine\/","title":{"rendered":"Ljetni vozni red sa cijenama karata iz 1941. godine"},"content":{"rendered":"\n<p>Ovde mo\u017eete pogledati letnji red vo\u017enje vozova sa cenama iz 1941. godine u izdanju \u201eNova Tiskara\u201c Vr\u010dek i dr., Sarajevo. Vlasnik i izdava\u010d: S. Nik\u0161i\u0107.<\/p>\n\n\n\n<p>Napominjemo da je arhivska gra\u0111a na ovoj stranici u vlasni\u0161tvu web portala vremeplov.ba i ne smije se objavljivati \u200b\u200bili ponovno koristiti bez izri\u010ditog dopu\u0161tenja.<\/p>\n\n\n\n<p><\/p>\n\n\n<div class=\"pgc-sgb-cb wp-block-pgcsimplygalleryblock-grid \" data-gallery-id=\"67d35159\"><div class=\"sgb-preloader\" id=\"pr_67d35159\">\n\t<div class=\"sgb-square\" style=\"background:#d4d4d4\"><\/div>\n\t<div class=\"sgb-square\" style=\"background:#d4d4d4\"><\/div>\n\t<div class=\"sgb-square\" style=\"background:#d4d4d4\"><\/div>\n\t<div class=\"sgb-square\" style=\"background:#d4d4d4\"><\/div><\/div><div class=\"simply-gallery-amp pgc_sgb_slider \"><noscript><div class=\"sgb-gallery\"><div class=\"sgb-item\"><a href=\"https:\/\/vremeplov.ba\/2025\/2015\/02\/15\/ljetni-vozni-red-sa-voznim-cijenama-iz-1941-godine\/red-voznje-1941-1\/\" target=\"_blank\"><img decoding=\"async\" alt=\"\" width=\"850\" height=\"615\" loading=\"lazy\" src=\"https:\/\/vremeplov.ba\/2025\/wp-content\/uploads\/2015\/02\/Red-voznje-1941-1.jpg\" srcset=\",https:\/\/vremeplov.ba\/2025\/wp-content\/uploads\/2015\/02\/Red-voznje-1941-1.jpg 850w\" sizes=\"auto, 250px\"\/><\/a><\/div><div class=\"sgb-item\"><a href=\"https:\/\/vremeplov.ba\/2025\/2015\/02\/15\/ljetni-vozni-red-sa-voznim-cijenama-iz-1941-godine\/red-voznje-1941-2\/\" target=\"_blank\"><img decoding=\"async\" alt=\"\" width=\"850\" height=\"613\" loading=\"lazy\" src=\"https:\/\/vremeplov.ba\/2025\/wp-content\/uploads\/2015\/02\/Red-voznje-1941-2.jpg\" srcset=\",https:\/\/vremeplov.ba\/2025\/wp-content\/uploads\/2015\/02\/Red-voznje-1941-2.jpg 850w\" sizes=\"auto, 250px\"\/><\/a><\/div><div class=\"sgb-item\"><a href=\"https:\/\/vremeplov.ba\/2025\/2015\/02\/15\/ljetni-vozni-red-sa-voznim-cijenama-iz-1941-godine\/red-voznje-1941-3\/\" target=\"_blank\"><img decoding=\"async\" alt=\"\" width=\"850\" height=\"619\" loading=\"lazy\" src=\"https:\/\/vremeplov.ba\/2025\/wp-content\/uploads\/2015\/02\/Red-voznje-1941-3.jpg\" srcset=\",https:\/\/vremeplov.ba\/2025\/wp-content\/uploads\/2015\/02\/Red-voznje-1941-3.jpg 850w\" sizes=\"auto, 250px\"\/><\/a><\/div><div class=\"sgb-item\"><a href=\"https:\/\/vremeplov.ba\/2025\/2015\/02\/15\/ljetni-vozni-red-sa-voznim-cijenama-iz-1941-godine\/red-voznje-1941-4\/\" target=\"_blank\"><img decoding=\"async\" alt=\"\" width=\"850\" height=\"617\" loading=\"lazy\" src=\"https:\/\/vremeplov.ba\/2025\/wp-content\/uploads\/2015\/02\/Red-voznje-1941-4.jpg\" srcset=\",https:\/\/vremeplov.ba\/2025\/wp-content\/uploads\/2015\/02\/Red-voznje-1941-4.jpg 850w\" sizes=\"auto, 250px\"\/><\/a><\/div><div class=\"sgb-item\"><a href=\"https:\/\/vremeplov.ba\/2025\/2015\/02\/15\/ljetni-vozni-red-sa-voznim-cijenama-iz-1941-godine\/red-voznje-1941-5\/\" target=\"_blank\"><img decoding=\"async\" alt=\"\" width=\"850\" height=\"612\" loading=\"lazy\" src=\"https:\/\/vremeplov.ba\/2025\/wp-content\/uploads\/2015\/02\/Red-voznje-1941-5.jpg\" srcset=\",https:\/\/vremeplov.ba\/2025\/wp-content\/uploads\/2015\/02\/Red-voznje-1941-5.jpg 850w\" sizes=\"auto, 250px\"\/><\/a><\/div><div class=\"sgb-item\"><a href=\"https:\/\/vremeplov.ba\/2025\/2015\/02\/15\/ljetni-vozni-red-sa-voznim-cijenama-iz-1941-godine\/red-voznje-1941-6\/\" target=\"_blank\"><img decoding=\"async\" alt=\"\" width=\"850\" height=\"610\" loading=\"lazy\" src=\"https:\/\/vremeplov.ba\/2025\/wp-content\/uploads\/2015\/02\/Red-voznje-1941-6.jpg\" srcset=\",https:\/\/vremeplov.ba\/2025\/wp-content\/uploads\/2015\/02\/Red-voznje-1941-6.jpg 850w\" sizes=\"auto, 250px\"\/><\/a><\/div><\/div><\/noscript><\/div><script type=\"application\/json\" class=\"sgb-data\">{\"collectionColumns\":5,\"collectionThumbRecomendedWidth\":100,\"externalLink\":false,\"captions\":false,\"collectionThumbSubMenuDownload\":false,\"collectionThumbSubMenuShare\":false,\"galleryType\":\"pgc_sgb_grid\",\"galleryId\":\"67d35159\",\"images\":[{\"id\":29954,\"title\":\"Red-voznje-1941-1\",\"url\":\"https:\/\/vremeplov.ba\/2025\/wp-content\/uploads\/2015\/02\/Red-voznje-1941-1.jpg\",\"link\":\"https:\/\/vremeplov.ba\/2025\/2015\/02\/15\/ljetni-vozni-red-sa-voznim-cijenama-iz-1941-godine\/red-voznje-1941-1\/\",\"alt\":\"\",\"description\":\"\",\"caption\":\"\",\"mime\":\"image\/jpeg\",\"type\":\"image\",\"width\":850,\"height\":615,\"sizes\":{\"full\":{\"url\":\"https:\/\/vremeplov.ba\/2025\/wp-content\/uploads\/2015\/02\/Red-voznje-1941-1.jpg\",\"height\":615,\"width\":850,\"orientation\":\"landscape\"}},\"imageMeta\":{\"aperture\":\"0\",\"credit\":\"Sre\u0107ko I.\",\"camera\":\"\",\"caption\":\"\",\"created_timestamp\":\"0\",\"copyright\":\"www.photogalerija.com\",\"focal_length\":\"0\",\"iso\":\"0\",\"shutter_speed\":\"0\",\"title\":\"\",\"orientation\":\"1\",\"keywords\":[\"Red, vo\u017enje,\"]},\"meta\":false,\"postlink\":\"https:\/\/vremeplov.ba\/2025\/2015\/02\/15\/ljetni-vozni-red-sa-voznim-cijenama-iz-1941-godine\/red-voznje-1941-1\/\"},{\"id\":29956,\"title\":\"Red-voznje-1941-2\",\"url\":\"https:\/\/vremeplov.ba\/2025\/wp-content\/uploads\/2015\/02\/Red-voznje-1941-2.jpg\",\"link\":\"https:\/\/vremeplov.ba\/2025\/2015\/02\/15\/ljetni-vozni-red-sa-voznim-cijenama-iz-1941-godine\/red-voznje-1941-2\/\",\"alt\":\"\",\"description\":\"\",\"caption\":\"\",\"mime\":\"image\/jpeg\",\"type\":\"image\",\"width\":850,\"height\":613,\"sizes\":{\"full\":{\"url\":\"https:\/\/vremeplov.ba\/2025\/wp-content\/uploads\/2015\/02\/Red-voznje-1941-2.jpg\",\"height\":613,\"width\":850,\"orientation\":\"landscape\"}},\"imageMeta\":{\"aperture\":\"0\",\"credit\":\"Sre\u0107ko I.\",\"camera\":\"\",\"caption\":\"\",\"created_timestamp\":\"0\",\"copyright\":\"www.photogalerija.com\",\"focal_length\":\"0\",\"iso\":\"0\",\"shutter_speed\":\"0\",\"title\":\"\",\"orientation\":\"1\",\"keywords\":[\"Red, vo\u017enje,\"]},\"meta\":false,\"postlink\":\"https:\/\/vremeplov.ba\/2025\/2015\/02\/15\/ljetni-vozni-red-sa-voznim-cijenama-iz-1941-godine\/red-voznje-1941-2\/\"},{\"id\":29958,\"title\":\"Red-voznje-1941-3\",\"url\":\"https:\/\/vremeplov.ba\/2025\/wp-content\/uploads\/2015\/02\/Red-voznje-1941-3.jpg\",\"link\":\"https:\/\/vremeplov.ba\/2025\/2015\/02\/15\/ljetni-vozni-red-sa-voznim-cijenama-iz-1941-godine\/red-voznje-1941-3\/\",\"alt\":\"\",\"description\":\"\",\"caption\":\"\",\"mime\":\"image\/jpeg\",\"type\":\"image\",\"width\":850,\"height\":619,\"sizes\":{\"full\":{\"url\":\"https:\/\/vremeplov.ba\/2025\/wp-content\/uploads\/2015\/02\/Red-voznje-1941-3.jpg\",\"height\":619,\"width\":850,\"orientation\":\"landscape\"}},\"imageMeta\":{\"aperture\":\"0\",\"credit\":\"Sre\u0107ko I.\",\"camera\":\"\",\"caption\":\"\",\"created_timestamp\":\"0\",\"copyright\":\"www.photogalerija.com\",\"focal_length\":\"0\",\"iso\":\"0\",\"shutter_speed\":\"0\",\"title\":\"\",\"orientation\":\"1\",\"keywords\":[\"Red, vo\u017enje,\"]},\"meta\":false,\"postlink\":\"https:\/\/vremeplov.ba\/2025\/2015\/02\/15\/ljetni-vozni-red-sa-voznim-cijenama-iz-1941-godine\/red-voznje-1941-3\/\"},{\"id\":29960,\"title\":\"Red-voznje-1941-4\",\"url\":\"https:\/\/vremeplov.ba\/2025\/wp-content\/uploads\/2015\/02\/Red-voznje-1941-4.jpg\",\"link\":\"https:\/\/vremeplov.ba\/2025\/2015\/02\/15\/ljetni-vozni-red-sa-voznim-cijenama-iz-1941-godine\/red-voznje-1941-4\/\",\"alt\":\"\",\"description\":\"\",\"caption\":\"\",\"mime\":\"image\/jpeg\",\"type\":\"image\",\"width\":850,\"height\":617,\"sizes\":{\"full\":{\"url\":\"https:\/\/vremeplov.ba\/2025\/wp-content\/uploads\/2015\/02\/Red-voznje-1941-4.jpg\",\"height\":617,\"width\":850,\"orientation\":\"landscape\"}},\"imageMeta\":{\"aperture\":\"0\",\"credit\":\"Sre\u0107ko I.\",\"camera\":\"\",\"caption\":\"\",\"created_timestamp\":\"0\",\"copyright\":\"www.photogalerija.com\",\"focal_length\":\"0\",\"iso\":\"0\",\"shutter_speed\":\"0\",\"title\":\"\",\"orientation\":\"1\",\"keywords\":[\"Red, vo\u017enje,\"]},\"meta\":false,\"postlink\":\"https:\/\/vremeplov.ba\/2025\/2015\/02\/15\/ljetni-vozni-red-sa-voznim-cijenama-iz-1941-godine\/red-voznje-1941-4\/\"},{\"id\":29963,\"title\":\"Red-voznje-1941-5\",\"url\":\"https:\/\/vremeplov.ba\/2025\/wp-content\/uploads\/2015\/02\/Red-voznje-1941-5.jpg\",\"link\":\"https:\/\/vremeplov.ba\/2025\/2015\/02\/15\/ljetni-vozni-red-sa-voznim-cijenama-iz-1941-godine\/red-voznje-1941-5\/\",\"alt\":\"\",\"description\":\"\",\"caption\":\"\",\"mime\":\"image\/jpeg\",\"type\":\"image\",\"width\":850,\"height\":612,\"sizes\":{\"full\":{\"url\":\"https:\/\/vremeplov.ba\/2025\/wp-content\/uploads\/2015\/02\/Red-voznje-1941-5.jpg\",\"height\":612,\"width\":850,\"orientation\":\"landscape\"}},\"imageMeta\":{\"aperture\":\"0\",\"credit\":\"Sre\u0107ko I.\",\"camera\":\"\",\"caption\":\"\",\"created_timestamp\":\"0\",\"copyright\":\"www.photogalerija.com\",\"focal_length\":\"0\",\"iso\":\"0\",\"shutter_speed\":\"0\",\"title\":\"\",\"orientation\":\"1\",\"keywords\":[\"Red, vo\u017enje,\"]},\"meta\":false,\"postlink\":\"https:\/\/vremeplov.ba\/2025\/2015\/02\/15\/ljetni-vozni-red-sa-voznim-cijenama-iz-1941-godine\/red-voznje-1941-5\/\"},{\"id\":29965,\"title\":\"Red-voznje-1941-6\",\"url\":\"https:\/\/vremeplov.ba\/2025\/wp-content\/uploads\/2015\/02\/Red-voznje-1941-6.jpg\",\"link\":\"https:\/\/vremeplov.ba\/2025\/2015\/02\/15\/ljetni-vozni-red-sa-voznim-cijenama-iz-1941-godine\/red-voznje-1941-6\/\",\"alt\":\"\",\"description\":\"\",\"caption\":\"\",\"mime\":\"image\/jpeg\",\"type\":\"image\",\"width\":850,\"height\":610,\"sizes\":{\"full\":{\"url\":\"https:\/\/vremeplov.ba\/2025\/wp-content\/uploads\/2015\/02\/Red-voznje-1941-6.jpg\",\"height\":610,\"width\":850,\"orientation\":\"landscape\"}},\"imageMeta\":{\"aperture\":\"0\",\"credit\":\"Sre\u0107ko I.\",\"camera\":\"\",\"caption\":\"\",\"created_timestamp\":\"0\",\"copyright\":\"www.photogalerija.com\",\"focal_length\":\"0\",\"iso\":\"0\",\"shutter_speed\":\"0\",\"title\":\"\",\"orientation\":\"1\",\"keywords\":[\"Red, vo\u017enje,\"]},\"meta\":false,\"postlink\":\"https:\/\/vremeplov.ba\/2025\/2015\/02\/15\/ljetni-vozni-red-sa-voznim-cijenama-iz-1941-godine\/red-voznje-1941-6\/\"}],\"hasCustomCSS\":false,\"customCSS\":\"\",\"otterConditions\":[],\"itemsMetaDataCollection\":[]}<\/script><script>(function(){if(window.PGC_SGB && window.PGC_SGB.searcher){window.PGC_SGB.searcher.initBlocks()}})()<\/script><\/div>\n\n\n<p><\/p>\n","protected":false},"excerpt":{"rendered":"<p>Ovde mo\u017eete pogledati letnji red vo\u017enje vozova sa cenama iz 1941. godine u izdanju \u201eNova Tiskara\u201c Vr\u010dek i dr., Sarajevo. Vlasnik i izdava\u010d: S. Nik\u0161i\u0107. Napominjemo da je arhivska gra\u0111a na ovoj stranici u vlasni\u0161tvu web portala vremeplov.ba i ne smije se objavljivati \u200b\u200bili ponovno koristiti bez izri\u010ditog dopu\u0161tenja.<\/p>\n","protected":false},"author":1,"featured_media":0,"comment_status":"open","ping_status":"closed","sticky":false,"template":"","format":"standard","meta":{"give_campaign_id":0,"neve_meta_sidebar":"","neve_meta_container":"","neve_meta_enable_content_width":"","neve_meta_content_width":0,"neve_meta_title_alignment":"","neve_meta_author_avatar":"","neve_post_elements_order":"","neve_meta_disable_header":"","neve_meta_disable_footer":"","neve_meta_disable_title":"","ngg_post_thumbnail":0,"pgc_sgb_lightbox_settings":"","_themeisle_gutenberg_block_has_review":false,"footnotes":""},"categories":[207,269],"tags":[],"class_list":["post-36250","post","type-post","status-publish","format-standard","hentry","category-red_voznje_vozova_arhivska_grada","category-zeleznicko_stivo"],"_links":{"self":[{"href":"https:\/\/vremeplov.ba\/2025\/wp-json\/wp\/v2\/posts\/36250","targetHints":{"allow":["GET"]}}],"collection":[{"href":"https:\/\/vremeplov.ba\/2025\/wp-json\/wp\/v2\/posts"}],"about":[{"href":"https:\/\/vremeplov.ba\/2025\/wp-json\/wp\/v2\/types\/post"}],"author":[{"embeddable":true,"href":"https:\/\/vremeplov.ba\/2025\/wp-json\/wp\/v2\/users\/1"}],"replies":[{"embeddable":true,"href":"https:\/\/vremeplov.ba\/2025\/wp-json\/wp\/v2\/comments?post=36250"}],"version-history":[{"count":1,"href":"https:\/\/vremeplov.ba\/2025\/wp-json\/wp\/v2\/posts\/36250\/revisions"}],"predecessor-version":[{"id":36251,"href":"https:\/\/vremeplov.ba\/2025\/wp-json\/wp\/v2\/posts\/36250\/revisions\/36251"}],"wp:attachment":[{"href":"https:\/\/vremeplov.ba\/2025\/wp-json\/wp\/v2\/media?parent=36250"}],"wp:term":[{"taxonomy":"category","embeddable":true,"href":"https:\/\/vremeplov.ba\/2025\/wp-json\/wp\/v2\/categories?post=36250"},{"taxonomy":"post_tag","embeddable":true,"href":"https:\/\/vremeplov.ba\/2025\/wp-json\/wp\/v2\/tags?post=36250"}],"curies":[{"name":"wp","href":"https:\/\/api.w.org\/{rel}","templated":true}]}}