{"id":36301,"date":"2025-07-21T12:12:22","date_gmt":"2025-07-21T10:12:22","guid":{"rendered":"https:\/\/vremeplov.ba\/2025\/?p=36301"},"modified":"2025-07-21T12:12:26","modified_gmt":"2025-07-21T10:12:26","slug":"dodatak-redu-voznje-br-62b-1-za-pruge-koloseka-076-i-deo-1938-godina","status":"publish","type":"post","link":"https:\/\/vremeplov.ba\/2025\/sr-latn\/2025\/07\/21\/dodatak-redu-voznje-br-62b-1-za-pruge-koloseka-076-i-deo-1938-godina\/","title":{"rendered":"Dodatak redu vo\u017enje br. 62b-1 za pruge koloseka 0,76 I deo \u2013 1938. godina"},"content":{"rendered":"<div class=\"wp-block-image\">\n<figure class=\"alignleft\"><a href=\"https:\/\/vremeplov.ba\/2025\/wp-content\/uploads\/2014\/10\/Naslov3.jpg\"><img decoding=\"async\" src=\"https:\/\/vremeplov.ba\/2025\/wp-content\/uploads\/2014\/10\/Naslov3.jpg\" alt=\"Naslov\" class=\"wp-image-5287\"\/><\/a><\/figure>\n<\/div>\n\n\n<p>Ju\u017enoslovenske dr\u017eavni \u017eeljeznice. G.D. broj 1010\/1938. Va\u017ei od 1. maja 1938. godine. \u0160tampa: \u0160tamparija dr\u017eavnih \u017eeljeznica u Subotici. U prilog: Raspis br. 286 i 286\/I., Dr\u017eavne \u017eeljeznice FNRJ \u2013 \u017deljezni\u010dka uprava Sarajevo od 17.X.1946. godine.<\/p>\n\n\n\n<p>Za pregled knji\u017eice klikni na PDF dokument:<\/p>\n\n\n\n<p><a href=\"https:\/\/vremeplov.ba\/2025\/wp-content\/uploads\/2014\/10\/Dodatak-Red-vo\u017enje-1938.pdf\" target=\"_blank\" rel=\"noopener\">Dodatak Red vo\u017enje 1938<\/a><\/p>\n\n\n\n<p>&nbsp;<\/p>\n","protected":false},"excerpt":{"rendered":"<p>Ju\u017enoslovenske dr\u017eavni \u017eeljeznice. G.D. broj 1010\/1938. Va\u017ei od 1. maja 1938. godine. \u0160tampa: \u0160tamparija dr\u017eavnih \u017eeljeznica u Subotici. U prilog: Raspis br. 286 i 286\/I., Dr\u017eavne \u017eeljeznice FNRJ \u2013 \u017deljezni\u010dka uprava Sarajevo od 17.X.1946. godine. Za pregled knji\u017eice klikni na PDF dokument: Dodatak Red vo\u017enje 1938 &nbsp;<\/p>\n","protected":false},"author":1,"featured_media":0,"comment_status":"open","ping_status":"closed","sticky":false,"template":"","format":"standard","meta":{"give_campaign_id":0,"neve_meta_sidebar":"","neve_meta_container":"","neve_meta_enable_content_width":"","neve_meta_content_width":0,"neve_meta_title_alignment":"","neve_meta_author_avatar":"","neve_post_elements_order":"","neve_meta_disable_header":"","neve_meta_disable_footer":"","neve_meta_disable_title":"","ngg_post_thumbnail":0,"pgc_sgb_lightbox_settings":"","_themeisle_gutenberg_block_has_review":false,"footnotes":""},"categories":[207,269],"tags":[],"class_list":["post-36301","post","type-post","status-publish","format-standard","hentry","category-red_voznje_vozova_arhivska_grada","category-zeleznicko_stivo"],"_links":{"self":[{"href":"https:\/\/vremeplov.ba\/2025\/wp-json\/wp\/v2\/posts\/36301","targetHints":{"allow":["GET"]}}],"collection":[{"href":"https:\/\/vremeplov.ba\/2025\/wp-json\/wp\/v2\/posts"}],"about":[{"href":"https:\/\/vremeplov.ba\/2025\/wp-json\/wp\/v2\/types\/post"}],"author":[{"embeddable":true,"href":"https:\/\/vremeplov.ba\/2025\/wp-json\/wp\/v2\/users\/1"}],"replies":[{"embeddable":true,"href":"https:\/\/vremeplov.ba\/2025\/wp-json\/wp\/v2\/comments?post=36301"}],"version-history":[{"count":1,"href":"https:\/\/vremeplov.ba\/2025\/wp-json\/wp\/v2\/posts\/36301\/revisions"}],"predecessor-version":[{"id":36302,"href":"https:\/\/vremeplov.ba\/2025\/wp-json\/wp\/v2\/posts\/36301\/revisions\/36302"}],"wp:attachment":[{"href":"https:\/\/vremeplov.ba\/2025\/wp-json\/wp\/v2\/media?parent=36301"}],"wp:term":[{"taxonomy":"category","embeddable":true,"href":"https:\/\/vremeplov.ba\/2025\/wp-json\/wp\/v2\/categories?post=36301"},{"taxonomy":"post_tag","embeddable":true,"href":"https:\/\/vremeplov.ba\/2025\/wp-json\/wp\/v2\/tags?post=36301"}],"curies":[{"name":"wp","href":"https:\/\/api.w.org\/{rel}","templated":true}]}}