{"id":36607,"date":"2025-07-22T10:08:25","date_gmt":"2025-07-22T08:08:25","guid":{"rendered":"https:\/\/vremeplov.ba\/2025\/?p=36607"},"modified":"2025-07-22T10:08:36","modified_gmt":"2025-07-22T08:08:36","slug":"poseta-cara-franca-jozefa-i-bosni-i-hercegovini","status":"publish","type":"post","link":"https:\/\/vremeplov.ba\/2025\/sr-latn\/2025\/07\/22\/poseta-cara-franca-jozefa-i-bosni-i-hercegovini\/","title":{"rendered":"Poseta cara Franca Jozefa I Bosni i Hercegovini"},"content":{"rendered":"\n<p><strong>Posjeta cara Franje Josipa I. Bosni i Hercegovini \/ 30. maj \u2013 4. juni 1910.<\/strong><\/p>\n\n\n<div class=\"wp-block-image\">\n<figure class=\"alignleft\"><a href=\"https:\/\/vremeplov.ba\/2025\/wp-content\/uploads\/2014\/05\/image-.jpg\"><img decoding=\"async\" src=\"https:\/\/vremeplov.ba\/2025\/wp-content\/uploads\/2014\/05\/image-.jpg\" alt=\"image\" class=\"wp-image-2734\"\/><\/a><\/figure>\n<\/div>\n\n\n<p class=\"MsoNormal\">U periodu izme\u0111u objavljivanja Bosanskog ustava u Sarajevu 20. februara i po\u010detka rada Sabora 15. juna 1910. godine, jedan doga\u0111aj izazvao je izuzetnu pa\u017enju. Tada je car Franjo Josip I posetio Bosnu i Hercegovinu. Ujutru, 30. maja, zasebnim vozom bosanskohercegova\u010dkih \u017eeljeznica iz Bosanskog Broda, car je krenuo na put prema Sarajevu. U 8 sati i 12 minuta stigao je u Doboj i tu se zadr\u017eao oko 20 minuta. U Zavidovi\u0107ima se voz zadr\u017eavao samo tri minute i nastavio je vo\u017enju do Zenice, gde je stigao u 11 sati i 48 minuta i zadr\u017eao se oko 20 minuta. U Visoko, carski voz je stigao u 13 sati i 50 minuta i zadr\u017eao se 10 minuta. U 15 sati, car je stigao na stanicu kod Fabrike duhana u Sarajevu, uz ogla\u0161avanje topova. Sve\u010dani ulazak cara u grad bio je savr\u0161eno zavr\u0161en. Sjajna pratnja u ko\u010dijama, zlatne uniforme mnogih visokih gospoda, impresivne figure gardista, elegantne uniforme dvorskih funkcionera, te predivni konji iz carske \u0161tale \u2013 sve je to ostavilo sna\u017ean utisak na prisutne.<\/p>\n\n\n\n<p class=\"MsoNormal\">31. maja je car posjetio vladinu pala\u010du, glavne vjerske objekte svih konfesija u Sarajevu i gradski Vije\u0107nicu. 1. juna se posje\u0107uje Zemaljsku \u017edrep\u010danu, odakle se na konju uputio na vje\u017ebali\u0161te, gdje je izvr\u0161io smotru vojnih jedinica. 2. juna je car oti\u0161ao preko Bentba\u0161e i Mo\u0161\u010danice na Pa\u0161ino brdo, a kasnije preko Ko\u0161eva vratio se u grad i odvezao do Konaka. Oko podneva, dvorskim vozom krenuo je prema Ilid\u017ei, a zatim na Vrelo Bosne. Narednog jutra, 3. juna, car je krenuo na putovanje u Mostar, kratko se zadr\u017eavaju\u0107i u Konjicu i Jablanici. U Mostaru je stigao oko 12 sati, uz ogla\u0161avanje topova sa Huma. \u0160to je bilo za \u010dula u Mostaru, od najfinijih persijskih od svile do obi\u010dnih narodnih tkanina, zastava, zelenila i slavoluka, Mostar je izgledao kao nikada do tada. Car se odmorio i ru\u010dao u hotelu Narenta, a zatim je sjeo u ko\u010diju i krenuo kroz Mostar. Posjetio je Stari most, koji je bio prostrt \u010dilimima, i potom se uputio prema izvoru Radobolje. Odatle se vratio na \u017eeljezni\u010dku stanicu, gdje su se prisutni okupili na opra\u0161tanju. Oko 16 sati, uz ogla\u0161avanje topova, dvorski voz je krenuo nazad prema Be\u010du preko Sarajeva, Doboja i Bosanskog Broda. U Be\u010d je stigao narednog dana u 20 sati i 45 minuta.<\/p>\n\n\n\n<p class=\"MsoNormal\">Carski Franjo Josip I u svom telegramu, upu\u0107en zemaljskom poglavaru Marjanu Vare\u0161aninu, izra\u017eava svoja iskustva tokom boravka u Bosni i Hercegovini, gdje iskazuje zadovoljstvo u vjeri i privr\u017eenosti koje su ga svih ovih puteva susretale u ovoj prelijepoj Bosni. Sa zadovoljstvom konstatuje da je osje\u0107aj odanosti za njegovu osobu i za Monarhiju duboko ukorijenjen u svim slojevima bosanskohercegova\u010dkog dru\u0161tva.<\/p>\n\n\n\n<p class=\"MsoNormal\">15. juna 1910. godine, Bogdan \u017deraji\u0107 je izvr\u0161io atentat na zemaljskog poglavara Marjana Vare\u0161anina. I pored pet ispaljenih hitaca (\u0161estim ubio sebe), general Vare\u0161anin je ostao nepovre\u0111en. \u010cetiri godine kasnije, 28. juna 1914, Gavrilo Princip je izvr\u0161io atentat na prijestolonasljednika Franjju Ferdinanda. Bila je to varnica koja je zapalila svijet \u2013 bio je to put u Prvi svjetski rat.<\/p>\n\n\n<div class=\"pgc-sgb-cb wp-block-pgcsimplygalleryblock-grid \" data-gallery-id=\"2ef36892\"><div class=\"sgb-preloader\" id=\"pr_2ef36892\">\n\t<div class=\"sgb-square\" style=\"background:#d4d4d4\"><\/div>\n\t<div class=\"sgb-square\" style=\"background:#d4d4d4\"><\/div>\n\t<div class=\"sgb-square\" style=\"background:#d4d4d4\"><\/div>\n\t<div class=\"sgb-square\" style=\"background:#d4d4d4\"><\/div><\/div><div class=\"simply-gallery-amp pgc_sgb_slider \"><noscript><div class=\"sgb-gallery\"><div class=\"sgb-item\"><a href=\"https:\/\/vremeplov.ba\/2025\/2014\/05\/30\/posjeta-cara-franje-josipa-i-bosni-i-hercegovini\/car-franjo-josip-i-1867-1916\/\" target=\"_blank\"><img decoding=\"async\" alt=\"\" width=\"636\" height=\"950\" loading=\"lazy\" src=\"https:\/\/vremeplov.ba\/2025\/wp-content\/uploads\/2014\/05\/image-1.jpg\" srcset=\",https:\/\/vremeplov.ba\/2025\/wp-content\/uploads\/2014\/05\/image-1.jpg 636w\" sizes=\"auto, 250px\"\/><\/a><div class=\"sgb-item-caption\"><em>Car Franjo Josip I. 1867.-1916.<\/em><\/div><\/div><div class=\"sgb-item\"><a href=\"https:\/\/vremeplov.ba\/2025\/2014\/05\/30\/posjeta-cara-franje-josipa-i-bosni-i-hercegovini\/image-2-11\/\" target=\"_blank\"><img decoding=\"async\" alt=\"\" width=\"950\" height=\"602\" loading=\"lazy\" src=\"https:\/\/vremeplov.ba\/2025\/wp-content\/uploads\/2014\/05\/image-2.jpg\" srcset=\",https:\/\/vremeplov.ba\/2025\/wp-content\/uploads\/2014\/05\/image-2.jpg 950w\" sizes=\"auto, 250px\"\/><\/a><div class=\"sgb-item-caption\"><em>?????????????????????????????????????????????????????<\/em><\/div><\/div><div class=\"sgb-item\"><a href=\"https:\/\/vremeplov.ba\/2025\/2014\/05\/30\/posjeta-cara-franje-josipa-i-bosni-i-hercegovini\/postkarten-o-proglasenju-aneksije-1908-godine\/\" target=\"_blank\"><img decoding=\"async\" alt=\"\" width=\"950\" height=\"598\" loading=\"lazy\" src=\"https:\/\/vremeplov.ba\/2025\/wp-content\/uploads\/2014\/05\/image-3.jpg\" srcset=\",https:\/\/vremeplov.ba\/2025\/wp-content\/uploads\/2014\/05\/image-3.jpg 950w\" sizes=\"auto, 250px\"\/><\/a><div class=\"sgb-item-caption\"><em>Postkarten o progla\u0161enju aneksije 1908.godine<\/em><\/div><\/div><div class=\"sgb-item\"><a href=\"https:\/\/vremeplov.ba\/2025\/2014\/05\/30\/posjeta-cara-franje-josipa-i-bosni-i-hercegovini\/karta-austrougarske-monarhije-od-1987-godine\/\" target=\"_blank\"><img decoding=\"async\" alt=\"\" width=\"950\" height=\"746\" loading=\"lazy\" src=\"https:\/\/vremeplov.ba\/2025\/wp-content\/uploads\/2014\/05\/image-4.jpg\" srcset=\",https:\/\/vremeplov.ba\/2025\/wp-content\/uploads\/2014\/05\/image-4.jpg 950w\" sizes=\"auto, 250px\"\/><\/a><div class=\"sgb-item-caption\"><em>Karta Austrougarske monarhije od 1987. godine<\/em><\/div><\/div><div class=\"sgb-item\"><a href=\"https:\/\/vremeplov.ba\/2025\/2014\/05\/30\/posjeta-cara-franje-josipa-i-bosni-i-hercegovini\/red-voznje-carskog-voza-od-bos-broda-do-sarajeva-1910-godine\/\" target=\"_blank\"><img decoding=\"async\" alt=\"\" width=\"950\" height=\"717\" loading=\"lazy\" src=\"https:\/\/vremeplov.ba\/2025\/wp-content\/uploads\/2014\/05\/image-5.jpg\" srcset=\",https:\/\/vremeplov.ba\/2025\/wp-content\/uploads\/2014\/05\/image-5.jpg 950w\" sizes=\"auto, 250px\"\/><\/a><div class=\"sgb-item-caption\"><em>Red vo\u017enje carskog voza od Bos.Broda do Sarajeva 1910.godine<\/em><\/div><\/div><div class=\"sgb-item\"><a href=\"https:\/\/vremeplov.ba\/2025\/2014\/05\/30\/posjeta-cara-franje-josipa-i-bosni-i-hercegovini\/image-6-11\/\" target=\"_blank\"><img decoding=\"async\" alt=\"\" width=\"950\" height=\"615\" loading=\"lazy\" src=\"https:\/\/vremeplov.ba\/2025\/wp-content\/uploads\/2014\/05\/image-6.jpg\" srcset=\",https:\/\/vremeplov.ba\/2025\/wp-content\/uploads\/2014\/05\/image-6.jpg 950w\" sizes=\"auto, 250px\"\/><\/a><div class=\"sgb-item-caption\"><em>Naslovnica kataloga Uspomena na prvom dolasku cara Franje Josipa I. u Sarajevo, na slici je kompletan upravni aparat Monarhije<\/em><\/div><\/div><div class=\"sgb-item\"><a href=\"https:\/\/vremeplov.ba\/2025\/2014\/05\/30\/posjeta-cara-franje-josipa-i-bosni-i-hercegovini\/image-7-11\/\" target=\"_blank\"><img decoding=\"async\" alt=\"\" width=\"950\" height=\"643\" loading=\"lazy\" src=\"https:\/\/vremeplov.ba\/2025\/wp-content\/uploads\/2014\/05\/image-7.jpg\" srcset=\",https:\/\/vremeplov.ba\/2025\/wp-content\/uploads\/2014\/05\/image-7.jpg 950w\" sizes=\"auto, 250px\"\/><\/a><div class=\"sgb-item-caption\"><em>Bos.Brod 30.maja 1910. do\u010dek od strane zemaljskog poglavara general Marijan Vare\u0161anin od Vare\u0161a, gradona\u010delnik Mehmed Hafiz ef. Hod\u017ei\u0107 sa gradskim zastupstvom<\/em><\/div><\/div><div class=\"sgb-item\"><a href=\"https:\/\/vremeplov.ba\/2025\/2014\/05\/30\/posjeta-cara-franje-josipa-i-bosni-i-hercegovini\/image-8-11\/\" target=\"_blank\"><img decoding=\"async\" alt=\"\" width=\"950\" height=\"593\" loading=\"lazy\" src=\"https:\/\/vremeplov.ba\/2025\/wp-content\/uploads\/2014\/05\/image-8.jpg\" srcset=\",https:\/\/vremeplov.ba\/2025\/wp-content\/uploads\/2014\/05\/image-8.jpg 950w\" sizes=\"auto, 250px\"\/><\/a><div class=\"sgb-item-caption\"><em>Doboj, 30.maja 1910. sati 8:12.  do\u010dek od strane gradona\u010delnika Bego had\u017ei Mujagi\u0107 i predstavnici vojne i civilne uprave<\/em><\/div><\/div><div class=\"sgb-item\"><a href=\"https:\/\/vremeplov.ba\/2025\/2014\/05\/30\/posjeta-cara-franje-josipa-i-bosni-i-hercegovini\/image-9-11\/\" target=\"_blank\"><img decoding=\"async\" alt=\"\" width=\"950\" height=\"796\" loading=\"lazy\" src=\"https:\/\/vremeplov.ba\/2025\/wp-content\/uploads\/2014\/05\/image-9.jpg\" srcset=\",https:\/\/vremeplov.ba\/2025\/wp-content\/uploads\/2014\/05\/image-9.jpg 950w\" sizes=\"auto, 250px\"\/><\/a><div class=\"sgb-item-caption\"><em>Doboj, 30.maja 1910. sati 8:12.  do\u010dek od strane gradona\u010delnika Bego had\u017ei Mujagi\u0107 i predstavnici vojne i civilne uprave<\/em><\/div><\/div><div class=\"sgb-item\"><a href=\"https:\/\/vremeplov.ba\/2025\/2014\/05\/30\/posjeta-cara-franje-josipa-i-bosni-i-hercegovini\/image-10-11\/\" target=\"_blank\"><img decoding=\"async\" alt=\"\" width=\"950\" height=\"659\" loading=\"lazy\" src=\"https:\/\/vremeplov.ba\/2025\/wp-content\/uploads\/2014\/05\/image-10.jpg\" srcset=\",https:\/\/vremeplov.ba\/2025\/wp-content\/uploads\/2014\/05\/image-10.jpg 950w\" sizes=\"auto, 250px\"\/><\/a><div class=\"sgb-item-caption\"><em>Zavidovi\u0107i, 30.maj 1910. sati 9:59; po\u010dasna \u010deta 1. bataljona 75. pje\u0161adijskog puka<\/em><\/div><\/div><div class=\"sgb-item\"><a href=\"https:\/\/vremeplov.ba\/2025\/2014\/05\/30\/posjeta-cara-franje-josipa-i-bosni-i-hercegovini\/image-11-10\/\" target=\"_blank\"><img decoding=\"async\" alt=\"\" width=\"950\" height=\"683\" loading=\"lazy\" src=\"https:\/\/vremeplov.ba\/2025\/wp-content\/uploads\/2014\/05\/image-11.jpg\" srcset=\",https:\/\/vremeplov.ba\/2025\/wp-content\/uploads\/2014\/05\/image-11.jpg 950w\" sizes=\"auto, 250px\"\/><\/a><div class=\"sgb-item-caption\"><em>Zenica, 30.maj 1910. sati 11:48; dobrodo\u0161lica od okru\u017enog predstojnika Travnika Mih. vitez Rukavina, kotarski g.Strassman i gradona\u010delnik Ali ef. Harmandi\u0107<\/em><\/div><\/div><div class=\"sgb-item\"><a href=\"https:\/\/vremeplov.ba\/2025\/2014\/05\/30\/posjeta-cara-franje-josipa-i-bosni-i-hercegovini\/image-12-10\/\" target=\"_blank\"><img decoding=\"async\" alt=\"\" width=\"1188\" height=\"754\" loading=\"lazy\" src=\"https:\/\/vremeplov.ba\/2025\/wp-content\/uploads\/2014\/05\/image-12.jpg\" srcset=\",https:\/\/vremeplov.ba\/2025\/wp-content\/uploads\/2014\/05\/image-12.jpg 1188w\" sizes=\"auto, 250px\"\/><\/a><div class=\"sgb-item-caption\"><em>Visoko, 30.maj 1910. sati 13:50; do\u010dek od strane okru\u017eni upravitelj Baron, kotarski predstojnik Zimonji\u0107, gradona\u010delnik Salihaga \u0160ehovi\u0107 sa Srpskim pjeva\u010dkim dru\u0161tvom<\/em><\/div><\/div><div class=\"sgb-item\"><a href=\"https:\/\/vremeplov.ba\/2025\/2014\/05\/30\/posjeta-cara-franje-josipa-i-bosni-i-hercegovini\/image-13-10\/\" target=\"_blank\"><img decoding=\"async\" alt=\"\" width=\"950\" height=\"689\" loading=\"lazy\" src=\"https:\/\/vremeplov.ba\/2025\/wp-content\/uploads\/2014\/05\/image-13.jpg\" srcset=\",https:\/\/vremeplov.ba\/2025\/wp-content\/uploads\/2014\/05\/image-13.jpg 950w\" sizes=\"auto, 250px\"\/><\/a><div class=\"sgb-item-caption\"><em>Sarajevo, 30.maj 1910. sati 15:30; Ispred Fabrike duhana (danas Marijin dvor), primanje raporta od strane podmar\u0161ala Appela<\/em><\/div><\/div><div class=\"sgb-item\"><a href=\"https:\/\/vremeplov.ba\/2025\/2014\/05\/30\/posjeta-cara-franje-josipa-i-bosni-i-hercegovini\/odlazak-cara-u-svecani-paviljon-gdje-se-nalaze-strani-konzuli-i-ostala-gospoda\/\" target=\"_blank\"><img decoding=\"async\" alt=\"\" width=\"950\" height=\"675\" loading=\"lazy\" src=\"https:\/\/vremeplov.ba\/2025\/wp-content\/uploads\/2014\/05\/image-14.jpg\" srcset=\",https:\/\/vremeplov.ba\/2025\/wp-content\/uploads\/2014\/05\/image-14.jpg 950w\" sizes=\"auto, 250px\"\/><\/a><div class=\"sgb-item-caption\"><em>Odlazak cara u sve\u010dani paviljon gdje se nalaze strani konzuli i ostala gospoda<\/em><\/div><\/div><div class=\"sgb-item\"><a href=\"https:\/\/vremeplov.ba\/2025\/2014\/05\/30\/posjeta-cara-franje-josipa-i-bosni-i-hercegovini\/car-u-drustvu-sa-predstavnicima-vojne-i-civilne-uprave\/\" target=\"_blank\"><img decoding=\"async\" alt=\"\" width=\"950\" height=\"590\" loading=\"lazy\" src=\"https:\/\/vremeplov.ba\/2025\/wp-content\/uploads\/2014\/05\/image-15.jpg\" srcset=\",https:\/\/vremeplov.ba\/2025\/wp-content\/uploads\/2014\/05\/image-15.jpg 950w\" sizes=\"auto, 250px\"\/><\/a><div class=\"sgb-item-caption\"><em>Car u dru\u0161tvu sa predstavnicima vojne i civilne uprave<\/em><\/div><\/div><div class=\"sgb-item\"><a href=\"https:\/\/vremeplov.ba\/2025\/2014\/05\/30\/posjeta-cara-franje-josipa-i-bosni-i-hercegovini\/image-16-9\/\" target=\"_blank\"><img decoding=\"async\" alt=\"\" width=\"950\" height=\"618\" loading=\"lazy\" src=\"https:\/\/vremeplov.ba\/2025\/wp-content\/uploads\/2014\/05\/image-16.jpg\" srcset=\",https:\/\/vremeplov.ba\/2025\/wp-content\/uploads\/2014\/05\/image-16.jpg 950w\" sizes=\"auto, 250px\"\/><\/a><div class=\"sgb-item-caption\"><em>Poklonstvo caru su obavili nadbiskup Stadler, mitropolit Evgenije Letica, reis-l-ulema Sulejman ef. \u0160arac kao i protestantski \u017eupnik, sefardski i austrougarski nadrabin<\/em><\/div><\/div><div class=\"sgb-item\"><a href=\"https:\/\/vremeplov.ba\/2025\/2014\/05\/30\/posjeta-cara-franje-josipa-i-bosni-i-hercegovini\/image-17-8\/\" target=\"_blank\"><img decoding=\"async\" alt=\"\" width=\"950\" height=\"613\" loading=\"lazy\" src=\"https:\/\/vremeplov.ba\/2025\/wp-content\/uploads\/2014\/05\/image-17.jpg\" srcset=\",https:\/\/vremeplov.ba\/2025\/wp-content\/uploads\/2014\/05\/image-17.jpg 950w\" sizes=\"auto, 250px\"\/><\/a><div class=\"sgb-item-caption\"><em>Sarajevo, 30.maj 1910. Nakon \u0161to je primio poklonstvo od gradona\u010delnika Esada ef. Kulovi\u0107a car se obratio prisutnima<\/em><\/div><\/div><div class=\"sgb-item\"><a href=\"https:\/\/vremeplov.ba\/2025\/2014\/05\/30\/posjeta-cara-franje-josipa-i-bosni-i-hercegovini\/image-18-8\/\" target=\"_blank\"><img decoding=\"async\" alt=\"\" width=\"950\" height=\"529\" loading=\"lazy\" src=\"https:\/\/vremeplov.ba\/2025\/wp-content\/uploads\/2014\/05\/image-18.jpg\" srcset=\",https:\/\/vremeplov.ba\/2025\/wp-content\/uploads\/2014\/05\/image-18.jpg 950w\" sizes=\"auto, 250px\"\/><\/a><div class=\"sgb-item-caption\"><em>Sarajevo, 30.maj 1910. Od Fabrike duhana do Konaka car se odvezao sa \u010detiri carska konja upregnuta u a la Doumont ko\u010dije<\/em><\/div><\/div><div class=\"sgb-item\"><a href=\"https:\/\/vremeplov.ba\/2025\/2014\/05\/30\/posjeta-cara-franje-josipa-i-bosni-i-hercegovini\/pred-konakom-sa-sarajevskom-mladezi\/\" target=\"_blank\"><img decoding=\"async\" alt=\"\" width=\"950\" height=\"597\" loading=\"lazy\" src=\"https:\/\/vremeplov.ba\/2025\/wp-content\/uploads\/2014\/05\/image-19.jpg\" srcset=\",https:\/\/vremeplov.ba\/2025\/wp-content\/uploads\/2014\/05\/image-19.jpg 950w\" sizes=\"auto, 250px\"\/><\/a><div class=\"sgb-item-caption\"><em>Pred Konakom sa sarajevskom mlade\u017ei<\/em><\/div><\/div><div class=\"sgb-item\"><a href=\"https:\/\/vremeplov.ba\/2025\/2014\/05\/30\/posjeta-cara-franje-josipa-i-bosni-i-hercegovini\/image-20-8\/\" target=\"_blank\"><img decoding=\"async\" alt=\"\" width=\"950\" height=\"722\" loading=\"lazy\" src=\"https:\/\/vremeplov.ba\/2025\/wp-content\/uploads\/2014\/05\/image-20.jpg\" srcset=\",https:\/\/vremeplov.ba\/2025\/wp-content\/uploads\/2014\/05\/image-20.jpg 950w\" sizes=\"auto, 250px\"\/><\/a><div class=\"sgb-item-caption\"><em>Careva radna soba u Konaku sa bijelim plafonom i zidovi oblo\u017eeni cvijetnim tapetama svijetle boje<\/em><\/div><\/div><div class=\"sgb-item\"><a href=\"https:\/\/vremeplov.ba\/2025\/2014\/05\/30\/posjeta-cara-franje-josipa-i-bosni-i-hercegovini\/image-21-8\/\" target=\"_blank\"><img decoding=\"async\" alt=\"\" width=\"950\" height=\"711\" loading=\"lazy\" src=\"https:\/\/vremeplov.ba\/2025\/wp-content\/uploads\/2014\/05\/image-21.jpg\" srcset=\",https:\/\/vremeplov.ba\/2025\/wp-content\/uploads\/2014\/05\/image-21.jpg 950w\" sizes=\"auto, 250px\"\/><\/a><div class=\"sgb-item-caption\"><em>Spava\u0107a soba u Konaku sa posteljom od gvo\u017e\u0111a sa \u010deli\u0107nom matricom, du\u0161ekom i jastukom napunjenim konjskom dlakom<\/em><\/div><\/div><div class=\"sgb-item\"><a href=\"https:\/\/vremeplov.ba\/2025\/2014\/05\/30\/posjeta-cara-franje-josipa-i-bosni-i-hercegovini\/sarajevo-31-maj-1910-voznja-sarajevskim-ulicama-prema-vladinoj-palaci\/\" target=\"_blank\"><img decoding=\"async\" alt=\"\" width=\"950\" height=\"606\" loading=\"lazy\" src=\"https:\/\/vremeplov.ba\/2025\/wp-content\/uploads\/2014\/05\/image-22.jpg\" srcset=\",https:\/\/vremeplov.ba\/2025\/wp-content\/uploads\/2014\/05\/image-22.jpg 950w\" sizes=\"auto, 250px\"\/><\/a><div class=\"sgb-item-caption\"><em>Sarajevo, 31. maj 1910. Vo\u017enja sarajevskim ulicama prema Vladinoj pala\u010di<\/em><\/div><\/div><div class=\"sgb-item\"><a href=\"https:\/\/vremeplov.ba\/2025\/2014\/05\/30\/posjeta-cara-franje-josipa-i-bosni-i-hercegovini\/image-23-7\/\" target=\"_blank\"><img decoding=\"async\" alt=\"\" width=\"950\" height=\"611\" loading=\"lazy\" src=\"https:\/\/vremeplov.ba\/2025\/wp-content\/uploads\/2014\/05\/image-23.jpg\" srcset=\",https:\/\/vremeplov.ba\/2025\/wp-content\/uploads\/2014\/05\/image-23.jpg 950w\" sizes=\"auto, 250px\"\/><\/a><div class=\"sgb-item-caption\"><em>Sarajevo, 31.maj 1910. sati 9:00; Car u mar\u0161alskoj uniformi u pratnji zemaljskog poglavara Marijana Vare\u0161anina dolaze pred Vladinu pala\u010du<\/em><\/div><\/div><div class=\"sgb-item\"><a href=\"https:\/\/vremeplov.ba\/2025\/2014\/05\/30\/posjeta-cara-franje-josipa-i-bosni-i-hercegovini\/image-24-7\/\" target=\"_blank\"><img decoding=\"async\" alt=\"\" width=\"950\" height=\"751\" loading=\"lazy\" src=\"https:\/\/vremeplov.ba\/2025\/wp-content\/uploads\/2014\/05\/image-24.jpg\" srcset=\",https:\/\/vremeplov.ba\/2025\/wp-content\/uploads\/2014\/05\/image-24.jpg 950w\" sizes=\"auto, 250px\"\/><\/a><div class=\"sgb-item-caption\"><em>Sarajevo, 31.maj 1910. sati 12:00; Car Franjo Josip I. napu\u0161ta Vladinu pala\u010du i odlazi u Konak<\/em><\/div><\/div><div class=\"sgb-item\"><a href=\"https:\/\/vremeplov.ba\/2025\/2014\/05\/30\/posjeta-cara-franje-josipa-i-bosni-i-hercegovini\/sarajevo-31-maj-1910-sati-1600-dolazak-cara-pred-katolicku-katedralu\/\" target=\"_blank\"><img decoding=\"async\" alt=\"\" width=\"950\" height=\"673\" loading=\"lazy\" src=\"https:\/\/vremeplov.ba\/2025\/wp-content\/uploads\/2014\/05\/image-25.jpg\" srcset=\",https:\/\/vremeplov.ba\/2025\/wp-content\/uploads\/2014\/05\/image-25.jpg 950w\" sizes=\"auto, 250px\"\/><\/a><div class=\"sgb-item-caption\"><em>Sarajevo, 31 maj 1910. sati 16:00; Dolazak cara pred katoli\u010dku katedralu;<\/em><\/div><\/div><div class=\"sgb-item\"><a href=\"https:\/\/vremeplov.ba\/2025\/2014\/05\/30\/posjeta-cara-franje-josipa-i-bosni-i-hercegovini\/sarajevo-31-maj-1910-u-iscekivanju-nadbiskupa-stadlera\/\" target=\"_blank\"><img decoding=\"async\" alt=\"\" width=\"950\" height=\"616\" loading=\"lazy\" src=\"https:\/\/vremeplov.ba\/2025\/wp-content\/uploads\/2014\/05\/image-26.jpg\" srcset=\",https:\/\/vremeplov.ba\/2025\/wp-content\/uploads\/2014\/05\/image-26.jpg 950w\" sizes=\"auto, 250px\"\/><\/a><div class=\"sgb-item-caption\"><em>Sarajevo, 31 maj 1910. U i\u0161\u010dekivanju Nadbiskupa Stadlera<\/em><\/div><\/div><div class=\"sgb-item\"><a href=\"https:\/\/vremeplov.ba\/2025\/2014\/05\/30\/posjeta-cara-franje-josipa-i-bosni-i-hercegovini\/image-27-7\/\" target=\"_blank\"><img decoding=\"async\" alt=\"\" width=\"950\" height=\"681\" loading=\"lazy\" src=\"https:\/\/vremeplov.ba\/2025\/wp-content\/uploads\/2014\/05\/image-27.jpg\" srcset=\",https:\/\/vremeplov.ba\/2025\/wp-content\/uploads\/2014\/05\/image-27.jpg 950w\" sizes=\"auto, 250px\"\/><\/a><div class=\"sgb-item-caption\"><em>Sarajevo, 31. maj 1910. Odlazak cara iz katredale i odlazi prema novoj srpsko-pravoslavnoj crkvi  Rudolfovoj ulici pje\u0161ke<\/em><\/div><\/div><div class=\"sgb-item\"><a href=\"https:\/\/vremeplov.ba\/2025\/2014\/05\/30\/posjeta-cara-franje-josipa-i-bosni-i-hercegovini\/image-28-6\/\" target=\"_blank\"><img decoding=\"async\" alt=\"\" width=\"950\" height=\"619\" loading=\"lazy\" src=\"https:\/\/vremeplov.ba\/2025\/wp-content\/uploads\/2014\/05\/image-28.jpg\" srcset=\",https:\/\/vremeplov.ba\/2025\/wp-content\/uploads\/2014\/05\/image-28.jpg 950w\" sizes=\"auto, 250px\"\/><\/a><div class=\"sgb-item-caption\"><em>Sarajevo, 31. maj 1910. oko 16:30 sati; Car dolazi pred srpsko-pravoslanu crkvu do\u010dekan od strane predsjednika crkvene op\u0161tine Gligorija Jeftanovi\u0107a i arhiepiskop i mitropolita Evgenija Letice<\/em><\/div><\/div><div class=\"sgb-item\"><a href=\"https:\/\/vremeplov.ba\/2025\/2014\/05\/30\/posjeta-cara-franje-josipa-i-bosni-i-hercegovini\/car-sa-pratnjom-se-vozi-bascarsijom-u-posjetu-i-obilazak-begove-dzamije\/\" target=\"_blank\"><img decoding=\"async\" alt=\"\" width=\"950\" height=\"664\" loading=\"lazy\" src=\"https:\/\/vremeplov.ba\/2025\/wp-content\/uploads\/2014\/05\/image-29.jpg\" srcset=\",https:\/\/vremeplov.ba\/2025\/wp-content\/uploads\/2014\/05\/image-29.jpg 950w\" sizes=\"auto, 250px\"\/><\/a><div class=\"sgb-item-caption\"><em>Car sa pratnjom se vozi ba\u0161\u010dar\u0161ijom u posjetu i obilazak Begove d\u017eamije<\/em><\/div><\/div><div class=\"sgb-item\"><a href=\"https:\/\/vremeplov.ba\/2025\/2014\/05\/30\/posjeta-cara-franje-josipa-i-bosni-i-hercegovini\/image-30-4\/\" target=\"_blank\"><img decoding=\"async\" alt=\"\" width=\"950\" height=\"598\" loading=\"lazy\" src=\"https:\/\/vremeplov.ba\/2025\/wp-content\/uploads\/2014\/05\/image-30.jpg\" srcset=\",https:\/\/vremeplov.ba\/2025\/wp-content\/uploads\/2014\/05\/image-30.jpg 950w\" sizes=\"auto, 250px\"\/><\/a><div class=\"sgb-item-caption\"><em>Sarajevo, 31. maj 1910. Begova d\u017eamija. Do\u010dek cara pred slavoluko od strane vakufskog direktora \u0160erifa ef. Arnautovi\u0107a i uveo ga u dvori\u0161te d\u017eamije<\/em><\/div><\/div><div class=\"sgb-item\"><a href=\"https:\/\/vremeplov.ba\/2025\/2014\/05\/30\/posjeta-cara-franje-josipa-i-bosni-i-hercegovini\/image-31-4\/\" target=\"_blank\"><img decoding=\"async\" alt=\"\" width=\"778\" height=\"950\" loading=\"lazy\" src=\"https:\/\/vremeplov.ba\/2025\/wp-content\/uploads\/2014\/05\/image-31.jpg\" srcset=\",https:\/\/vremeplov.ba\/2025\/wp-content\/uploads\/2014\/05\/image-31.jpg 778w\" sizes=\"auto, 250px\"\/><\/a><div class=\"sgb-item-caption\"><em>Sarajevo, 31. maj 1910. Ispred vrata Begove d\u017eamije primio ga je reis-l-ulema had\u017ei Sulejman ef. \u0160arac i uveo ga u prostorije u obilazak<\/em><\/div><\/div><div class=\"sgb-item\"><a href=\"https:\/\/vremeplov.ba\/2025\/2014\/05\/30\/posjeta-cara-franje-josipa-i-bosni-i-hercegovini\/image-32-4\/\" target=\"_blank\"><img decoding=\"async\" alt=\"\" width=\"950\" height=\"616\" loading=\"lazy\" src=\"https:\/\/vremeplov.ba\/2025\/wp-content\/uploads\/2014\/05\/image-32.jpg\" srcset=\",https:\/\/vremeplov.ba\/2025\/wp-content\/uploads\/2014\/05\/image-32.jpg 950w\" sizes=\"auto, 250px\"\/><\/a><div class=\"sgb-item-caption\"><em>Sarajevo, 31. maj 1910. Odlazak cara prema Gradskoj vije\u0107nici putem Filipovi\u0107a trga i \u0160eher \u010dehajine \u010duprije<\/em><\/div><\/div><div class=\"sgb-item\"><a href=\"https:\/\/vremeplov.ba\/2025\/2014\/05\/30\/posjeta-cara-franje-josipa-i-bosni-i-hercegovini\/image-33-3\/\" target=\"_blank\"><img decoding=\"async\" alt=\"\" width=\"1188\" height=\"748\" loading=\"lazy\" src=\"https:\/\/vremeplov.ba\/2025\/wp-content\/uploads\/2014\/05\/image-33.jpg\" srcset=\",https:\/\/vremeplov.ba\/2025\/wp-content\/uploads\/2014\/05\/image-33.jpg 1188w\" sizes=\"auto, 250px\"\/><\/a><div class=\"sgb-item-caption\"><em>Sarajevo, 31. maj 1910. Car ispred Gradske vije\u0107nice i do\u010dekan od strane gradona\u010delnika Esada ef. Kulovi\u0107a<\/em><\/div><\/div><div class=\"sgb-item\"><a href=\"https:\/\/vremeplov.ba\/2025\/2014\/05\/30\/posjeta-cara-franje-josipa-i-bosni-i-hercegovini\/image-34-3\/\" target=\"_blank\"><img decoding=\"async\" alt=\"\" width=\"950\" height=\"656\" loading=\"lazy\" src=\"https:\/\/vremeplov.ba\/2025\/wp-content\/uploads\/2014\/05\/image-34.jpg\" srcset=\",https:\/\/vremeplov.ba\/2025\/wp-content\/uploads\/2014\/05\/image-34.jpg 950w\" sizes=\"auto, 250px\"\/><\/a><div class=\"sgb-item-caption\"><em>Sarajevo, 31. maj 1910. Gradska vije\u0107nica. Fotografija preuzeta od austrijske nacionalne biblioteke<\/em><\/div><\/div><div class=\"sgb-item\"><a href=\"https:\/\/vremeplov.ba\/2025\/2014\/05\/30\/posjeta-cara-franje-josipa-i-bosni-i-hercegovini\/image-35-3\/\" target=\"_blank\"><img decoding=\"async\" alt=\"\" width=\"950\" height=\"600\" loading=\"lazy\" src=\"https:\/\/vremeplov.ba\/2025\/wp-content\/uploads\/2014\/05\/image-35.jpg\" srcset=\",https:\/\/vremeplov.ba\/2025\/wp-content\/uploads\/2014\/05\/image-35.jpg 950w\" sizes=\"auto, 250px\"\/><\/a><div class=\"sgb-item-caption\"><em>Sarajevo, 31. maj 1910. Car Franjo Josip I. poslije zavr\u0161ene posjete Gradskoj vije\u0107nici odlazi u Konak na dvorsku ve\u010deru na kome prisustvuju sve uglednije osobe iz carske pratnje i li\u010dnosti javnog \u017eivota u Bosni i Hercegovini<\/em><\/div><\/div><div class=\"sgb-item\"><a href=\"https:\/\/vremeplov.ba\/2025\/2014\/05\/30\/posjeta-cara-franje-josipa-i-bosni-i-hercegovini\/image-36-3\/\" target=\"_blank\"><img decoding=\"async\" alt=\"\" width=\"950\" height=\"608\" loading=\"lazy\" src=\"https:\/\/vremeplov.ba\/2025\/wp-content\/uploads\/2014\/05\/image-36.jpg\" srcset=\",https:\/\/vremeplov.ba\/2025\/wp-content\/uploads\/2014\/05\/image-36.jpg 950w\" sizes=\"auto, 250px\"\/><\/a><div class=\"sgb-item-caption\"><em>Sarajevo, 01. juni 1910. sati 8:20; Car Franjo Josip I. na vojnom vje\u017ebali\u0161tu u blizini Filipovi\u0107a kasarne<\/em><\/div><\/div><div class=\"sgb-item\"><a href=\"https:\/\/vremeplov.ba\/2025\/2014\/05\/30\/posjeta-cara-franje-josipa-i-bosni-i-hercegovini\/image-37-3\/\" target=\"_blank\"><img decoding=\"async\" alt=\"\" width=\"950\" height=\"548\" loading=\"lazy\" src=\"https:\/\/vremeplov.ba\/2025\/wp-content\/uploads\/2014\/05\/image-37.jpg\" srcset=\",https:\/\/vremeplov.ba\/2025\/wp-content\/uploads\/2014\/05\/image-37.jpg 950w\" sizes=\"auto, 250px\"\/><\/a><div class=\"sgb-item-caption\"><em>Sarajevo, 02. juni 1910. Car se preko Bentba\u0161e i Mo\u0161\u010danice odvezao na Pa\u0161ino Brdo gdje \u0107e u\u017eivati u panorami Sarajeva uz predo\u010denje pukovnika Lipov\u0161eka o operaciji zauzimanja Sarajeva 19. avgusta 1878. godine<\/em><\/div><\/div><div class=\"sgb-item\"><a href=\"https:\/\/vremeplov.ba\/2025\/2014\/05\/30\/posjeta-cara-franje-josipa-i-bosni-i-hercegovini\/ilidza-02-juni-1910-sati-1600\/\" target=\"_blank\"><img decoding=\"async\" alt=\"\" width=\"950\" height=\"628\" loading=\"lazy\" src=\"https:\/\/vremeplov.ba\/2025\/wp-content\/uploads\/2014\/05\/image-38.jpg\" srcset=\",https:\/\/vremeplov.ba\/2025\/wp-content\/uploads\/2014\/05\/image-38.jpg 950w\" sizes=\"auto, 250px\"\/><\/a><div class=\"sgb-item-caption\"><em>Ilid\u017ea, 02. juni 1910. sati 16:00;<\/em><\/div><\/div><div class=\"sgb-item\"><a href=\"https:\/\/vremeplov.ba\/2025\/2014\/05\/30\/posjeta-cara-franje-josipa-i-bosni-i-hercegovini\/image-39-3\/\" target=\"_blank\"><img decoding=\"async\" alt=\"\" width=\"950\" height=\"608\" loading=\"lazy\" src=\"https:\/\/vremeplov.ba\/2025\/wp-content\/uploads\/2014\/05\/image-39.jpg\" srcset=\",https:\/\/vremeplov.ba\/2025\/wp-content\/uploads\/2014\/05\/image-39.jpg 950w\" sizes=\"auto, 250px\"\/><\/a><div class=\"sgb-item-caption\"><em>Ilid\u017ea, 02. juni 1910. sati 16:30; Car na terasi lje\u010dili\u0161ta u dru\u0161tvu dostojanstvenika dok su balkoni hotela Austrije i Hungarije sjedile gospo\u0111e u bijelim toaletama<\/em><\/div><\/div><div class=\"sgb-item\"><a href=\"https:\/\/vremeplov.ba\/2025\/2014\/05\/30\/posjeta-cara-franje-josipa-i-bosni-i-hercegovini\/image-40-3\/\" target=\"_blank\"><img decoding=\"async\" alt=\"\" width=\"950\" height=\"598\" loading=\"lazy\" src=\"https:\/\/vremeplov.ba\/2025\/wp-content\/uploads\/2014\/05\/image-40.jpg\" srcset=\",https:\/\/vremeplov.ba\/2025\/wp-content\/uploads\/2014\/05\/image-40.jpg 950w\" sizes=\"auto, 250px\"\/><\/a><div class=\"sgb-item-caption\"><em>Ilid\u017ea, 02. juni 1910. Igranje kola u banji Ilid\u017ei pred carem Franjom Josipom I<\/em><\/div><\/div><div class=\"sgb-item\"><a href=\"https:\/\/vremeplov.ba\/2025\/2014\/05\/30\/posjeta-cara-franje-josipa-i-bosni-i-hercegovini\/ilidza-02-juni-1910\/\" target=\"_blank\"><img decoding=\"async\" alt=\"\" width=\"950\" height=\"609\" loading=\"lazy\" src=\"https:\/\/vremeplov.ba\/2025\/wp-content\/uploads\/2014\/05\/image-41.jpg\" srcset=\",https:\/\/vremeplov.ba\/2025\/wp-content\/uploads\/2014\/05\/image-41.jpg 950w\" sizes=\"auto, 250px\"\/><\/a><div class=\"sgb-item-caption\"><em>Ilid\u017ea, 02. juni 1910.<\/em><\/div><\/div><div class=\"sgb-item\"><a href=\"https:\/\/vremeplov.ba\/2025\/2014\/05\/30\/posjeta-cara-franje-josipa-i-bosni-i-hercegovini\/ilidza-02-juni-1910-2\/\" target=\"_blank\"><img decoding=\"async\" alt=\"\" width=\"950\" height=\"595\" loading=\"lazy\" src=\"https:\/\/vremeplov.ba\/2025\/wp-content\/uploads\/2014\/05\/image-42.jpg\" srcset=\",https:\/\/vremeplov.ba\/2025\/wp-content\/uploads\/2014\/05\/image-42.jpg 950w\" sizes=\"auto, 250px\"\/><\/a><div class=\"sgb-item-caption\"><em>Ilid\u017ea, 02. juni 1910.<\/em><\/div><\/div><div class=\"sgb-item\"><a href=\"https:\/\/vremeplov.ba\/2025\/2014\/05\/30\/posjeta-cara-franje-josipa-i-bosni-i-hercegovini\/image-43-3\/\" target=\"_blank\"><img decoding=\"async\" alt=\"\" width=\"950\" height=\"606\" loading=\"lazy\" src=\"https:\/\/vremeplov.ba\/2025\/wp-content\/uploads\/2014\/05\/image-43.jpg\" srcset=\",https:\/\/vremeplov.ba\/2025\/wp-content\/uploads\/2014\/05\/image-43.jpg 950w\" sizes=\"auto, 250px\"\/><\/a><div class=\"sgb-item-caption\"><em>Konjic, 03. juni 1910. sati 9:00; Dolazak cara vozom u Konjic gdje mu je dobrodo\u0161licu odao gradona\u010delnik D\u017eaferbeg Sulejmanovi\u0107<\/em><\/div><\/div><div class=\"sgb-item\"><a href=\"https:\/\/vremeplov.ba\/2025\/2014\/05\/30\/posjeta-cara-franje-josipa-i-bosni-i-hercegovini\/image-44-3\/\" target=\"_blank\"><img decoding=\"async\" alt=\"\" width=\"950\" height=\"465\" loading=\"lazy\" src=\"https:\/\/vremeplov.ba\/2025\/wp-content\/uploads\/2014\/05\/image-44.jpg\" srcset=\",https:\/\/vremeplov.ba\/2025\/wp-content\/uploads\/2014\/05\/image-44.jpg 950w\" sizes=\"auto, 250px\"\/><\/a><div class=\"sgb-item-caption\"><em>Jablanica, 03. juni 1910. sati 10:27; Po\u010dasna \u010deta 4. pje\u0161adijskog puka odaje dobrodo\u0161licu caru Franji Josipu I<\/em><\/div><\/div><div class=\"sgb-item\"><a href=\"https:\/\/vremeplov.ba\/2025\/2014\/05\/30\/posjeta-cara-franje-josipa-i-bosni-i-hercegovini\/postkarten-povodom-posjete-cara-franje-josipa-i-mostaru\/\" target=\"_blank\"><img decoding=\"async\" alt=\"\" width=\"950\" height=\"603\" loading=\"lazy\" src=\"https:\/\/vremeplov.ba\/2025\/wp-content\/uploads\/2014\/05\/image-45.jpg\" srcset=\",https:\/\/vremeplov.ba\/2025\/wp-content\/uploads\/2014\/05\/image-45.jpg 950w\" sizes=\"auto, 250px\"\/><\/a><div class=\"sgb-item-caption\"><em>Postkarten povodom posjete cara Franje Josipa I Mostaru<\/em><\/div><\/div><div class=\"sgb-item\"><a href=\"https:\/\/vremeplov.ba\/2025\/2014\/05\/30\/posjeta-cara-franje-josipa-i-bosni-i-hercegovini\/image-46-3\/\" target=\"_blank\"><img decoding=\"async\" alt=\"\" width=\"950\" height=\"609\" loading=\"lazy\" src=\"https:\/\/vremeplov.ba\/2025\/wp-content\/uploads\/2014\/05\/image-46.jpg\" srcset=\",https:\/\/vremeplov.ba\/2025\/wp-content\/uploads\/2014\/05\/image-46.jpg 950w\" sizes=\"auto, 250px\"\/><\/a><div class=\"sgb-item-caption\"><em>Mostar, 03.juni 1910. sati 12:00; Dolaskom carevog voza u Mostar oglasili su se topovi sa Huma i ostalih tvr\u0111ava<\/em><\/div><\/div><div class=\"sgb-item\"><a href=\"https:\/\/vremeplov.ba\/2025\/2014\/05\/30\/posjeta-cara-franje-josipa-i-bosni-i-hercegovini\/image-47-3\/\" target=\"_blank\"><img decoding=\"async\" alt=\"\" width=\"950\" height=\"608\" loading=\"lazy\" src=\"https:\/\/vremeplov.ba\/2025\/wp-content\/uploads\/2014\/05\/image-47.jpg\" srcset=\",https:\/\/vremeplov.ba\/2025\/wp-content\/uploads\/2014\/05\/image-47.jpg 950w\" sizes=\"auto, 250px\"\/><\/a><div class=\"sgb-item-caption\"><em>Mostar, 03. juni 1910. sati 12:00; Nakon obilaska po\u010dasne \u010dete cara ispred carskog paviljona do\u010dekao ga je gradona\u010delnik Mostara Mujaga Komadina<\/em><\/div><\/div><div class=\"sgb-item\"><a href=\"https:\/\/vremeplov.ba\/2025\/2014\/05\/30\/posjeta-cara-franje-josipa-i-bosni-i-hercegovini\/image-48-3\/\" target=\"_blank\"><img decoding=\"async\" alt=\"\" width=\"950\" height=\"555\" loading=\"lazy\" src=\"https:\/\/vremeplov.ba\/2025\/wp-content\/uploads\/2014\/05\/image-48.jpg\" srcset=\",https:\/\/vremeplov.ba\/2025\/wp-content\/uploads\/2014\/05\/image-48.jpg 950w\" sizes=\"auto, 250px\"\/><\/a><div class=\"sgb-item-caption\"><em>Mostar, 03. juni 1910. Djeca (\u010detiri konfesije) pozdravljaju cara Franju Josipa I<\/em><\/div><\/div><div class=\"sgb-item\"><a href=\"https:\/\/vremeplov.ba\/2025\/2014\/05\/30\/posjeta-cara-franje-josipa-i-bosni-i-hercegovini\/image-49-3\/\" target=\"_blank\"><img decoding=\"async\" alt=\"\" width=\"950\" height=\"619\" loading=\"lazy\" src=\"https:\/\/vremeplov.ba\/2025\/wp-content\/uploads\/2014\/05\/image-49.jpg\" srcset=\",https:\/\/vremeplov.ba\/2025\/wp-content\/uploads\/2014\/05\/image-49.jpg 950w\" sizes=\"auto, 250px\"\/><\/a><div class=\"sgb-item-caption\"><em>Mostar, 03. juni 1910. Do\u010dek sa starim obi\u010dajem ponude soli i hljeba kao znak dobrodo\u0161lice<\/em><\/div><\/div><div class=\"sgb-item\"><a href=\"https:\/\/vremeplov.ba\/2025\/2014\/05\/30\/posjeta-cara-franje-josipa-i-bosni-i-hercegovini\/image-50-3\/\" target=\"_blank\"><img decoding=\"async\" alt=\"\" width=\"950\" height=\"642\" loading=\"lazy\" src=\"https:\/\/vremeplov.ba\/2025\/wp-content\/uploads\/2014\/05\/image-50.jpg\" srcset=\",https:\/\/vremeplov.ba\/2025\/wp-content\/uploads\/2014\/05\/image-50.jpg 950w\" sizes=\"auto, 250px\"\/><\/a><div class=\"sgb-item-caption\"><em>Mostar, 03. juni 1910. sati 14:30; Ispred hotela Narenta car poziva na organizirani dvorski objed uglednu 51 osobu sa tri zajedni\u010dka ministra Monarhije Aehrenthal, von Schonaich, baron Burian i ostali<\/em><\/div><\/div><div class=\"sgb-item\"><a href=\"https:\/\/vremeplov.ba\/2025\/2014\/05\/30\/posjeta-cara-franje-josipa-i-bosni-i-hercegovini\/image-51-3\/\" target=\"_blank\"><img decoding=\"async\" alt=\"\" width=\"950\" height=\"637\" loading=\"lazy\" src=\"https:\/\/vremeplov.ba\/2025\/wp-content\/uploads\/2014\/05\/image-51.jpg\" srcset=\",https:\/\/vremeplov.ba\/2025\/wp-content\/uploads\/2014\/05\/image-51.jpg 950w\" sizes=\"auto, 250px\"\/><\/a><div class=\"sgb-item-caption\"><em>Mostar, 03. juni 1910. oko 15:00 sati. Vo\u017enja Mostarom prema Starom mostu i kasnije prema vrelu Radobolje<\/em><\/div><\/div><div class=\"sgb-item\"><a href=\"https:\/\/vremeplov.ba\/2025\/2014\/05\/30\/posjeta-cara-franje-josipa-i-bosni-i-hercegovini\/image-52-3\/\" target=\"_blank\"><img decoding=\"async\" alt=\"\" width=\"715\" height=\"950\" loading=\"lazy\" src=\"https:\/\/vremeplov.ba\/2025\/wp-content\/uploads\/2014\/05\/image-52.jpg\" srcset=\",https:\/\/vremeplov.ba\/2025\/wp-content\/uploads\/2014\/05\/image-52.jpg 715w\" sizes=\"auto, 250px\"\/><\/a><div class=\"sgb-item-caption\"><em>Mostar, 03. juni 1910. Car Franjo Josip u obilasku Starog mosta u dru\u0161tvu sa gradona\u010delnikom Mujagom Komadinom<\/em><\/div><\/div><div class=\"sgb-item\"><a href=\"https:\/\/vremeplov.ba\/2025\/2014\/05\/30\/posjeta-cara-franje-josipa-i-bosni-i-hercegovini\/mostar-03-juni-1910-stari-most-posjecuje-car-franjo-josip-i\/\" target=\"_blank\"><img decoding=\"async\" alt=\"\" width=\"950\" height=\"635\" loading=\"lazy\" src=\"https:\/\/vremeplov.ba\/2025\/wp-content\/uploads\/2014\/05\/image-53.jpg\" srcset=\",https:\/\/vremeplov.ba\/2025\/wp-content\/uploads\/2014\/05\/image-53.jpg 950w\" sizes=\"auto, 250px\"\/><\/a><div class=\"sgb-item-caption\"><em>Mostar, 03. juni 1910. Stari most posje\u010duje car Franjo Josip I<\/em><\/div><\/div><div class=\"sgb-item\"><a href=\"https:\/\/vremeplov.ba\/2025\/2014\/05\/30\/posjeta-cara-franje-josipa-i-bosni-i-hercegovini\/mostar-03-juni-1910-sati-1600-priprema-pred-povratak-cara-u-bec\/\" target=\"_blank\"><img decoding=\"async\" alt=\"\" width=\"950\" height=\"728\" loading=\"lazy\" src=\"https:\/\/vremeplov.ba\/2025\/wp-content\/uploads\/2014\/05\/image-54.jpg\" srcset=\",https:\/\/vremeplov.ba\/2025\/wp-content\/uploads\/2014\/05\/image-54.jpg 950w\" sizes=\"auto, 250px\"\/><\/a><div class=\"sgb-item-caption\"><em>Mostar, 03. juni 1910. sati 16:00; Priprema pred povratak cara u Be\u010d<\/em><\/div><\/div><div class=\"sgb-item\"><a href=\"https:\/\/vremeplov.ba\/2025\/2014\/05\/30\/posjeta-cara-franje-josipa-i-bosni-i-hercegovini\/image-55-3\/\" target=\"_blank\"><img decoding=\"async\" alt=\"\" width=\"950\" height=\"625\" loading=\"lazy\" src=\"https:\/\/vremeplov.ba\/2025\/wp-content\/uploads\/2014\/05\/image-55.jpg\" srcset=\",https:\/\/vremeplov.ba\/2025\/wp-content\/uploads\/2014\/05\/image-55.jpg 950w\" sizes=\"auto, 250px\"\/><\/a><div class=\"sgb-item-caption\"><em>Mostar, 03. juni 1910. Ispra\u010daj cara Franje Josipa I iz Mostara uz pucanje topova sa Huma<\/em><\/div><\/div><div class=\"sgb-item\"><a href=\"https:\/\/vremeplov.ba\/2025\/2014\/05\/30\/posjeta-cara-franje-josipa-i-bosni-i-hercegovini\/image-56-3\/\" target=\"_blank\"><img decoding=\"async\" alt=\"\" width=\"630\" height=\"950\" loading=\"lazy\" src=\"https:\/\/vremeplov.ba\/2025\/wp-content\/uploads\/2014\/05\/image-56.jpg\" srcset=\",https:\/\/vremeplov.ba\/2025\/wp-content\/uploads\/2014\/05\/image-56.jpg 630w\" sizes=\"auto, 250px\"\/><\/a><div class=\"sgb-item-caption\"><em>Sarajevo, 15. juni 1910. oko 11:30 sati. nevesinjac Bogdan \u017deraji\u0107 izvr\u0161io je atentat na zemaljskog poglavara Marijana Vare\u0161anina<\/em><\/div><\/div><\/div><\/noscript><\/div><script type=\"application\/json\" class=\"sgb-data\">{\"collectionColumns\":5,\"collectionThumbRecomendedWidth\":100,\"externalLink\":false,\"captions\":false,\"collectionThumbSubMenuDownload\":false,\"collectionThumbSubMenuShare\":false,\"loadingAttachments\":true,\"galleryType\":\"pgc_sgb_grid\",\"galleryId\":\"2ef36892\",\"images\":[{\"id\":31814,\"title\":\"Car Franjo Josip I. 1867.-1916.\",\"url\":\"https:\/\/vremeplov.ba\/2025\/wp-content\/uploads\/2014\/05\/image-1.jpg\",\"link\":\"https:\/\/vremeplov.ba\/2025\/2014\/05\/30\/posjeta-cara-franje-josipa-i-bosni-i-hercegovini\/car-franjo-josip-i-1867-1916\/\",\"alt\":\"\",\"description\":\"\",\"caption\":\"Car Franjo Josip I. 1867.-1916.\",\"mime\":\"image\/jpeg\",\"type\":\"image\",\"width\":636,\"height\":950,\"sizes\":{\"full\":{\"url\":\"https:\/\/vremeplov.ba\/2025\/wp-content\/uploads\/2014\/05\/image-1.jpg\",\"height\":950,\"width\":636,\"orientation\":\"portrait\"}},\"imageMeta\":{\"aperture\":\"0\",\"credit\":\"Sre\u0107ko Ignjatovi\u0107 Sarajevo BiH\",\"camera\":\"\",\"caption\":\"Car Franjo Josip I. 1867.-1916.\",\"created_timestamp\":\"1401374500\",\"copyright\":\"www.photogalerija.com\",\"focal_length\":\"0\",\"iso\":\"0\",\"shutter_speed\":\"0\",\"title\":\"Car Franjo Josip I. 1867.-1916.\",\"orientation\":\"1\",\"keywords\":[\"Franjo, Josip I, Franz,\"]},\"meta\":false,\"postlink\":\"https:\/\/vremeplov.ba\/2025\/2014\/05\/30\/posjeta-cara-franje-josipa-i-bosni-i-hercegovini\/car-franjo-josip-i-1867-1916\/\"},{\"id\":31815,\"title\":\"image-2\",\"url\":\"https:\/\/vremeplov.ba\/2025\/wp-content\/uploads\/2014\/05\/image-2.jpg\",\"link\":\"https:\/\/vremeplov.ba\/2025\/2014\/05\/30\/posjeta-cara-franje-josipa-i-bosni-i-hercegovini\/image-2-11\/\",\"alt\":\"\",\"description\":\"\",\"caption\":\"?????????????????????????????????????????????????????\",\"mime\":\"image\/jpeg\",\"type\":\"image\",\"width\":950,\"height\":602,\"sizes\":{\"full\":{\"url\":\"https:\/\/vremeplov.ba\/2025\/wp-content\/uploads\/2014\/05\/image-2.jpg\",\"height\":602,\"width\":950,\"orientation\":\"landscape\"}},\"imageMeta\":{\"aperture\":\"0\",\"credit\":\"Sre\u0107ko Ignjatovi\u0107 Sarajevo BiH\",\"camera\":\"\",\"caption\":\"?????????????????????????????????????????????????????\",\"created_timestamp\":\"1401116688\",\"copyright\":\"www.photogalerija.com\",\"focal_length\":\"0\",\"iso\":\"0\",\"shutter_speed\":\"0\",\"title\":\"\",\"orientation\":\"1\",\"keywords\":[\"Franjo, Josip I, Franz,\"]},\"meta\":false,\"postlink\":\"https:\/\/vremeplov.ba\/2025\/2014\/05\/30\/posjeta-cara-franje-josipa-i-bosni-i-hercegovini\/image-2-11\/\"},{\"id\":31816,\"title\":\"Postkarten o progla\u0161enju aneksije 1908.godine\",\"url\":\"https:\/\/vremeplov.ba\/2025\/wp-content\/uploads\/2014\/05\/image-3.jpg\",\"link\":\"https:\/\/vremeplov.ba\/2025\/2014\/05\/30\/posjeta-cara-franje-josipa-i-bosni-i-hercegovini\/postkarten-o-proglasenju-aneksije-1908-godine\/\",\"alt\":\"\",\"description\":\"\",\"caption\":\"Postkarten o progla\u0161enju aneksije 1908.godine\",\"mime\":\"image\/jpeg\",\"type\":\"image\",\"width\":950,\"height\":598,\"sizes\":{\"full\":{\"url\":\"https:\/\/vremeplov.ba\/2025\/wp-content\/uploads\/2014\/05\/image-3.jpg\",\"height\":598,\"width\":950,\"orientation\":\"landscape\"}},\"imageMeta\":{\"aperture\":\"0\",\"credit\":\"Sre\u0107ko Ignjatovi\u0107 Sarajevo BiH\",\"camera\":\"\",\"caption\":\"Postkarten o progla\u0161enju aneksije 1908.godine\",\"created_timestamp\":\"1401374500\",\"copyright\":\"www.photogalerija.com\",\"focal_length\":\"0\",\"iso\":\"0\",\"shutter_speed\":\"0\",\"title\":\"Postkarten o progla\u0161enju aneksije 1908.godine\",\"orientation\":\"1\",\"keywords\":[\"Franjo, Josip I, Franz,\"]},\"meta\":false,\"postlink\":\"https:\/\/vremeplov.ba\/2025\/2014\/05\/30\/posjeta-cara-franje-josipa-i-bosni-i-hercegovini\/postkarten-o-proglasenju-aneksije-1908-godine\/\"},{\"id\":31817,\"title\":\"Karta Austrougarske monarhije od 1987. godine\",\"url\":\"https:\/\/vremeplov.ba\/2025\/wp-content\/uploads\/2014\/05\/image-4.jpg\",\"link\":\"https:\/\/vremeplov.ba\/2025\/2014\/05\/30\/posjeta-cara-franje-josipa-i-bosni-i-hercegovini\/karta-austrougarske-monarhije-od-1987-godine\/\",\"alt\":\"\",\"description\":\"\",\"caption\":\"Karta Austrougarske monarhije od 1987. godine\",\"mime\":\"image\/jpeg\",\"type\":\"image\",\"width\":950,\"height\":746,\"sizes\":{\"full\":{\"url\":\"https:\/\/vremeplov.ba\/2025\/wp-content\/uploads\/2014\/05\/image-4.jpg\",\"height\":746,\"width\":950,\"orientation\":\"landscape\"}},\"imageMeta\":{\"aperture\":\"0\",\"credit\":\"Sre\u0107ko Ignjatovi\u0107 Sarajevo BiH\",\"camera\":\"\",\"caption\":\"Karta Austrougarske monarhije od 1987. godine\",\"created_timestamp\":\"1401115016\",\"copyright\":\"www.photogalerija.com\",\"focal_length\":\"0\",\"iso\":\"0\",\"shutter_speed\":\"0\",\"title\":\"Karta Austrougarske monarhije od 1987. godine\",\"orientation\":\"1\",\"keywords\":[\"Franjo, Josip I, Franz,\"]},\"meta\":false,\"postlink\":\"https:\/\/vremeplov.ba\/2025\/2014\/05\/30\/posjeta-cara-franje-josipa-i-bosni-i-hercegovini\/karta-austrougarske-monarhije-od-1987-godine\/\"},{\"id\":31818,\"title\":\"Red vo\u017enje carskog voza od Bos.Broda do Sarajeva 1910.godine\",\"url\":\"https:\/\/vremeplov.ba\/2025\/wp-content\/uploads\/2014\/05\/image-5.jpg\",\"link\":\"https:\/\/vremeplov.ba\/2025\/2014\/05\/30\/posjeta-cara-franje-josipa-i-bosni-i-hercegovini\/red-voznje-carskog-voza-od-bos-broda-do-sarajeva-1910-godine\/\",\"alt\":\"\",\"description\":\"\",\"caption\":\"Red vo\u017enje carskog voza od Bos.Broda do Sarajeva 1910.godine\",\"mime\":\"image\/jpeg\",\"type\":\"image\",\"width\":950,\"height\":717,\"sizes\":{\"full\":{\"url\":\"https:\/\/vremeplov.ba\/2025\/wp-content\/uploads\/2014\/05\/image-5.jpg\",\"height\":717,\"width\":950,\"orientation\":\"landscape\"}},\"imageMeta\":{\"aperture\":\"0\",\"credit\":\"Sre\u0107ko Ignjatovi\u0107 Sarajevo BiH\",\"camera\":\"\",\"caption\":\"Red vo\u017enje carskog voza od Bos.Broda do Sarajeva 1910.godine\",\"created_timestamp\":\"1401215725\",\"copyright\":\"www.photogalerija.com\",\"focal_length\":\"0\",\"iso\":\"0\",\"shutter_speed\":\"0\",\"title\":\"Red vo\u017enje carskog voza od Bos.Broda do Sarajeva 1910.godine\",\"orientation\":\"1\",\"keywords\":[\"Franjo, Josip I, Franz,\"]},\"meta\":false,\"postlink\":\"https:\/\/vremeplov.ba\/2025\/2014\/05\/30\/posjeta-cara-franje-josipa-i-bosni-i-hercegovini\/red-voznje-carskog-voza-od-bos-broda-do-sarajeva-1910-godine\/\"},{\"id\":31819,\"title\":\"image-6\",\"url\":\"https:\/\/vremeplov.ba\/2025\/wp-content\/uploads\/2014\/05\/image-6.jpg\",\"link\":\"https:\/\/vremeplov.ba\/2025\/2014\/05\/30\/posjeta-cara-franje-josipa-i-bosni-i-hercegovini\/image-6-11\/\",\"alt\":\"\",\"description\":\"\",\"caption\":\"Naslovnica kataloga Uspomena na prvom dolasku cara Franje Josipa I. u Sarajevo, na slici je kompletan upravni aparat Monarhije\",\"mime\":\"image\/jpeg\",\"type\":\"image\",\"width\":950,\"height\":615,\"sizes\":{\"full\":{\"url\":\"https:\/\/vremeplov.ba\/2025\/wp-content\/uploads\/2014\/05\/image-6.jpg\",\"height\":615,\"width\":950,\"orientation\":\"landscape\"}},\"imageMeta\":{\"aperture\":\"5.6\",\"credit\":\"Sre\u0107ko Ignjatovi\u0107 Sarajevo BiH\",\"camera\":\"Canon EOS 40D\",\"caption\":\"Naslovnica kataloga Uspomena na prvom dolasku cara Franje Josipa I. u Sarajevo, na slici je kompletan upravni aparat Monarhije\",\"created_timestamp\":\"1401299706\",\"copyright\":\"www.photogalerija.com\",\"focal_length\":\"70\",\"iso\":\"800\",\"shutter_speed\":\"0.1\",\"title\":\"\",\"orientation\":\"1\",\"keywords\":[\"Franjo, Josip I, Franz,\",\"franz\"]},\"meta\":false,\"postlink\":\"https:\/\/vremeplov.ba\/2025\/2014\/05\/30\/posjeta-cara-franje-josipa-i-bosni-i-hercegovini\/image-6-11\/\"},{\"id\":31820,\"title\":\"image-7\",\"url\":\"https:\/\/vremeplov.ba\/2025\/wp-content\/uploads\/2014\/05\/image-7.jpg\",\"link\":\"https:\/\/vremeplov.ba\/2025\/2014\/05\/30\/posjeta-cara-franje-josipa-i-bosni-i-hercegovini\/image-7-11\/\",\"alt\":\"\",\"description\":\"\",\"caption\":\"Bos.Brod 30.maja 1910. do\u010dek od strane zemaljskog poglavara general Marijan Vare\u0161anin od Vare\u0161a, gradona\u010delnik Mehmed Hafiz ef. Hod\u017ei\u0107 sa gradskim zastupstvom\",\"mime\":\"image\/jpeg\",\"type\":\"image\",\"width\":950,\"height\":643,\"sizes\":{\"full\":{\"url\":\"https:\/\/vremeplov.ba\/2025\/wp-content\/uploads\/2014\/05\/image-7.jpg\",\"height\":643,\"width\":950,\"orientation\":\"landscape\"}},\"imageMeta\":{\"aperture\":\"0\",\"credit\":\"Sre\u0107ko Ignjatovi\u0107 Sarajevo BiH\",\"camera\":\"\",\"caption\":\"Bos.Brod 30.maja 1910. do\u010dek od strane zemaljskog poglavara general Marijan Vare\u0161anin od Vare\u0161a, gradona\u010delnik Mehmed Hafiz ef. Hod\u017ei\u0107 sa gradskim zastupstvom\",\"created_timestamp\":\"1401310267\",\"copyright\":\"www.photogalerija.com\",\"focal_length\":\"0\",\"iso\":\"0\",\"shutter_speed\":\"0\",\"title\":\"\",\"orientation\":\"1\",\"keywords\":[\"Franjo, Josip I, Franz,\"]},\"meta\":false,\"postlink\":\"https:\/\/vremeplov.ba\/2025\/2014\/05\/30\/posjeta-cara-franje-josipa-i-bosni-i-hercegovini\/image-7-11\/\"},{\"id\":31821,\"title\":\"image-8\",\"url\":\"https:\/\/vremeplov.ba\/2025\/wp-content\/uploads\/2014\/05\/image-8.jpg\",\"link\":\"https:\/\/vremeplov.ba\/2025\/2014\/05\/30\/posjeta-cara-franje-josipa-i-bosni-i-hercegovini\/image-8-11\/\",\"alt\":\"\",\"description\":\"\",\"caption\":\"Doboj, 30.maja 1910. sati 8:12.  do\u010dek od strane gradona\u010delnika Bego had\u017ei Mujagi\u0107 i predstavnici vojne i civilne uprave\",\"mime\":\"image\/jpeg\",\"type\":\"image\",\"width\":950,\"height\":593,\"sizes\":{\"full\":{\"url\":\"https:\/\/vremeplov.ba\/2025\/wp-content\/uploads\/2014\/05\/image-8.jpg\",\"height\":593,\"width\":950,\"orientation\":\"landscape\"}},\"imageMeta\":{\"aperture\":\"0\",\"credit\":\"Sre\u0107ko Ignjatovi\u0107 Sarajevo BiH\",\"camera\":\"\",\"caption\":\"Doboj, 30.maja 1910. sati 8:12.  do\u010dek od strane gradona\u010delnika Bego had\u017ei Mujagi\u0107 i predstavnici vojne i civilne uprave\",\"created_timestamp\":\"1401374500\",\"copyright\":\"www.photogalerija.com\",\"focal_length\":\"0\",\"iso\":\"0\",\"shutter_speed\":\"0\",\"title\":\"\",\"orientation\":\"1\",\"keywords\":[\"Franjo, Josip I, Franz,\"]},\"meta\":false,\"postlink\":\"https:\/\/vremeplov.ba\/2025\/2014\/05\/30\/posjeta-cara-franje-josipa-i-bosni-i-hercegovini\/image-8-11\/\"},{\"id\":31822,\"title\":\"image-9\",\"url\":\"https:\/\/vremeplov.ba\/2025\/wp-content\/uploads\/2014\/05\/image-9.jpg\",\"link\":\"https:\/\/vremeplov.ba\/2025\/2014\/05\/30\/posjeta-cara-franje-josipa-i-bosni-i-hercegovini\/image-9-11\/\",\"alt\":\"\",\"description\":\"\",\"caption\":\"Doboj, 30.maja 1910. sati 8:12.  do\u010dek od strane gradona\u010delnika Bego had\u017ei Mujagi\u0107 i predstavnici vojne i civilne uprave\",\"mime\":\"image\/jpeg\",\"type\":\"image\",\"width\":950,\"height\":796,\"sizes\":{\"full\":{\"url\":\"https:\/\/vremeplov.ba\/2025\/wp-content\/uploads\/2014\/05\/image-9.jpg\",\"height\":796,\"width\":950,\"orientation\":\"landscape\"}},\"imageMeta\":{\"aperture\":\"0\",\"credit\":\"Sre\u0107ko Ignjatovi\u0107 Sarajevo BiH\",\"camera\":\"\",\"caption\":\"Doboj, 30.maja 1910. sati 8:12.  do\u010dek od strane gradona\u010delnika Bego had\u017ei Mujagi\u0107 i predstavnici vojne i civilne uprave\",\"created_timestamp\":\"1401310267\",\"copyright\":\"www.photogalerija.com\",\"focal_length\":\"0\",\"iso\":\"0\",\"shutter_speed\":\"0\",\"title\":\"\",\"orientation\":\"1\",\"keywords\":[\"Franjo, Josip I, Franz,\"]},\"meta\":false,\"postlink\":\"https:\/\/vremeplov.ba\/2025\/2014\/05\/30\/posjeta-cara-franje-josipa-i-bosni-i-hercegovini\/image-9-11\/\"},{\"id\":31823,\"title\":\"image-10\",\"url\":\"https:\/\/vremeplov.ba\/2025\/wp-content\/uploads\/2014\/05\/image-10.jpg\",\"link\":\"https:\/\/vremeplov.ba\/2025\/2014\/05\/30\/posjeta-cara-franje-josipa-i-bosni-i-hercegovini\/image-10-11\/\",\"alt\":\"\",\"description\":\"\",\"caption\":\"Zavidovi\u0107i, 30.maj 1910. sati 9:59; po\u010dasna \u010deta 1. bataljona 75. pje\u0161adijskog puka\",\"mime\":\"image\/jpeg\",\"type\":\"image\",\"width\":950,\"height\":659,\"sizes\":{\"full\":{\"url\":\"https:\/\/vremeplov.ba\/2025\/wp-content\/uploads\/2014\/05\/image-10.jpg\",\"height\":659,\"width\":950,\"orientation\":\"landscape\"}},\"imageMeta\":{\"aperture\":\"0\",\"credit\":\"Sre\u0107ko Ignjatovi\u0107 Sarajevo BiH\",\"camera\":\"\",\"caption\":\"Zavidovi\u0107i, 30.maj 1910. sati 9:59; po\u010dasna \u010deta 1. bataljona 75. pje\u0161adijskog puka\",\"created_timestamp\":\"1401310267\",\"copyright\":\"www.photogalerija.com\",\"focal_length\":\"0\",\"iso\":\"0\",\"shutter_speed\":\"0\",\"title\":\"\",\"orientation\":\"1\",\"keywords\":[\"Franjo, Josip I, Franz,\"]},\"meta\":false,\"postlink\":\"https:\/\/vremeplov.ba\/2025\/2014\/05\/30\/posjeta-cara-franje-josipa-i-bosni-i-hercegovini\/image-10-11\/\"},{\"id\":31824,\"title\":\"image-11\",\"url\":\"https:\/\/vremeplov.ba\/2025\/wp-content\/uploads\/2014\/05\/image-11.jpg\",\"link\":\"https:\/\/vremeplov.ba\/2025\/2014\/05\/30\/posjeta-cara-franje-josipa-i-bosni-i-hercegovini\/image-11-10\/\",\"alt\":\"\",\"description\":\"\",\"caption\":\"Zenica, 30.maj 1910. sati 11:48; dobrodo\u0161lica od okru\u017enog predstojnika Travnika Mih. vitez Rukavina, kotarski g.Strassman i gradona\u010delnik Ali ef. Harmandi\u0107\",\"mime\":\"image\/jpeg\",\"type\":\"image\",\"width\":950,\"height\":683,\"sizes\":{\"full\":{\"url\":\"https:\/\/vremeplov.ba\/2025\/wp-content\/uploads\/2014\/05\/image-11.jpg\",\"height\":683,\"width\":950,\"orientation\":\"landscape\"}},\"imageMeta\":{\"aperture\":\"0\",\"credit\":\"Sre\u0107ko Ignjatovi\u0107 Sarajevo BiH\",\"camera\":\"\",\"caption\":\"Zenica, 30.maj 1910. sati 11:48; dobrodo\u0161lica od okru\u017enog predstojnika Travnika Mih. vitez Rukavina, kotarski g.Strassman i gradona\u010delnik Ali ef. Harmandi\u0107\",\"created_timestamp\":\"1401310267\",\"copyright\":\"www.photogalerija.com\",\"focal_length\":\"0\",\"iso\":\"0\",\"shutter_speed\":\"0\",\"title\":\"\",\"orientation\":\"1\",\"keywords\":[\"Franjo, Josip I, Franz,\"]},\"meta\":false,\"postlink\":\"https:\/\/vremeplov.ba\/2025\/2014\/05\/30\/posjeta-cara-franje-josipa-i-bosni-i-hercegovini\/image-11-10\/\"},{\"id\":31825,\"title\":\"image-12\",\"url\":\"https:\/\/vremeplov.ba\/2025\/wp-content\/uploads\/2014\/05\/image-12.jpg\",\"link\":\"https:\/\/vremeplov.ba\/2025\/2014\/05\/30\/posjeta-cara-franje-josipa-i-bosni-i-hercegovini\/image-12-10\/\",\"alt\":\"\",\"description\":\"\",\"caption\":\"Visoko, 30.maj 1910. sati 13:50; do\u010dek od strane okru\u017eni upravitelj Baron, kotarski predstojnik Zimonji\u0107, gradona\u010delnik Salihaga \u0160ehovi\u0107 sa Srpskim pjeva\u010dkim dru\u0161tvom\",\"mime\":\"image\/jpeg\",\"type\":\"image\",\"width\":1188,\"height\":754,\"sizes\":{\"full\":{\"url\":\"https:\/\/vremeplov.ba\/2025\/wp-content\/uploads\/2014\/05\/image-12.jpg\",\"height\":754,\"width\":1188,\"orientation\":\"landscape\"}},\"imageMeta\":{\"aperture\":\"0\",\"credit\":\"Sre\u0107ko Ignjatovi\u0107 Sarajevo BiH\",\"camera\":\"\",\"caption\":\"Visoko, 30.maj 1910. sati 13:50; do\u010dek od strane okru\u017eni upravitelj Baron, kotarski predstojnik Zimonji\u0107, gradona\u010delnik Salihaga \u0160ehovi\u0107 sa Srpskim pjeva\u010dkim dru\u0161tvom\",\"created_timestamp\":\"1401310267\",\"copyright\":\"www.photogalerija.com\",\"focal_length\":\"0\",\"iso\":\"0\",\"shutter_speed\":\"0\",\"title\":\"\",\"orientation\":\"0\",\"keywords\":[]},\"meta\":false,\"postlink\":\"https:\/\/vremeplov.ba\/2025\/2014\/05\/30\/posjeta-cara-franje-josipa-i-bosni-i-hercegovini\/image-12-10\/\"},{\"id\":31826,\"title\":\"image-13\",\"url\":\"https:\/\/vremeplov.ba\/2025\/wp-content\/uploads\/2014\/05\/image-13.jpg\",\"link\":\"https:\/\/vremeplov.ba\/2025\/2014\/05\/30\/posjeta-cara-franje-josipa-i-bosni-i-hercegovini\/image-13-10\/\",\"alt\":\"\",\"description\":\"\",\"caption\":\"Sarajevo, 30.maj 1910. sati 15:30; Ispred Fabrike duhana (danas Marijin dvor), primanje raporta od strane podmar\u0161ala Appela\",\"mime\":\"image\/jpeg\",\"type\":\"image\",\"width\":950,\"height\":689,\"sizes\":{\"full\":{\"url\":\"https:\/\/vremeplov.ba\/2025\/wp-content\/uploads\/2014\/05\/image-13.jpg\",\"height\":689,\"width\":950,\"orientation\":\"landscape\"}},\"imageMeta\":{\"aperture\":\"0\",\"credit\":\"Sre\u0107ko Ignjatovi\u0107 Sarajevo BiH\",\"camera\":\"\",\"caption\":\"Sarajevo, 30.maj 1910. sati 15:30; Ispred Fabrike duhana (danas Marijin dvor), primanje raporta od strane podmar\u0161ala Appela\",\"created_timestamp\":\"1401310267\",\"copyright\":\"www.photogalerija.com\",\"focal_length\":\"0\",\"iso\":\"0\",\"shutter_speed\":\"0\",\"title\":\"\",\"orientation\":\"1\",\"keywords\":[\"Franjo, Josip I, Franz,\"]},\"meta\":false,\"postlink\":\"https:\/\/vremeplov.ba\/2025\/2014\/05\/30\/posjeta-cara-franje-josipa-i-bosni-i-hercegovini\/image-13-10\/\"},{\"id\":31827,\"title\":\"Odlazak cara u sve\u010dani paviljon gdje se nalaze strani konzuli i ostala gospoda\",\"url\":\"https:\/\/vremeplov.ba\/2025\/wp-content\/uploads\/2014\/05\/image-14.jpg\",\"link\":\"https:\/\/vremeplov.ba\/2025\/2014\/05\/30\/posjeta-cara-franje-josipa-i-bosni-i-hercegovini\/odlazak-cara-u-svecani-paviljon-gdje-se-nalaze-strani-konzuli-i-ostala-gospoda\/\",\"alt\":\"\",\"description\":\"\",\"caption\":\"Odlazak cara u sve\u010dani paviljon gdje se nalaze strani konzuli i ostala gospoda\",\"mime\":\"image\/jpeg\",\"type\":\"image\",\"width\":950,\"height\":675,\"sizes\":{\"full\":{\"url\":\"https:\/\/vremeplov.ba\/2025\/wp-content\/uploads\/2014\/05\/image-14.jpg\",\"height\":675,\"width\":950,\"orientation\":\"landscape\"}},\"imageMeta\":{\"aperture\":\"0\",\"credit\":\"Sre\u0107ko Ignjatovi\u0107 Sarajevo BiH\",\"camera\":\"\",\"caption\":\"Odlazak cara u sve\u010dani paviljon gdje se nalaze strani konzuli i ostala gospoda\",\"created_timestamp\":\"1401310267\",\"copyright\":\"www.photogalerija.com\",\"focal_length\":\"0\",\"iso\":\"0\",\"shutter_speed\":\"0\",\"title\":\"Odlazak cara u sve\u010dani paviljon gdje se nalaze strani konzuli i ostala gospoda\",\"orientation\":\"1\",\"keywords\":[\"Franjo, Josip I, Franz,\"]},\"meta\":false,\"postlink\":\"https:\/\/vremeplov.ba\/2025\/2014\/05\/30\/posjeta-cara-franje-josipa-i-bosni-i-hercegovini\/odlazak-cara-u-svecani-paviljon-gdje-se-nalaze-strani-konzuli-i-ostala-gospoda\/\"},{\"id\":31828,\"title\":\"Car u dru\u0161tvu sa predstavnicima vojne i civilne uprave\",\"url\":\"https:\/\/vremeplov.ba\/2025\/wp-content\/uploads\/2014\/05\/image-15.jpg\",\"link\":\"https:\/\/vremeplov.ba\/2025\/2014\/05\/30\/posjeta-cara-franje-josipa-i-bosni-i-hercegovini\/car-u-drustvu-sa-predstavnicima-vojne-i-civilne-uprave\/\",\"alt\":\"\",\"description\":\"\",\"caption\":\"Car u dru\u0161tvu sa predstavnicima vojne i civilne uprave\",\"mime\":\"image\/jpeg\",\"type\":\"image\",\"width\":950,\"height\":590,\"sizes\":{\"full\":{\"url\":\"https:\/\/vremeplov.ba\/2025\/wp-content\/uploads\/2014\/05\/image-15.jpg\",\"height\":590,\"width\":950,\"orientation\":\"landscape\"}},\"imageMeta\":{\"aperture\":\"0\",\"credit\":\"Sre\u0107ko Ignjatovi\u0107 Sarajevo BiH\",\"camera\":\"\",\"caption\":\"Car u dru\u0161tvu sa predstavnicima vojne i civilne uprave\",\"created_timestamp\":\"1401310267\",\"copyright\":\"www.photogalerija.com\",\"focal_length\":\"0\",\"iso\":\"0\",\"shutter_speed\":\"0\",\"title\":\"Car u dru\u0161tvu sa predstavnicima vojne i civilne uprave\",\"orientation\":\"1\",\"keywords\":[\"Franjo, Josip I, Franz,\"]},\"meta\":false,\"postlink\":\"https:\/\/vremeplov.ba\/2025\/2014\/05\/30\/posjeta-cara-franje-josipa-i-bosni-i-hercegovini\/car-u-drustvu-sa-predstavnicima-vojne-i-civilne-uprave\/\"},{\"id\":31829,\"title\":\"image-16\",\"url\":\"https:\/\/vremeplov.ba\/2025\/wp-content\/uploads\/2014\/05\/image-16.jpg\",\"link\":\"https:\/\/vremeplov.ba\/2025\/2014\/05\/30\/posjeta-cara-franje-josipa-i-bosni-i-hercegovini\/image-16-9\/\",\"alt\":\"\",\"description\":\"\",\"caption\":\"Poklonstvo caru su obavili nadbiskup Stadler, mitropolit Evgenije Letica, reis-l-ulema Sulejman ef. \u0160arac kao i protestantski \u017eupnik, sefardski i austrougarski nadrabin\",\"mime\":\"image\/jpeg\",\"type\":\"image\",\"width\":950,\"height\":618,\"sizes\":{\"full\":{\"url\":\"https:\/\/vremeplov.ba\/2025\/wp-content\/uploads\/2014\/05\/image-16.jpg\",\"height\":618,\"width\":950,\"orientation\":\"landscape\"}},\"imageMeta\":{\"aperture\":\"0\",\"credit\":\"Sre\u0107ko Ignjatovi\u0107 Sarajevo BiH\",\"camera\":\"\",\"caption\":\"Poklonstvo caru su obavili nadbiskup Stadler, mitropolit Evgenije Letica, reis-l-ulema Sulejman ef. \u0160arac kao i protestantski \u017eupnik, sefardski i austrougarski nadrabin\",\"created_timestamp\":\"1401310267\",\"copyright\":\"www.photogalerija.com\",\"focal_length\":\"0\",\"iso\":\"0\",\"shutter_speed\":\"0\",\"title\":\"\",\"orientation\":\"1\",\"keywords\":[\"Franjo, Josip I, Franz,\"]},\"meta\":false,\"postlink\":\"https:\/\/vremeplov.ba\/2025\/2014\/05\/30\/posjeta-cara-franje-josipa-i-bosni-i-hercegovini\/image-16-9\/\"},{\"id\":31830,\"title\":\"image-17\",\"url\":\"https:\/\/vremeplov.ba\/2025\/wp-content\/uploads\/2014\/05\/image-17.jpg\",\"link\":\"https:\/\/vremeplov.ba\/2025\/2014\/05\/30\/posjeta-cara-franje-josipa-i-bosni-i-hercegovini\/image-17-8\/\",\"alt\":\"\",\"description\":\"\",\"caption\":\"Sarajevo, 30.maj 1910. Nakon \u0161to je primio poklonstvo od gradona\u010delnika Esada ef. Kulovi\u0107a car se obratio prisutnima\",\"mime\":\"image\/jpeg\",\"type\":\"image\",\"width\":950,\"height\":613,\"sizes\":{\"full\":{\"url\":\"https:\/\/vremeplov.ba\/2025\/wp-content\/uploads\/2014\/05\/image-17.jpg\",\"height\":613,\"width\":950,\"orientation\":\"landscape\"}},\"imageMeta\":{\"aperture\":\"0\",\"credit\":\"Sre\u0107ko Ignjatovi\u0107 Sarajevo BiH\",\"camera\":\"\",\"caption\":\"Sarajevo, 30.maj 1910. Nakon \u0161to je primio poklonstvo od gradona\u010delnika Esada ef. Kulovi\u0107a car se obratio prisutnima\",\"created_timestamp\":\"1401310267\",\"copyright\":\"www.photogalerija.com\",\"focal_length\":\"0\",\"iso\":\"0\",\"shutter_speed\":\"0\",\"title\":\"\",\"orientation\":\"1\",\"keywords\":[\"Franjo, Josip I, Franz,\"]},\"meta\":false,\"postlink\":\"https:\/\/vremeplov.ba\/2025\/2014\/05\/30\/posjeta-cara-franje-josipa-i-bosni-i-hercegovini\/image-17-8\/\"},{\"id\":31831,\"title\":\"image-18\",\"url\":\"https:\/\/vremeplov.ba\/2025\/wp-content\/uploads\/2014\/05\/image-18.jpg\",\"link\":\"https:\/\/vremeplov.ba\/2025\/2014\/05\/30\/posjeta-cara-franje-josipa-i-bosni-i-hercegovini\/image-18-8\/\",\"alt\":\"\",\"description\":\"\",\"caption\":\"Sarajevo, 30.maj 1910. Od Fabrike duhana do Konaka car se odvezao sa \u010detiri carska konja upregnuta u a la Doumont ko\u010dije\",\"mime\":\"image\/jpeg\",\"type\":\"image\",\"width\":950,\"height\":529,\"sizes\":{\"full\":{\"url\":\"https:\/\/vremeplov.ba\/2025\/wp-content\/uploads\/2014\/05\/image-18.jpg\",\"height\":529,\"width\":950,\"orientation\":\"landscape\"}},\"imageMeta\":{\"aperture\":\"0\",\"credit\":\"Sre\u0107ko Ignjatovi\u0107 Sarajevo BiH\",\"camera\":\"\",\"caption\":\"Sarajevo, 30.maj 1910. Od Fabrike duhana do Konaka car se odvezao sa \u010detiri carska konja upregnuta u a la Doumont ko\u010dije\",\"created_timestamp\":\"1401310267\",\"copyright\":\"www.photogalerija.com\",\"focal_length\":\"0\",\"iso\":\"0\",\"shutter_speed\":\"0\",\"title\":\"\",\"orientation\":\"1\",\"keywords\":[\"Franjo, Josip I, Franz,\"]},\"meta\":false,\"postlink\":\"https:\/\/vremeplov.ba\/2025\/2014\/05\/30\/posjeta-cara-franje-josipa-i-bosni-i-hercegovini\/image-18-8\/\"},{\"id\":31832,\"title\":\"Pred Konakom sa sarajevskom mlade\u017ei\",\"url\":\"https:\/\/vremeplov.ba\/2025\/wp-content\/uploads\/2014\/05\/image-19.jpg\",\"link\":\"https:\/\/vremeplov.ba\/2025\/2014\/05\/30\/posjeta-cara-franje-josipa-i-bosni-i-hercegovini\/pred-konakom-sa-sarajevskom-mladezi\/\",\"alt\":\"\",\"description\":\"\",\"caption\":\"Pred Konakom sa sarajevskom mlade\u017ei\",\"mime\":\"image\/jpeg\",\"type\":\"image\",\"width\":950,\"height\":597,\"sizes\":{\"full\":{\"url\":\"https:\/\/vremeplov.ba\/2025\/wp-content\/uploads\/2014\/05\/image-19.jpg\",\"height\":597,\"width\":950,\"orientation\":\"landscape\"}},\"imageMeta\":{\"aperture\":\"0\",\"credit\":\"Sre\u0107ko Ignjatovi\u0107 Sarajevo BiH\",\"camera\":\"\",\"caption\":\"Pred Konakom sa sarajevskom mlade\u017ei\",\"created_timestamp\":\"1401310267\",\"copyright\":\"www.photogalerija.com\",\"focal_length\":\"0\",\"iso\":\"0\",\"shutter_speed\":\"0\",\"title\":\"Pred Konakom sa sarajevskom mlade\u017ei\",\"orientation\":\"1\",\"keywords\":[\"Franjo, Josip I, Franz,\"]},\"meta\":false,\"postlink\":\"https:\/\/vremeplov.ba\/2025\/2014\/05\/30\/posjeta-cara-franje-josipa-i-bosni-i-hercegovini\/pred-konakom-sa-sarajevskom-mladezi\/\"},{\"id\":31833,\"title\":\"image-20\",\"url\":\"https:\/\/vremeplov.ba\/2025\/wp-content\/uploads\/2014\/05\/image-20.jpg\",\"link\":\"https:\/\/vremeplov.ba\/2025\/2014\/05\/30\/posjeta-cara-franje-josipa-i-bosni-i-hercegovini\/image-20-8\/\",\"alt\":\"\",\"description\":\"\",\"caption\":\"Careva radna soba u Konaku sa bijelim plafonom i zidovi oblo\u017eeni cvijetnim tapetama svijetle boje\",\"mime\":\"image\/jpeg\",\"type\":\"image\",\"width\":950,\"height\":722,\"sizes\":{\"full\":{\"url\":\"https:\/\/vremeplov.ba\/2025\/wp-content\/uploads\/2014\/05\/image-20.jpg\",\"height\":722,\"width\":950,\"orientation\":\"landscape\"}},\"imageMeta\":{\"aperture\":\"0\",\"credit\":\"Sre\u0107ko Ignjatovi\u0107 Sarajevo BiH\",\"camera\":\"\",\"caption\":\"Careva radna soba u Konaku sa bijelim plafonom i zidovi oblo\u017eeni cvijetnim tapetama svijetle boje\",\"created_timestamp\":\"1401310267\",\"copyright\":\"www.photogalerija.com\",\"focal_length\":\"0\",\"iso\":\"0\",\"shutter_speed\":\"0\",\"title\":\"\",\"orientation\":\"1\",\"keywords\":[\"Franjo, Josip I, Franz,\"]},\"meta\":false,\"postlink\":\"https:\/\/vremeplov.ba\/2025\/2014\/05\/30\/posjeta-cara-franje-josipa-i-bosni-i-hercegovini\/image-20-8\/\"},{\"id\":31834,\"title\":\"image-21\",\"url\":\"https:\/\/vremeplov.ba\/2025\/wp-content\/uploads\/2014\/05\/image-21.jpg\",\"link\":\"https:\/\/vremeplov.ba\/2025\/2014\/05\/30\/posjeta-cara-franje-josipa-i-bosni-i-hercegovini\/image-21-8\/\",\"alt\":\"\",\"description\":\"\",\"caption\":\"Spava\u0107a soba u Konaku sa posteljom od gvo\u017e\u0111a sa \u010deli\u0107nom matricom, du\u0161ekom i jastukom napunjenim konjskom dlakom\",\"mime\":\"image\/jpeg\",\"type\":\"image\",\"width\":950,\"height\":711,\"sizes\":{\"full\":{\"url\":\"https:\/\/vremeplov.ba\/2025\/wp-content\/uploads\/2014\/05\/image-21.jpg\",\"height\":711,\"width\":950,\"orientation\":\"landscape\"}},\"imageMeta\":{\"aperture\":\"0\",\"credit\":\"Sre\u0107ko Ignjatovi\u0107 Sarajevo BiH\",\"camera\":\"\",\"caption\":\"Spava\u0107a soba u Konaku sa posteljom od gvo\u017e\u0111a sa \u010deli\u0107nom matricom, du\u0161ekom i jastukom napunjenim konjskom dlakom\",\"created_timestamp\":\"1401310267\",\"copyright\":\"www.photogalerija.com\",\"focal_length\":\"0\",\"iso\":\"0\",\"shutter_speed\":\"0\",\"title\":\"\",\"orientation\":\"1\",\"keywords\":[\"Franjo, Josip I, Franz,\"]},\"meta\":false,\"postlink\":\"https:\/\/vremeplov.ba\/2025\/2014\/05\/30\/posjeta-cara-franje-josipa-i-bosni-i-hercegovini\/image-21-8\/\"},{\"id\":31835,\"title\":\"Sarajevo, 31. maj 1910. Vo\u017enja sarajevskim ulicama prema Vladinoj pala\u010di\",\"url\":\"https:\/\/vremeplov.ba\/2025\/wp-content\/uploads\/2014\/05\/image-22.jpg\",\"link\":\"https:\/\/vremeplov.ba\/2025\/2014\/05\/30\/posjeta-cara-franje-josipa-i-bosni-i-hercegovini\/sarajevo-31-maj-1910-voznja-sarajevskim-ulicama-prema-vladinoj-palaci\/\",\"alt\":\"\",\"description\":\"\",\"caption\":\"Sarajevo, 31. maj 1910. Vo\u017enja sarajevskim ulicama prema Vladinoj pala\u010di\",\"mime\":\"image\/jpeg\",\"type\":\"image\",\"width\":950,\"height\":606,\"sizes\":{\"full\":{\"url\":\"https:\/\/vremeplov.ba\/2025\/wp-content\/uploads\/2014\/05\/image-22.jpg\",\"height\":606,\"width\":950,\"orientation\":\"landscape\"}},\"imageMeta\":{\"aperture\":\"0\",\"credit\":\"Sre\u0107ko Ignjatovi\u0107 Sarajevo BiH\",\"camera\":\"\",\"caption\":\"Sarajevo, 31. maj 1910. Vo\u017enja sarajevskim ulicama prema Vladinoj pala\u010di\",\"created_timestamp\":\"1401310267\",\"copyright\":\"www.photogalerija.com\",\"focal_length\":\"0\",\"iso\":\"0\",\"shutter_speed\":\"0\",\"title\":\"Sarajevo, 31. maj 1910. Vo\u017enja sarajevskim ulicama prema Vladinoj pala\u010di\",\"orientation\":\"1\",\"keywords\":[\"Franjo, Josip I, Franz,\"]},\"meta\":false,\"postlink\":\"https:\/\/vremeplov.ba\/2025\/2014\/05\/30\/posjeta-cara-franje-josipa-i-bosni-i-hercegovini\/sarajevo-31-maj-1910-voznja-sarajevskim-ulicama-prema-vladinoj-palaci\/\"},{\"id\":31836,\"title\":\"image-23\",\"url\":\"https:\/\/vremeplov.ba\/2025\/wp-content\/uploads\/2014\/05\/image-23.jpg\",\"link\":\"https:\/\/vremeplov.ba\/2025\/2014\/05\/30\/posjeta-cara-franje-josipa-i-bosni-i-hercegovini\/image-23-7\/\",\"alt\":\"\",\"description\":\"\",\"caption\":\"Sarajevo, 31.maj 1910. sati 9:00; Car u mar\u0161alskoj uniformi u pratnji zemaljskog poglavara Marijana Vare\u0161anina dolaze pred Vladinu pala\u010du\",\"mime\":\"image\/jpeg\",\"type\":\"image\",\"width\":950,\"height\":611,\"sizes\":{\"full\":{\"url\":\"https:\/\/vremeplov.ba\/2025\/wp-content\/uploads\/2014\/05\/image-23.jpg\",\"height\":611,\"width\":950,\"orientation\":\"landscape\"}},\"imageMeta\":{\"aperture\":\"0\",\"credit\":\"Sre\u0107ko Ignjatovi\u0107 Sarajevo BiH\",\"camera\":\"\",\"caption\":\"Sarajevo, 31.maj 1910. sati 9:00; Car u mar\u0161alskoj uniformi u pratnji zemaljskog poglavara Marijana Vare\u0161anina dolaze pred Vladinu pala\u010du\",\"created_timestamp\":\"1401310267\",\"copyright\":\"www.photogalerija.com\",\"focal_length\":\"0\",\"iso\":\"0\",\"shutter_speed\":\"0\",\"title\":\"\",\"orientation\":\"1\",\"keywords\":[\"Franjo, Josip I, Franz,\"]},\"meta\":false,\"postlink\":\"https:\/\/vremeplov.ba\/2025\/2014\/05\/30\/posjeta-cara-franje-josipa-i-bosni-i-hercegovini\/image-23-7\/\"},{\"id\":31837,\"title\":\"image-24\",\"url\":\"https:\/\/vremeplov.ba\/2025\/wp-content\/uploads\/2014\/05\/image-24.jpg\",\"link\":\"https:\/\/vremeplov.ba\/2025\/2014\/05\/30\/posjeta-cara-franje-josipa-i-bosni-i-hercegovini\/image-24-7\/\",\"alt\":\"\",\"description\":\"\",\"caption\":\"Sarajevo, 31.maj 1910. sati 12:00; Car Franjo Josip I. napu\u0161ta Vladinu pala\u010du i odlazi u Konak\",\"mime\":\"image\/jpeg\",\"type\":\"image\",\"width\":950,\"height\":751,\"sizes\":{\"full\":{\"url\":\"https:\/\/vremeplov.ba\/2025\/wp-content\/uploads\/2014\/05\/image-24.jpg\",\"height\":751,\"width\":950,\"orientation\":\"landscape\"}},\"imageMeta\":{\"aperture\":\"0\",\"credit\":\"Sre\u0107ko Ignjatovi\u0107 Sarajevo BiH\",\"camera\":\"\",\"caption\":\"Sarajevo, 31.maj 1910. sati 12:00; Car Franjo Josip I. napu\u0161ta Vladinu pala\u010du i odlazi u Konak\",\"created_timestamp\":\"1401310267\",\"copyright\":\"www.photogalerija.com\",\"focal_length\":\"0\",\"iso\":\"0\",\"shutter_speed\":\"0\",\"title\":\"\",\"orientation\":\"1\",\"keywords\":[\"Franjo, Josip I, Franz,\"]},\"meta\":false,\"postlink\":\"https:\/\/vremeplov.ba\/2025\/2014\/05\/30\/posjeta-cara-franje-josipa-i-bosni-i-hercegovini\/image-24-7\/\"},{\"id\":31838,\"title\":\"Sarajevo, 31 maj 1910. sati 16:00; Dolazak cara pred katoli\u010dku katedralu;\",\"url\":\"https:\/\/vremeplov.ba\/2025\/wp-content\/uploads\/2014\/05\/image-25.jpg\",\"link\":\"https:\/\/vremeplov.ba\/2025\/2014\/05\/30\/posjeta-cara-franje-josipa-i-bosni-i-hercegovini\/sarajevo-31-maj-1910-sati-1600-dolazak-cara-pred-katolicku-katedralu\/\",\"alt\":\"\",\"description\":\"\",\"caption\":\"Sarajevo, 31 maj 1910. sati 16:00; Dolazak cara pred katoli\u010dku katedralu;\",\"mime\":\"image\/jpeg\",\"type\":\"image\",\"width\":950,\"height\":673,\"sizes\":{\"full\":{\"url\":\"https:\/\/vremeplov.ba\/2025\/wp-content\/uploads\/2014\/05\/image-25.jpg\",\"height\":673,\"width\":950,\"orientation\":\"landscape\"}},\"imageMeta\":{\"aperture\":\"0\",\"credit\":\"Sre\u0107ko Ignjatovi\u0107 Sarajevo BiH\",\"camera\":\"\",\"caption\":\"Sarajevo, 31 maj 1910. sati 16:00; Dolazak cara pred katoli\u010dku katedralu;\",\"created_timestamp\":\"1401310267\",\"copyright\":\"www.photogalerija.com\",\"focal_length\":\"0\",\"iso\":\"0\",\"shutter_speed\":\"0\",\"title\":\"Sarajevo, 31 maj 1910. sati 16:00; Dolazak cara pred katoli\u010dku katedralu;\",\"orientation\":\"1\",\"keywords\":[\"Franjo, Josip I, Franz,\"]},\"meta\":false,\"postlink\":\"https:\/\/vremeplov.ba\/2025\/2014\/05\/30\/posjeta-cara-franje-josipa-i-bosni-i-hercegovini\/sarajevo-31-maj-1910-sati-1600-dolazak-cara-pred-katolicku-katedralu\/\"},{\"id\":31839,\"title\":\"Sarajevo, 31 maj 1910. U i\u0161\u010dekivanju Nadbiskupa Stadlera\",\"url\":\"https:\/\/vremeplov.ba\/2025\/wp-content\/uploads\/2014\/05\/image-26.jpg\",\"link\":\"https:\/\/vremeplov.ba\/2025\/2014\/05\/30\/posjeta-cara-franje-josipa-i-bosni-i-hercegovini\/sarajevo-31-maj-1910-u-iscekivanju-nadbiskupa-stadlera\/\",\"alt\":\"\",\"description\":\"\",\"caption\":\"Sarajevo, 31 maj 1910. U i\u0161\u010dekivanju Nadbiskupa Stadlera\",\"mime\":\"image\/jpeg\",\"type\":\"image\",\"width\":950,\"height\":616,\"sizes\":{\"full\":{\"url\":\"https:\/\/vremeplov.ba\/2025\/wp-content\/uploads\/2014\/05\/image-26.jpg\",\"height\":616,\"width\":950,\"orientation\":\"landscape\"}},\"imageMeta\":{\"aperture\":\"0\",\"credit\":\"Sre\u0107ko Ignjatovi\u0107 Sarajevo BiH\",\"camera\":\"\",\"caption\":\"Sarajevo, 31 maj 1910. U i\u0161\u010dekivanju Nadbiskupa Stadlera\",\"created_timestamp\":\"1401310267\",\"copyright\":\"www.photogalerija.com\",\"focal_length\":\"0\",\"iso\":\"0\",\"shutter_speed\":\"0\",\"title\":\"Sarajevo, 31 maj 1910. U i\u0161\u010dekivanju Nadbiskupa Stadlera\",\"orientation\":\"1\",\"keywords\":[\"Franjo, Josip I, Franz,\"]},\"meta\":false,\"postlink\":\"https:\/\/vremeplov.ba\/2025\/2014\/05\/30\/posjeta-cara-franje-josipa-i-bosni-i-hercegovini\/sarajevo-31-maj-1910-u-iscekivanju-nadbiskupa-stadlera\/\"},{\"id\":31840,\"title\":\"image-27\",\"url\":\"https:\/\/vremeplov.ba\/2025\/wp-content\/uploads\/2014\/05\/image-27.jpg\",\"link\":\"https:\/\/vremeplov.ba\/2025\/2014\/05\/30\/posjeta-cara-franje-josipa-i-bosni-i-hercegovini\/image-27-7\/\",\"alt\":\"\",\"description\":\"\",\"caption\":\"Sarajevo, 31. maj 1910. Odlazak cara iz katredale i odlazi prema novoj srpsko-pravoslavnoj crkvi  Rudolfovoj ulici pje\u0161ke\",\"mime\":\"image\/jpeg\",\"type\":\"image\",\"width\":950,\"height\":681,\"sizes\":{\"full\":{\"url\":\"https:\/\/vremeplov.ba\/2025\/wp-content\/uploads\/2014\/05\/image-27.jpg\",\"height\":681,\"width\":950,\"orientation\":\"landscape\"}},\"imageMeta\":{\"aperture\":\"0\",\"credit\":\"Sre\u0107ko Ignjatovi\u0107 Sarajevo BiH\",\"camera\":\"\",\"caption\":\"Sarajevo, 31. maj 1910. Odlazak cara iz katredale i odlazi prema novoj srpsko-pravoslavnoj crkvi  Rudolfovoj ulici pje\u0161ke\",\"created_timestamp\":\"1401310267\",\"copyright\":\"www.photogalerija.com\",\"focal_length\":\"0\",\"iso\":\"0\",\"shutter_speed\":\"0\",\"title\":\"\",\"orientation\":\"1\",\"keywords\":[\"Franjo, Josip I, Franz,\"]},\"meta\":false,\"postlink\":\"https:\/\/vremeplov.ba\/2025\/2014\/05\/30\/posjeta-cara-franje-josipa-i-bosni-i-hercegovini\/image-27-7\/\"},{\"id\":31841,\"title\":\"image-28\",\"url\":\"https:\/\/vremeplov.ba\/2025\/wp-content\/uploads\/2014\/05\/image-28.jpg\",\"link\":\"https:\/\/vremeplov.ba\/2025\/2014\/05\/30\/posjeta-cara-franje-josipa-i-bosni-i-hercegovini\/image-28-6\/\",\"alt\":\"\",\"description\":\"\",\"caption\":\"Sarajevo, 31. maj 1910. oko 16:30 sati; Car dolazi pred srpsko-pravoslanu crkvu do\u010dekan od strane predsjednika crkvene op\u0161tine Gligorija Jeftanovi\u0107a i arhiepiskop i mitropolita Evgenija Letice\",\"mime\":\"image\/jpeg\",\"type\":\"image\",\"width\":950,\"height\":619,\"sizes\":{\"full\":{\"url\":\"https:\/\/vremeplov.ba\/2025\/wp-content\/uploads\/2014\/05\/image-28.jpg\",\"height\":619,\"width\":950,\"orientation\":\"landscape\"}},\"imageMeta\":{\"aperture\":\"0\",\"credit\":\"Sre\u0107ko Ignjatovi\u0107 Sarajevo BiH\",\"camera\":\"\",\"caption\":\"Sarajevo, 31. maj 1910. oko 16:30 sati; Car dolazi pred srpsko-pravoslanu crkvu do\u010dekan od strane predsjednika crkvene op\u0161tine Gligorija Jeftanovi\u0107a i arhiepiskop i mitropolita Evgenija Letice\",\"created_timestamp\":\"1401310267\",\"copyright\":\"www.photogalerija.com\",\"focal_length\":\"0\",\"iso\":\"0\",\"shutter_speed\":\"0\",\"title\":\"\",\"orientation\":\"1\",\"keywords\":[\"Franjo, Josip I, Franz,\"]},\"meta\":false,\"postlink\":\"https:\/\/vremeplov.ba\/2025\/2014\/05\/30\/posjeta-cara-franje-josipa-i-bosni-i-hercegovini\/image-28-6\/\"},{\"id\":31842,\"title\":\"Car sa pratnjom se vozi ba\u0161\u010dar\u0161ijom u posjetu i obilazak Begove d\u017eamije\",\"url\":\"https:\/\/vremeplov.ba\/2025\/wp-content\/uploads\/2014\/05\/image-29.jpg\",\"link\":\"https:\/\/vremeplov.ba\/2025\/2014\/05\/30\/posjeta-cara-franje-josipa-i-bosni-i-hercegovini\/car-sa-pratnjom-se-vozi-bascarsijom-u-posjetu-i-obilazak-begove-dzamije\/\",\"alt\":\"\",\"description\":\"\",\"caption\":\"Car sa pratnjom se vozi ba\u0161\u010dar\u0161ijom u posjetu i obilazak Begove d\u017eamije\",\"mime\":\"image\/jpeg\",\"type\":\"image\",\"width\":950,\"height\":664,\"sizes\":{\"full\":{\"url\":\"https:\/\/vremeplov.ba\/2025\/wp-content\/uploads\/2014\/05\/image-29.jpg\",\"height\":664,\"width\":950,\"orientation\":\"landscape\"}},\"imageMeta\":{\"aperture\":\"0\",\"credit\":\"Sre\u0107ko Ignjatovi\u0107 Sarajevo BiH\",\"camera\":\"\",\"caption\":\"Car sa pratnjom se vozi ba\u0161\u010dar\u0161ijom u posjetu i obilazak Begove d\u017eamije\",\"created_timestamp\":\"1401310267\",\"copyright\":\"www.photogalerija.com\",\"focal_length\":\"0\",\"iso\":\"0\",\"shutter_speed\":\"0\",\"title\":\"Car sa pratnjom se vozi ba\u0161\u010dar\u0161ijom u posjetu i obilazak Begove d\u017eamije\",\"orientation\":\"1\",\"keywords\":[\"Franjo, Josip I, Franz,\"]},\"meta\":false,\"postlink\":\"https:\/\/vremeplov.ba\/2025\/2014\/05\/30\/posjeta-cara-franje-josipa-i-bosni-i-hercegovini\/car-sa-pratnjom-se-vozi-bascarsijom-u-posjetu-i-obilazak-begove-dzamije\/\"},{\"id\":31843,\"title\":\"image-30\",\"url\":\"https:\/\/vremeplov.ba\/2025\/wp-content\/uploads\/2014\/05\/image-30.jpg\",\"link\":\"https:\/\/vremeplov.ba\/2025\/2014\/05\/30\/posjeta-cara-franje-josipa-i-bosni-i-hercegovini\/image-30-4\/\",\"alt\":\"\",\"description\":\"\",\"caption\":\"Sarajevo, 31. maj 1910. Begova d\u017eamija. Do\u010dek cara pred slavoluko od strane vakufskog direktora \u0160erifa ef. Arnautovi\u0107a i uveo ga u dvori\u0161te d\u017eamije\",\"mime\":\"image\/jpeg\",\"type\":\"image\",\"width\":950,\"height\":598,\"sizes\":{\"full\":{\"url\":\"https:\/\/vremeplov.ba\/2025\/wp-content\/uploads\/2014\/05\/image-30.jpg\",\"height\":598,\"width\":950,\"orientation\":\"landscape\"}},\"imageMeta\":{\"aperture\":\"0\",\"credit\":\"Sre\u0107ko Ignjatovi\u0107 Sarajevo BiH\",\"camera\":\"\",\"caption\":\"Sarajevo, 31. maj 1910. Begova d\u017eamija. Do\u010dek cara pred slavoluko od strane vakufskog direktora \u0160erifa ef. Arnautovi\u0107a i uveo ga u dvori\u0161te d\u017eamije\",\"created_timestamp\":\"1401310267\",\"copyright\":\"www.photogalerija.com\",\"focal_length\":\"0\",\"iso\":\"0\",\"shutter_speed\":\"0\",\"title\":\"\",\"orientation\":\"1\",\"keywords\":[\"Franjo, Josip I, Franz,\"]},\"meta\":false,\"postlink\":\"https:\/\/vremeplov.ba\/2025\/2014\/05\/30\/posjeta-cara-franje-josipa-i-bosni-i-hercegovini\/image-30-4\/\"},{\"id\":31844,\"title\":\"image-31\",\"url\":\"https:\/\/vremeplov.ba\/2025\/wp-content\/uploads\/2014\/05\/image-31.jpg\",\"link\":\"https:\/\/vremeplov.ba\/2025\/2014\/05\/30\/posjeta-cara-franje-josipa-i-bosni-i-hercegovini\/image-31-4\/\",\"alt\":\"\",\"description\":\"\",\"caption\":\"Sarajevo, 31. maj 1910. Ispred vrata Begove d\u017eamije primio ga je reis-l-ulema had\u017ei Sulejman ef. \u0160arac i uveo ga u prostorije u obilazak\",\"mime\":\"image\/jpeg\",\"type\":\"image\",\"width\":778,\"height\":950,\"sizes\":{\"full\":{\"url\":\"https:\/\/vremeplov.ba\/2025\/wp-content\/uploads\/2014\/05\/image-31.jpg\",\"height\":950,\"width\":778,\"orientation\":\"portrait\"}},\"imageMeta\":{\"aperture\":\"0\",\"credit\":\"Sre\u0107ko Ignjatovi\u0107 Sarajevo BiH\",\"camera\":\"\",\"caption\":\"Sarajevo, 31. maj 1910. Ispred vrata Begove d\u017eamije primio ga je reis-l-ulema had\u017ei Sulejman ef. \u0160arac i uveo ga u prostorije u obilazak\",\"created_timestamp\":\"1401310267\",\"copyright\":\"www.photogalerija.com\",\"focal_length\":\"0\",\"iso\":\"0\",\"shutter_speed\":\"0\",\"title\":\"\",\"orientation\":\"1\",\"keywords\":[\"Franjo, Josip I, Franz,\"]},\"meta\":false,\"postlink\":\"https:\/\/vremeplov.ba\/2025\/2014\/05\/30\/posjeta-cara-franje-josipa-i-bosni-i-hercegovini\/image-31-4\/\"},{\"id\":31845,\"title\":\"image-32\",\"url\":\"https:\/\/vremeplov.ba\/2025\/wp-content\/uploads\/2014\/05\/image-32.jpg\",\"link\":\"https:\/\/vremeplov.ba\/2025\/2014\/05\/30\/posjeta-cara-franje-josipa-i-bosni-i-hercegovini\/image-32-4\/\",\"alt\":\"\",\"description\":\"\",\"caption\":\"Sarajevo, 31. maj 1910. Odlazak cara prema Gradskoj vije\u0107nici putem Filipovi\u0107a trga i \u0160eher \u010dehajine \u010duprije\",\"mime\":\"image\/jpeg\",\"type\":\"image\",\"width\":950,\"height\":616,\"sizes\":{\"full\":{\"url\":\"https:\/\/vremeplov.ba\/2025\/wp-content\/uploads\/2014\/05\/image-32.jpg\",\"height\":616,\"width\":950,\"orientation\":\"landscape\"}},\"imageMeta\":{\"aperture\":\"0\",\"credit\":\"Sre\u0107ko Ignjatovi\u0107 Sarajevo BiH\",\"camera\":\"\",\"caption\":\"Sarajevo, 31. maj 1910. Odlazak cara prema Gradskoj vije\u0107nici putem Filipovi\u0107a trga i \u0160eher \u010dehajine \u010duprije\",\"created_timestamp\":\"1401310267\",\"copyright\":\"www.photogalerija.com\",\"focal_length\":\"0\",\"iso\":\"0\",\"shutter_speed\":\"0\",\"title\":\"\",\"orientation\":\"0\",\"keywords\":[]},\"meta\":false,\"postlink\":\"https:\/\/vremeplov.ba\/2025\/2014\/05\/30\/posjeta-cara-franje-josipa-i-bosni-i-hercegovini\/image-32-4\/\"},{\"id\":31846,\"title\":\"image-33\",\"url\":\"https:\/\/vremeplov.ba\/2025\/wp-content\/uploads\/2014\/05\/image-33.jpg\",\"link\":\"https:\/\/vremeplov.ba\/2025\/2014\/05\/30\/posjeta-cara-franje-josipa-i-bosni-i-hercegovini\/image-33-3\/\",\"alt\":\"\",\"description\":\"\",\"caption\":\"Sarajevo, 31. maj 1910. Car ispred Gradske vije\u0107nice i do\u010dekan od strane gradona\u010delnika Esada ef. Kulovi\u0107a\",\"mime\":\"image\/jpeg\",\"type\":\"image\",\"width\":1188,\"height\":748,\"sizes\":{\"full\":{\"url\":\"https:\/\/vremeplov.ba\/2025\/wp-content\/uploads\/2014\/05\/image-33.jpg\",\"height\":748,\"width\":1188,\"orientation\":\"landscape\"}},\"imageMeta\":{\"aperture\":\"0\",\"credit\":\"Sre\u0107ko Ignjatovi\u0107 Sarajevo BiH\",\"camera\":\"\",\"caption\":\"Sarajevo, 31. maj 1910. Car ispred Gradske vije\u0107nice i do\u010dekan od strane gradona\u010delnika Esada ef. Kulovi\u0107a\",\"created_timestamp\":\"1401310267\",\"copyright\":\"www.photogalerija.com\",\"focal_length\":\"0\",\"iso\":\"0\",\"shutter_speed\":\"0\",\"title\":\"\",\"orientation\":\"0\",\"keywords\":[]},\"meta\":false,\"postlink\":\"https:\/\/vremeplov.ba\/2025\/2014\/05\/30\/posjeta-cara-franje-josipa-i-bosni-i-hercegovini\/image-33-3\/\"},{\"id\":31847,\"title\":\"image-34\",\"url\":\"https:\/\/vremeplov.ba\/2025\/wp-content\/uploads\/2014\/05\/image-34.jpg\",\"link\":\"https:\/\/vremeplov.ba\/2025\/2014\/05\/30\/posjeta-cara-franje-josipa-i-bosni-i-hercegovini\/image-34-3\/\",\"alt\":\"\",\"description\":\"\",\"caption\":\"Sarajevo, 31. maj 1910. Gradska vije\u0107nica. Fotografija preuzeta od austrijske nacionalne biblioteke\",\"mime\":\"image\/jpeg\",\"type\":\"image\",\"width\":950,\"height\":656,\"sizes\":{\"full\":{\"url\":\"https:\/\/vremeplov.ba\/2025\/wp-content\/uploads\/2014\/05\/image-34.jpg\",\"height\":656,\"width\":950,\"orientation\":\"landscape\"}},\"imageMeta\":{\"aperture\":\"0\",\"credit\":\"Sre\u0107ko Ignjatovi\u0107 Sarajevo BiH\",\"camera\":\"\",\"caption\":\"Sarajevo, 31. maj 1910. Gradska vije\u0107nica. Fotografija preuzeta od austrijske nacionalne biblioteke\",\"created_timestamp\":\"1401310267\",\"copyright\":\"www.photogalerija.com\",\"focal_length\":\"0\",\"iso\":\"0\",\"shutter_speed\":\"0\",\"title\":\"\",\"orientation\":\"1\",\"keywords\":[\"Franjo, Josip I, Franz,\"]},\"meta\":false,\"postlink\":\"https:\/\/vremeplov.ba\/2025\/2014\/05\/30\/posjeta-cara-franje-josipa-i-bosni-i-hercegovini\/image-34-3\/\"},{\"id\":31848,\"title\":\"image-35\",\"url\":\"https:\/\/vremeplov.ba\/2025\/wp-content\/uploads\/2014\/05\/image-35.jpg\",\"link\":\"https:\/\/vremeplov.ba\/2025\/2014\/05\/30\/posjeta-cara-franje-josipa-i-bosni-i-hercegovini\/image-35-3\/\",\"alt\":\"\",\"description\":\"\",\"caption\":\"Sarajevo, 31. maj 1910. Car Franjo Josip I. poslije zavr\u0161ene posjete Gradskoj vije\u0107nici odlazi u Konak na dvorsku ve\u010deru na kome prisustvuju sve uglednije osobe iz carske pratnje i li\u010dnosti javnog \u017eivota u Bosni i Hercegovini\",\"mime\":\"image\/jpeg\",\"type\":\"image\",\"width\":950,\"height\":600,\"sizes\":{\"full\":{\"url\":\"https:\/\/vremeplov.ba\/2025\/wp-content\/uploads\/2014\/05\/image-35.jpg\",\"height\":600,\"width\":950,\"orientation\":\"landscape\"}},\"imageMeta\":{\"aperture\":\"0\",\"credit\":\"Sre\u0107ko Ignjatovi\u0107 Sarajevo BiH\",\"camera\":\"\",\"caption\":\"Sarajevo, 31. maj 1910. Car Franjo Josip I. poslije zavr\u0161ene posjete Gradskoj vije\u0107nici odlazi u Konak na dvorsku ve\u010deru na kome prisustvuju sve uglednije osobe iz carske pratnje i li\u010dnosti javnog \u017eivota u Bosni i Hercegovini\",\"created_timestamp\":\"1401310267\",\"copyright\":\"www.photogalerija.com\",\"focal_length\":\"0\",\"iso\":\"0\",\"shutter_speed\":\"0\",\"title\":\"\",\"orientation\":\"1\",\"keywords\":[\"Franjo, Josip I, Franz,\"]},\"meta\":false,\"postlink\":\"https:\/\/vremeplov.ba\/2025\/2014\/05\/30\/posjeta-cara-franje-josipa-i-bosni-i-hercegovini\/image-35-3\/\"},{\"id\":31849,\"title\":\"image-36\",\"url\":\"https:\/\/vremeplov.ba\/2025\/wp-content\/uploads\/2014\/05\/image-36.jpg\",\"link\":\"https:\/\/vremeplov.ba\/2025\/2014\/05\/30\/posjeta-cara-franje-josipa-i-bosni-i-hercegovini\/image-36-3\/\",\"alt\":\"\",\"description\":\"\",\"caption\":\"Sarajevo, 01. juni 1910. sati 8:20; Car Franjo Josip I. na vojnom vje\u017ebali\u0161tu u blizini Filipovi\u0107a kasarne\",\"mime\":\"image\/jpeg\",\"type\":\"image\",\"width\":950,\"height\":608,\"sizes\":{\"full\":{\"url\":\"https:\/\/vremeplov.ba\/2025\/wp-content\/uploads\/2014\/05\/image-36.jpg\",\"height\":608,\"width\":950,\"orientation\":\"landscape\"}},\"imageMeta\":{\"aperture\":\"0\",\"credit\":\"Sre\u0107ko Ignjatovi\u0107 Sarajevo BiH\",\"camera\":\"\",\"caption\":\"Sarajevo, 01. juni 1910. sati 8:20; Car Franjo Josip I. na vojnom vje\u017ebali\u0161tu u blizini Filipovi\u0107a kasarne\",\"created_timestamp\":\"1401310267\",\"copyright\":\"www.photogalerija.com\",\"focal_length\":\"0\",\"iso\":\"0\",\"shutter_speed\":\"0\",\"title\":\"\",\"orientation\":\"1\",\"keywords\":[\"Franjo, Josip I, Franz,\"]},\"meta\":false,\"postlink\":\"https:\/\/vremeplov.ba\/2025\/2014\/05\/30\/posjeta-cara-franje-josipa-i-bosni-i-hercegovini\/image-36-3\/\"},{\"id\":31850,\"title\":\"image-37\",\"url\":\"https:\/\/vremeplov.ba\/2025\/wp-content\/uploads\/2014\/05\/image-37.jpg\",\"link\":\"https:\/\/vremeplov.ba\/2025\/2014\/05\/30\/posjeta-cara-franje-josipa-i-bosni-i-hercegovini\/image-37-3\/\",\"alt\":\"\",\"description\":\"\",\"caption\":\"Sarajevo, 02. juni 1910. Car se preko Bentba\u0161e i Mo\u0161\u010danice odvezao na Pa\u0161ino Brdo gdje \u0107e u\u017eivati u panorami Sarajeva uz predo\u010denje pukovnika Lipov\u0161eka o operaciji zauzimanja Sarajeva 19. avgusta 1878. godine\",\"mime\":\"image\/jpeg\",\"type\":\"image\",\"width\":950,\"height\":548,\"sizes\":{\"full\":{\"url\":\"https:\/\/vremeplov.ba\/2025\/wp-content\/uploads\/2014\/05\/image-37.jpg\",\"height\":548,\"width\":950,\"orientation\":\"landscape\"}},\"imageMeta\":{\"aperture\":\"0\",\"credit\":\"Sre\u0107ko Ignjatovi\u0107 Sarajevo BiH\",\"camera\":\"\",\"caption\":\"Sarajevo, 02. juni 1910. Car se preko Bentba\u0161e i Mo\u0161\u010danice odvezao na Pa\u0161ino Brdo gdje \u0107e u\u017eivati u panorami Sarajeva uz predo\u010denje pukovnika Lipov\u0161eka o operaciji zauzimanja Sarajeva 19. avgusta 1878. godine\",\"created_timestamp\":\"1401310267\",\"copyright\":\"www.photogalerija.com\",\"focal_length\":\"0\",\"iso\":\"0\",\"shutter_speed\":\"0\",\"title\":\"\",\"orientation\":\"1\",\"keywords\":[\"Franjo, Josip I, Franz,\"]},\"meta\":false,\"postlink\":\"https:\/\/vremeplov.ba\/2025\/2014\/05\/30\/posjeta-cara-franje-josipa-i-bosni-i-hercegovini\/image-37-3\/\"},{\"id\":31851,\"title\":\"Ilid\u017ea, 02. juni 1910. sati 16:00;\",\"url\":\"https:\/\/vremeplov.ba\/2025\/wp-content\/uploads\/2014\/05\/image-38.jpg\",\"link\":\"https:\/\/vremeplov.ba\/2025\/2014\/05\/30\/posjeta-cara-franje-josipa-i-bosni-i-hercegovini\/ilidza-02-juni-1910-sati-1600\/\",\"alt\":\"\",\"description\":\"\",\"caption\":\"Ilid\u017ea, 02. juni 1910. sati 16:00;\",\"mime\":\"image\/jpeg\",\"type\":\"image\",\"width\":950,\"height\":628,\"sizes\":{\"full\":{\"url\":\"https:\/\/vremeplov.ba\/2025\/wp-content\/uploads\/2014\/05\/image-38.jpg\",\"height\":628,\"width\":950,\"orientation\":\"landscape\"}},\"imageMeta\":{\"aperture\":\"0\",\"credit\":\"Sre\u0107ko Ignjatovi\u0107 Sarajevo BiH\",\"camera\":\"\",\"caption\":\"Ilid\u017ea, 02. juni 1910. sati 16:00;\",\"created_timestamp\":\"1401310267\",\"copyright\":\"www.photogalerija.com\",\"focal_length\":\"0\",\"iso\":\"0\",\"shutter_speed\":\"0\",\"title\":\"Ilid\u017ea, 02. juni 1910. sati 16:00;\",\"orientation\":\"1\",\"keywords\":[\"Franjo, Josip I, Franz,\"]},\"meta\":false,\"postlink\":\"https:\/\/vremeplov.ba\/2025\/2014\/05\/30\/posjeta-cara-franje-josipa-i-bosni-i-hercegovini\/ilidza-02-juni-1910-sati-1600\/\"},{\"id\":31852,\"title\":\"image-39\",\"url\":\"https:\/\/vremeplov.ba\/2025\/wp-content\/uploads\/2014\/05\/image-39.jpg\",\"link\":\"https:\/\/vremeplov.ba\/2025\/2014\/05\/30\/posjeta-cara-franje-josipa-i-bosni-i-hercegovini\/image-39-3\/\",\"alt\":\"\",\"description\":\"\",\"caption\":\"Ilid\u017ea, 02. juni 1910. sati 16:30; Car na terasi lje\u010dili\u0161ta u dru\u0161tvu dostojanstvenika dok su balkoni hotela Austrije i Hungarije sjedile gospo\u0111e u bijelim toaletama\",\"mime\":\"image\/jpeg\",\"type\":\"image\",\"width\":950,\"height\":608,\"sizes\":{\"full\":{\"url\":\"https:\/\/vremeplov.ba\/2025\/wp-content\/uploads\/2014\/05\/image-39.jpg\",\"height\":608,\"width\":950,\"orientation\":\"landscape\"}},\"imageMeta\":{\"aperture\":\"0\",\"credit\":\"Sre\u0107ko Ignjatovi\u0107 Sarajevo BiH\",\"camera\":\"\",\"caption\":\"Ilid\u017ea, 02. juni 1910. sati 16:30; Car na terasi lje\u010dili\u0161ta u dru\u0161tvu dostojanstvenika dok su balkoni hotela Austrije i Hungarije sjedile gospo\u0111e u bijelim toaletama\",\"created_timestamp\":\"1401310267\",\"copyright\":\"www.photogalerija.com\",\"focal_length\":\"0\",\"iso\":\"0\",\"shutter_speed\":\"0\",\"title\":\"\",\"orientation\":\"1\",\"keywords\":[\"Franjo, Josip I, Franz,\"]},\"meta\":false,\"postlink\":\"https:\/\/vremeplov.ba\/2025\/2014\/05\/30\/posjeta-cara-franje-josipa-i-bosni-i-hercegovini\/image-39-3\/\"},{\"id\":31853,\"title\":\"image-40\",\"url\":\"https:\/\/vremeplov.ba\/2025\/wp-content\/uploads\/2014\/05\/image-40.jpg\",\"link\":\"https:\/\/vremeplov.ba\/2025\/2014\/05\/30\/posjeta-cara-franje-josipa-i-bosni-i-hercegovini\/image-40-3\/\",\"alt\":\"\",\"description\":\"\",\"caption\":\"Ilid\u017ea, 02. juni 1910. Igranje kola u banji Ilid\u017ei pred carem Franjom Josipom I\",\"mime\":\"image\/jpeg\",\"type\":\"image\",\"width\":950,\"height\":598,\"sizes\":{\"full\":{\"url\":\"https:\/\/vremeplov.ba\/2025\/wp-content\/uploads\/2014\/05\/image-40.jpg\",\"height\":598,\"width\":950,\"orientation\":\"landscape\"}},\"imageMeta\":{\"aperture\":\"0\",\"credit\":\"Sre\u0107ko Ignjatovi\u0107 Sarajevo BiH\",\"camera\":\"\",\"caption\":\"Ilid\u017ea, 02. juni 1910. Igranje kola u banji Ilid\u017ei pred carem Franjom Josipom I\",\"created_timestamp\":\"1401310267\",\"copyright\":\"www.photogalerija.com\",\"focal_length\":\"0\",\"iso\":\"0\",\"shutter_speed\":\"0\",\"title\":\"\",\"orientation\":\"1\",\"keywords\":[\"Franjo, Josip I, Franz,\"]},\"meta\":false,\"postlink\":\"https:\/\/vremeplov.ba\/2025\/2014\/05\/30\/posjeta-cara-franje-josipa-i-bosni-i-hercegovini\/image-40-3\/\"},{\"id\":31854,\"title\":\"Ilid\u017ea, 02. juni 1910.\",\"url\":\"https:\/\/vremeplov.ba\/2025\/wp-content\/uploads\/2014\/05\/image-41.jpg\",\"link\":\"https:\/\/vremeplov.ba\/2025\/2014\/05\/30\/posjeta-cara-franje-josipa-i-bosni-i-hercegovini\/ilidza-02-juni-1910\/\",\"alt\":\"\",\"description\":\"\",\"caption\":\"Ilid\u017ea, 02. juni 1910.\",\"mime\":\"image\/jpeg\",\"type\":\"image\",\"width\":950,\"height\":609,\"sizes\":{\"full\":{\"url\":\"https:\/\/vremeplov.ba\/2025\/wp-content\/uploads\/2014\/05\/image-41.jpg\",\"height\":609,\"width\":950,\"orientation\":\"landscape\"}},\"imageMeta\":{\"aperture\":\"0\",\"credit\":\"Sre\u0107ko Ignjatovi\u0107 Sarajevo BiH\",\"camera\":\"\",\"caption\":\"Ilid\u017ea, 02. juni 1910.\",\"created_timestamp\":\"1401310267\",\"copyright\":\"www.photogalerija.com\",\"focal_length\":\"0\",\"iso\":\"0\",\"shutter_speed\":\"0\",\"title\":\"Ilid\u017ea, 02. juni 1910.\",\"orientation\":\"1\",\"keywords\":[\"Franjo, Josip I, Franz,\"]},\"meta\":false,\"postlink\":\"https:\/\/vremeplov.ba\/2025\/2014\/05\/30\/posjeta-cara-franje-josipa-i-bosni-i-hercegovini\/ilidza-02-juni-1910\/\"},{\"id\":31855,\"title\":\"Ilid\u017ea, 02. juni 1910.\",\"url\":\"https:\/\/vremeplov.ba\/2025\/wp-content\/uploads\/2014\/05\/image-42.jpg\",\"link\":\"https:\/\/vremeplov.ba\/2025\/2014\/05\/30\/posjeta-cara-franje-josipa-i-bosni-i-hercegovini\/ilidza-02-juni-1910-2\/\",\"alt\":\"\",\"description\":\"\",\"caption\":\"Ilid\u017ea, 02. juni 1910.\",\"mime\":\"image\/jpeg\",\"type\":\"image\",\"width\":950,\"height\":595,\"sizes\":{\"full\":{\"url\":\"https:\/\/vremeplov.ba\/2025\/wp-content\/uploads\/2014\/05\/image-42.jpg\",\"height\":595,\"width\":950,\"orientation\":\"landscape\"}},\"imageMeta\":{\"aperture\":\"0\",\"credit\":\"Sre\u0107ko Ignjatovi\u0107 Sarajevo BiH\",\"camera\":\"\",\"caption\":\"Ilid\u017ea, 02. juni 1910.\",\"created_timestamp\":\"1401310267\",\"copyright\":\"www.photogalerija.com\",\"focal_length\":\"0\",\"iso\":\"0\",\"shutter_speed\":\"0\",\"title\":\"Ilid\u017ea, 02. juni 1910.\",\"orientation\":\"1\",\"keywords\":[\"Franjo, Josip I, Franz,\"]},\"meta\":false,\"postlink\":\"https:\/\/vremeplov.ba\/2025\/2014\/05\/30\/posjeta-cara-franje-josipa-i-bosni-i-hercegovini\/ilidza-02-juni-1910-2\/\"},{\"id\":31856,\"title\":\"image-43\",\"url\":\"https:\/\/vremeplov.ba\/2025\/wp-content\/uploads\/2014\/05\/image-43.jpg\",\"link\":\"https:\/\/vremeplov.ba\/2025\/2014\/05\/30\/posjeta-cara-franje-josipa-i-bosni-i-hercegovini\/image-43-3\/\",\"alt\":\"\",\"description\":\"\",\"caption\":\"Konjic, 03. juni 1910. sati 9:00; Dolazak cara vozom u Konjic gdje mu je dobrodo\u0161licu odao gradona\u010delnik D\u017eaferbeg Sulejmanovi\u0107\",\"mime\":\"image\/jpeg\",\"type\":\"image\",\"width\":950,\"height\":606,\"sizes\":{\"full\":{\"url\":\"https:\/\/vremeplov.ba\/2025\/wp-content\/uploads\/2014\/05\/image-43.jpg\",\"height\":606,\"width\":950,\"orientation\":\"landscape\"}},\"imageMeta\":{\"aperture\":\"0\",\"credit\":\"Sre\u0107ko Ignjatovi\u0107 Sarajevo BiH\",\"camera\":\"\",\"caption\":\"Konjic, 03. juni 1910. sati 9:00; Dolazak cara vozom u Konjic gdje mu je dobrodo\u0161licu odao gradona\u010delnik D\u017eaferbeg Sulejmanovi\u0107\",\"created_timestamp\":\"1401310267\",\"copyright\":\"www.photogalerija.com\",\"focal_length\":\"0\",\"iso\":\"0\",\"shutter_speed\":\"0\",\"title\":\"\",\"orientation\":\"1\",\"keywords\":[\"Franjo, Josip I, Franz,\"]},\"meta\":false,\"postlink\":\"https:\/\/vremeplov.ba\/2025\/2014\/05\/30\/posjeta-cara-franje-josipa-i-bosni-i-hercegovini\/image-43-3\/\"},{\"id\":31857,\"title\":\"image-44\",\"url\":\"https:\/\/vremeplov.ba\/2025\/wp-content\/uploads\/2014\/05\/image-44.jpg\",\"link\":\"https:\/\/vremeplov.ba\/2025\/2014\/05\/30\/posjeta-cara-franje-josipa-i-bosni-i-hercegovini\/image-44-3\/\",\"alt\":\"\",\"description\":\"\",\"caption\":\"Jablanica, 03. juni 1910. sati 10:27; Po\u010dasna \u010deta 4. pje\u0161adijskog puka odaje dobrodo\u0161licu caru Franji Josipu I\",\"mime\":\"image\/jpeg\",\"type\":\"image\",\"width\":950,\"height\":465,\"sizes\":{\"full\":{\"url\":\"https:\/\/vremeplov.ba\/2025\/wp-content\/uploads\/2014\/05\/image-44.jpg\",\"height\":465,\"width\":950,\"orientation\":\"landscape\"}},\"imageMeta\":{\"aperture\":\"0\",\"credit\":\"Sre\u0107ko Ignjatovi\u0107 Sarajevo BiH\",\"camera\":\"\",\"caption\":\"Jablanica, 03. juni 1910. sati 10:27; Po\u010dasna \u010deta 4. pje\u0161adijskog puka odaje dobrodo\u0161licu caru Franji Josipu I\",\"created_timestamp\":\"1401310267\",\"copyright\":\"www.photogalerija.com\",\"focal_length\":\"0\",\"iso\":\"0\",\"shutter_speed\":\"0\",\"title\":\"\",\"orientation\":\"1\",\"keywords\":[\"Franjo, Josip I, Franz,\"]},\"meta\":false,\"postlink\":\"https:\/\/vremeplov.ba\/2025\/2014\/05\/30\/posjeta-cara-franje-josipa-i-bosni-i-hercegovini\/image-44-3\/\"},{\"id\":31858,\"title\":\"Postkarten povodom posjete cara Franje Josipa I Mostaru\",\"url\":\"https:\/\/vremeplov.ba\/2025\/wp-content\/uploads\/2014\/05\/image-45.jpg\",\"link\":\"https:\/\/vremeplov.ba\/2025\/2014\/05\/30\/posjeta-cara-franje-josipa-i-bosni-i-hercegovini\/postkarten-povodom-posjete-cara-franje-josipa-i-mostaru\/\",\"alt\":\"\",\"description\":\"\",\"caption\":\"Postkarten povodom posjete cara Franje Josipa I Mostaru\",\"mime\":\"image\/jpeg\",\"type\":\"image\",\"width\":950,\"height\":603,\"sizes\":{\"full\":{\"url\":\"https:\/\/vremeplov.ba\/2025\/wp-content\/uploads\/2014\/05\/image-45.jpg\",\"height\":603,\"width\":950,\"orientation\":\"landscape\"}},\"imageMeta\":{\"aperture\":\"0\",\"credit\":\"Sre\u0107ko Ignjatovi\u0107 Sarajevo BiH\",\"camera\":\"\",\"caption\":\"Postkarten povodom posjete cara Franje Josipa I Mostaru\",\"created_timestamp\":\"1401374500\",\"copyright\":\"www.photogalerija.com\",\"focal_length\":\"0\",\"iso\":\"0\",\"shutter_speed\":\"0\",\"title\":\"Postkarten povodom posjete cara Franje Josipa I Mostaru\",\"orientation\":\"1\",\"keywords\":[\"Franjo, Josip I, Franz,\"]},\"meta\":false,\"postlink\":\"https:\/\/vremeplov.ba\/2025\/2014\/05\/30\/posjeta-cara-franje-josipa-i-bosni-i-hercegovini\/postkarten-povodom-posjete-cara-franje-josipa-i-mostaru\/\"},{\"id\":31859,\"title\":\"image-46\",\"url\":\"https:\/\/vremeplov.ba\/2025\/wp-content\/uploads\/2014\/05\/image-46.jpg\",\"link\":\"https:\/\/vremeplov.ba\/2025\/2014\/05\/30\/posjeta-cara-franje-josipa-i-bosni-i-hercegovini\/image-46-3\/\",\"alt\":\"\",\"description\":\"\",\"caption\":\"Mostar, 03.juni 1910. sati 12:00; Dolaskom carevog voza u Mostar oglasili su se topovi sa Huma i ostalih tvr\u0111ava\",\"mime\":\"image\/jpeg\",\"type\":\"image\",\"width\":950,\"height\":609,\"sizes\":{\"full\":{\"url\":\"https:\/\/vremeplov.ba\/2025\/wp-content\/uploads\/2014\/05\/image-46.jpg\",\"height\":609,\"width\":950,\"orientation\":\"landscape\"}},\"imageMeta\":{\"aperture\":\"0\",\"credit\":\"Sre\u0107ko Ignjatovi\u0107 Sarajevo BiH\",\"camera\":\"\",\"caption\":\"Mostar, 03.juni 1910. sati 12:00; Dolaskom carevog voza u Mostar oglasili su se topovi sa Huma i ostalih tvr\u0111ava\",\"created_timestamp\":\"1401310267\",\"copyright\":\"www.photogalerija.com\",\"focal_length\":\"0\",\"iso\":\"0\",\"shutter_speed\":\"0\",\"title\":\"\",\"orientation\":\"1\",\"keywords\":[\"Franjo, Josip I, Franz,\"]},\"meta\":false,\"postlink\":\"https:\/\/vremeplov.ba\/2025\/2014\/05\/30\/posjeta-cara-franje-josipa-i-bosni-i-hercegovini\/image-46-3\/\"},{\"id\":31860,\"title\":\"image-47\",\"url\":\"https:\/\/vremeplov.ba\/2025\/wp-content\/uploads\/2014\/05\/image-47.jpg\",\"link\":\"https:\/\/vremeplov.ba\/2025\/2014\/05\/30\/posjeta-cara-franje-josipa-i-bosni-i-hercegovini\/image-47-3\/\",\"alt\":\"\",\"description\":\"\",\"caption\":\"Mostar, 03. juni 1910. sati 12:00; Nakon obilaska po\u010dasne \u010dete cara ispred carskog paviljona do\u010dekao ga je gradona\u010delnik Mostara Mujaga Komadina\",\"mime\":\"image\/jpeg\",\"type\":\"image\",\"width\":950,\"height\":608,\"sizes\":{\"full\":{\"url\":\"https:\/\/vremeplov.ba\/2025\/wp-content\/uploads\/2014\/05\/image-47.jpg\",\"height\":608,\"width\":950,\"orientation\":\"landscape\"}},\"imageMeta\":{\"aperture\":\"0\",\"credit\":\"Sre\u0107ko Ignjatovi\u0107 Sarajevo BiH\",\"camera\":\"\",\"caption\":\"Mostar, 03. juni 1910. sati 12:00; Nakon obilaska po\u010dasne \u010dete cara ispred carskog paviljona do\u010dekao ga je gradona\u010delnik Mostara Mujaga Komadina\",\"created_timestamp\":\"1401310267\",\"copyright\":\"www.photogalerija.com\",\"focal_length\":\"0\",\"iso\":\"0\",\"shutter_speed\":\"0\",\"title\":\"\",\"orientation\":\"1\",\"keywords\":[\"Franjo, Josip I, Franz,\"]},\"meta\":false,\"postlink\":\"https:\/\/vremeplov.ba\/2025\/2014\/05\/30\/posjeta-cara-franje-josipa-i-bosni-i-hercegovini\/image-47-3\/\"},{\"id\":31861,\"title\":\"image-48\",\"url\":\"https:\/\/vremeplov.ba\/2025\/wp-content\/uploads\/2014\/05\/image-48.jpg\",\"link\":\"https:\/\/vremeplov.ba\/2025\/2014\/05\/30\/posjeta-cara-franje-josipa-i-bosni-i-hercegovini\/image-48-3\/\",\"alt\":\"\",\"description\":\"\",\"caption\":\"Mostar, 03. juni 1910. Djeca (\u010detiri konfesije) pozdravljaju cara Franju Josipa I\",\"mime\":\"image\/jpeg\",\"type\":\"image\",\"width\":950,\"height\":555,\"sizes\":{\"full\":{\"url\":\"https:\/\/vremeplov.ba\/2025\/wp-content\/uploads\/2014\/05\/image-48.jpg\",\"height\":555,\"width\":950,\"orientation\":\"landscape\"}},\"imageMeta\":{\"aperture\":\"0\",\"credit\":\"Sre\u0107ko Ignjatovi\u0107 Sarajevo BiH\",\"camera\":\"\",\"caption\":\"Mostar, 03. juni 1910. Djeca (\u010detiri konfesije) pozdravljaju cara Franju Josipa I\",\"created_timestamp\":\"1401310267\",\"copyright\":\"www.photogalerija.com\",\"focal_length\":\"0\",\"iso\":\"0\",\"shutter_speed\":\"0\",\"title\":\"\",\"orientation\":\"1\",\"keywords\":[\"Franjo, Josip I, Franz,\"]},\"meta\":false,\"postlink\":\"https:\/\/vremeplov.ba\/2025\/2014\/05\/30\/posjeta-cara-franje-josipa-i-bosni-i-hercegovini\/image-48-3\/\"},{\"id\":31862,\"title\":\"image-49\",\"url\":\"https:\/\/vremeplov.ba\/2025\/wp-content\/uploads\/2014\/05\/image-49.jpg\",\"link\":\"https:\/\/vremeplov.ba\/2025\/2014\/05\/30\/posjeta-cara-franje-josipa-i-bosni-i-hercegovini\/image-49-3\/\",\"alt\":\"\",\"description\":\"\",\"caption\":\"Mostar, 03. juni 1910. Do\u010dek sa starim obi\u010dajem ponude soli i hljeba kao znak dobrodo\u0161lice\",\"mime\":\"image\/jpeg\",\"type\":\"image\",\"width\":950,\"height\":619,\"sizes\":{\"full\":{\"url\":\"https:\/\/vremeplov.ba\/2025\/wp-content\/uploads\/2014\/05\/image-49.jpg\",\"height\":619,\"width\":950,\"orientation\":\"landscape\"}},\"imageMeta\":{\"aperture\":\"0\",\"credit\":\"Sre\u0107ko Ignjatovi\u0107 Sarajevo BiH\",\"camera\":\"\",\"caption\":\"Mostar, 03. juni 1910. Do\u010dek sa starim obi\u010dajem ponude soli i hljeba kao znak dobrodo\u0161lice\",\"created_timestamp\":\"1401310267\",\"copyright\":\"www.photogalerija.com\",\"focal_length\":\"0\",\"iso\":\"0\",\"shutter_speed\":\"0\",\"title\":\"\",\"orientation\":\"1\",\"keywords\":[\"Franjo, Josip I, Franz,\"]},\"meta\":false,\"postlink\":\"https:\/\/vremeplov.ba\/2025\/2014\/05\/30\/posjeta-cara-franje-josipa-i-bosni-i-hercegovini\/image-49-3\/\"},{\"id\":31863,\"title\":\"image-50\",\"url\":\"https:\/\/vremeplov.ba\/2025\/wp-content\/uploads\/2014\/05\/image-50.jpg\",\"link\":\"https:\/\/vremeplov.ba\/2025\/2014\/05\/30\/posjeta-cara-franje-josipa-i-bosni-i-hercegovini\/image-50-3\/\",\"alt\":\"\",\"description\":\"\",\"caption\":\"Mostar, 03. juni 1910. sati 14:30; Ispred hotela Narenta car poziva na organizirani dvorski objed uglednu 51 osobu sa tri zajedni\u010dka ministra Monarhije Aehrenthal, von Schonaich, baron Burian i ostali\",\"mime\":\"image\/jpeg\",\"type\":\"image\",\"width\":950,\"height\":642,\"sizes\":{\"full\":{\"url\":\"https:\/\/vremeplov.ba\/2025\/wp-content\/uploads\/2014\/05\/image-50.jpg\",\"height\":642,\"width\":950,\"orientation\":\"landscape\"}},\"imageMeta\":{\"aperture\":\"0\",\"credit\":\"Sre\u0107ko Ignjatovi\u0107 Sarajevo BiH\",\"camera\":\"\",\"caption\":\"Mostar, 03. juni 1910. sati 14:30; Ispred hotela Narenta car poziva na organizirani dvorski objed uglednu 51 osobu sa tri zajedni\u010dka ministra Monarhije Aehrenthal, von Schonaich, baron Burian i ostali\",\"created_timestamp\":\"1401310267\",\"copyright\":\"www.photogalerija.com\",\"focal_length\":\"0\",\"iso\":\"0\",\"shutter_speed\":\"0\",\"title\":\"\",\"orientation\":\"1\",\"keywords\":[\"Franjo, Josip I, Franz,\"]},\"meta\":false,\"postlink\":\"https:\/\/vremeplov.ba\/2025\/2014\/05\/30\/posjeta-cara-franje-josipa-i-bosni-i-hercegovini\/image-50-3\/\"},{\"id\":31864,\"title\":\"image-51\",\"url\":\"https:\/\/vremeplov.ba\/2025\/wp-content\/uploads\/2014\/05\/image-51.jpg\",\"link\":\"https:\/\/vremeplov.ba\/2025\/2014\/05\/30\/posjeta-cara-franje-josipa-i-bosni-i-hercegovini\/image-51-3\/\",\"alt\":\"\",\"description\":\"\",\"caption\":\"Mostar, 03. juni 1910. oko 15:00 sati. Vo\u017enja Mostarom prema Starom mostu i kasnije prema vrelu Radobolje\",\"mime\":\"image\/jpeg\",\"type\":\"image\",\"width\":950,\"height\":637,\"sizes\":{\"full\":{\"url\":\"https:\/\/vremeplov.ba\/2025\/wp-content\/uploads\/2014\/05\/image-51.jpg\",\"height\":637,\"width\":950,\"orientation\":\"landscape\"}},\"imageMeta\":{\"aperture\":\"0\",\"credit\":\"Sre\u0107ko Ignjatovi\u0107 Sarajevo BiH\",\"camera\":\"\",\"caption\":\"Mostar, 03. juni 1910. oko 15:00 sati. Vo\u017enja Mostarom prema Starom mostu i kasnije prema vrelu Radobolje\",\"created_timestamp\":\"1401310267\",\"copyright\":\"www.photogalerija.com\",\"focal_length\":\"0\",\"iso\":\"0\",\"shutter_speed\":\"0\",\"title\":\"\",\"orientation\":\"1\",\"keywords\":[\"Franjo, Josip I, Franz,\"]},\"meta\":false,\"postlink\":\"https:\/\/vremeplov.ba\/2025\/2014\/05\/30\/posjeta-cara-franje-josipa-i-bosni-i-hercegovini\/image-51-3\/\"},{\"id\":31865,\"title\":\"image-52\",\"url\":\"https:\/\/vremeplov.ba\/2025\/wp-content\/uploads\/2014\/05\/image-52.jpg\",\"link\":\"https:\/\/vremeplov.ba\/2025\/2014\/05\/30\/posjeta-cara-franje-josipa-i-bosni-i-hercegovini\/image-52-3\/\",\"alt\":\"\",\"description\":\"\",\"caption\":\"Mostar, 03. juni 1910. Car Franjo Josip u obilasku Starog mosta u dru\u0161tvu sa gradona\u010delnikom Mujagom Komadinom\",\"mime\":\"image\/jpeg\",\"type\":\"image\",\"width\":715,\"height\":950,\"sizes\":{\"full\":{\"url\":\"https:\/\/vremeplov.ba\/2025\/wp-content\/uploads\/2014\/05\/image-52.jpg\",\"height\":950,\"width\":715,\"orientation\":\"portrait\"}},\"imageMeta\":{\"aperture\":\"0\",\"credit\":\"Sre\u0107ko Ignjatovi\u0107 Sarajevo BiH\",\"camera\":\"\",\"caption\":\"Mostar, 03. juni 1910. Car Franjo Josip u obilasku Starog mosta u dru\u0161tvu sa gradona\u010delnikom Mujagom Komadinom\",\"created_timestamp\":\"1401310267\",\"copyright\":\"www.photogalerija.com\",\"focal_length\":\"0\",\"iso\":\"0\",\"shutter_speed\":\"0\",\"title\":\"\",\"orientation\":\"1\",\"keywords\":[\"Franjo, Josip I, Franz,\"]},\"meta\":false,\"postlink\":\"https:\/\/vremeplov.ba\/2025\/2014\/05\/30\/posjeta-cara-franje-josipa-i-bosni-i-hercegovini\/image-52-3\/\"},{\"id\":31866,\"title\":\"Mostar, 03. juni 1910. Stari most posje\u010duje car Franjo Josip I\",\"url\":\"https:\/\/vremeplov.ba\/2025\/wp-content\/uploads\/2014\/05\/image-53.jpg\",\"link\":\"https:\/\/vremeplov.ba\/2025\/2014\/05\/30\/posjeta-cara-franje-josipa-i-bosni-i-hercegovini\/mostar-03-juni-1910-stari-most-posjecuje-car-franjo-josip-i\/\",\"alt\":\"\",\"description\":\"\",\"caption\":\"Mostar, 03. juni 1910. Stari most posje\u010duje car Franjo Josip I\",\"mime\":\"image\/jpeg\",\"type\":\"image\",\"width\":950,\"height\":635,\"sizes\":{\"full\":{\"url\":\"https:\/\/vremeplov.ba\/2025\/wp-content\/uploads\/2014\/05\/image-53.jpg\",\"height\":635,\"width\":950,\"orientation\":\"landscape\"}},\"imageMeta\":{\"aperture\":\"0\",\"credit\":\"Sre\u0107ko Ignjatovi\u0107 Sarajevo BiH\",\"camera\":\"\",\"caption\":\"Mostar, 03. juni 1910. Stari most posje\u010duje car Franjo Josip I\",\"created_timestamp\":\"1401310267\",\"copyright\":\"www.photogalerija.com\",\"focal_length\":\"0\",\"iso\":\"0\",\"shutter_speed\":\"0\",\"title\":\"Mostar, 03. juni 1910. Stari most posje\u010duje car Franjo Josip I\",\"orientation\":\"1\",\"keywords\":[\"Franjo, Josip I, Franz,\"]},\"meta\":false,\"postlink\":\"https:\/\/vremeplov.ba\/2025\/2014\/05\/30\/posjeta-cara-franje-josipa-i-bosni-i-hercegovini\/mostar-03-juni-1910-stari-most-posjecuje-car-franjo-josip-i\/\"},{\"id\":31867,\"title\":\"Mostar, 03. juni 1910. sati 16:00; Priprema pred povratak cara u Be\u010d\",\"url\":\"https:\/\/vremeplov.ba\/2025\/wp-content\/uploads\/2014\/05\/image-54.jpg\",\"link\":\"https:\/\/vremeplov.ba\/2025\/2014\/05\/30\/posjeta-cara-franje-josipa-i-bosni-i-hercegovini\/mostar-03-juni-1910-sati-1600-priprema-pred-povratak-cara-u-bec\/\",\"alt\":\"\",\"description\":\"\",\"caption\":\"Mostar, 03. juni 1910. sati 16:00; Priprema pred povratak cara u Be\u010d\",\"mime\":\"image\/jpeg\",\"type\":\"image\",\"width\":950,\"height\":728,\"sizes\":{\"full\":{\"url\":\"https:\/\/vremeplov.ba\/2025\/wp-content\/uploads\/2014\/05\/image-54.jpg\",\"height\":728,\"width\":950,\"orientation\":\"landscape\"}},\"imageMeta\":{\"aperture\":\"0\",\"credit\":\"Sre\u0107ko Ignjatovi\u0107 Sarajevo BiH\",\"camera\":\"\",\"caption\":\"Mostar, 03. juni 1910. sati 16:00; Priprema pred povratak cara u Be\u010d\",\"created_timestamp\":\"1401310267\",\"copyright\":\"www.photogalerija.com\",\"focal_length\":\"0\",\"iso\":\"0\",\"shutter_speed\":\"0\",\"title\":\"Mostar, 03. juni 1910. sati 16:00; Priprema pred povratak cara u Be\u010d\",\"orientation\":\"1\",\"keywords\":[\"Franjo, Josip I, Franz,\"]},\"meta\":false,\"postlink\":\"https:\/\/vremeplov.ba\/2025\/2014\/05\/30\/posjeta-cara-franje-josipa-i-bosni-i-hercegovini\/mostar-03-juni-1910-sati-1600-priprema-pred-povratak-cara-u-bec\/\"},{\"id\":31868,\"title\":\"image-55\",\"url\":\"https:\/\/vremeplov.ba\/2025\/wp-content\/uploads\/2014\/05\/image-55.jpg\",\"link\":\"https:\/\/vremeplov.ba\/2025\/2014\/05\/30\/posjeta-cara-franje-josipa-i-bosni-i-hercegovini\/image-55-3\/\",\"alt\":\"\",\"description\":\"\",\"caption\":\"Mostar, 03. juni 1910. Ispra\u010daj cara Franje Josipa I iz Mostara uz pucanje topova sa Huma\",\"mime\":\"image\/jpeg\",\"type\":\"image\",\"width\":950,\"height\":625,\"sizes\":{\"full\":{\"url\":\"https:\/\/vremeplov.ba\/2025\/wp-content\/uploads\/2014\/05\/image-55.jpg\",\"height\":625,\"width\":950,\"orientation\":\"landscape\"}},\"imageMeta\":{\"aperture\":\"0\",\"credit\":\"Sre\u0107ko Ignjatovi\u0107 Sarajevo BiH\",\"camera\":\"\",\"caption\":\"Mostar, 03. juni 1910. Ispra\u010daj cara Franje Josipa I iz Mostara uz pucanje topova sa Huma\",\"created_timestamp\":\"1401310267\",\"copyright\":\"www.photogalerija.com\",\"focal_length\":\"0\",\"iso\":\"0\",\"shutter_speed\":\"0\",\"title\":\"\",\"orientation\":\"1\",\"keywords\":[\"Franjo, Josip I, Franz,\"]},\"meta\":false,\"postlink\":\"https:\/\/vremeplov.ba\/2025\/2014\/05\/30\/posjeta-cara-franje-josipa-i-bosni-i-hercegovini\/image-55-3\/\"},{\"id\":31869,\"title\":\"image-56\",\"url\":\"https:\/\/vremeplov.ba\/2025\/wp-content\/uploads\/2014\/05\/image-56.jpg\",\"link\":\"https:\/\/vremeplov.ba\/2025\/2014\/05\/30\/posjeta-cara-franje-josipa-i-bosni-i-hercegovini\/image-56-3\/\",\"alt\":\"\",\"description\":\"\",\"caption\":\"Sarajevo, 15. juni 1910. oko 11:30 sati. nevesinjac Bogdan \u017deraji\u0107 izvr\u0161io je atentat na zemaljskog poglavara Marijana Vare\u0161anina\",\"mime\":\"image\/jpeg\",\"type\":\"image\",\"width\":630,\"height\":950,\"sizes\":{\"full\":{\"url\":\"https:\/\/vremeplov.ba\/2025\/wp-content\/uploads\/2014\/05\/image-56.jpg\",\"height\":950,\"width\":630,\"orientation\":\"portrait\"}},\"imageMeta\":{\"aperture\":\"0\",\"credit\":\"\",\"camera\":\"\",\"caption\":\"Sarajevo, 15. juni 1910. oko 11:30 sati. nevesinjac Bogdan \u017deraji\u0107 izvr\u0161io je atentat na zemaljskog poglavara Marijana Vare\u0161anina\",\"created_timestamp\":\"0\",\"copyright\":\"www.photogalerija.com\",\"focal_length\":\"0\",\"iso\":\"0\",\"shutter_speed\":\"0\",\"title\":\"\",\"orientation\":\"1\",\"keywords\":[\"Vare\u0161anin,\"]},\"meta\":false,\"postlink\":\"https:\/\/vremeplov.ba\/2025\/2014\/05\/30\/posjeta-cara-franje-josipa-i-bosni-i-hercegovini\/image-56-3\/\"}],\"hasCustomCSS\":false,\"customCSS\":\"\",\"otterConditions\":[],\"itemsMetaDataCollection\":[]}<\/script><script>(function(){if(window.PGC_SGB && window.PGC_SGB.searcher){window.PGC_SGB.searcher.initBlocks()}})()<\/script><\/div>","protected":false},"excerpt":{"rendered":"<p>Posjeta cara Franje Josipa I. Bosni i Hercegovini \/ 30. maj \u2013 4. juni 1910. U periodu izme\u0111u objavljivanja Bosanskog ustava u Sarajevu 20. februara i po\u010detka rada Sabora 15. juna 1910. godine, jedan doga\u0111aj izazvao je izuzetnu pa\u017enju. Tada je car Franjo Josip I posetio Bosnu i Hercegovinu. Ujutru, 30. maja, zasebnim vozom bosanskohercegova\u010dkih&hellip;&nbsp;<a href=\"https:\/\/vremeplov.ba\/2025\/sr-latn\/2025\/07\/22\/poseta-cara-franca-jozefa-i-bosni-i-hercegovini\/\" rel=\"bookmark\">Read More &raquo;<span class=\"screen-reader-text\">Poseta cara Franca Jozefa I Bosni i Hercegovini<\/span><\/a><\/p>\n","protected":false},"author":1,"featured_media":0,"comment_status":"open","ping_status":"closed","sticky":false,"template":"","format":"standard","meta":{"give_campaign_id":0,"neve_meta_sidebar":"","neve_meta_container":"","neve_meta_enable_content_width":"","neve_meta_content_width":0,"neve_meta_title_alignment":"","neve_meta_author_avatar":"","neve_post_elements_order":"","neve_meta_disable_header":"","neve_meta_disable_footer":"","neve_meta_disable_title":"","ngg_post_thumbnail":0,"pgc_sgb_lightbox_settings":"","_themeisle_gutenberg_block_has_review":false,"footnotes":""},"categories":[157],"tags":[],"class_list":["post-36607","post","type-post","status-publish","format-standard","hentry","category-istorija-rs"],"_links":{"self":[{"href":"https:\/\/vremeplov.ba\/2025\/wp-json\/wp\/v2\/posts\/36607","targetHints":{"allow":["GET"]}}],"collection":[{"href":"https:\/\/vremeplov.ba\/2025\/wp-json\/wp\/v2\/posts"}],"about":[{"href":"https:\/\/vremeplov.ba\/2025\/wp-json\/wp\/v2\/types\/post"}],"author":[{"embeddable":true,"href":"https:\/\/vremeplov.ba\/2025\/wp-json\/wp\/v2\/users\/1"}],"replies":[{"embeddable":true,"href":"https:\/\/vremeplov.ba\/2025\/wp-json\/wp\/v2\/comments?post=36607"}],"version-history":[{"count":1,"href":"https:\/\/vremeplov.ba\/2025\/wp-json\/wp\/v2\/posts\/36607\/revisions"}],"predecessor-version":[{"id":36609,"href":"https:\/\/vremeplov.ba\/2025\/wp-json\/wp\/v2\/posts\/36607\/revisions\/36609"}],"wp:attachment":[{"href":"https:\/\/vremeplov.ba\/2025\/wp-json\/wp\/v2\/media?parent=36607"}],"wp:term":[{"taxonomy":"category","embeddable":true,"href":"https:\/\/vremeplov.ba\/2025\/wp-json\/wp\/v2\/categories?post=36607"},{"taxonomy":"post_tag","embeddable":true,"href":"https:\/\/vremeplov.ba\/2025\/wp-json\/wp\/v2\/tags?post=36607"}],"curies":[{"name":"wp","href":"https:\/\/api.w.org\/{rel}","templated":true}]}}