{"id":36611,"date":"2025-07-22T10:17:08","date_gmt":"2025-07-22T08:17:08","guid":{"rendered":"https:\/\/vremeplov.ba\/2025\/?p=36611"},"modified":"2025-07-22T10:17:21","modified_gmt":"2025-07-22T08:17:21","slug":"poplave-zaustavile-vlakove","status":"publish","type":"post","link":"https:\/\/vremeplov.ba\/2025\/hr\/2025\/07\/22\/poplave-zaustavile-vlakove\/","title":{"rendered":"Poplave zaustavile vlakove!"},"content":{"rendered":"<div class=\"wp-block-image\">\n<figure class=\"alignleft\"><a href=\"https:\/\/vremeplov.ba\/2025\/wp-content\/uploads\/2014\/05\/poplave.jpg\"><img decoding=\"async\" src=\"https:\/\/vremeplov.ba\/2025\/wp-content\/uploads\/2014\/05\/poplave.jpg\" alt=\"poplave\" class=\"wp-image-2223\"\/><\/a><\/figure>\n<\/div>\n\n\n<p><strong>Srodni \u010dlanci (povijest) od 15. svibnja 2014. godine&#8230;<\/strong><br><em><strong>Ispod teksta mo\u017eete pogledati galeriju slika stradale \u017eeljezni\u010dke infrastrukture uslijed poplava u BiH<\/strong><\/em><\/p>\n\n\n\n<p>Kao posljedica elementarne vremenske nepogode koja je zahvatila cijelu Bosnu i Hercegovinu, putni\u010dki i teretni \u017eeljezni\u010dki promet u FBIH odvija se ote\u017eano, a na nekim dionicama je potpuno obustavljen. U svrhu sprje\u010davanja nastalih \u0161teta i osiguranja sigurnog odvijanja \u017eeljezni\u010dkog prometa, formiran je krizni sto\u017eer \u017dFBiH, a operativni timovi upu\u0107eni su na teren.<\/p>\n\n\n\n<p>Najkriti\u010dnije stanje je u Poslovnim podru\u010djima (PP) Sarajevo, Tuzla i Zenica, dok se \u017eeljezni\u010dki promet s manjim pote\u0161ko\u0107ama odvija u PP Mostar, a u PP Biha\u0107 nesmetano.<\/p>\n\n\n\n<p>Zbog izvanrednih okolnosti uzrokovanih vremenskim nepogodama, do\u0161lo je do potpune zabrane putni\u010dkog i teretnog prometa na prugama Tuzla-Zvornik, Tuzla-Br\u010dko, Tuzla-Banovi\u0107i, Tuzla-Doboj, Doboj-Zenica i Zenica-Kakanj. Putni\u010dki vlakovi na relaciji Sarajevo-\u010capljina-Sarajevo prometuju bez smetnji.<\/p>\n\n\n\n<p>Ekipe \u017eeljezni\u010dara danono\u0107no su na terenu sa svom raspolo\u017eivom mehanizacijom u cilju \u0161to hitnije uspostave prometa od Kaknja do Zenice. Operativne ekipe \u017dFBiH nalaze se na terenu i poduzimaju sve mjere iz svoje nadle\u017enosti te u skladu s Pravilnikom o postupanju u vanrednim okolnostima, ostvaruju suradnju s predstavnicima lokalnih zajednica i Civilne za\u0161tite, mobiliziraju svo raspolo\u017eivo ljudstvo i materijalno-tehni\u010dke resurse u cilju ubla\u017eavanja posljedica poplava.<\/p>\n\n\n\n<p>Na pruzi Br\u010dko-Banovi\u0107i u \u017divinicama, vodena bujica odnijela je jedan kilometar tucanika i ostavila \u0161ine bez oslonca. Ista je situacija na dionici pruge Zenica-Maglaj u Top\u010di\u0107 Polju kod Nemile, gdje je uslijed nanosa odnesen tucanik i o\u0161te\u0107ena kontaktna mre\u017ea, a uslijed velikog klizi\u0161ta do\u0161lo je do pomijeranja kolosijeka. Na dionici pruge Kakanj-La\u0161va, uslijed pomijeranja tla, do\u0161lo je do zatrpavanja kolosijeka na vi\u0161e mjesta. Radovi na sanaciji ove dionice su u tijeku.<\/p>\n\n\n\n<p>Tek nakon povla\u010denja vode bit \u0107e mogu\u0107e pristupiti sanaciji dijela pruge od Sarajeva do Doboja, kao i u cijelom Tuzlanskom kantonu, kako bi se \u0161to prije uspostavio nesmetan promet robe i putnika.<\/p>\n\n\n\n<p>I jo\u0161 jedna dobra vijest: Dana 17.05. oko 19:30 sati krenuli su prvi teretni putovi prema Zenici, dok je putni\u010dki promet jo\u0161 uvijek obustavljen.<\/p>\n\n\n\n<p><strong>20.05.2014.<\/strong><\/p>\n\n\n\n<p>Preuzeto sa: <a href=\"http:\/\/www.zfbh.ba\/zfbhbax\/index.php?option=com_content&amp;task=view&amp;id=41&amp;Itemid=116\">http:\/\/www.zfbh.ba\/zfbhbax\/index.php?option=com_content&amp;task=view&amp;id=41&amp;Itemid=116<\/a><\/p>\n\n\n\n<p><strong>Zbog kra\u0111e na prugama privremeno obustavljen te\u0161ko uspostavljeni saobra\u0107aj na dionici Kakanj &#8211; La\u0161va<\/strong><\/p>\n\n\n\n<p>U\u010destale kra\u0111e \u017eeljezni\u010dke imovine ote\u017eavaju ionako te\u0161ku i slo\u017eenu sanaciju \u017eeljezni\u010dke infrastrukture, koja je te\u0161ko stradala uslijed poplava koje su pogodile BiH. Dana 19.05.2014. godine oko 22:40 sati na me\u0111ustani\u010dnom odstojanju Modrinje \u2013 Kakanj, otu\u0111eno je oko 700 metara kontaktnog provodnika sa nose\u0107im u\u017eetom, zbog \u010dega je zbog pada kontaktne mre\u017ee na pruzi od sino\u0107 privremeno, ponovno obustavljen \u017eeljezni\u010dki promet na dionici Kakanj-La\u0161va. Ekipe \u017eeljezni\u010dara su danono\u0107no na terenu s ciljem da \u0161to prije osposobe pruge ili dijelove pruga za promet vozova.<br>Najte\u017ee je stanje i dalje u Poslovnom Podru\u010dju Tuzla. Na relaciji Ljuba\u010de-\u017divinice, gdje je rijeka Spre\u010da uni\u0161tila oko 250 metara pruge i pru\u017enog nasipa, u no\u0107i i danas se nastavlja sanacija \u0161tete. Nakon sanacije ovog dijela pruge, planirana je sanacija mosta na rijeci Gostelji (\u017divinice-Donja Vi\u0161\u0107a) te popravak o\u0161te\u0107enih mostova i pruge prema Kalesiji i Zvorniku. Istovremeno se vr\u0161i ra\u0161\u010di\u0161\u0107avanje pruge Lukavac-Dobo\u0161nica i pruge Mramor-Br\u010dko.<br>Vrlo je va\u017eno istaknuti da u Poslovnom podru\u010dju Zenica radi kontinuirano odr\u017eavanje proizvodnje za potrebe ArcelorMittal-a iz Luke Plo\u010de, svakodnevno dolaze robe koje omogu\u0107avaju kontinuitet proizvodnje, a istovremeno se obavlja otprema gotovih proizvoda. Svakodnevno se vr\u0161i i dostava uglja iz RMU Zenica u Termoelektranu Kakanj.<br>\u017deljezni\u010dari iz PP Mostar organizirali su se za prikupljanje humanitarne pomo\u0107i za ugro\u017eena podru\u010dja, a prvi konvoji su jutros krenuli prema odredi\u0161tu.<\/p>\n\n\n\n<p>Slu\u017eba za odnose s javno\u0161\u0107u \u017dFBiH<\/p>\n\n\n\n<p>21.05.2014.<\/p>\n\n\n\n<p><strong>Upozorenje stanovni\u0161tvu uz prugu Zenica \u2013Maglaj: Kontaktna mre\u017ea pod naponom od 25.000 Volti<\/strong><\/p>\n\n\n\n<p>\u017deljeznice FBiH upozoravaju stanovni\u0161tvo koje \u017eivi uz prugu Zenica \u2013 Maglaj da je kontaktna mre\u017ea uz lijevi i desni kolosijek pod naponom od 25.000 volti, te ih molimo da budu vrlo oprezni prilikom saniranja svoje imovine kako ne bi do\u0161lo do ugro\u017eavanja \u017eivota. Ako je potrebno izvesti radove u blizini kontaktne mre\u017ee, molimo stanovni\u0161tvo da se obrate predstavnicima \u017dFBiH i uz njihov nadzor to izvedu.<br>Osim toga, \u017eelimo istaknuti da su radnici \u017dFBiH putem kontinuiranog rada na uklanjanju kamenja, blata, balvana i drugog materijala koji su vodene bujice i klizi\u0161ta nanijeli na prugu, napravili uvjete da se dionica pruge Zenica \u2013 Maglaj-Zenica u naredna dan ili dva u potpunosti o\u010disti te da se zapo\u010dne s pripremama za uvodenje laganih vo\u017enji. Na taj na\u010din, ukoliko bi se radovi odvijali prema planu, Sarajevo bi se u \u0161to skorije vrijeme \u017eeljezni\u010dkim putem povezalo s Maglajem.<\/p>\n\n\n\n<p>Na pruzi Zenica \u2013 Maglaj postojalo je 17 kriti\u010dnih mjesta koja su izravno ugro\u017eavala lijevi i desni kolosijek zbog klizi\u0161ta zemlji\u0161ta, nanosa materijala i izlijevanja potoka buji\u010dara, kao i pokidane kontaktne mre\u017ee.<\/p>\n\n\n\n<p>Ekipe \u017eeljezni\u010dara su danono\u0107no na terenu s cijelom raspolo\u017eivom mehanizacijom na cilju \u0161to br\u017eeg otklanjanja posljedica elementarne nepogode. Najte\u017ea situacija bila je u mjestima Top\u010di\u0107 Polje, Nemila, Kahrimani, Globarica, Mra\u010daj itd.<\/p>\n\n\n\n<p><strong>\u017deljezni\u010dari iz PP Mostar poslali konvoje pomo\u0107i<\/strong><\/p>\n\n\n\n<p>U povodu velikih \u0161teta izazvanih poplavama i odronima, kako na imovini \u017deljeznica Federacije BiH, tako i na imovini zaposlenih, \u017eeljezni\u010dari u Poslovnom podru\u010dju Mostar organizirali su se i pru\u017eili pomo\u0107 kolegama u Poslovnom podru\u010dju Zenica.<br>Nakon \u0161to su uo\u010dili katastrofalno stanje u ugro\u017eenim podru\u010djima, u manje od 24 sata, djelatnici su putem vodstva Podru\u010dja i postoje\u0107ih podru\u017enih sindikata sproveli akciju kupovine i prikupljanja najosnovnijih \u017eivotnih namirnica za kolege u PP Zenica.<\/p>\n\n\n\n<p>Kupljeni su voda, hrana, sanitarni i higijenski materijal, rukavice, lopate i tako dalje, i u utorak su dva kamiona iz Mostara dopremljena i predana kolegama u Zenicu.<\/p>\n\n\n\n<p>Osim navedene pomo\u0107i, u utorak je tako\u0111er u Zenicu stiglo 20 radnika gra\u0111evinske slu\u017ebe iz podru\u010dja Mostara, koji \u0107e ostati potreban broj dana poma\u017eu\u0107i kolegama u \u010di\u0161\u0107enju i sanaciji pruge.<br>Ovo je mali doprinos u savladavanju nesre\u0107e koja je zadesila kolege u ugro\u017eenim podru\u010djima, ali \u017eeljezni\u010dari iz PP Mostar \u017eeljeli su pokazati spremnost na pomo\u0107 svima kojima je potrebna i koliko je u na\u0161im mogu\u0107nostima.<\/p>\n\n\n\n<p><strong>22.05.2014.&nbsp;<\/strong><br><a href=\"http:\/\/www.zfbh.ba\/zfbhbax\/index.php?option=com_content&amp;task=view&amp;id=41&amp;Itemid=116\">http:\/\/www.klix.ba\/vijesti\/bih\/zeljeznicari-u-rekordnom-roku-osposobili-prugu-sarajevo-zenica-maglaj\/140522033<\/a><\/p>\n\n\n\n<p><strong>\u017deljezni\u010dari u rekordnom roku osposobili prugu Sarajevo-Zenica-Maglaj<\/strong><\/p>\n\n\n\n<p>Ula\u017eu\u0107i nadljudske napore, \u017eeljezni\u010dari FBiH sino\u0107 su, u kasnim satima, uspjeli osposobiti prugu na dionici Zenica \u2013 Maglaj i na taj na\u010din, u rekordnom roku, uspostavili teretni promet na relaciji Sarajevo-Zenica-Maglaj, a u suradnji sa \u017dRS-om, Maglaj je povezan i s Dobojem.<br>Na svim dionicama, zbog mjera opreza, uvedene su lagane vo\u017enje, a zbog prekida kontaktne mre\u017ee uvedena je dizel vu\u010da.<\/p>\n\n\n\n<p>Probijanjem ovih trasa \u017deljeznice FBiH ostvarile su uvjete za rad gospodarskih subjekata oslonjenih na \u017eeljezni\u010dki promet. Za sada, nesmetana proizvodnja osigurana je za rudnike \u0110ur\u0111evik, Banovi\u0107i i Dubrave u tuzlanskom bazenu, kao i za termoelektrane u Tuzli i Kaknju, te doprema sirovina za Arcelor Mittal u Zenici.<br>Naredni primarni zadatak je sanacija kontaktne mre\u017ee, kako bi se uspostavio i putni\u010dki promet na dionici Sarajevo-Zenica-Maglaj i dalje prema Doboju.<\/p>\n\n\n\n<p>Dosada\u0161nji radovi na probijanju trasa iznose vi\u0161e od 10 miliona KM, a procjena ukupne \u0161tete na sanaciji i revitalizaciji \u017eeljezni\u010dke infrastrukture, iznosit \u0107e vi\u0161e desetina miliona KM. Zato su \u017dFBiH uputile apel za me\u0111unarodnu pomo\u0107 svim \u017eeljezni\u010dkim upravama u regiji i Europi.<\/p>\n\n\n\n<p><strong>23.05.2014.<\/strong> <a href=\"http:\/\/www.nezavisne.com\">http:\/\/www.nezavisne.com<\/a><\/p>\n\n\n\n<p><strong>Obustavljen promet rude prema Zenici<\/strong><\/p>\n\n\n\n<p><strong>PRIJEDOR &#8211;<\/strong> Rudnik &#8220;ArselorMital&#8221; Prijedor obustavio je isporuku \u017eeljezne rude prema partneru &#8220;ArselorMital&#8221; Zenica zbog prekida \u017eeljezni\u010dkog prometa, a proizvodnju rude sveo na minimum zbog popunjenih skladi\u0161nih kapaciteta, priop\u0107eno je danas iz ovog poduze\u0107a.<br>Ministar industrije, energetike i rudarstva Republike Srpske \u017deljko Kova\u010devi\u0107 izjavio je da je Vlada nalo\u017eila sanaciju o\u0161te\u0107ene pruge te da su &#8220;\u017deljeznice Republike Srpske&#8221; u pregovorima s izvo\u0111a\u010dima radova.<br>Do prekida pruge do\u0161lo je u Kostajnici kod Doboja u du\u017eini od 250 metara, kao i na mjestima Prisoje i Kula\u0161i u du\u017eini od po 50 metara.<br>&#8220;ArselorMital Prijedor&#8221; uputio je radnike i strojeve prema Doboju kako bi pomogli kolegama u rekonstrukciji pruge, a zapo\u010dela je priprema i isporuka 2.000 metara kubnih kamena prema Doboju iz kamenoloma Drnova\u010da, nad kojim tako\u0111er rudnik ima eksploatacijska prava.<br>Iz rudnika u Omarskoj svakoga mjeseca prema Zenici otprema se oko 160.000 tona rude, dok se otprema prema partnerima u Poljskoj i \u010ce\u0161koj odvija planski.<\/p>\n\n\n\n<p><strong>Radnici \u017deljeznica Federacije BiH ne\u0107e i\u0107i ku\u0107i dok se pruga Br\u010dko &#8211; Banovi\u0107i potpuno ne sanira.  <br>23. SVIBNJA 2014. 15:57 Azra Me\u0161i\u0107 Radio Televizija Tuzlanskog Kantona<\/strong><\/p>\n\n\n\n<p>Na bosanskohercegova\u010dkim prugama odvijaju se prave radne akcije. Traje obnova dionica uni\u0161tenih poplavama i klizi\u0161tima kako bi se ponovno uspostavio \u017eeljezni\u010dki prijevoz roba za doma\u0107u privredu. Ipak, pruga Br\u010dko &#8211; Banovi\u0107i cijelom du\u017einom jo\u0161 najmanje tri dana ne\u0107e biti prohodna.<br>Dvomjese\u010dna proizvodnja ugljena banovi\u0107kog Rudnika, od gotovo 10 tisu\u0107a tona, nije smjela dulje \u010dekati na prijevoz prugom, stoga su rudni\u010dke ma\u0161ine pomogle da se u rekordnom roku uspostavi promet prema Termoelektrani Tuzla.<\/p>\n\n\n\n<p>&#8220;Ju\u010de je normalizovana proizvodnja. Ta dva smo uspjeli ne\u0161to dostaviti kamionima. Sada ide redovni promet prugom do Termoelektrane u Tuzli, ali jo\u0161 nismo krenuli prema Kakanju, zbog prekida na tamo\u0161njoj dionici pruge&#8221;, ka\u017ee Munever \u010cergi\u0107, generalni direktor RMU Banovi\u0107i. Na dionici preko Malina u \u017divinicama vi\u0161e nema problema, ali du\u017e cijele pruge do Br\u010dkog radnici \u017deljeznica Federacije BiH uklanjaju zemlju s pragova i \u0161ina te popravljaju nasipe koje su odnijela klizi\u0161ta. U Mramoru nema odmora. Akcija podsje\u0107a na onu od prije vi\u0161e od 60 godina kada je gradila ova \u010duvena dionica.<br>Nijaz Muratovi\u0107, \u0161ef \u017deljezni\u010dke stanice Mramor, ka\u017ee da su tu radnici neprestano, 24 sata dnevno. &#8220;Radi se danono\u0107no. Svi smo iza\u0161li s ove pruge, da \u0161to prije zavr\u0161imo.&#8221;<br>Radove nadgleda Nedim \u0160abi\u0107, zamjenik direktora \u017deljeznica FBiH, podru\u017enica Tuzla. &#8220;Izme\u0111u stanica Mramor i Tinja imamo pet odrona i dva klizi\u0161ta. Kad zavr\u0161imo, mislim da \u0107e ovo biti jedini izlaz prugom iz Federacije&#8221;, ka\u017ee on.<br>U toku su tako\u0111er i sanacije na dionicama \u0161irokog kolosijeka u \u0160pionici i Ormanici. Osim rudnika, na popravak pruge Br\u010dko &#8211; Banovi\u0107i \u010dekaju i tuzlanska Solana, lukava\u010dka Koksara, br\u010danska \u0160e\u0107erana, te brojne druge tvornice koje za prijevoz robe uglavnom koriste \u017eeljeznicu.<\/p>\n\n\n\n<p><strong>26.05.2014.<\/strong>&nbsp;&nbsp; Slu\u017eba za odnose s javno\u0161\u0107u \u017dFBiH<\/p>\n\n\n\n<p><strong>Svi putni pravci na prugama \u017dFBiH prohodni<\/strong><\/p>\n\n\n\n<p>Sve prometne pravce na prugama \u017deljeznica FBiH od danas su prohodni i opskrba gospodarskih subjekata vr\u0161i se neometano, uz laganu vo\u017enju i poja\u010dane mjere opreza!<br>Otklanjanjem i sanacijom 50 kriznih to\u010daka na odre\u0111enim dionicama, omogu\u0107eno je povezivanje cijele pruge na koridoru Vc od Doboja do \u010capljine, uz pruge na relacijama Tuzla \u2013 Zvornik, Tuzla \u2013 Br\u010dko, Tuzla \u2013 Banovi\u0107i i Tuzla \u2013 Doboj.<br>Daljnje povezivanje \u017deljeznica FBiH sa Banjom Lukom, odnosno, Hrvatskom i Srbijom ovisi o dinamici radova koje budu izvodile \u017deljeznice RS, Hrvatske \u017eeljeznice i \u017deljeznice Srbije.<\/p>\n\n\n\n<p><strong>Procjena \u0161tete 8,3 milijuna, sanacija \u010dija je vrijednost oko 25 milijuna KM<\/strong><\/p>\n\n\n\n<p>S obzirom na to da su u po\u010detnoj fazi \u0161tete na prugama \u017dFBiH procijenjene na cca 8,3 miliona KM, njihova sanacija \u0107e ko\u0161tati barem tri puta vi\u0161e. Zbog nedostatka vlastitih sredstava za saniranje pru\u017ene mre\u017ee, \u017dFBiH su uputile apel za pomo\u0107 me\u0111unarodnim \u017eeljezni\u010dkim asocijacijama poput UIC-a, CER-a, ali i drugim \u017eeljezni\u010dkim upravama.<br>U jeku borbe za osposobljavanjem \u017eeljezni\u010dkog prometa, \u017deljeznice FBiH su blokirane ra\u010dune, \u0161to je dovelo ovu tvrtku u situaciju da doslovno ne mo\u017ee kupiti ni litru nafte, te \u017dFBiH insistiraju na hitnoj deblokadi ra\u010duna, kao i na \u0161to skorijem imenovanju Uprave, jer ova kompanija mjesecima posluje bez nje.<br>Kra\u0111a \u017eeljeznih utega, kablova i drugog materijala, kako u redovnim, tako i u izvanrednim okolnostima, predstavlja direktni napad na sigurnost i \u017eivote svih \u010dije je poslovanje i kretanje povezano uz prugu, stoga \u017dFBiH apeliraju nadle\u017enim tijelima da poduzmu sve aktivnosti na otkrivanju i sankcioniranju po\u010dinitelja.<br>Zahvaljuju\u0107i konstantnom zalaganju \u017eeljezni\u010dara, kriti\u010dne to\u010dke na dionicama od Sarajeva do Zenice i od Zenice do Maglaja su otklonjeni ve\u0107 prije nekoliko dana, te je uspostavljen najprije teretni, a potom i putni\u010dki promet uz poja\u010dane mjere sigurnosti. Otklanjanjem kriti\u010dnih to\u010daka u tuzlanskom podru\u010dju, pruge \u017dFBiH su kona\u010dno potpuno povezane i prohodne.<\/p>\n\n\n\n<p><strong>4. lipnja 2014.<\/strong> Radiosarajevo.ba<br><strong>Kre\u0107u vlakovi od Sarajeva do Doboja<\/strong><\/p>\n\n\n\n<p>\u017deljeznice Republike Srpske priop\u0107ile su da \u0107e od sutra djelomi\u010dno biti uspostavljen me\u0111unarodni putni\u010dki promet, odnosno da \u0107e vlakovi saobra\u0107ati na relaciji Sarajevo-Doboj\u2013Sarajevo, pi\u0161e Fena.<br>Po redu vo\u017enje, u prometu \u0107e biti vlakovi s polascima iz Sarajeva u 10:46 za Doboj i iz Doboja u 15:09 za Sarajevo.<br>Uskoro \u0107e biti uspostavljen cijeli putni\u010dki promet na relaciji Banja Luka &#8211; Doboj &#8211; Banja Luka, kao i me\u0111unarodni na relaciji Sarajevo &#8211; Zagreb &#8211; Sarajevo, planira se nakon zavr\u0161etka radova na sanaciji ugro\u017eenog dijela pruge.<\/p>\n\n\n<div class=\"pgc-sgb-cb wp-block-pgcsimplygalleryblock-grid \" data-gallery-id=\"c7a68207\"><div class=\"sgb-preloader\" id=\"pr_c7a68207\">\n\t<div class=\"sgb-square\" style=\"background:#d4d4d4\"><\/div>\n\t<div class=\"sgb-square\" style=\"background:#d4d4d4\"><\/div>\n\t<div class=\"sgb-square\" style=\"background:#d4d4d4\"><\/div>\n\t<div class=\"sgb-square\" style=\"background:#d4d4d4\"><\/div><\/div><div class=\"simply-gallery-amp pgc_sgb_slider \"><noscript><div class=\"sgb-gallery\"><div class=\"sgb-item\"><a href=\"https:\/\/vremeplov.ba\/2025\/2014\/05\/18\/poplave-zaustavile-vozove\/arhiv-antena-sarajevo\/\" target=\"_blank\"><img decoding=\"async\" alt=\"\" width=\"900\" height=\"600\" loading=\"lazy\" src=\"https:\/\/vremeplov.ba\/2025\/wp-content\/uploads\/2014\/05\/Poplave-1.jpg\" srcset=\",https:\/\/vremeplov.ba\/2025\/wp-content\/uploads\/2014\/05\/Poplave-1.jpg 900w\" sizes=\"auto, 250px\"\/><\/a><div class=\"sgb-item-caption\"><em>Arhiv Antena Sarajevo<\/em><\/div><\/div><div class=\"sgb-item\"><a href=\"https:\/\/vremeplov.ba\/2025\/2014\/05\/18\/poplave-zaustavile-vozove\/breko-banoviae-foto-lena-jasko\/\" target=\"_blank\"><img decoding=\"async\" alt=\"\" width=\"900\" height=\"539\" loading=\"lazy\" src=\"https:\/\/vremeplov.ba\/2025\/wp-content\/uploads\/2014\/05\/Poplave-2.jpg\" srcset=\",https:\/\/vremeplov.ba\/2025\/wp-content\/uploads\/2014\/05\/Poplave-2.jpg 900w\" sizes=\"auto, 250px\"\/><\/a><div class=\"sgb-item-caption\"><em>Br\u00e8ko- Banovi\u00e6 Foto: Lena Jasko<\/em><\/div><\/div><div class=\"sgb-item\"><a href=\"https:\/\/vremeplov.ba\/2025\/2014\/05\/18\/poplave-zaustavile-vozove\/breko-banoviaei-foto-lena-jasko\/\" target=\"_blank\"><img decoding=\"async\" alt=\"\" width=\"900\" height=\"539\" loading=\"lazy\" src=\"https:\/\/vremeplov.ba\/2025\/wp-content\/uploads\/2014\/05\/Poplave-3.jpg\" srcset=\",https:\/\/vremeplov.ba\/2025\/wp-content\/uploads\/2014\/05\/Poplave-3.jpg 900w\" sizes=\"auto, 250px\"\/><\/a><div class=\"sgb-item-caption\"><em>Br\u00e8ko- Banovi\u00e6i Foto: Lena Jasko<\/em><\/div><\/div><div class=\"sgb-item\"><a href=\"https:\/\/vremeplov.ba\/2025\/2014\/05\/18\/poplave-zaustavile-vozove\/foto-alen-buljuba%c2%9aiae-opravka-pruge-kod-%c2%8eivinice-19-05-2014\/\" target=\"_blank\"><img decoding=\"async\" alt=\"\" width=\"900\" height=\"507\" loading=\"lazy\" src=\"https:\/\/vremeplov.ba\/2025\/wp-content\/uploads\/2014\/05\/Poplave-4.jpg\" srcset=\",https:\/\/vremeplov.ba\/2025\/wp-content\/uploads\/2014\/05\/Poplave-4.jpg 900w\" sizes=\"auto, 250px\"\/><\/a><div class=\"sgb-item-caption\"><em>Foto: Alen Buljuba\u009ai\u00e6, Opravka pruge kod \u008eivinice, 19.05.2014.<\/em><\/div><\/div><div class=\"sgb-item\"><a href=\"https:\/\/vremeplov.ba\/2025\/2014\/05\/18\/poplave-zaustavile-vozove\/foto-nebojsa-kovacevic-19-05-2014\/\" target=\"_blank\"><img decoding=\"async\" alt=\"\" width=\"900\" height=\"675\" loading=\"lazy\" src=\"https:\/\/vremeplov.ba\/2025\/wp-content\/uploads\/2014\/05\/Poplave-5.jpg\" srcset=\",https:\/\/vremeplov.ba\/2025\/wp-content\/uploads\/2014\/05\/Poplave-5.jpg 900w\" sizes=\"auto, 250px\"\/><\/a><div class=\"sgb-item-caption\"><em>Foto: Neboj\u0161a Kova\u010devi\u0107 19.05.2014.<\/em><\/div><\/div><div class=\"sgb-item\"><a href=\"https:\/\/vremeplov.ba\/2025\/2014\/05\/18\/poplave-zaustavile-vozove\/foto-nebojsa-kovacevic-doboj-banja-luka-19-05-2014\/\" target=\"_blank\"><img decoding=\"async\" alt=\"\" width=\"900\" height=\"675\" loading=\"lazy\" src=\"https:\/\/vremeplov.ba\/2025\/wp-content\/uploads\/2014\/05\/Poplave-6.jpg\" srcset=\",https:\/\/vremeplov.ba\/2025\/wp-content\/uploads\/2014\/05\/Poplave-6.jpg 900w\" sizes=\"auto, 250px\"\/><\/a><div class=\"sgb-item-caption\"><em>Foto: Neboj\u0161a Kova\u010devi\u0107, Doboj-Banja Luka, 19.05.2014.<\/em><\/div><\/div><div class=\"sgb-item\"><a href=\"https:\/\/vremeplov.ba\/2025\/2014\/05\/18\/poplave-zaustavile-vozove\/poplave-7\/\" target=\"_blank\"><img decoding=\"async\" alt=\"\" width=\"900\" height=\"675\" loading=\"lazy\" src=\"https:\/\/vremeplov.ba\/2025\/wp-content\/uploads\/2014\/05\/Poplave-7.jpg\" srcset=\",https:\/\/vremeplov.ba\/2025\/wp-content\/uploads\/2014\/05\/Poplave-7.jpg 900w\" sizes=\"auto, 250px\"\/><\/a><\/div><div class=\"sgb-item\"><a href=\"https:\/\/vremeplov.ba\/2025\/2014\/05\/18\/poplave-zaustavile-vozove\/kostajnica-kod-doboja-foto-salem-jusic\/\" target=\"_blank\"><img decoding=\"async\" alt=\"\" width=\"900\" height=\"675\" loading=\"lazy\" src=\"https:\/\/vremeplov.ba\/2025\/wp-content\/uploads\/2014\/05\/Poplave-8.jpg\" srcset=\",https:\/\/vremeplov.ba\/2025\/wp-content\/uploads\/2014\/05\/Poplave-8.jpg 900w\" sizes=\"auto, 250px\"\/><\/a><div class=\"sgb-item-caption\"><em>Kostajnica kod Doboja, Foto: Salem Jusi\u0107<\/em><\/div><\/div><div class=\"sgb-item\"><a href=\"https:\/\/vremeplov.ba\/2025\/2014\/05\/18\/poplave-zaustavile-vozove\/kostajnica-kod-doboja-foto-salem-jusic-2\/\" target=\"_blank\"><img decoding=\"async\" alt=\"\" width=\"900\" height=\"675\" loading=\"lazy\" src=\"https:\/\/vremeplov.ba\/2025\/wp-content\/uploads\/2014\/05\/Poplave-9.jpg\" srcset=\",https:\/\/vremeplov.ba\/2025\/wp-content\/uploads\/2014\/05\/Poplave-9.jpg 900w\" sizes=\"auto, 250px\"\/><\/a><div class=\"sgb-item-caption\"><em>Kostajnica kod Doboja, Foto: Salem Jusi\u0107<\/em><\/div><\/div><div class=\"sgb-item\"><a href=\"https:\/\/vremeplov.ba\/2025\/2014\/05\/18\/poplave-zaustavile-vozove\/kostajnica-kod-doboja-foto-salem-jusic-3\/\" target=\"_blank\"><img decoding=\"async\" alt=\"\" width=\"900\" height=\"675\" loading=\"lazy\" src=\"https:\/\/vremeplov.ba\/2025\/wp-content\/uploads\/2014\/05\/Poplave-10.jpg\" srcset=\",https:\/\/vremeplov.ba\/2025\/wp-content\/uploads\/2014\/05\/Poplave-10.jpg 900w\" sizes=\"auto, 250px\"\/><\/a><div class=\"sgb-item-caption\"><em>Kostajnica kod Doboja, Foto: Salem Jusi\u0107<\/em><\/div><\/div><div class=\"sgb-item\"><a href=\"https:\/\/vremeplov.ba\/2025\/2014\/05\/18\/poplave-zaustavile-vozove\/mramor-tinja-foto-nijaz-muratovic\/\" target=\"_blank\"><img decoding=\"async\" alt=\"\" width=\"675\" height=\"900\" loading=\"lazy\" src=\"https:\/\/vremeplov.ba\/2025\/wp-content\/uploads\/2014\/05\/Poplave-11.jpg\" srcset=\",https:\/\/vremeplov.ba\/2025\/wp-content\/uploads\/2014\/05\/Poplave-11.jpg 675w\" sizes=\"auto, 250px\"\/><\/a><div class=\"sgb-item-caption\"><em>Mramor-Tinja Foto: Nijaz Muratovi\u0107<\/em><\/div><\/div><div class=\"sgb-item\"><a href=\"https:\/\/vremeplov.ba\/2025\/2014\/05\/18\/poplave-zaustavile-vozove\/mramor-tinja-foto-nijaz-muratovic-2\/\" target=\"_blank\"><img decoding=\"async\" alt=\"\" width=\"675\" height=\"900\" loading=\"lazy\" src=\"https:\/\/vremeplov.ba\/2025\/wp-content\/uploads\/2014\/05\/Poplave-12.jpg\" srcset=\",https:\/\/vremeplov.ba\/2025\/wp-content\/uploads\/2014\/05\/Poplave-12.jpg 675w\" sizes=\"auto, 250px\"\/><\/a><div class=\"sgb-item-caption\"><em>Mramor-Tinja Foto: Nijaz Muratovi\u0107<\/em><\/div><\/div><div class=\"sgb-item\"><a href=\"https:\/\/vremeplov.ba\/2025\/2014\/05\/18\/poplave-zaustavile-vozove\/zepce-maglaj-foto-drago-lovric\/\" target=\"_blank\"><img decoding=\"async\" alt=\"\" width=\"900\" height=\"675\" loading=\"lazy\" src=\"https:\/\/vremeplov.ba\/2025\/wp-content\/uploads\/2014\/05\/Poplave-13.jpg\" srcset=\",https:\/\/vremeplov.ba\/2025\/wp-content\/uploads\/2014\/05\/Poplave-13.jpg 900w\" sizes=\"auto, 250px\"\/><\/a><div class=\"sgb-item-caption\"><em>\u017dep\u010de-Maglaj Foto: Drago Lovri\u010d<\/em><\/div><\/div><div class=\"sgb-item\"><a href=\"https:\/\/vremeplov.ba\/2025\/2014\/05\/18\/poplave-zaustavile-vozove\/zepce-maglaj-foto-drago-lovric-2\/\" target=\"_blank\"><img decoding=\"async\" alt=\"\" width=\"900\" height=\"675\" loading=\"lazy\" src=\"https:\/\/vremeplov.ba\/2025\/wp-content\/uploads\/2014\/05\/Poplave-14.jpg\" srcset=\",https:\/\/vremeplov.ba\/2025\/wp-content\/uploads\/2014\/05\/Poplave-14.jpg 900w\" sizes=\"auto, 250px\"\/><\/a><div class=\"sgb-item-caption\"><em>\u017dep\u010de-Maglaj Foto: Drago Lovri\u010d<\/em><\/div><\/div><div class=\"sgb-item\"><a href=\"https:\/\/vremeplov.ba\/2025\/2014\/05\/18\/poplave-zaustavile-vozove\/zepce-maglaj-foto-drago-lovric-3\/\" target=\"_blank\"><img decoding=\"async\" alt=\"\" width=\"900\" height=\"675\" loading=\"lazy\" src=\"https:\/\/vremeplov.ba\/2025\/wp-content\/uploads\/2014\/05\/Poplave-15.jpg\" srcset=\",https:\/\/vremeplov.ba\/2025\/wp-content\/uploads\/2014\/05\/Poplave-15.jpg 900w\" sizes=\"auto, 250px\"\/><\/a><div class=\"sgb-item-caption\"><em>\u017dep\u010de-Maglaj Foto: Drago Lovri\u010d<\/em><\/div><\/div><div class=\"sgb-item\"><a href=\"https:\/\/vremeplov.ba\/2025\/2014\/05\/18\/poplave-zaustavile-vozove\/zepce-maglaj-foto-drago-lovric-4\/\" target=\"_blank\"><img decoding=\"async\" alt=\"\" width=\"900\" height=\"675\" loading=\"lazy\" src=\"https:\/\/vremeplov.ba\/2025\/wp-content\/uploads\/2014\/05\/Poplave-16.jpg\" srcset=\",https:\/\/vremeplov.ba\/2025\/wp-content\/uploads\/2014\/05\/Poplave-16.jpg 900w\" sizes=\"auto, 250px\"\/><\/a><div class=\"sgb-item-caption\"><em>\u017dep\u010de-Maglaj Foto: Drago Lovri\u010d<\/em><\/div><\/div><div class=\"sgb-item\"><a href=\"https:\/\/vremeplov.ba\/2025\/2014\/05\/18\/poplave-zaustavile-vozove\/foto-almir-kamenjas\/\" target=\"_blank\"><img decoding=\"async\" alt=\"\" width=\"720\" height=\"960\" loading=\"lazy\" src=\"https:\/\/vremeplov.ba\/2025\/wp-content\/uploads\/2014\/05\/Poplave-17.jpg\" srcset=\",https:\/\/vremeplov.ba\/2025\/wp-content\/uploads\/2014\/05\/Poplave-17.jpg 720w\" sizes=\"auto, 250px\"\/><\/a><div class=\"sgb-item-caption\"><em>Foto: Almir Kamenja\u0161<\/em><\/div><\/div><div class=\"sgb-item\"><a href=\"https:\/\/vremeplov.ba\/2025\/2014\/05\/18\/poplave-zaustavile-vozove\/samac-foto-nebojsa-kovacevic\/\" target=\"_blank\"><img decoding=\"async\" alt=\"\" width=\"900\" height=\"675\" loading=\"lazy\" src=\"https:\/\/vremeplov.ba\/2025\/wp-content\/uploads\/2014\/05\/Poplave-18.jpg\" srcset=\",https:\/\/vremeplov.ba\/2025\/wp-content\/uploads\/2014\/05\/Poplave-18.jpg 900w\" sizes=\"auto, 250px\"\/><\/a><div class=\"sgb-item-caption\"><em>\u0160amac &#8211; Foto: Neboj\u0161a Kova\u010devi\u0107<\/em><\/div><\/div><div class=\"sgb-item\"><a href=\"https:\/\/vremeplov.ba\/2025\/2014\/05\/18\/poplave-zaustavile-vozove\/samac-foto-nebojsa-kovacevic-2\/\" target=\"_blank\"><img decoding=\"async\" alt=\"\" width=\"900\" height=\"675\" loading=\"lazy\" src=\"https:\/\/vremeplov.ba\/2025\/wp-content\/uploads\/2014\/05\/Poplave-19.jpg\" srcset=\",https:\/\/vremeplov.ba\/2025\/wp-content\/uploads\/2014\/05\/Poplave-19.jpg 900w\" sizes=\"auto, 250px\"\/><\/a><div class=\"sgb-item-caption\"><em>\u0160amac &#8211; Foto: Neboj\u0161a Kova\u010devi\u0107<\/em><\/div><\/div><div class=\"sgb-item\"><a href=\"https:\/\/vremeplov.ba\/2025\/2014\/05\/18\/poplave-zaustavile-vozove\/modrica-foto-facebook-grupa-zajednica-o-modrici\/\" target=\"_blank\"><img decoding=\"async\" alt=\"\" width=\"900\" height=\"675\" loading=\"lazy\" src=\"https:\/\/vremeplov.ba\/2025\/wp-content\/uploads\/2014\/05\/Poplave-20.jpg\" srcset=\",https:\/\/vremeplov.ba\/2025\/wp-content\/uploads\/2014\/05\/Poplave-20.jpg 900w\" sizes=\"auto, 250px\"\/><\/a><div class=\"sgb-item-caption\"><em>Modri\u010da Foto: facebook grupa-zajednica o Modri\u010di<\/em><\/div><\/div><div class=\"sgb-item\"><a href=\"https:\/\/vremeplov.ba\/2025\/2014\/05\/18\/poplave-zaustavile-vozove\/topcic-polje-akcija-ciscenja\/\" target=\"_blank\"><img decoding=\"async\" alt=\"\" width=\"900\" height=\"675\" loading=\"lazy\" src=\"https:\/\/vremeplov.ba\/2025\/wp-content\/uploads\/2014\/05\/Poplave-21.jpg\" srcset=\",https:\/\/vremeplov.ba\/2025\/wp-content\/uploads\/2014\/05\/Poplave-21.jpg 900w\" sizes=\"auto, 250px\"\/><\/a><div class=\"sgb-item-caption\"><em>Top\u010di\u0107 Polje, akcija \u010di\u0161\u0107enja<\/em><\/div><\/div><div class=\"sgb-item\"><a href=\"https:\/\/vremeplov.ba\/2025\/2014\/05\/18\/poplave-zaustavile-vozove\/topcic-pojle-akcija-ciscenja\/\" target=\"_blank\"><img decoding=\"async\" alt=\"\" width=\"900\" height=\"675\" loading=\"lazy\" src=\"https:\/\/vremeplov.ba\/2025\/wp-content\/uploads\/2014\/05\/Poplave-22.jpg\" srcset=\",https:\/\/vremeplov.ba\/2025\/wp-content\/uploads\/2014\/05\/Poplave-22.jpg 900w\" sizes=\"auto, 250px\"\/><\/a><div class=\"sgb-item-caption\"><em>Top\u010di\u0107 Pojle, akcija \u010di\u0161\u0107enja<\/em><\/div><\/div><div class=\"sgb-item\"><a href=\"https:\/\/vremeplov.ba\/2025\/2014\/05\/18\/poplave-zaustavile-vozove\/poplave-23\/\" target=\"_blank\"><img decoding=\"async\" alt=\"\" width=\"900\" height=\"600\" loading=\"lazy\" src=\"https:\/\/vremeplov.ba\/2025\/wp-content\/uploads\/2014\/05\/Poplave-23.jpg\" srcset=\",https:\/\/vremeplov.ba\/2025\/wp-content\/uploads\/2014\/05\/Poplave-23.jpg 900w\" sizes=\"auto, 250px\"\/><\/a><div class=\"sgb-item-caption\"><em>Zgrada generalne direkcije \u017deljeznice Republike Srpske u Doboju Foto: Haris Calki\u0107<\/em><\/div><\/div><div class=\"sgb-item\"><a href=\"https:\/\/vremeplov.ba\/2025\/2014\/05\/18\/poplave-zaustavile-vozove\/samac-foto-nebojsa-kovacevic-3\/\" target=\"_blank\"><img decoding=\"async\" alt=\"\" width=\"900\" height=\"675\" loading=\"lazy\" src=\"https:\/\/vremeplov.ba\/2025\/wp-content\/uploads\/2014\/05\/Poplave-24.jpg\" srcset=\",https:\/\/vremeplov.ba\/2025\/wp-content\/uploads\/2014\/05\/Poplave-24.jpg 900w\" sizes=\"auto, 250px\"\/><\/a><div class=\"sgb-item-caption\"><em>\u0160amac Foto: Neboj\u0161a Kova\u010devi\u0107<\/em><\/div><\/div><div class=\"sgb-item\"><a href=\"https:\/\/vremeplov.ba\/2025\/2014\/05\/18\/poplave-zaustavile-vozove\/jelina-vranduk-foto-vlado-soldo-23-05-2014\/\" target=\"_blank\"><img decoding=\"async\" alt=\"\" width=\"900\" height=\"600\" loading=\"lazy\" src=\"https:\/\/vremeplov.ba\/2025\/wp-content\/uploads\/2014\/05\/Poplave-25.jpg\" srcset=\",https:\/\/vremeplov.ba\/2025\/wp-content\/uploads\/2014\/05\/Poplave-25.jpg 900w\" sizes=\"auto, 250px\"\/><\/a><div class=\"sgb-item-caption\"><em>Jelina &#8211; Vranduk Foto: Vlado Soldo, 23.05.2014.<\/em><\/div><\/div><div class=\"sgb-item\"><a href=\"https:\/\/vremeplov.ba\/2025\/2014\/05\/18\/poplave-zaustavile-vozove\/jelina-vranduk-foto-vlado-soldo-23-05-2014-2\/\" target=\"_blank\"><img decoding=\"async\" alt=\"\" width=\"900\" height=\"600\" loading=\"lazy\" src=\"https:\/\/vremeplov.ba\/2025\/wp-content\/uploads\/2014\/05\/Poplave-26.jpg\" srcset=\",https:\/\/vremeplov.ba\/2025\/wp-content\/uploads\/2014\/05\/Poplave-26.jpg 900w\" sizes=\"auto, 250px\"\/><\/a><div class=\"sgb-item-caption\"><em>Jelina &#8211; Vranduk Foto: Vlado Soldo, 23.05.2014.<\/em><\/div><\/div><div class=\"sgb-item\"><a href=\"https:\/\/vremeplov.ba\/2025\/2014\/05\/18\/poplave-zaustavile-vozove\/jelina-vranduk-foto-vlado-soldo-23-05-2014-3\/\" target=\"_blank\"><img decoding=\"async\" alt=\"\" width=\"900\" height=\"600\" loading=\"lazy\" src=\"https:\/\/vremeplov.ba\/2025\/wp-content\/uploads\/2014\/05\/Poplave-27.jpg\" srcset=\",https:\/\/vremeplov.ba\/2025\/wp-content\/uploads\/2014\/05\/Poplave-27.jpg 900w\" sizes=\"auto, 250px\"\/><\/a><div class=\"sgb-item-caption\"><em>Jelina &#8211; Vranduk Foto: Vlado Soldo, 23.05.2014.<\/em><\/div><\/div><div class=\"sgb-item\"><a href=\"https:\/\/vremeplov.ba\/2025\/2014\/05\/18\/poplave-zaustavile-vozove\/jelina-vranduk-foto-vlado-soldo-23-05-2014-4\/\" target=\"_blank\"><img decoding=\"async\" alt=\"\" width=\"600\" height=\"900\" loading=\"lazy\" src=\"https:\/\/vremeplov.ba\/2025\/wp-content\/uploads\/2014\/05\/Poplave-28.jpg\" srcset=\",https:\/\/vremeplov.ba\/2025\/wp-content\/uploads\/2014\/05\/Poplave-28.jpg 600w\" sizes=\"auto, 250px\"\/><\/a><div class=\"sgb-item-caption\"><em>Jelina &#8211; Vranduk Foto: Vlado Soldo, 23.05.2014.<\/em><\/div><\/div><div class=\"sgb-item\"><a href=\"https:\/\/vremeplov.ba\/2025\/2014\/05\/18\/poplave-zaustavile-vozove\/karta-sa-poplavljenim-zeljeznickim-pojasom-u-bih\/\" target=\"_blank\"><img decoding=\"async\" alt=\"\" width=\"900\" height=\"559\" loading=\"lazy\" src=\"https:\/\/vremeplov.ba\/2025\/wp-content\/uploads\/2014\/05\/Poplave-29.jpg\" srcset=\",https:\/\/vremeplov.ba\/2025\/wp-content\/uploads\/2014\/05\/Poplave-29.jpg 900w\" sizes=\"auto, 250px\"\/><\/a><div class=\"sgb-item-caption\"><em>Karta sa poplavljenim \u017eeljezni\u010dkim pojasom u BiH<\/em><\/div><\/div><div class=\"sgb-item\"><a href=\"https:\/\/vremeplov.ba\/2025\/2014\/05\/18\/poplave-zaustavile-vozove\/desni-kolosijek-maglaj-zavidovici-foto-omko-omer-adilovic\/\" target=\"_blank\"><img decoding=\"async\" alt=\"\" width=\"950\" height=\"713\" loading=\"lazy\" src=\"https:\/\/vremeplov.ba\/2025\/wp-content\/uploads\/2014\/05\/Poplave-30.jpg\" srcset=\",https:\/\/vremeplov.ba\/2025\/wp-content\/uploads\/2014\/05\/Poplave-30.jpg 950w\" sizes=\"auto, 250px\"\/><\/a><div class=\"sgb-item-caption\"><em>Desni kolosijek Maglaj-Zavidovi\u0107i, Foto: Omko Omer Adilovi\u0107<\/em><\/div><\/div><div class=\"sgb-item\"><a href=\"https:\/\/vremeplov.ba\/2025\/2014\/05\/18\/poplave-zaustavile-vozove\/desni-kolosijek-maglaj-zavidovici-foto-omko-omer-adilovic-2\/\" target=\"_blank\"><img decoding=\"async\" alt=\"\" width=\"950\" height=\"713\" loading=\"lazy\" src=\"https:\/\/vremeplov.ba\/2025\/wp-content\/uploads\/2014\/05\/Poplave-31.jpg\" srcset=\",https:\/\/vremeplov.ba\/2025\/wp-content\/uploads\/2014\/05\/Poplave-31.jpg 950w\" sizes=\"auto, 250px\"\/><\/a><div class=\"sgb-item-caption\"><em>Desni kolosijek Maglaj-Zavidovi\u0107i, Foto: Omko Omer Adilovi\u0107<\/em><\/div><\/div><div class=\"sgb-item\"><a href=\"https:\/\/vremeplov.ba\/2025\/2014\/05\/18\/poplave-zaustavile-vozove\/desni-kolosijek-maglaj-zavidovici-foto-omko-omer-adilovic-3\/\" target=\"_blank\"><img decoding=\"async\" alt=\"\" width=\"950\" height=\"713\" loading=\"lazy\" src=\"https:\/\/vremeplov.ba\/2025\/wp-content\/uploads\/2014\/05\/Poplave-32.jpg\" srcset=\",https:\/\/vremeplov.ba\/2025\/wp-content\/uploads\/2014\/05\/Poplave-32.jpg 950w\" sizes=\"auto, 250px\"\/><\/a><div class=\"sgb-item-caption\"><em>Desni kolosijek Maglaj-Zavidovi\u0107i, Foto: Omko Omer Adilovi\u0107<\/em><\/div><\/div><div class=\"sgb-item\"><a href=\"https:\/\/vremeplov.ba\/2025\/2014\/05\/18\/poplave-zaustavile-vozove\/topeiae-polje-foto-spiljak-samed\/\" target=\"_blank\"><img decoding=\"async\" alt=\"\" width=\"900\" height=\"506\" loading=\"lazy\" src=\"https:\/\/vremeplov.ba\/2025\/wp-content\/uploads\/2014\/05\/Poplave-33.jpg\" srcset=\",https:\/\/vremeplov.ba\/2025\/wp-content\/uploads\/2014\/05\/Poplave-33.jpg 900w\" sizes=\"auto, 250px\"\/><\/a><div class=\"sgb-item-caption\"><em>Top\u00e8i\u00e6 Polje, Foto Spiljak Samed<\/em><\/div><\/div><div class=\"sgb-item\"><a href=\"https:\/\/vremeplov.ba\/2025\/2014\/05\/18\/poplave-zaustavile-vozove\/poplave-34\/\" target=\"_blank\"><img decoding=\"async\" alt=\"\" width=\"900\" height=\"675\" loading=\"lazy\" src=\"https:\/\/vremeplov.ba\/2025\/wp-content\/uploads\/2014\/05\/Poplave-34.jpg\" srcset=\",https:\/\/vremeplov.ba\/2025\/wp-content\/uploads\/2014\/05\/Poplave-34.jpg 900w\" sizes=\"auto, 250px\"\/><\/a><\/div><div class=\"sgb-item\"><a href=\"https:\/\/vremeplov.ba\/2025\/2014\/05\/18\/poplave-zaustavile-vozove\/poplave-35\/\" target=\"_blank\"><img decoding=\"async\" alt=\"\" width=\"900\" height=\"675\" loading=\"lazy\" src=\"https:\/\/vremeplov.ba\/2025\/wp-content\/uploads\/2014\/05\/Poplave-35.jpg\" srcset=\",https:\/\/vremeplov.ba\/2025\/wp-content\/uploads\/2014\/05\/Poplave-35.jpg 900w\" sizes=\"auto, 250px\"\/><\/a><\/div><div class=\"sgb-item\"><a href=\"https:\/\/vremeplov.ba\/2025\/2014\/05\/18\/poplave-zaustavile-vozove\/poplave-36\/\" target=\"_blank\"><img decoding=\"async\" alt=\"\" width=\"900\" height=\"656\" loading=\"lazy\" src=\"https:\/\/vremeplov.ba\/2025\/wp-content\/uploads\/2014\/05\/Poplave-36.jpg\" srcset=\",https:\/\/vremeplov.ba\/2025\/wp-content\/uploads\/2014\/05\/Poplave-36.jpg 900w\" sizes=\"auto, 250px\"\/><\/a><\/div><div class=\"sgb-item\"><a href=\"https:\/\/vremeplov.ba\/2025\/2014\/05\/18\/poplave-zaustavile-vozove\/poplave-37\/\" target=\"_blank\"><img decoding=\"async\" alt=\"\" width=\"900\" height=\"675\" loading=\"lazy\" src=\"https:\/\/vremeplov.ba\/2025\/wp-content\/uploads\/2014\/05\/Poplave-37.jpg\" srcset=\",https:\/\/vremeplov.ba\/2025\/wp-content\/uploads\/2014\/05\/Poplave-37.jpg 900w\" sizes=\"auto, 250px\"\/><\/a><\/div><div class=\"sgb-item\"><a href=\"https:\/\/vremeplov.ba\/2025\/2014\/05\/18\/poplave-zaustavile-vozove\/poplave-38\/\" target=\"_blank\"><img decoding=\"async\" alt=\"\" width=\"900\" height=\"675\" loading=\"lazy\" src=\"https:\/\/vremeplov.ba\/2025\/wp-content\/uploads\/2014\/05\/Poplave-38.jpg\" srcset=\",https:\/\/vremeplov.ba\/2025\/wp-content\/uploads\/2014\/05\/Poplave-38.jpg 900w\" sizes=\"auto, 250px\"\/><\/a><\/div><div class=\"sgb-item\"><a href=\"https:\/\/vremeplov.ba\/2025\/2014\/05\/18\/poplave-zaustavile-vozove\/poplave-39\/\" target=\"_blank\"><img decoding=\"async\" alt=\"\" width=\"900\" height=\"675\" loading=\"lazy\" src=\"https:\/\/vremeplov.ba\/2025\/wp-content\/uploads\/2014\/05\/Poplave-39.jpg\" srcset=\",https:\/\/vremeplov.ba\/2025\/wp-content\/uploads\/2014\/05\/Poplave-39.jpg 900w\" sizes=\"auto, 250px\"\/><\/a><\/div><div class=\"sgb-item\"><a href=\"https:\/\/vremeplov.ba\/2025\/2014\/05\/18\/poplave-zaustavile-vozove\/poplave-40\/\" target=\"_blank\"><img decoding=\"async\" alt=\"\" width=\"900\" height=\"540\" loading=\"lazy\" src=\"https:\/\/vremeplov.ba\/2025\/wp-content\/uploads\/2014\/05\/Poplave-40.jpg\" srcset=\",https:\/\/vremeplov.ba\/2025\/wp-content\/uploads\/2014\/05\/Poplave-40.jpg 900w\" sizes=\"auto, 250px\"\/><\/a><\/div><div class=\"sgb-item\"><a href=\"https:\/\/vremeplov.ba\/2025\/2014\/05\/18\/poplave-zaustavile-vozove\/dragalovci-prisoje-mjesto-popoviaei\/\" target=\"_blank\"><img decoding=\"async\" alt=\"\" width=\"540\" height=\"900\" loading=\"lazy\" src=\"https:\/\/vremeplov.ba\/2025\/wp-content\/uploads\/2014\/05\/Poplave-41.jpg\" srcset=\",https:\/\/vremeplov.ba\/2025\/wp-content\/uploads\/2014\/05\/Poplave-41.jpg 540w\" sizes=\"auto, 250px\"\/><\/a><div class=\"sgb-item-caption\"><em>Dragalovci Prisoje mjesto Popovi\u00e6i<\/em><\/div><\/div><div class=\"sgb-item\"><a href=\"https:\/\/vremeplov.ba\/2025\/2014\/05\/18\/poplave-zaustavile-vozove\/poplave-42\/\" target=\"_blank\"><img decoding=\"async\" alt=\"\" width=\"540\" height=\"900\" loading=\"lazy\" src=\"https:\/\/vremeplov.ba\/2025\/wp-content\/uploads\/2014\/05\/Poplave-42.jpg\" srcset=\",https:\/\/vremeplov.ba\/2025\/wp-content\/uploads\/2014\/05\/Poplave-42.jpg 540w\" sizes=\"auto, 250px\"\/><\/a><\/div><div class=\"sgb-item\"><a href=\"https:\/\/vremeplov.ba\/2025\/2014\/05\/18\/poplave-zaustavile-vozove\/poplave-43\/\" target=\"_blank\"><img decoding=\"async\" alt=\"\" width=\"900\" height=\"675\" loading=\"lazy\" src=\"https:\/\/vremeplov.ba\/2025\/wp-content\/uploads\/2014\/05\/Poplave-43.jpg\" srcset=\",https:\/\/vremeplov.ba\/2025\/wp-content\/uploads\/2014\/05\/Poplave-43.jpg 900w\" sizes=\"auto, 250px\"\/><\/a><\/div><div class=\"sgb-item\"><a href=\"https:\/\/vremeplov.ba\/2025\/2014\/05\/18\/poplave-zaustavile-vozove\/poplave-44\/\" target=\"_blank\"><img decoding=\"async\" alt=\"\" width=\"900\" height=\"675\" loading=\"lazy\" src=\"https:\/\/vremeplov.ba\/2025\/wp-content\/uploads\/2014\/05\/Poplave-44.jpg\" srcset=\",https:\/\/vremeplov.ba\/2025\/wp-content\/uploads\/2014\/05\/Poplave-44.jpg 900w\" sizes=\"auto, 250px\"\/><\/a><\/div><div class=\"sgb-item\"><a href=\"https:\/\/vremeplov.ba\/2025\/2014\/05\/18\/poplave-zaustavile-vozove\/poplave-45\/\" target=\"_blank\"><img decoding=\"async\" alt=\"\" width=\"900\" height=\"675\" loading=\"lazy\" src=\"https:\/\/vremeplov.ba\/2025\/wp-content\/uploads\/2014\/05\/Poplave-45.jpg\" srcset=\",https:\/\/vremeplov.ba\/2025\/wp-content\/uploads\/2014\/05\/Poplave-45.jpg 900w\" sizes=\"auto, 250px\"\/><\/a><\/div><div class=\"sgb-item\"><a href=\"https:\/\/vremeplov.ba\/2025\/2014\/05\/18\/poplave-zaustavile-vozove\/poplave-46\/\" target=\"_blank\"><img decoding=\"async\" alt=\"\" width=\"509\" height=\"900\" loading=\"lazy\" src=\"https:\/\/vremeplov.ba\/2025\/wp-content\/uploads\/2014\/05\/Poplave-46.jpg\" srcset=\",https:\/\/vremeplov.ba\/2025\/wp-content\/uploads\/2014\/05\/Poplave-46.jpg 509w\" sizes=\"auto, 250px\"\/><\/a><\/div><div class=\"sgb-item\"><a href=\"https:\/\/vremeplov.ba\/2025\/2014\/05\/18\/poplave-zaustavile-vozove\/poplave-47\/\" target=\"_blank\"><img decoding=\"async\" alt=\"\" width=\"509\" height=\"900\" loading=\"lazy\" src=\"https:\/\/vremeplov.ba\/2025\/wp-content\/uploads\/2014\/05\/Poplave-47.jpg\" srcset=\",https:\/\/vremeplov.ba\/2025\/wp-content\/uploads\/2014\/05\/Poplave-47.jpg 509w\" sizes=\"auto, 250px\"\/><\/a><\/div><div class=\"sgb-item\"><a href=\"https:\/\/vremeplov.ba\/2025\/2014\/05\/18\/poplave-zaustavile-vozove\/maline-stresanj-%c2%8eivinice\/\" target=\"_blank\"><img decoding=\"async\" alt=\"\" width=\"509\" height=\"900\" loading=\"lazy\" src=\"https:\/\/vremeplov.ba\/2025\/wp-content\/uploads\/2014\/05\/Poplave-48.jpg\" srcset=\",https:\/\/vremeplov.ba\/2025\/wp-content\/uploads\/2014\/05\/Poplave-48.jpg 509w\" sizes=\"auto, 250px\"\/><\/a><div class=\"sgb-item-caption\"><em>Maline-Stresanj-\u008eivinice<\/em><\/div><\/div><div class=\"sgb-item\"><a href=\"https:\/\/vremeplov.ba\/2025\/2014\/05\/18\/poplave-zaustavile-vozove\/novi-grad-bosanski-novi-foto-dragan-rakiae\/\" target=\"_blank\"><img decoding=\"async\" alt=\"\" width=\"900\" height=\"506\" loading=\"lazy\" src=\"https:\/\/vremeplov.ba\/2025\/wp-content\/uploads\/2014\/05\/Poplave-49.jpg\" srcset=\",https:\/\/vremeplov.ba\/2025\/wp-content\/uploads\/2014\/05\/Poplave-49.jpg 900w\" sizes=\"auto, 250px\"\/><\/a><div class=\"sgb-item-caption\"><em>Novi grad \/ Bosanski Novi Foto Dragan Raki\u00e6<\/em><\/div><\/div><div class=\"sgb-item\"><a href=\"https:\/\/vremeplov.ba\/2025\/2014\/05\/18\/poplave-zaustavile-vozove\/kostajnica-kod-doboja-foto-zlatko-bla%c2%9eeviae\/\" target=\"_blank\"><img decoding=\"async\" alt=\"\" width=\"900\" height=\"506\" loading=\"lazy\" src=\"https:\/\/vremeplov.ba\/2025\/wp-content\/uploads\/2014\/05\/Poplave-50.jpg\" srcset=\",https:\/\/vremeplov.ba\/2025\/wp-content\/uploads\/2014\/05\/Poplave-50.jpg 900w\" sizes=\"auto, 250px\"\/><\/a><div class=\"sgb-item-caption\"><em>Kostajnica Kod Doboja Foto: Zlatko Bla\u009eevi\u00e6<\/em><\/div><\/div><div class=\"sgb-item\"><a href=\"https:\/\/vremeplov.ba\/2025\/2014\/05\/18\/poplave-zaustavile-vozove\/tinja-i-mramor-foto-sejdalija-ke%c2%9aetoviae\/\" target=\"_blank\"><img decoding=\"async\" alt=\"\" width=\"900\" height=\"613\" loading=\"lazy\" src=\"https:\/\/vremeplov.ba\/2025\/wp-content\/uploads\/2014\/05\/Poplave-51.jpg\" srcset=\",https:\/\/vremeplov.ba\/2025\/wp-content\/uploads\/2014\/05\/Poplave-51.jpg 900w\" sizes=\"auto, 250px\"\/><\/a><div class=\"sgb-item-caption\"><em>Tinja i Mramor \/ Foto: Sejdalija Ke\u009aetovi\u00e6<\/em><\/div><\/div><div class=\"sgb-item\"><a href=\"https:\/\/vremeplov.ba\/2025\/2014\/05\/18\/poplave-zaustavile-vozove\/tinja-i-mramor-foto-sejdalija-ke%c2%9aetoviae-2\/\" target=\"_blank\"><img decoding=\"async\" alt=\"\" width=\"900\" height=\"614\" loading=\"lazy\" src=\"https:\/\/vremeplov.ba\/2025\/wp-content\/uploads\/2014\/05\/Poplave-52.jpg\" srcset=\",https:\/\/vremeplov.ba\/2025\/wp-content\/uploads\/2014\/05\/Poplave-52.jpg 900w\" sizes=\"auto, 250px\"\/><\/a><div class=\"sgb-item-caption\"><em>Tinja i Mramor \/ Foto: Sejdalija Ke\u009aetovi\u00e6<\/em><\/div><\/div><div class=\"sgb-item\"><a href=\"https:\/\/vremeplov.ba\/2025\/2014\/05\/18\/poplave-zaustavile-vozove\/tinja-mramor-foto-sejdalija-ke%c2%9aetoviae\/\" target=\"_blank\"><img decoding=\"async\" alt=\"\" width=\"900\" height=\"613\" loading=\"lazy\" src=\"https:\/\/vremeplov.ba\/2025\/wp-content\/uploads\/2014\/05\/Poplave-53.jpg\" srcset=\",https:\/\/vremeplov.ba\/2025\/wp-content\/uploads\/2014\/05\/Poplave-53.jpg 900w\" sizes=\"auto, 250px\"\/><\/a><div class=\"sgb-item-caption\"><em>Tinja &#8211; Mramor \/ Foto: Sejdalija Ke\u009aetovi\u00e6<\/em><\/div><\/div><\/div><\/noscript><\/div><script type=\"application\/json\" class=\"sgb-data\">{\"collectionColumns\":5,\"collectionThumbRecomendedWidth\":100,\"externalLink\":false,\"captions\":false,\"collectionThumbSubMenuDownload\":false,\"collectionThumbSubMenuShare\":false,\"galleryType\":\"pgc_sgb_grid\",\"galleryId\":\"c7a68207\",\"images\":[{\"id\":31872,\"title\":\"Arhiv Antena Sarajevo\",\"url\":\"https:\/\/vremeplov.ba\/2025\/wp-content\/uploads\/2014\/05\/Poplave-1.jpg\",\"link\":\"https:\/\/vremeplov.ba\/2025\/2014\/05\/18\/poplave-zaustavile-vozove\/arhiv-antena-sarajevo\/\",\"alt\":\"\",\"description\":\"\",\"caption\":\"Arhiv Antena Sarajevo\",\"mime\":\"image\/jpeg\",\"type\":\"image\",\"width\":900,\"height\":600,\"sizes\":{\"full\":{\"url\":\"https:\/\/vremeplov.ba\/2025\/wp-content\/uploads\/2014\/05\/Poplave-1.jpg\",\"height\":600,\"width\":900,\"orientation\":\"landscape\"}},\"imageMeta\":{\"aperture\":\"0\",\"credit\":\"\",\"camera\":\"\",\"caption\":\"Arhiv Antena Sarajevo\",\"created_timestamp\":\"0\",\"copyright\":\"\",\"focal_length\":\"0\",\"iso\":\"0\",\"shutter_speed\":\"0\",\"title\":\"Arhiv Antena Sarajevo\",\"orientation\":\"1\",\"keywords\":[]},\"meta\":false,\"postlink\":\"https:\/\/vremeplov.ba\/2025\/2014\/05\/18\/poplave-zaustavile-vozove\/arhiv-antena-sarajevo\/\"},{\"id\":31873,\"title\":\"Br\u00e8ko- Banovi\u00e6 Foto: Lena Jasko\",\"url\":\"https:\/\/vremeplov.ba\/2025\/wp-content\/uploads\/2014\/05\/Poplave-2.jpg\",\"link\":\"https:\/\/vremeplov.ba\/2025\/2014\/05\/18\/poplave-zaustavile-vozove\/breko-banoviae-foto-lena-jasko\/\",\"alt\":\"\",\"description\":\"\",\"caption\":\"Br\u00e8ko- Banovi\u00e6 Foto: Lena Jasko\",\"mime\":\"image\/jpeg\",\"type\":\"image\",\"width\":900,\"height\":539,\"sizes\":{\"full\":{\"url\":\"https:\/\/vremeplov.ba\/2025\/wp-content\/uploads\/2014\/05\/Poplave-2.jpg\",\"height\":539,\"width\":900,\"orientation\":\"landscape\"}},\"imageMeta\":{\"aperture\":\"0\",\"credit\":\"\",\"camera\":\"\",\"caption\":\"Br\u00e8ko- Banovi\u00e6 Foto: Lena Jasko\",\"created_timestamp\":\"0\",\"copyright\":\"\",\"focal_length\":\"0\",\"iso\":\"0\",\"shutter_speed\":\"0\",\"title\":\"Br\u00e8ko- Banovi\u00e6 Foto: Lena Jasko\",\"orientation\":\"1\",\"keywords\":[]},\"meta\":false,\"postlink\":\"https:\/\/vremeplov.ba\/2025\/2014\/05\/18\/poplave-zaustavile-vozove\/breko-banoviae-foto-lena-jasko\/\"},{\"id\":31874,\"title\":\"Br\u00e8ko- Banovi\u00e6i Foto: Lena Jasko\",\"url\":\"https:\/\/vremeplov.ba\/2025\/wp-content\/uploads\/2014\/05\/Poplave-3.jpg\",\"link\":\"https:\/\/vremeplov.ba\/2025\/2014\/05\/18\/poplave-zaustavile-vozove\/breko-banoviaei-foto-lena-jasko\/\",\"alt\":\"\",\"description\":\"\",\"caption\":\"Br\u00e8ko- Banovi\u00e6i Foto: Lena Jasko\",\"mime\":\"image\/jpeg\",\"type\":\"image\",\"width\":900,\"height\":539,\"sizes\":{\"full\":{\"url\":\"https:\/\/vremeplov.ba\/2025\/wp-content\/uploads\/2014\/05\/Poplave-3.jpg\",\"height\":539,\"width\":900,\"orientation\":\"landscape\"}},\"imageMeta\":{\"aperture\":\"0\",\"credit\":\"\",\"camera\":\"\",\"caption\":\"Br\u00e8ko- Banovi\u00e6i Foto: Lena Jasko\",\"created_timestamp\":\"0\",\"copyright\":\"\",\"focal_length\":\"0\",\"iso\":\"0\",\"shutter_speed\":\"0\",\"title\":\"Br\u00e8ko- Banovi\u00e6i Foto: Lena Jasko\",\"orientation\":\"1\",\"keywords\":[]},\"meta\":false,\"postlink\":\"https:\/\/vremeplov.ba\/2025\/2014\/05\/18\/poplave-zaustavile-vozove\/breko-banoviaei-foto-lena-jasko\/\"},{\"id\":31875,\"title\":\"Foto: Alen Buljuba\u009ai\u00e6, Opravka pruge kod \u008eivinice, 19.05.2014.\",\"url\":\"https:\/\/vremeplov.ba\/2025\/wp-content\/uploads\/2014\/05\/Poplave-4.jpg\",\"link\":\"https:\/\/vremeplov.ba\/2025\/2014\/05\/18\/poplave-zaustavile-vozove\/foto-alen-buljuba%c2%9aiae-opravka-pruge-kod-%c2%8eivinice-19-05-2014\/\",\"alt\":\"\",\"description\":\"\",\"caption\":\"Foto: Alen Buljuba\u009ai\u00e6, Opravka pruge kod \u008eivinice, 19.05.2014.\",\"mime\":\"image\/jpeg\",\"type\":\"image\",\"width\":900,\"height\":507,\"sizes\":{\"full\":{\"url\":\"https:\/\/vremeplov.ba\/2025\/wp-content\/uploads\/2014\/05\/Poplave-4.jpg\",\"height\":507,\"width\":900,\"orientation\":\"landscape\"}},\"imageMeta\":{\"aperture\":\"0\",\"credit\":\"Alen Buljuba\u009ai\u00e6\",\"camera\":\"\",\"caption\":\"Foto: Alen Buljuba\u009ai\u00e6, Opravka pruge kod \u008eivinice, 19.05.2014.\",\"created_timestamp\":\"0\",\"copyright\":\"\",\"focal_length\":\"0\",\"iso\":\"0\",\"shutter_speed\":\"0\",\"title\":\"Foto: Alen Buljuba\u009ai\u00e6, Opravka pruge kod \u008eivinice, 19.05.2014.\",\"orientation\":\"1\",\"keywords\":[]},\"meta\":false,\"postlink\":\"https:\/\/vremeplov.ba\/2025\/2014\/05\/18\/poplave-zaustavile-vozove\/foto-alen-buljuba%c2%9aiae-opravka-pruge-kod-%c2%8eivinice-19-05-2014\/\"},{\"id\":31876,\"title\":\"Foto: Neboj\u0161a Kova\u010devi\u0107 19.05.2014.\",\"url\":\"https:\/\/vremeplov.ba\/2025\/wp-content\/uploads\/2014\/05\/Poplave-5.jpg\",\"link\":\"https:\/\/vremeplov.ba\/2025\/2014\/05\/18\/poplave-zaustavile-vozove\/foto-nebojsa-kovacevic-19-05-2014\/\",\"alt\":\"\",\"description\":\"\",\"caption\":\"Foto: Neboj\u0161a Kova\u010devi\u0107 19.05.2014.\",\"mime\":\"image\/jpeg\",\"type\":\"image\",\"width\":900,\"height\":675,\"sizes\":{\"full\":{\"url\":\"https:\/\/vremeplov.ba\/2025\/wp-content\/uploads\/2014\/05\/Poplave-5.jpg\",\"height\":675,\"width\":900,\"orientation\":\"landscape\"}},\"imageMeta\":{\"aperture\":\"0\",\"credit\":\"\",\"camera\":\"\",\"caption\":\"Foto: Neboj\u0161a Kova\u010devi\u0107 19.05.2014.\",\"created_timestamp\":\"0\",\"copyright\":\"\",\"focal_length\":\"0\",\"iso\":\"0\",\"shutter_speed\":\"0\",\"title\":\"Foto: Neboj\u0161a Kova\u010devi\u0107 19.05.2014.\",\"orientation\":\"1\",\"keywords\":[]},\"meta\":false,\"postlink\":\"https:\/\/vremeplov.ba\/2025\/2014\/05\/18\/poplave-zaustavile-vozove\/foto-nebojsa-kovacevic-19-05-2014\/\"},{\"id\":31877,\"title\":\"Foto: Neboj\u0161a Kova\u010devi\u0107, Doboj-Banja Luka, 19.05.2014.\",\"url\":\"https:\/\/vremeplov.ba\/2025\/wp-content\/uploads\/2014\/05\/Poplave-6.jpg\",\"link\":\"https:\/\/vremeplov.ba\/2025\/2014\/05\/18\/poplave-zaustavile-vozove\/foto-nebojsa-kovacevic-doboj-banja-luka-19-05-2014\/\",\"alt\":\"\",\"description\":\"\",\"caption\":\"Foto: Neboj\u0161a Kova\u010devi\u0107, Doboj-Banja Luka, 19.05.2014.\",\"mime\":\"image\/jpeg\",\"type\":\"image\",\"width\":900,\"height\":675,\"sizes\":{\"full\":{\"url\":\"https:\/\/vremeplov.ba\/2025\/wp-content\/uploads\/2014\/05\/Poplave-6.jpg\",\"height\":675,\"width\":900,\"orientation\":\"landscape\"}},\"imageMeta\":{\"aperture\":\"0\",\"credit\":\"\",\"camera\":\"\",\"caption\":\"Foto: Neboj\u0161a Kova\u010devi\u0107, Doboj-Banja Luka, 19.05.2014.\",\"created_timestamp\":\"0\",\"copyright\":\"\",\"focal_length\":\"0\",\"iso\":\"0\",\"shutter_speed\":\"0\",\"title\":\"Foto: Neboj\u0161a Kova\u010devi\u0107, Doboj-Banja Luka, 19.05.2014.\",\"orientation\":\"1\",\"keywords\":[]},\"meta\":false,\"postlink\":\"https:\/\/vremeplov.ba\/2025\/2014\/05\/18\/poplave-zaustavile-vozove\/foto-nebojsa-kovacevic-doboj-banja-luka-19-05-2014\/\"},{\"id\":31878,\"title\":\"Poplave (7)\",\"url\":\"https:\/\/vremeplov.ba\/2025\/wp-content\/uploads\/2014\/05\/Poplave-7.jpg\",\"link\":\"https:\/\/vremeplov.ba\/2025\/2014\/05\/18\/poplave-zaustavile-vozove\/poplave-7\/\",\"alt\":\"\",\"description\":\"\",\"caption\":\"\",\"mime\":\"image\/jpeg\",\"type\":\"image\",\"width\":900,\"height\":675,\"sizes\":{\"full\":{\"url\":\"https:\/\/vremeplov.ba\/2025\/wp-content\/uploads\/2014\/05\/Poplave-7.jpg\",\"height\":675,\"width\":900,\"orientation\":\"landscape\"}},\"imageMeta\":{\"aperture\":\"2.7\",\"credit\":\"\",\"camera\":\"GT-S5610\",\"caption\":\"\",\"created_timestamp\":\"1400254155\",\"copyright\":\"\",\"focal_length\":\"3.43\",\"iso\":\"50\",\"shutter_speed\":\"0.0017241379310345\",\"title\":\"\",\"orientation\":\"1\",\"keywords\":[]},\"meta\":false,\"postlink\":\"https:\/\/vremeplov.ba\/2025\/2014\/05\/18\/poplave-zaustavile-vozove\/poplave-7\/\"},{\"id\":31879,\"title\":\"Kostajnica kod Doboja, Foto: Salem Jusi\u0107\",\"url\":\"https:\/\/vremeplov.ba\/2025\/wp-content\/uploads\/2014\/05\/Poplave-8.jpg\",\"link\":\"https:\/\/vremeplov.ba\/2025\/2014\/05\/18\/poplave-zaustavile-vozove\/kostajnica-kod-doboja-foto-salem-jusic\/\",\"alt\":\"\",\"description\":\"\",\"caption\":\"Kostajnica kod Doboja, Foto: Salem Jusi\u0107\",\"mime\":\"image\/jpeg\",\"type\":\"image\",\"width\":900,\"height\":675,\"sizes\":{\"full\":{\"url\":\"https:\/\/vremeplov.ba\/2025\/wp-content\/uploads\/2014\/05\/Poplave-8.jpg\",\"height\":675,\"width\":900,\"orientation\":\"landscape\"}},\"imageMeta\":{\"aperture\":\"0\",\"credit\":\"\",\"camera\":\"\",\"caption\":\"Kostajnica kod Doboja, Foto: Salem Jusi\u0107\",\"created_timestamp\":\"0\",\"copyright\":\"\",\"focal_length\":\"0\",\"iso\":\"0\",\"shutter_speed\":\"0\",\"title\":\"Kostajnica kod Doboja, Foto: Salem Jusi\u0107\",\"orientation\":\"1\",\"keywords\":[]},\"meta\":false,\"postlink\":\"https:\/\/vremeplov.ba\/2025\/2014\/05\/18\/poplave-zaustavile-vozove\/kostajnica-kod-doboja-foto-salem-jusic\/\"},{\"id\":31880,\"title\":\"Kostajnica kod Doboja, Foto: Salem Jusi\u0107\",\"url\":\"https:\/\/vremeplov.ba\/2025\/wp-content\/uploads\/2014\/05\/Poplave-9.jpg\",\"link\":\"https:\/\/vremeplov.ba\/2025\/2014\/05\/18\/poplave-zaustavile-vozove\/kostajnica-kod-doboja-foto-salem-jusic-2\/\",\"alt\":\"\",\"description\":\"\",\"caption\":\"Kostajnica kod Doboja, Foto: Salem Jusi\u0107\",\"mime\":\"image\/jpeg\",\"type\":\"image\",\"width\":900,\"height\":675,\"sizes\":{\"full\":{\"url\":\"https:\/\/vremeplov.ba\/2025\/wp-content\/uploads\/2014\/05\/Poplave-9.jpg\",\"height\":675,\"width\":900,\"orientation\":\"landscape\"}},\"imageMeta\":{\"aperture\":\"0\",\"credit\":\"\",\"camera\":\"\",\"caption\":\"Kostajnica kod Doboja, Foto: Salem Jusi\u0107\",\"created_timestamp\":\"0\",\"copyright\":\"\",\"focal_length\":\"0\",\"iso\":\"0\",\"shutter_speed\":\"0\",\"title\":\"Kostajnica kod Doboja, Foto: Salem Jusi\u0107\",\"orientation\":\"1\",\"keywords\":[]},\"meta\":false,\"postlink\":\"https:\/\/vremeplov.ba\/2025\/2014\/05\/18\/poplave-zaustavile-vozove\/kostajnica-kod-doboja-foto-salem-jusic-2\/\"},{\"id\":31881,\"title\":\"Kostajnica kod Doboja, Foto: Salem Jusi\u0107\",\"url\":\"https:\/\/vremeplov.ba\/2025\/wp-content\/uploads\/2014\/05\/Poplave-10.jpg\",\"link\":\"https:\/\/vremeplov.ba\/2025\/2014\/05\/18\/poplave-zaustavile-vozove\/kostajnica-kod-doboja-foto-salem-jusic-3\/\",\"alt\":\"\",\"description\":\"\",\"caption\":\"Kostajnica kod Doboja, Foto: Salem Jusi\u0107\",\"mime\":\"image\/jpeg\",\"type\":\"image\",\"width\":900,\"height\":675,\"sizes\":{\"full\":{\"url\":\"https:\/\/vremeplov.ba\/2025\/wp-content\/uploads\/2014\/05\/Poplave-10.jpg\",\"height\":675,\"width\":900,\"orientation\":\"landscape\"}},\"imageMeta\":{\"aperture\":\"0\",\"credit\":\"\",\"camera\":\"\",\"caption\":\"Kostajnica kod Doboja, Foto: Salem Jusi\u0107\",\"created_timestamp\":\"0\",\"copyright\":\"\",\"focal_length\":\"0\",\"iso\":\"0\",\"shutter_speed\":\"0\",\"title\":\"Kostajnica kod Doboja, Foto: Salem Jusi\u0107\",\"orientation\":\"1\",\"keywords\":[]},\"meta\":false,\"postlink\":\"https:\/\/vremeplov.ba\/2025\/2014\/05\/18\/poplave-zaustavile-vozove\/kostajnica-kod-doboja-foto-salem-jusic-3\/\"},{\"id\":31882,\"title\":\"Mramor-Tinja Foto: Nijaz Muratovi\u0107\",\"url\":\"https:\/\/vremeplov.ba\/2025\/wp-content\/uploads\/2014\/05\/Poplave-11.jpg\",\"link\":\"https:\/\/vremeplov.ba\/2025\/2014\/05\/18\/poplave-zaustavile-vozove\/mramor-tinja-foto-nijaz-muratovic\/\",\"alt\":\"\",\"description\":\"\",\"caption\":\"Mramor-Tinja Foto: Nijaz Muratovi\u0107\",\"mime\":\"image\/jpeg\",\"type\":\"image\",\"width\":675,\"height\":900,\"sizes\":{\"full\":{\"url\":\"https:\/\/vremeplov.ba\/2025\/wp-content\/uploads\/2014\/05\/Poplave-11.jpg\",\"height\":900,\"width\":675,\"orientation\":\"portrait\"}},\"imageMeta\":{\"aperture\":\"0\",\"credit\":\"\",\"camera\":\"\",\"caption\":\"Mramor-Tinja Foto: Nijaz Muratovi\u0107\",\"created_timestamp\":\"0\",\"copyright\":\"\",\"focal_length\":\"0\",\"iso\":\"0\",\"shutter_speed\":\"0\",\"title\":\"Mramor-Tinja Foto: Nijaz Muratovi\u0107\",\"orientation\":\"1\",\"keywords\":[]},\"meta\":false,\"postlink\":\"https:\/\/vremeplov.ba\/2025\/2014\/05\/18\/poplave-zaustavile-vozove\/mramor-tinja-foto-nijaz-muratovic\/\"},{\"id\":31883,\"title\":\"Mramor-Tinja Foto: Nijaz Muratovi\u0107\",\"url\":\"https:\/\/vremeplov.ba\/2025\/wp-content\/uploads\/2014\/05\/Poplave-12.jpg\",\"link\":\"https:\/\/vremeplov.ba\/2025\/2014\/05\/18\/poplave-zaustavile-vozove\/mramor-tinja-foto-nijaz-muratovic-2\/\",\"alt\":\"\",\"description\":\"\",\"caption\":\"Mramor-Tinja Foto: Nijaz Muratovi\u0107\",\"mime\":\"image\/jpeg\",\"type\":\"image\",\"width\":675,\"height\":900,\"sizes\":{\"full\":{\"url\":\"https:\/\/vremeplov.ba\/2025\/wp-content\/uploads\/2014\/05\/Poplave-12.jpg\",\"height\":900,\"width\":675,\"orientation\":\"portrait\"}},\"imageMeta\":{\"aperture\":\"0\",\"credit\":\"\",\"camera\":\"\",\"caption\":\"Mramor-Tinja Foto: Nijaz Muratovi\u0107\",\"created_timestamp\":\"0\",\"copyright\":\"\",\"focal_length\":\"0\",\"iso\":\"0\",\"shutter_speed\":\"0\",\"title\":\"Mramor-Tinja Foto: Nijaz Muratovi\u0107\",\"orientation\":\"1\",\"keywords\":[]},\"meta\":false,\"postlink\":\"https:\/\/vremeplov.ba\/2025\/2014\/05\/18\/poplave-zaustavile-vozove\/mramor-tinja-foto-nijaz-muratovic-2\/\"},{\"id\":31884,\"title\":\"\u017dep\u010de-Maglaj Foto: Drago Lovri\u010d\",\"url\":\"https:\/\/vremeplov.ba\/2025\/wp-content\/uploads\/2014\/05\/Poplave-13.jpg\",\"link\":\"https:\/\/vremeplov.ba\/2025\/2014\/05\/18\/poplave-zaustavile-vozove\/zepce-maglaj-foto-drago-lovric\/\",\"alt\":\"\",\"description\":\"\",\"caption\":\"\u017dep\u010de-Maglaj Foto: Drago Lovri\u010d\",\"mime\":\"image\/jpeg\",\"type\":\"image\",\"width\":900,\"height\":675,\"sizes\":{\"full\":{\"url\":\"https:\/\/vremeplov.ba\/2025\/wp-content\/uploads\/2014\/05\/Poplave-13.jpg\",\"height\":675,\"width\":900,\"orientation\":\"landscape\"}},\"imageMeta\":{\"aperture\":\"0\",\"credit\":\"\",\"camera\":\"\",\"caption\":\"\u017dep\u010de-Maglaj Foto: Drago Lovri\u010d\",\"created_timestamp\":\"0\",\"copyright\":\"\",\"focal_length\":\"0\",\"iso\":\"0\",\"shutter_speed\":\"0\",\"title\":\"\u017dep\u010de-Maglaj Foto: Drago Lovri\u010d\",\"orientation\":\"1\",\"keywords\":[]},\"meta\":false,\"postlink\":\"https:\/\/vremeplov.ba\/2025\/2014\/05\/18\/poplave-zaustavile-vozove\/zepce-maglaj-foto-drago-lovric\/\"},{\"id\":31885,\"title\":\"\u017dep\u010de-Maglaj Foto: Drago Lovri\u010d\",\"url\":\"https:\/\/vremeplov.ba\/2025\/wp-content\/uploads\/2014\/05\/Poplave-14.jpg\",\"link\":\"https:\/\/vremeplov.ba\/2025\/2014\/05\/18\/poplave-zaustavile-vozove\/zepce-maglaj-foto-drago-lovric-2\/\",\"alt\":\"\",\"description\":\"\",\"caption\":\"\u017dep\u010de-Maglaj Foto: Drago Lovri\u010d\",\"mime\":\"image\/jpeg\",\"type\":\"image\",\"width\":900,\"height\":675,\"sizes\":{\"full\":{\"url\":\"https:\/\/vremeplov.ba\/2025\/wp-content\/uploads\/2014\/05\/Poplave-14.jpg\",\"height\":675,\"width\":900,\"orientation\":\"landscape\"}},\"imageMeta\":{\"aperture\":\"0\",\"credit\":\"\",\"camera\":\"\",\"caption\":\"\u017dep\u010de-Maglaj Foto: Drago Lovri\u010d\",\"created_timestamp\":\"0\",\"copyright\":\"\",\"focal_length\":\"0\",\"iso\":\"0\",\"shutter_speed\":\"0\",\"title\":\"\u017dep\u010de-Maglaj Foto: Drago Lovri\u010d\",\"orientation\":\"1\",\"keywords\":[]},\"meta\":false,\"postlink\":\"https:\/\/vremeplov.ba\/2025\/2014\/05\/18\/poplave-zaustavile-vozove\/zepce-maglaj-foto-drago-lovric-2\/\"},{\"id\":31886,\"title\":\"\u017dep\u010de-Maglaj Foto: Drago Lovri\u010d\",\"url\":\"https:\/\/vremeplov.ba\/2025\/wp-content\/uploads\/2014\/05\/Poplave-15.jpg\",\"link\":\"https:\/\/vremeplov.ba\/2025\/2014\/05\/18\/poplave-zaustavile-vozove\/zepce-maglaj-foto-drago-lovric-3\/\",\"alt\":\"\",\"description\":\"\",\"caption\":\"\u017dep\u010de-Maglaj Foto: Drago Lovri\u010d\",\"mime\":\"image\/jpeg\",\"type\":\"image\",\"width\":900,\"height\":675,\"sizes\":{\"full\":{\"url\":\"https:\/\/vremeplov.ba\/2025\/wp-content\/uploads\/2014\/05\/Poplave-15.jpg\",\"height\":675,\"width\":900,\"orientation\":\"landscape\"}},\"imageMeta\":{\"aperture\":\"0\",\"credit\":\"\",\"camera\":\"\",\"caption\":\"\u017dep\u010de-Maglaj Foto: Drago Lovri\u010d\",\"created_timestamp\":\"0\",\"copyright\":\"\",\"focal_length\":\"0\",\"iso\":\"0\",\"shutter_speed\":\"0\",\"title\":\"\u017dep\u010de-Maglaj Foto: Drago Lovri\u010d\",\"orientation\":\"1\",\"keywords\":[]},\"meta\":false,\"postlink\":\"https:\/\/vremeplov.ba\/2025\/2014\/05\/18\/poplave-zaustavile-vozove\/zepce-maglaj-foto-drago-lovric-3\/\"},{\"id\":31887,\"title\":\"\u017dep\u010de-Maglaj Foto: Drago Lovri\u010d\",\"url\":\"https:\/\/vremeplov.ba\/2025\/wp-content\/uploads\/2014\/05\/Poplave-16.jpg\",\"link\":\"https:\/\/vremeplov.ba\/2025\/2014\/05\/18\/poplave-zaustavile-vozove\/zepce-maglaj-foto-drago-lovric-4\/\",\"alt\":\"\",\"description\":\"\",\"caption\":\"\u017dep\u010de-Maglaj Foto: Drago Lovri\u010d\",\"mime\":\"image\/jpeg\",\"type\":\"image\",\"width\":900,\"height\":675,\"sizes\":{\"full\":{\"url\":\"https:\/\/vremeplov.ba\/2025\/wp-content\/uploads\/2014\/05\/Poplave-16.jpg\",\"height\":675,\"width\":900,\"orientation\":\"landscape\"}},\"imageMeta\":{\"aperture\":\"0\",\"credit\":\"\",\"camera\":\"\",\"caption\":\"\u017dep\u010de-Maglaj Foto: Drago Lovri\u010d\",\"created_timestamp\":\"0\",\"copyright\":\"\",\"focal_length\":\"0\",\"iso\":\"0\",\"shutter_speed\":\"0\",\"title\":\"\u017dep\u010de-Maglaj Foto: Drago Lovri\u010d\",\"orientation\":\"1\",\"keywords\":[]},\"meta\":false,\"postlink\":\"https:\/\/vremeplov.ba\/2025\/2014\/05\/18\/poplave-zaustavile-vozove\/zepce-maglaj-foto-drago-lovric-4\/\"},{\"id\":31888,\"title\":\"Foto: Almir Kamenja\u0161\",\"url\":\"https:\/\/vremeplov.ba\/2025\/wp-content\/uploads\/2014\/05\/Poplave-17.jpg\",\"link\":\"https:\/\/vremeplov.ba\/2025\/2014\/05\/18\/poplave-zaustavile-vozove\/foto-almir-kamenjas\/\",\"alt\":\"\",\"description\":\"\",\"caption\":\"Foto: Almir Kamenja\u0161\",\"mime\":\"image\/jpeg\",\"type\":\"image\",\"width\":720,\"height\":960,\"sizes\":{\"full\":{\"url\":\"https:\/\/vremeplov.ba\/2025\/wp-content\/uploads\/2014\/05\/Poplave-17.jpg\",\"height\":960,\"width\":720,\"orientation\":\"portrait\"}},\"imageMeta\":{\"aperture\":\"0\",\"credit\":\"\",\"camera\":\"\",\"caption\":\"Foto: Almir Kamenja\u0161\",\"created_timestamp\":\"0\",\"copyright\":\"\",\"focal_length\":\"0\",\"iso\":\"0\",\"shutter_speed\":\"0\",\"title\":\"Foto: Almir Kamenja\u0161\",\"orientation\":\"0\",\"keywords\":[]},\"meta\":false,\"postlink\":\"https:\/\/vremeplov.ba\/2025\/2014\/05\/18\/poplave-zaustavile-vozove\/foto-almir-kamenjas\/\"},{\"id\":31889,\"title\":\"\u0160amac - Foto: Neboj\u0161a Kova\u010devi\u0107\",\"url\":\"https:\/\/vremeplov.ba\/2025\/wp-content\/uploads\/2014\/05\/Poplave-18.jpg\",\"link\":\"https:\/\/vremeplov.ba\/2025\/2014\/05\/18\/poplave-zaustavile-vozove\/samac-foto-nebojsa-kovacevic\/\",\"alt\":\"\",\"description\":\"\",\"caption\":\"\u0160amac - Foto: Neboj\u0161a Kova\u010devi\u0107\",\"mime\":\"image\/jpeg\",\"type\":\"image\",\"width\":900,\"height\":675,\"sizes\":{\"full\":{\"url\":\"https:\/\/vremeplov.ba\/2025\/wp-content\/uploads\/2014\/05\/Poplave-18.jpg\",\"height\":675,\"width\":900,\"orientation\":\"landscape\"}},\"imageMeta\":{\"aperture\":\"0\",\"credit\":\"\",\"camera\":\"\",\"caption\":\"\u0160amac - Foto: Neboj\u0161a Kova\u010devi\u0107\",\"created_timestamp\":\"0\",\"copyright\":\"\",\"focal_length\":\"0\",\"iso\":\"0\",\"shutter_speed\":\"0\",\"title\":\"\u0160amac - Foto: Neboj\u0161a Kova\u010devi\u0107\",\"orientation\":\"1\",\"keywords\":[]},\"meta\":false,\"postlink\":\"https:\/\/vremeplov.ba\/2025\/2014\/05\/18\/poplave-zaustavile-vozove\/samac-foto-nebojsa-kovacevic\/\"},{\"id\":31890,\"title\":\"\u0160amac - Foto: Neboj\u0161a Kova\u010devi\u0107\",\"url\":\"https:\/\/vremeplov.ba\/2025\/wp-content\/uploads\/2014\/05\/Poplave-19.jpg\",\"link\":\"https:\/\/vremeplov.ba\/2025\/2014\/05\/18\/poplave-zaustavile-vozove\/samac-foto-nebojsa-kovacevic-2\/\",\"alt\":\"\",\"description\":\"\",\"caption\":\"\u0160amac - Foto: Neboj\u0161a Kova\u010devi\u0107\",\"mime\":\"image\/jpeg\",\"type\":\"image\",\"width\":900,\"height\":675,\"sizes\":{\"full\":{\"url\":\"https:\/\/vremeplov.ba\/2025\/wp-content\/uploads\/2014\/05\/Poplave-19.jpg\",\"height\":675,\"width\":900,\"orientation\":\"landscape\"}},\"imageMeta\":{\"aperture\":\"0\",\"credit\":\"\",\"camera\":\"\",\"caption\":\"\u0160amac - Foto: Neboj\u0161a Kova\u010devi\u0107\",\"created_timestamp\":\"0\",\"copyright\":\"\",\"focal_length\":\"0\",\"iso\":\"0\",\"shutter_speed\":\"0\",\"title\":\"\u0160amac - Foto: Neboj\u0161a Kova\u010devi\u0107\",\"orientation\":\"1\",\"keywords\":[]},\"meta\":false,\"postlink\":\"https:\/\/vremeplov.ba\/2025\/2014\/05\/18\/poplave-zaustavile-vozove\/samac-foto-nebojsa-kovacevic-2\/\"},{\"id\":31891,\"title\":\"Modri\u010da Foto: facebook grupa-zajednica o Modri\u010di\",\"url\":\"https:\/\/vremeplov.ba\/2025\/wp-content\/uploads\/2014\/05\/Poplave-20.jpg\",\"link\":\"https:\/\/vremeplov.ba\/2025\/2014\/05\/18\/poplave-zaustavile-vozove\/modrica-foto-facebook-grupa-zajednica-o-modrici\/\",\"alt\":\"\",\"description\":\"\",\"caption\":\"Modri\u010da Foto: facebook grupa-zajednica o Modri\u010di\",\"mime\":\"image\/jpeg\",\"type\":\"image\",\"width\":900,\"height\":675,\"sizes\":{\"full\":{\"url\":\"https:\/\/vremeplov.ba\/2025\/wp-content\/uploads\/2014\/05\/Poplave-20.jpg\",\"height\":675,\"width\":900,\"orientation\":\"landscape\"}},\"imageMeta\":{\"aperture\":\"0\",\"credit\":\"\",\"camera\":\"\",\"caption\":\"Modri\u010da Foto: facebook grupa-zajednica o Modri\u010di\",\"created_timestamp\":\"0\",\"copyright\":\"\",\"focal_length\":\"0\",\"iso\":\"0\",\"shutter_speed\":\"0\",\"title\":\"Modri\u010da Foto: facebook grupa-zajednica o Modri\u010di\",\"orientation\":\"1\",\"keywords\":[\"Modri\u010da\"]},\"meta\":false,\"postlink\":\"https:\/\/vremeplov.ba\/2025\/2014\/05\/18\/poplave-zaustavile-vozove\/modrica-foto-facebook-grupa-zajednica-o-modrici\/\"},{\"id\":31892,\"title\":\"Top\u010di\u0107 Polje, akcija \u010di\u0161\u0107enja\",\"url\":\"https:\/\/vremeplov.ba\/2025\/wp-content\/uploads\/2014\/05\/Poplave-21.jpg\",\"link\":\"https:\/\/vremeplov.ba\/2025\/2014\/05\/18\/poplave-zaustavile-vozove\/topcic-polje-akcija-ciscenja\/\",\"alt\":\"\",\"description\":\"\",\"caption\":\"Top\u010di\u0107 Polje, akcija \u010di\u0161\u0107enja\",\"mime\":\"image\/jpeg\",\"type\":\"image\",\"width\":900,\"height\":675,\"sizes\":{\"full\":{\"url\":\"https:\/\/vremeplov.ba\/2025\/wp-content\/uploads\/2014\/05\/Poplave-21.jpg\",\"height\":675,\"width\":900,\"orientation\":\"landscape\"}},\"imageMeta\":{\"aperture\":\"0\",\"credit\":\"\",\"camera\":\"\",\"caption\":\"Top\u010di\u0107 Polje, akcija \u010di\u0161\u0107enja\",\"created_timestamp\":\"0\",\"copyright\":\"\",\"focal_length\":\"0\",\"iso\":\"0\",\"shutter_speed\":\"0\",\"title\":\"Top\u010di\u0107 Polje, akcija \u010di\u0161\u0107enja\",\"orientation\":\"1\",\"keywords\":[]},\"meta\":false,\"postlink\":\"https:\/\/vremeplov.ba\/2025\/2014\/05\/18\/poplave-zaustavile-vozove\/topcic-polje-akcija-ciscenja\/\"},{\"id\":31893,\"title\":\"Top\u010di\u0107 Pojle, akcija \u010di\u0161\u0107enja\",\"url\":\"https:\/\/vremeplov.ba\/2025\/wp-content\/uploads\/2014\/05\/Poplave-22.jpg\",\"link\":\"https:\/\/vremeplov.ba\/2025\/2014\/05\/18\/poplave-zaustavile-vozove\/topcic-pojle-akcija-ciscenja\/\",\"alt\":\"\",\"description\":\"\",\"caption\":\"Top\u010di\u0107 Pojle, akcija \u010di\u0161\u0107enja\",\"mime\":\"image\/jpeg\",\"type\":\"image\",\"width\":900,\"height\":675,\"sizes\":{\"full\":{\"url\":\"https:\/\/vremeplov.ba\/2025\/wp-content\/uploads\/2014\/05\/Poplave-22.jpg\",\"height\":675,\"width\":900,\"orientation\":\"landscape\"}},\"imageMeta\":{\"aperture\":\"0\",\"credit\":\"\",\"camera\":\"\",\"caption\":\"Top\u010di\u0107 Pojle, akcija \u010di\u0161\u0107enja\",\"created_timestamp\":\"0\",\"copyright\":\"\",\"focal_length\":\"0\",\"iso\":\"0\",\"shutter_speed\":\"0\",\"title\":\"Top\u010di\u0107 Pojle, akcija \u010di\u0161\u0107enja\",\"orientation\":\"1\",\"keywords\":[]},\"meta\":false,\"postlink\":\"https:\/\/vremeplov.ba\/2025\/2014\/05\/18\/poplave-zaustavile-vozove\/topcic-pojle-akcija-ciscenja\/\"},{\"id\":31894,\"title\":\"Poplave (23)\",\"url\":\"https:\/\/vremeplov.ba\/2025\/wp-content\/uploads\/2014\/05\/Poplave-23.jpg\",\"link\":\"https:\/\/vremeplov.ba\/2025\/2014\/05\/18\/poplave-zaustavile-vozove\/poplave-23\/\",\"alt\":\"\",\"description\":\"\",\"caption\":\"Zgrada generalne direkcije \u017deljeznice Republike Srpske u Doboju Foto: Haris Calki\u0107\",\"mime\":\"image\/jpeg\",\"type\":\"image\",\"width\":900,\"height\":600,\"sizes\":{\"full\":{\"url\":\"https:\/\/vremeplov.ba\/2025\/wp-content\/uploads\/2014\/05\/Poplave-23.jpg\",\"height\":600,\"width\":900,\"orientation\":\"landscape\"}},\"imageMeta\":{\"aperture\":\"0\",\"credit\":\"hariscalkic.com\",\"camera\":\"\",\"caption\":\"Zgrada generalne direkcije \u017deljeznice Republike Srpske u Doboju Foto: Haris Calki\u0107\",\"created_timestamp\":\"0\",\"copyright\":\"www.hariscalkic.com\",\"focal_length\":\"0\",\"iso\":\"0\",\"shutter_speed\":\"0\",\"title\":\"\",\"orientation\":\"1\",\"keywords\":[\"apokolipsa\"]},\"meta\":false,\"postlink\":\"https:\/\/vremeplov.ba\/2025\/2014\/05\/18\/poplave-zaustavile-vozove\/poplave-23\/\"},{\"id\":31895,\"title\":\"\u0160amac Foto: Neboj\u0161a Kova\u010devi\u0107\",\"url\":\"https:\/\/vremeplov.ba\/2025\/wp-content\/uploads\/2014\/05\/Poplave-24.jpg\",\"link\":\"https:\/\/vremeplov.ba\/2025\/2014\/05\/18\/poplave-zaustavile-vozove\/samac-foto-nebojsa-kovacevic-3\/\",\"alt\":\"\",\"description\":\"\",\"caption\":\"\u0160amac Foto: Neboj\u0161a Kova\u010devi\u0107\",\"mime\":\"image\/jpeg\",\"type\":\"image\",\"width\":900,\"height\":675,\"sizes\":{\"full\":{\"url\":\"https:\/\/vremeplov.ba\/2025\/wp-content\/uploads\/2014\/05\/Poplave-24.jpg\",\"height\":675,\"width\":900,\"orientation\":\"landscape\"}},\"imageMeta\":{\"aperture\":\"0\",\"credit\":\"\",\"camera\":\"\",\"caption\":\"\u0160amac Foto: Neboj\u0161a Kova\u010devi\u0107\",\"created_timestamp\":\"0\",\"copyright\":\"\",\"focal_length\":\"0\",\"iso\":\"0\",\"shutter_speed\":\"0\",\"title\":\"\u0160amac Foto: Neboj\u0161a Kova\u010devi\u0107\",\"orientation\":\"1\",\"keywords\":[]},\"meta\":false,\"postlink\":\"https:\/\/vremeplov.ba\/2025\/2014\/05\/18\/poplave-zaustavile-vozove\/samac-foto-nebojsa-kovacevic-3\/\"},{\"id\":31896,\"title\":\"Jelina - Vranduk Foto: Vlado Soldo, 23.05.2014.\",\"url\":\"https:\/\/vremeplov.ba\/2025\/wp-content\/uploads\/2014\/05\/Poplave-25.jpg\",\"link\":\"https:\/\/vremeplov.ba\/2025\/2014\/05\/18\/poplave-zaustavile-vozove\/jelina-vranduk-foto-vlado-soldo-23-05-2014\/\",\"alt\":\"\",\"description\":\"\",\"caption\":\"Jelina - Vranduk Foto: Vlado Soldo, 23.05.2014.\",\"mime\":\"image\/jpeg\",\"type\":\"image\",\"width\":900,\"height\":600,\"sizes\":{\"full\":{\"url\":\"https:\/\/vremeplov.ba\/2025\/wp-content\/uploads\/2014\/05\/Poplave-25.jpg\",\"height\":600,\"width\":900,\"orientation\":\"landscape\"}},\"imageMeta\":{\"aperture\":\"0\",\"credit\":\"\",\"camera\":\"\",\"caption\":\"Jelina - Vranduk Foto: Vlado Soldo, 23.05.2014.\",\"created_timestamp\":\"0\",\"copyright\":\"\",\"focal_length\":\"0\",\"iso\":\"0\",\"shutter_speed\":\"0\",\"title\":\"Jelina - Vranduk Foto: Vlado Soldo, 23.05.2014.\",\"orientation\":\"1\",\"keywords\":[\"Vranduk\"]},\"meta\":false,\"postlink\":\"https:\/\/vremeplov.ba\/2025\/2014\/05\/18\/poplave-zaustavile-vozove\/jelina-vranduk-foto-vlado-soldo-23-05-2014\/\"},{\"id\":31897,\"title\":\"Jelina - Vranduk Foto: Vlado Soldo, 23.05.2014.\",\"url\":\"https:\/\/vremeplov.ba\/2025\/wp-content\/uploads\/2014\/05\/Poplave-26.jpg\",\"link\":\"https:\/\/vremeplov.ba\/2025\/2014\/05\/18\/poplave-zaustavile-vozove\/jelina-vranduk-foto-vlado-soldo-23-05-2014-2\/\",\"alt\":\"\",\"description\":\"\",\"caption\":\"Jelina - Vranduk Foto: Vlado Soldo, 23.05.2014.\",\"mime\":\"image\/jpeg\",\"type\":\"image\",\"width\":900,\"height\":600,\"sizes\":{\"full\":{\"url\":\"https:\/\/vremeplov.ba\/2025\/wp-content\/uploads\/2014\/05\/Poplave-26.jpg\",\"height\":600,\"width\":900,\"orientation\":\"landscape\"}},\"imageMeta\":{\"aperture\":\"0\",\"credit\":\"\",\"camera\":\"\",\"caption\":\"Jelina - Vranduk Foto: Vlado Soldo, 23.05.2014.\",\"created_timestamp\":\"0\",\"copyright\":\"\",\"focal_length\":\"0\",\"iso\":\"0\",\"shutter_speed\":\"0\",\"title\":\"Jelina - Vranduk Foto: Vlado Soldo, 23.05.2014.\",\"orientation\":\"1\",\"keywords\":[\"Vranduk\"]},\"meta\":false,\"postlink\":\"https:\/\/vremeplov.ba\/2025\/2014\/05\/18\/poplave-zaustavile-vozove\/jelina-vranduk-foto-vlado-soldo-23-05-2014-2\/\"},{\"id\":31898,\"title\":\"Jelina - Vranduk Foto: Vlado Soldo, 23.05.2014.\",\"url\":\"https:\/\/vremeplov.ba\/2025\/wp-content\/uploads\/2014\/05\/Poplave-27.jpg\",\"link\":\"https:\/\/vremeplov.ba\/2025\/2014\/05\/18\/poplave-zaustavile-vozove\/jelina-vranduk-foto-vlado-soldo-23-05-2014-3\/\",\"alt\":\"\",\"description\":\"\",\"caption\":\"Jelina - Vranduk Foto: Vlado Soldo, 23.05.2014.\",\"mime\":\"image\/jpeg\",\"type\":\"image\",\"width\":900,\"height\":600,\"sizes\":{\"full\":{\"url\":\"https:\/\/vremeplov.ba\/2025\/wp-content\/uploads\/2014\/05\/Poplave-27.jpg\",\"height\":600,\"width\":900,\"orientation\":\"landscape\"}},\"imageMeta\":{\"aperture\":\"0\",\"credit\":\"\",\"camera\":\"\",\"caption\":\"Jelina - Vranduk Foto: Vlado Soldo, 23.05.2014.\",\"created_timestamp\":\"0\",\"copyright\":\"\",\"focal_length\":\"0\",\"iso\":\"0\",\"shutter_speed\":\"0\",\"title\":\"Jelina - Vranduk Foto: Vlado Soldo, 23.05.2014.\",\"orientation\":\"1\",\"keywords\":[]},\"meta\":false,\"postlink\":\"https:\/\/vremeplov.ba\/2025\/2014\/05\/18\/poplave-zaustavile-vozove\/jelina-vranduk-foto-vlado-soldo-23-05-2014-3\/\"},{\"id\":31899,\"title\":\"Jelina - Vranduk Foto: Vlado Soldo, 23.05.2014.\",\"url\":\"https:\/\/vremeplov.ba\/2025\/wp-content\/uploads\/2014\/05\/Poplave-28.jpg\",\"link\":\"https:\/\/vremeplov.ba\/2025\/2014\/05\/18\/poplave-zaustavile-vozove\/jelina-vranduk-foto-vlado-soldo-23-05-2014-4\/\",\"alt\":\"\",\"description\":\"\",\"caption\":\"Jelina - Vranduk Foto: Vlado Soldo, 23.05.2014.\",\"mime\":\"image\/jpeg\",\"type\":\"image\",\"width\":600,\"height\":900,\"sizes\":{\"full\":{\"url\":\"https:\/\/vremeplov.ba\/2025\/wp-content\/uploads\/2014\/05\/Poplave-28.jpg\",\"height\":900,\"width\":600,\"orientation\":\"portrait\"}},\"imageMeta\":{\"aperture\":\"0\",\"credit\":\"\",\"camera\":\"\",\"caption\":\"Jelina - Vranduk Foto: Vlado Soldo, 23.05.2014.\",\"created_timestamp\":\"0\",\"copyright\":\"\",\"focal_length\":\"0\",\"iso\":\"0\",\"shutter_speed\":\"0\",\"title\":\"Jelina - Vranduk Foto: Vlado Soldo, 23.05.2014.\",\"orientation\":\"1\",\"keywords\":[]},\"meta\":false,\"postlink\":\"https:\/\/vremeplov.ba\/2025\/2014\/05\/18\/poplave-zaustavile-vozove\/jelina-vranduk-foto-vlado-soldo-23-05-2014-4\/\"},{\"id\":31900,\"title\":\"Karta sa poplavljenim \u017eeljezni\u010dkim pojasom u BiH\",\"url\":\"https:\/\/vremeplov.ba\/2025\/wp-content\/uploads\/2014\/05\/Poplave-29.jpg\",\"link\":\"https:\/\/vremeplov.ba\/2025\/2014\/05\/18\/poplave-zaustavile-vozove\/karta-sa-poplavljenim-zeljeznickim-pojasom-u-bih\/\",\"alt\":\"\",\"description\":\"\",\"caption\":\"Karta sa poplavljenim \u017eeljezni\u010dkim pojasom u BiH\",\"mime\":\"image\/jpeg\",\"type\":\"image\",\"width\":900,\"height\":559,\"sizes\":{\"full\":{\"url\":\"https:\/\/vremeplov.ba\/2025\/wp-content\/uploads\/2014\/05\/Poplave-29.jpg\",\"height\":559,\"width\":900,\"orientation\":\"landscape\"}},\"imageMeta\":{\"aperture\":\"0\",\"credit\":\"Srecko\",\"camera\":\"\",\"caption\":\"Karta sa poplavljenim \u017eeljezni\u010dkim pojasom u BiH\",\"created_timestamp\":\"1400572767\",\"copyright\":\"\",\"focal_length\":\"0\",\"iso\":\"0\",\"shutter_speed\":\"0\",\"title\":\"Karta sa poplavljenim \u017eeljezni\u010dkim pojasom u BiH\",\"orientation\":\"1\",\"keywords\":[]},\"meta\":false,\"postlink\":\"https:\/\/vremeplov.ba\/2025\/2014\/05\/18\/poplave-zaustavile-vozove\/karta-sa-poplavljenim-zeljeznickim-pojasom-u-bih\/\"},{\"id\":31901,\"title\":\"Desni kolosijek Maglaj-Zavidovi\u0107i, Foto: Omko Omer Adilovi\u0107\",\"url\":\"https:\/\/vremeplov.ba\/2025\/wp-content\/uploads\/2014\/05\/Poplave-30.jpg\",\"link\":\"https:\/\/vremeplov.ba\/2025\/2014\/05\/18\/poplave-zaustavile-vozove\/desni-kolosijek-maglaj-zavidovici-foto-omko-omer-adilovic\/\",\"alt\":\"\",\"description\":\"\",\"caption\":\"Desni kolosijek Maglaj-Zavidovi\u0107i, Foto: Omko Omer Adilovi\u0107\",\"mime\":\"image\/jpeg\",\"type\":\"image\",\"width\":950,\"height\":713,\"sizes\":{\"full\":{\"url\":\"https:\/\/vremeplov.ba\/2025\/wp-content\/uploads\/2014\/05\/Poplave-30.jpg\",\"height\":713,\"width\":950,\"orientation\":\"landscape\"}},\"imageMeta\":{\"aperture\":\"0\",\"credit\":\"Omko Omer Adilovi\u0107\",\"camera\":\"\",\"caption\":\"Desni kolosijek Maglaj-Zavidovi\u0107i, Foto: Omko Omer Adilovi\u0107\",\"created_timestamp\":\"0\",\"copyright\":\"\",\"focal_length\":\"0\",\"iso\":\"0\",\"shutter_speed\":\"0\",\"title\":\"Desni kolosijek Maglaj-Zavidovi\u0107i, Foto: Omko Omer Adilovi\u0107\",\"orientation\":\"1\",\"keywords\":[]},\"meta\":false,\"postlink\":\"https:\/\/vremeplov.ba\/2025\/2014\/05\/18\/poplave-zaustavile-vozove\/desni-kolosijek-maglaj-zavidovici-foto-omko-omer-adilovic\/\"},{\"id\":31902,\"title\":\"Desni kolosijek Maglaj-Zavidovi\u0107i, Foto: Omko Omer Adilovi\u0107\",\"url\":\"https:\/\/vremeplov.ba\/2025\/wp-content\/uploads\/2014\/05\/Poplave-31.jpg\",\"link\":\"https:\/\/vremeplov.ba\/2025\/2014\/05\/18\/poplave-zaustavile-vozove\/desni-kolosijek-maglaj-zavidovici-foto-omko-omer-adilovic-2\/\",\"alt\":\"\",\"description\":\"\",\"caption\":\"Desni kolosijek Maglaj-Zavidovi\u0107i, Foto: Omko Omer Adilovi\u0107\",\"mime\":\"image\/jpeg\",\"type\":\"image\",\"width\":950,\"height\":713,\"sizes\":{\"full\":{\"url\":\"https:\/\/vremeplov.ba\/2025\/wp-content\/uploads\/2014\/05\/Poplave-31.jpg\",\"height\":713,\"width\":950,\"orientation\":\"landscape\"}},\"imageMeta\":{\"aperture\":\"0\",\"credit\":\"Omko Omer Adilovi\u0107\",\"camera\":\"\",\"caption\":\"Desni kolosijek Maglaj-Zavidovi\u0107i, Foto: Omko Omer Adilovi\u0107\",\"created_timestamp\":\"0\",\"copyright\":\"\",\"focal_length\":\"0\",\"iso\":\"0\",\"shutter_speed\":\"0\",\"title\":\"Desni kolosijek Maglaj-Zavidovi\u0107i, Foto: Omko Omer Adilovi\u0107\",\"orientation\":\"1\",\"keywords\":[]},\"meta\":false,\"postlink\":\"https:\/\/vremeplov.ba\/2025\/2014\/05\/18\/poplave-zaustavile-vozove\/desni-kolosijek-maglaj-zavidovici-foto-omko-omer-adilovic-2\/\"},{\"id\":31903,\"title\":\"Desni kolosijek Maglaj-Zavidovi\u0107i, Foto: Omko Omer Adilovi\u0107\",\"url\":\"https:\/\/vremeplov.ba\/2025\/wp-content\/uploads\/2014\/05\/Poplave-32.jpg\",\"link\":\"https:\/\/vremeplov.ba\/2025\/2014\/05\/18\/poplave-zaustavile-vozove\/desni-kolosijek-maglaj-zavidovici-foto-omko-omer-adilovic-3\/\",\"alt\":\"\",\"description\":\"\",\"caption\":\"Desni kolosijek Maglaj-Zavidovi\u0107i, Foto: Omko Omer Adilovi\u0107\",\"mime\":\"image\/jpeg\",\"type\":\"image\",\"width\":950,\"height\":713,\"sizes\":{\"full\":{\"url\":\"https:\/\/vremeplov.ba\/2025\/wp-content\/uploads\/2014\/05\/Poplave-32.jpg\",\"height\":713,\"width\":950,\"orientation\":\"landscape\"}},\"imageMeta\":{\"aperture\":\"0\",\"credit\":\"Omko Omer Adilovi\u0107\",\"camera\":\"\",\"caption\":\"Desni kolosijek Maglaj-Zavidovi\u0107i, Foto: Omko Omer Adilovi\u0107\",\"created_timestamp\":\"0\",\"copyright\":\"\",\"focal_length\":\"0\",\"iso\":\"0\",\"shutter_speed\":\"0\",\"title\":\"Desni kolosijek Maglaj-Zavidovi\u0107i, Foto: Omko Omer Adilovi\u0107\",\"orientation\":\"1\",\"keywords\":[]},\"meta\":false,\"postlink\":\"https:\/\/vremeplov.ba\/2025\/2014\/05\/18\/poplave-zaustavile-vozove\/desni-kolosijek-maglaj-zavidovici-foto-omko-omer-adilovic-3\/\"},{\"id\":31904,\"title\":\"Top\u00e8i\u00e6 Polje, Foto Spiljak Samed\",\"url\":\"https:\/\/vremeplov.ba\/2025\/wp-content\/uploads\/2014\/05\/Poplave-33.jpg\",\"link\":\"https:\/\/vremeplov.ba\/2025\/2014\/05\/18\/poplave-zaustavile-vozove\/topeiae-polje-foto-spiljak-samed\/\",\"alt\":\"\",\"description\":\"\",\"caption\":\"Top\u00e8i\u00e6 Polje, Foto Spiljak Samed\",\"mime\":\"image\/jpeg\",\"type\":\"image\",\"width\":900,\"height\":506,\"sizes\":{\"full\":{\"url\":\"https:\/\/vremeplov.ba\/2025\/wp-content\/uploads\/2014\/05\/Poplave-33.jpg\",\"height\":506,\"width\":900,\"orientation\":\"landscape\"}},\"imageMeta\":{\"aperture\":\"0\",\"credit\":\"\",\"camera\":\"\",\"caption\":\"Top\u00e8i\u00e6 Polje, Foto Spiljak Samed\",\"created_timestamp\":\"0\",\"copyright\":\"\",\"focal_length\":\"0\",\"iso\":\"0\",\"shutter_speed\":\"0\",\"title\":\"Top\u00e8i\u00e6 Polje, Foto Spiljak Samed\",\"orientation\":\"1\",\"keywords\":[\"Top\u00e8i\u00e6 Polje\"]},\"meta\":false,\"postlink\":\"https:\/\/vremeplov.ba\/2025\/2014\/05\/18\/poplave-zaustavile-vozove\/topeiae-polje-foto-spiljak-samed\/\"},{\"id\":31905,\"title\":\"Poplave (34)\",\"url\":\"https:\/\/vremeplov.ba\/2025\/wp-content\/uploads\/2014\/05\/Poplave-34.jpg\",\"link\":\"https:\/\/vremeplov.ba\/2025\/2014\/05\/18\/poplave-zaustavile-vozove\/poplave-34\/\",\"alt\":\"\",\"description\":\"\",\"caption\":\"\",\"mime\":\"image\/jpeg\",\"type\":\"image\",\"width\":900,\"height\":675,\"sizes\":{\"full\":{\"url\":\"https:\/\/vremeplov.ba\/2025\/wp-content\/uploads\/2014\/05\/Poplave-34.jpg\",\"height\":675,\"width\":900,\"orientation\":\"landscape\"}},\"imageMeta\":{\"aperture\":\"0\",\"credit\":\"\",\"camera\":\"\",\"caption\":\"\",\"created_timestamp\":\"0\",\"copyright\":\"\",\"focal_length\":\"0\",\"iso\":\"0\",\"shutter_speed\":\"0\",\"title\":\"\",\"orientation\":\"1\",\"keywords\":[\"Top\u00e8i\u00e6 Polje\"]},\"meta\":false,\"postlink\":\"https:\/\/vremeplov.ba\/2025\/2014\/05\/18\/poplave-zaustavile-vozove\/poplave-34\/\"},{\"id\":31906,\"title\":\"Poplave (35)\",\"url\":\"https:\/\/vremeplov.ba\/2025\/wp-content\/uploads\/2014\/05\/Poplave-35.jpg\",\"link\":\"https:\/\/vremeplov.ba\/2025\/2014\/05\/18\/poplave-zaustavile-vozove\/poplave-35\/\",\"alt\":\"\",\"description\":\"\",\"caption\":\"\",\"mime\":\"image\/jpeg\",\"type\":\"image\",\"width\":900,\"height\":675,\"sizes\":{\"full\":{\"url\":\"https:\/\/vremeplov.ba\/2025\/wp-content\/uploads\/2014\/05\/Poplave-35.jpg\",\"height\":675,\"width\":900,\"orientation\":\"landscape\"}},\"imageMeta\":{\"aperture\":\"0\",\"credit\":\"\",\"camera\":\"\",\"caption\":\"\",\"created_timestamp\":\"0\",\"copyright\":\"\",\"focal_length\":\"0\",\"iso\":\"0\",\"shutter_speed\":\"0\",\"title\":\"\",\"orientation\":\"1\",\"keywords\":[]},\"meta\":false,\"postlink\":\"https:\/\/vremeplov.ba\/2025\/2014\/05\/18\/poplave-zaustavile-vozove\/poplave-35\/\"},{\"id\":31907,\"title\":\"Poplave (36)\",\"url\":\"https:\/\/vremeplov.ba\/2025\/wp-content\/uploads\/2014\/05\/Poplave-36.jpg\",\"link\":\"https:\/\/vremeplov.ba\/2025\/2014\/05\/18\/poplave-zaustavile-vozove\/poplave-36\/\",\"alt\":\"\",\"description\":\"\",\"caption\":\"\",\"mime\":\"image\/jpeg\",\"type\":\"image\",\"width\":900,\"height\":656,\"sizes\":{\"full\":{\"url\":\"https:\/\/vremeplov.ba\/2025\/wp-content\/uploads\/2014\/05\/Poplave-36.jpg\",\"height\":656,\"width\":900,\"orientation\":\"landscape\"}},\"imageMeta\":{\"aperture\":\"0\",\"credit\":\"\",\"camera\":\"\",\"caption\":\"\",\"created_timestamp\":\"0\",\"copyright\":\"\",\"focal_length\":\"0\",\"iso\":\"0\",\"shutter_speed\":\"0\",\"title\":\"\",\"orientation\":\"1\",\"keywords\":[]},\"meta\":false,\"postlink\":\"https:\/\/vremeplov.ba\/2025\/2014\/05\/18\/poplave-zaustavile-vozove\/poplave-36\/\"},{\"id\":31909,\"title\":\"Poplave (37)\",\"url\":\"https:\/\/vremeplov.ba\/2025\/wp-content\/uploads\/2014\/05\/Poplave-37.jpg\",\"link\":\"https:\/\/vremeplov.ba\/2025\/2014\/05\/18\/poplave-zaustavile-vozove\/poplave-37\/\",\"alt\":\"\",\"description\":\"\",\"caption\":\"\",\"mime\":\"image\/jpeg\",\"type\":\"image\",\"width\":900,\"height\":675,\"sizes\":{\"full\":{\"url\":\"https:\/\/vremeplov.ba\/2025\/wp-content\/uploads\/2014\/05\/Poplave-37.jpg\",\"height\":675,\"width\":900,\"orientation\":\"landscape\"}},\"imageMeta\":{\"aperture\":\"0\",\"credit\":\"\",\"camera\":\"\",\"caption\":\"\",\"created_timestamp\":\"0\",\"copyright\":\"\",\"focal_length\":\"0\",\"iso\":\"0\",\"shutter_speed\":\"0\",\"title\":\"\",\"orientation\":\"1\",\"keywords\":[]},\"meta\":false,\"postlink\":\"https:\/\/vremeplov.ba\/2025\/2014\/05\/18\/poplave-zaustavile-vozove\/poplave-37\/\"},{\"id\":31910,\"title\":\"Poplave (38)\",\"url\":\"https:\/\/vremeplov.ba\/2025\/wp-content\/uploads\/2014\/05\/Poplave-38.jpg\",\"link\":\"https:\/\/vremeplov.ba\/2025\/2014\/05\/18\/poplave-zaustavile-vozove\/poplave-38\/\",\"alt\":\"\",\"description\":\"\",\"caption\":\"\",\"mime\":\"image\/jpeg\",\"type\":\"image\",\"width\":900,\"height\":675,\"sizes\":{\"full\":{\"url\":\"https:\/\/vremeplov.ba\/2025\/wp-content\/uploads\/2014\/05\/Poplave-38.jpg\",\"height\":675,\"width\":900,\"orientation\":\"landscape\"}},\"imageMeta\":{\"aperture\":\"2.8\",\"credit\":\"\",\"camera\":\"\",\"caption\":\"\",\"created_timestamp\":\"1400159542\",\"copyright\":\"\",\"focal_length\":\"3.5\",\"iso\":\"100\",\"shutter_speed\":\"0\",\"title\":\"\",\"orientation\":\"1\",\"keywords\":[]},\"meta\":false,\"postlink\":\"https:\/\/vremeplov.ba\/2025\/2014\/05\/18\/poplave-zaustavile-vozove\/poplave-38\/\"},{\"id\":31911,\"title\":\"Poplave (39)\",\"url\":\"https:\/\/vremeplov.ba\/2025\/wp-content\/uploads\/2014\/05\/Poplave-39.jpg\",\"link\":\"https:\/\/vremeplov.ba\/2025\/2014\/05\/18\/poplave-zaustavile-vozove\/poplave-39\/\",\"alt\":\"\",\"description\":\"\",\"caption\":\"\",\"mime\":\"image\/jpeg\",\"type\":\"image\",\"width\":900,\"height\":675,\"sizes\":{\"full\":{\"url\":\"https:\/\/vremeplov.ba\/2025\/wp-content\/uploads\/2014\/05\/Poplave-39.jpg\",\"height\":675,\"width\":900,\"orientation\":\"landscape\"}},\"imageMeta\":{\"aperture\":\"2.8\",\"credit\":\"\",\"camera\":\"\",\"caption\":\"\",\"created_timestamp\":\"1400155194\",\"copyright\":\"\",\"focal_length\":\"3.5\",\"iso\":\"100\",\"shutter_speed\":\"0\",\"title\":\"\",\"orientation\":\"1\",\"keywords\":[]},\"meta\":false,\"postlink\":\"https:\/\/vremeplov.ba\/2025\/2014\/05\/18\/poplave-zaustavile-vozove\/poplave-39\/\"},{\"id\":31912,\"title\":\"Poplave (40)\",\"url\":\"https:\/\/vremeplov.ba\/2025\/wp-content\/uploads\/2014\/05\/Poplave-40.jpg\",\"link\":\"https:\/\/vremeplov.ba\/2025\/2014\/05\/18\/poplave-zaustavile-vozove\/poplave-40\/\",\"alt\":\"\",\"description\":\"\",\"caption\":\"\",\"mime\":\"image\/jpeg\",\"type\":\"image\",\"width\":900,\"height\":540,\"sizes\":{\"full\":{\"url\":\"https:\/\/vremeplov.ba\/2025\/wp-content\/uploads\/2014\/05\/Poplave-40.jpg\",\"height\":540,\"width\":900,\"orientation\":\"landscape\"}},\"imageMeta\":{\"aperture\":\"0\",\"credit\":\"\",\"camera\":\"\",\"caption\":\"\",\"created_timestamp\":\"0\",\"copyright\":\"\",\"focal_length\":\"0\",\"iso\":\"0\",\"shutter_speed\":\"0\",\"title\":\"\",\"orientation\":\"1\",\"keywords\":[]},\"meta\":false,\"postlink\":\"https:\/\/vremeplov.ba\/2025\/2014\/05\/18\/poplave-zaustavile-vozove\/poplave-40\/\"},{\"id\":31913,\"title\":\"Dragalovci Prisoje mjesto Popovi\u00e6i\",\"url\":\"https:\/\/vremeplov.ba\/2025\/wp-content\/uploads\/2014\/05\/Poplave-41.jpg\",\"link\":\"https:\/\/vremeplov.ba\/2025\/2014\/05\/18\/poplave-zaustavile-vozove\/dragalovci-prisoje-mjesto-popoviaei\/\",\"alt\":\"\",\"description\":\"\",\"caption\":\"Dragalovci Prisoje mjesto Popovi\u00e6i\",\"mime\":\"image\/jpeg\",\"type\":\"image\",\"width\":540,\"height\":900,\"sizes\":{\"full\":{\"url\":\"https:\/\/vremeplov.ba\/2025\/wp-content\/uploads\/2014\/05\/Poplave-41.jpg\",\"height\":900,\"width\":540,\"orientation\":\"portrait\"}},\"imageMeta\":{\"aperture\":\"0\",\"credit\":\"\",\"camera\":\"\",\"caption\":\"Dragalovci Prisoje mjesto Popovi\u00e6i\",\"created_timestamp\":\"0\",\"copyright\":\"\",\"focal_length\":\"0\",\"iso\":\"0\",\"shutter_speed\":\"0\",\"title\":\"Dragalovci Prisoje mjesto Popovi\u00e6i\",\"orientation\":\"1\",\"keywords\":[]},\"meta\":false,\"postlink\":\"https:\/\/vremeplov.ba\/2025\/2014\/05\/18\/poplave-zaustavile-vozove\/dragalovci-prisoje-mjesto-popoviaei\/\"},{\"id\":31914,\"title\":\"Poplave (42)\",\"url\":\"https:\/\/vremeplov.ba\/2025\/wp-content\/uploads\/2014\/05\/Poplave-42.jpg\",\"link\":\"https:\/\/vremeplov.ba\/2025\/2014\/05\/18\/poplave-zaustavile-vozove\/poplave-42\/\",\"alt\":\"\",\"description\":\"\",\"caption\":\"\",\"mime\":\"image\/jpeg\",\"type\":\"image\",\"width\":540,\"height\":900,\"sizes\":{\"full\":{\"url\":\"https:\/\/vremeplov.ba\/2025\/wp-content\/uploads\/2014\/05\/Poplave-42.jpg\",\"height\":900,\"width\":540,\"orientation\":\"portrait\"}},\"imageMeta\":{\"aperture\":\"0\",\"credit\":\"\",\"camera\":\"\",\"caption\":\"\",\"created_timestamp\":\"0\",\"copyright\":\"\",\"focal_length\":\"0\",\"iso\":\"0\",\"shutter_speed\":\"0\",\"title\":\"\",\"orientation\":\"1\",\"keywords\":[]},\"meta\":false,\"postlink\":\"https:\/\/vremeplov.ba\/2025\/2014\/05\/18\/poplave-zaustavile-vozove\/poplave-42\/\"},{\"id\":31915,\"title\":\"Poplave (43)\",\"url\":\"https:\/\/vremeplov.ba\/2025\/wp-content\/uploads\/2014\/05\/Poplave-43.jpg\",\"link\":\"https:\/\/vremeplov.ba\/2025\/2014\/05\/18\/poplave-zaustavile-vozove\/poplave-43\/\",\"alt\":\"\",\"description\":\"\",\"caption\":\"\",\"mime\":\"image\/jpeg\",\"type\":\"image\",\"width\":900,\"height\":675,\"sizes\":{\"full\":{\"url\":\"https:\/\/vremeplov.ba\/2025\/wp-content\/uploads\/2014\/05\/Poplave-43.jpg\",\"height\":675,\"width\":900,\"orientation\":\"landscape\"}},\"imageMeta\":{\"aperture\":\"0\",\"credit\":\"\",\"camera\":\"\",\"caption\":\"\",\"created_timestamp\":\"0\",\"copyright\":\"\",\"focal_length\":\"0\",\"iso\":\"0\",\"shutter_speed\":\"0\",\"title\":\"\",\"orientation\":\"1\",\"keywords\":[]},\"meta\":false,\"postlink\":\"https:\/\/vremeplov.ba\/2025\/2014\/05\/18\/poplave-zaustavile-vozove\/poplave-43\/\"},{\"id\":31916,\"title\":\"Poplave (44)\",\"url\":\"https:\/\/vremeplov.ba\/2025\/wp-content\/uploads\/2014\/05\/Poplave-44.jpg\",\"link\":\"https:\/\/vremeplov.ba\/2025\/2014\/05\/18\/poplave-zaustavile-vozove\/poplave-44\/\",\"alt\":\"\",\"description\":\"\",\"caption\":\"\",\"mime\":\"image\/jpeg\",\"type\":\"image\",\"width\":900,\"height\":675,\"sizes\":{\"full\":{\"url\":\"https:\/\/vremeplov.ba\/2025\/wp-content\/uploads\/2014\/05\/Poplave-44.jpg\",\"height\":675,\"width\":900,\"orientation\":\"landscape\"}},\"imageMeta\":{\"aperture\":\"0\",\"credit\":\"\",\"camera\":\"\",\"caption\":\"\",\"created_timestamp\":\"0\",\"copyright\":\"\",\"focal_length\":\"0\",\"iso\":\"0\",\"shutter_speed\":\"0\",\"title\":\"\",\"orientation\":\"1\",\"keywords\":[]},\"meta\":false,\"postlink\":\"https:\/\/vremeplov.ba\/2025\/2014\/05\/18\/poplave-zaustavile-vozove\/poplave-44\/\"},{\"id\":31917,\"title\":\"Poplave (45)\",\"url\":\"https:\/\/vremeplov.ba\/2025\/wp-content\/uploads\/2014\/05\/Poplave-45.jpg\",\"link\":\"https:\/\/vremeplov.ba\/2025\/2014\/05\/18\/poplave-zaustavile-vozove\/poplave-45\/\",\"alt\":\"\",\"description\":\"\",\"caption\":\"\",\"mime\":\"image\/jpeg\",\"type\":\"image\",\"width\":900,\"height\":675,\"sizes\":{\"full\":{\"url\":\"https:\/\/vremeplov.ba\/2025\/wp-content\/uploads\/2014\/05\/Poplave-45.jpg\",\"height\":675,\"width\":900,\"orientation\":\"landscape\"}},\"imageMeta\":{\"aperture\":\"0\",\"credit\":\"\",\"camera\":\"\",\"caption\":\"\",\"created_timestamp\":\"0\",\"copyright\":\"\",\"focal_length\":\"0\",\"iso\":\"0\",\"shutter_speed\":\"0\",\"title\":\"\",\"orientation\":\"1\",\"keywords\":[]},\"meta\":false,\"postlink\":\"https:\/\/vremeplov.ba\/2025\/2014\/05\/18\/poplave-zaustavile-vozove\/poplave-45\/\"},{\"id\":31918,\"title\":\"Poplave (46)\",\"url\":\"https:\/\/vremeplov.ba\/2025\/wp-content\/uploads\/2014\/05\/Poplave-46.jpg\",\"link\":\"https:\/\/vremeplov.ba\/2025\/2014\/05\/18\/poplave-zaustavile-vozove\/poplave-46\/\",\"alt\":\"\",\"description\":\"\",\"caption\":\"\",\"mime\":\"image\/jpeg\",\"type\":\"image\",\"width\":509,\"height\":900,\"sizes\":{\"full\":{\"url\":\"https:\/\/vremeplov.ba\/2025\/wp-content\/uploads\/2014\/05\/Poplave-46.jpg\",\"height\":900,\"width\":509,\"orientation\":\"portrait\"}},\"imageMeta\":{\"aperture\":\"0\",\"credit\":\"\",\"camera\":\"\",\"caption\":\"\",\"created_timestamp\":\"0\",\"copyright\":\"\",\"focal_length\":\"0\",\"iso\":\"0\",\"shutter_speed\":\"0\",\"title\":\"\",\"orientation\":\"1\",\"keywords\":[]},\"meta\":false,\"postlink\":\"https:\/\/vremeplov.ba\/2025\/2014\/05\/18\/poplave-zaustavile-vozove\/poplave-46\/\"},{\"id\":31920,\"title\":\"Poplave (47)\",\"url\":\"https:\/\/vremeplov.ba\/2025\/wp-content\/uploads\/2014\/05\/Poplave-47.jpg\",\"link\":\"https:\/\/vremeplov.ba\/2025\/2014\/05\/18\/poplave-zaustavile-vozove\/poplave-47\/\",\"alt\":\"\",\"description\":\"\",\"caption\":\"\",\"mime\":\"image\/jpeg\",\"type\":\"image\",\"width\":509,\"height\":900,\"sizes\":{\"full\":{\"url\":\"https:\/\/vremeplov.ba\/2025\/wp-content\/uploads\/2014\/05\/Poplave-47.jpg\",\"height\":900,\"width\":509,\"orientation\":\"portrait\"}},\"imageMeta\":{\"aperture\":\"0\",\"credit\":\"\",\"camera\":\"\",\"caption\":\"\",\"created_timestamp\":\"0\",\"copyright\":\"\",\"focal_length\":\"0\",\"iso\":\"0\",\"shutter_speed\":\"0\",\"title\":\"\",\"orientation\":\"1\",\"keywords\":[]},\"meta\":false,\"postlink\":\"https:\/\/vremeplov.ba\/2025\/2014\/05\/18\/poplave-zaustavile-vozove\/poplave-47\/\"},{\"id\":31921,\"title\":\"Maline-Stresanj-\u008eivinice\",\"url\":\"https:\/\/vremeplov.ba\/2025\/wp-content\/uploads\/2014\/05\/Poplave-48.jpg\",\"link\":\"https:\/\/vremeplov.ba\/2025\/2014\/05\/18\/poplave-zaustavile-vozove\/maline-stresanj-%c2%8eivinice\/\",\"alt\":\"\",\"description\":\"\",\"caption\":\"Maline-Stresanj-\u008eivinice\",\"mime\":\"image\/jpeg\",\"type\":\"image\",\"width\":509,\"height\":900,\"sizes\":{\"full\":{\"url\":\"https:\/\/vremeplov.ba\/2025\/wp-content\/uploads\/2014\/05\/Poplave-48.jpg\",\"height\":900,\"width\":509,\"orientation\":\"portrait\"}},\"imageMeta\":{\"aperture\":\"0\",\"credit\":\"\",\"camera\":\"\",\"caption\":\"Maline-Stresanj-\u008eivinice\",\"created_timestamp\":\"0\",\"copyright\":\"\",\"focal_length\":\"0\",\"iso\":\"0\",\"shutter_speed\":\"0\",\"title\":\"Maline-Stresanj-\u008eivinice\",\"orientation\":\"1\",\"keywords\":[]},\"meta\":false,\"postlink\":\"https:\/\/vremeplov.ba\/2025\/2014\/05\/18\/poplave-zaustavile-vozove\/maline-stresanj-%c2%8eivinice\/\"},{\"id\":31923,\"title\":\"Novi grad \/ Bosanski Novi Foto Dragan Raki\u00e6\",\"url\":\"https:\/\/vremeplov.ba\/2025\/wp-content\/uploads\/2014\/05\/Poplave-49.jpg\",\"link\":\"https:\/\/vremeplov.ba\/2025\/2014\/05\/18\/poplave-zaustavile-vozove\/novi-grad-bosanski-novi-foto-dragan-rakiae\/\",\"alt\":\"\",\"description\":\"\",\"caption\":\"Novi grad \/ Bosanski Novi Foto Dragan Raki\u00e6\",\"mime\":\"image\/jpeg\",\"type\":\"image\",\"width\":900,\"height\":506,\"sizes\":{\"full\":{\"url\":\"https:\/\/vremeplov.ba\/2025\/wp-content\/uploads\/2014\/05\/Poplave-49.jpg\",\"height\":506,\"width\":900,\"orientation\":\"landscape\"}},\"imageMeta\":{\"aperture\":\"0\",\"credit\":\"\",\"camera\":\"\",\"caption\":\"Novi grad \/ Bosanski Novi Foto Dragan Raki\u00e6\",\"created_timestamp\":\"0\",\"copyright\":\"\",\"focal_length\":\"0\",\"iso\":\"0\",\"shutter_speed\":\"0\",\"title\":\"Novi grad \/ Bosanski Novi Foto Dragan Raki\u00e6\",\"orientation\":\"1\",\"keywords\":[\"novi grad\"]},\"meta\":false,\"postlink\":\"https:\/\/vremeplov.ba\/2025\/2014\/05\/18\/poplave-zaustavile-vozove\/novi-grad-bosanski-novi-foto-dragan-rakiae\/\"},{\"id\":31925,\"title\":\"Kostajnica Kod Doboja Foto: Zlatko Bla\u009eevi\u00e6\",\"url\":\"https:\/\/vremeplov.ba\/2025\/wp-content\/uploads\/2014\/05\/Poplave-50.jpg\",\"link\":\"https:\/\/vremeplov.ba\/2025\/2014\/05\/18\/poplave-zaustavile-vozove\/kostajnica-kod-doboja-foto-zlatko-bla%c2%9eeviae\/\",\"alt\":\"\",\"description\":\"\",\"caption\":\"Kostajnica Kod Doboja Foto: Zlatko Bla\u009eevi\u00e6\",\"mime\":\"image\/jpeg\",\"type\":\"image\",\"width\":900,\"height\":506,\"sizes\":{\"full\":{\"url\":\"https:\/\/vremeplov.ba\/2025\/wp-content\/uploads\/2014\/05\/Poplave-50.jpg\",\"height\":506,\"width\":900,\"orientation\":\"landscape\"}},\"imageMeta\":{\"aperture\":\"0\",\"credit\":\"\",\"camera\":\"\",\"caption\":\"Kostajnica Kod Doboja Foto: Zlatko Bla\u009eevi\u00e6\",\"created_timestamp\":\"0\",\"copyright\":\"\",\"focal_length\":\"0\",\"iso\":\"0\",\"shutter_speed\":\"0\",\"title\":\"Kostajnica Kod Doboja Foto: Zlatko Bla\u009eevi\u00e6\",\"orientation\":\"1\",\"keywords\":[]},\"meta\":false,\"postlink\":\"https:\/\/vremeplov.ba\/2025\/2014\/05\/18\/poplave-zaustavile-vozove\/kostajnica-kod-doboja-foto-zlatko-bla%c2%9eeviae\/\"},{\"id\":31926,\"title\":\"Tinja i Mramor \/ Foto: Sejdalija Ke\u009aetovi\u00e6\",\"url\":\"https:\/\/vremeplov.ba\/2025\/wp-content\/uploads\/2014\/05\/Poplave-51.jpg\",\"link\":\"https:\/\/vremeplov.ba\/2025\/2014\/05\/18\/poplave-zaustavile-vozove\/tinja-i-mramor-foto-sejdalija-ke%c2%9aetoviae\/\",\"alt\":\"\",\"description\":\"\",\"caption\":\"Tinja i Mramor \/ Foto: Sejdalija Ke\u009aetovi\u00e6\",\"mime\":\"image\/jpeg\",\"type\":\"image\",\"width\":900,\"height\":613,\"sizes\":{\"full\":{\"url\":\"https:\/\/vremeplov.ba\/2025\/wp-content\/uploads\/2014\/05\/Poplave-51.jpg\",\"height\":613,\"width\":900,\"orientation\":\"landscape\"}},\"imageMeta\":{\"aperture\":\"0\",\"credit\":\"\",\"camera\":\"\",\"caption\":\"Tinja i Mramor \/ Foto: Sejdalija Ke\u009aetovi\u00e6\",\"created_timestamp\":\"0\",\"copyright\":\"\",\"focal_length\":\"0\",\"iso\":\"0\",\"shutter_speed\":\"0\",\"title\":\"Tinja i Mramor \/ Foto: Sejdalija Ke\u009aetovi\u00e6\",\"orientation\":\"1\",\"keywords\":[]},\"meta\":false,\"postlink\":\"https:\/\/vremeplov.ba\/2025\/2014\/05\/18\/poplave-zaustavile-vozove\/tinja-i-mramor-foto-sejdalija-ke%c2%9aetoviae\/\"},{\"id\":31928,\"title\":\"Tinja i Mramor \/ Foto: Sejdalija Ke\u009aetovi\u00e6\",\"url\":\"https:\/\/vremeplov.ba\/2025\/wp-content\/uploads\/2014\/05\/Poplave-52.jpg\",\"link\":\"https:\/\/vremeplov.ba\/2025\/2014\/05\/18\/poplave-zaustavile-vozove\/tinja-i-mramor-foto-sejdalija-ke%c2%9aetoviae-2\/\",\"alt\":\"\",\"description\":\"\",\"caption\":\"Tinja i Mramor \/ Foto: Sejdalija Ke\u009aetovi\u00e6\",\"mime\":\"image\/jpeg\",\"type\":\"image\",\"width\":900,\"height\":614,\"sizes\":{\"full\":{\"url\":\"https:\/\/vremeplov.ba\/2025\/wp-content\/uploads\/2014\/05\/Poplave-52.jpg\",\"height\":614,\"width\":900,\"orientation\":\"landscape\"}},\"imageMeta\":{\"aperture\":\"0\",\"credit\":\"\",\"camera\":\"\",\"caption\":\"Tinja i Mramor \/ Foto: Sejdalija Ke\u009aetovi\u00e6\",\"created_timestamp\":\"0\",\"copyright\":\"\",\"focal_length\":\"0\",\"iso\":\"0\",\"shutter_speed\":\"0\",\"title\":\"Tinja i Mramor \/ Foto: Sejdalija Ke\u009aetovi\u00e6\",\"orientation\":\"1\",\"keywords\":[]},\"meta\":false,\"postlink\":\"https:\/\/vremeplov.ba\/2025\/2014\/05\/18\/poplave-zaustavile-vozove\/tinja-i-mramor-foto-sejdalija-ke%c2%9aetoviae-2\/\"},{\"id\":31930,\"title\":\"Tinja - Mramor \/ Foto: Sejdalija Ke\u009aetovi\u00e6\",\"url\":\"https:\/\/vremeplov.ba\/2025\/wp-content\/uploads\/2014\/05\/Poplave-53.jpg\",\"link\":\"https:\/\/vremeplov.ba\/2025\/2014\/05\/18\/poplave-zaustavile-vozove\/tinja-mramor-foto-sejdalija-ke%c2%9aetoviae\/\",\"alt\":\"\",\"description\":\"\",\"caption\":\"Tinja - Mramor \/ Foto: Sejdalija Ke\u009aetovi\u00e6\",\"mime\":\"image\/jpeg\",\"type\":\"image\",\"width\":900,\"height\":613,\"sizes\":{\"full\":{\"url\":\"https:\/\/vremeplov.ba\/2025\/wp-content\/uploads\/2014\/05\/Poplave-53.jpg\",\"height\":613,\"width\":900,\"orientation\":\"landscape\"}},\"imageMeta\":{\"aperture\":\"0\",\"credit\":\"\",\"camera\":\"\",\"caption\":\"Tinja - Mramor \/ Foto: Sejdalija Ke\u009aetovi\u00e6\",\"created_timestamp\":\"0\",\"copyright\":\"\",\"focal_length\":\"0\",\"iso\":\"0\",\"shutter_speed\":\"0\",\"title\":\"Tinja - Mramor \/ Foto: Sejdalija Ke\u009aetovi\u00e6\",\"orientation\":\"1\",\"keywords\":[]},\"meta\":false,\"postlink\":\"https:\/\/vremeplov.ba\/2025\/2014\/05\/18\/poplave-zaustavile-vozove\/tinja-mramor-foto-sejdalija-ke%c2%9aetoviae\/\"}],\"hasCustomCSS\":false,\"customCSS\":\"\",\"otterConditions\":[],\"itemsMetaDataCollection\":[]}<\/script><script>(function(){if(window.PGC_SGB && window.PGC_SGB.searcher){window.PGC_SGB.searcher.initBlocks()}})()<\/script><\/div>","protected":false},"excerpt":{"rendered":"<p>Srodni \u010dlanci (povijest) od 15. svibnja 2014. godine&#8230;Ispod teksta mo\u017eete pogledati galeriju slika stradale \u017eeljezni\u010dke infrastrukture uslijed poplava u BiH Kao posljedica elementarne vremenske nepogode koja je zahvatila cijelu Bosnu i Hercegovinu, putni\u010dki i teretni \u017eeljezni\u010dki promet u FBIH odvija se ote\u017eano, a na nekim dionicama je potpuno obustavljen. U svrhu sprje\u010davanja nastalih \u0161teta i&hellip;&nbsp;<a href=\"https:\/\/vremeplov.ba\/2025\/hr\/2025\/07\/22\/poplave-zaustavile-vlakove\/\" rel=\"bookmark\">Read More &raquo;<span class=\"screen-reader-text\">Poplave zaustavile vlakove!<\/span><\/a><\/p>\n","protected":false},"author":1,"featured_media":0,"comment_status":"open","ping_status":"closed","sticky":false,"template":"","format":"standard","meta":{"give_campaign_id":0,"neve_meta_sidebar":"","neve_meta_container":"","neve_meta_enable_content_width":"","neve_meta_content_width":0,"neve_meta_title_alignment":"","neve_meta_author_avatar":"","neve_post_elements_order":"","neve_meta_disable_header":"","neve_meta_disable_footer":"","neve_meta_disable_title":"","ngg_post_thumbnail":0,"pgc_sgb_lightbox_settings":"","_themeisle_gutenberg_block_has_review":false,"footnotes":""},"categories":[179,261],"tags":[],"class_list":["post-36611","post","type-post","status-publish","format-standard","hentry","category-objave-hr","category-zeljeznicko_stivo"],"_links":{"self":[{"href":"https:\/\/vremeplov.ba\/2025\/wp-json\/wp\/v2\/posts\/36611","targetHints":{"allow":["GET"]}}],"collection":[{"href":"https:\/\/vremeplov.ba\/2025\/wp-json\/wp\/v2\/posts"}],"about":[{"href":"https:\/\/vremeplov.ba\/2025\/wp-json\/wp\/v2\/types\/post"}],"author":[{"embeddable":true,"href":"https:\/\/vremeplov.ba\/2025\/wp-json\/wp\/v2\/users\/1"}],"replies":[{"embeddable":true,"href":"https:\/\/vremeplov.ba\/2025\/wp-json\/wp\/v2\/comments?post=36611"}],"version-history":[{"count":1,"href":"https:\/\/vremeplov.ba\/2025\/wp-json\/wp\/v2\/posts\/36611\/revisions"}],"predecessor-version":[{"id":36613,"href":"https:\/\/vremeplov.ba\/2025\/wp-json\/wp\/v2\/posts\/36611\/revisions\/36613"}],"wp:attachment":[{"href":"https:\/\/vremeplov.ba\/2025\/wp-json\/wp\/v2\/media?parent=36611"}],"wp:term":[{"taxonomy":"category","embeddable":true,"href":"https:\/\/vremeplov.ba\/2025\/wp-json\/wp\/v2\/categories?post=36611"},{"taxonomy":"post_tag","embeddable":true,"href":"https:\/\/vremeplov.ba\/2025\/wp-json\/wp\/v2\/tags?post=36611"}],"curies":[{"name":"wp","href":"https:\/\/api.w.org\/{rel}","templated":true}]}}