{"id":9796,"date":"2015-12-01T11:29:57","date_gmt":"2015-12-01T10:29:57","guid":{"rendered":"http:\/\/vremeplov.ba\/?p=9796"},"modified":"2025-05-18T14:53:37","modified_gmt":"2025-05-18T12:53:37","slug":"tehnicki-podaci-za-uzanu-prugu-lasva-gornji-vakuf-1964-godine","status":"publish","type":"post","link":"https:\/\/vremeplov.ba\/2025\/2015\/12\/01\/tehnicki-podaci-za-uzanu-prugu-lasva-gornji-vakuf-1964-godine\/","title":{"rendered":"Tehni\u010dki podaci za uzanu prugu La\u0161va \u2013 Gornji Vakuf, 1964. godine"},"content":{"rendered":"<p><a href=\"https:\/\/vremeplov.ba\/2025\/wp-content\/uploads\/2015\/12\/13.jpg\"><img loading=\"lazy\" decoding=\"async\" class=\"alignleft  wp-image-9797\" src=\"https:\/\/vremeplov.ba\/2025\/wp-content\/uploads\/2015\/12\/13.jpg\" alt=\"1\" width=\"199\" height=\"261\" \/><\/a>Objavljujemo tehni\u010dku knji\u017eicu za uzanu prugu (uzdu\u017eni profil)<br \/>\nLa\u0161va \u2013 Gornji Vakuf u realizaciji \u017dTP-a Sarajevo, stanje na dan 01.01.1964. godine.<br \/>\nOvdje mo\u017eete pogledati administrativnu podjelu odr\u017eavanja (Sekcija ZOP-a), nadziranja (po Srezovima) i \u010duvanja (zgrada, tunela i mostova). Isto tako postoje \u0161eme stanica, tipovi \u0161ina, industrijski kolosijeci, tip skretnica, skice mostova, tunela, nadvo\u017enjaka, podaci o usponu\/nagibu i krivinama pruge, tovari\u0161ta, \u0161umskih krila (industrijsko\/\u0161umska pruga), spu\u0161talica, vodonapojnika i vodostanica.<\/p>\n<p>\u0160eme stanica uzane pruge La\u0161va \u2013 Gornji Vakuf su: Stanica La\u0161va, Stajali\u0161te Merdani, Stanica Busova\u0107a, Stajali\u0161te Seli\u0161te, Stanica Vitez, Stajali\u0161te Kremenik, Ukrsnica Bila, Stanica Bila Nova, Stanica Dolac na La\u0161vi, Travnik, Stanica Turbe, Ukrsnica Gole\u0161, Ukrsnica Komar, Ukrsnica Oborci, Stanica Donji Vakuf, Stajali\u0161te Kop\u010di\u0107, Stanica Bugojno, Stajali\u0161te Crn\u010de, Ukrsnica Od\u017eak, Stajali\u0161te Paji\u0107 Polje, Stajali\u0161te Trnova\u010da i Stanica Gornji Vakuf.<\/p>\n<p>Iz istorije:<br \/>\nUzana pruga La\u0161va \u2013 Gornji Vakuf duga je 89 km + 200 i pu\u0161tena je u saobra\u0107aj etapno i to: La\u0161va \u2013 Travnik 26. avgusta 1893. godine; Travnik \u2013 Bugojno 14. oktobra 1894. godine i Bugojno \u2013 Gornji Vakuf 3. oktobra 1945. godine. Od maja 1972. godine, postepeno se ukida prevoz putnika (prevoz tereta egzistira) pa sve do 1. juna 1975. godine kada se definitivno ukida uzana pruga na cijeloj dionici.<\/p>\n<p><em>Napominjemo da je arhivska gra\u0111a na ovoj stranici u vlasni\u0161tvu web portala vremeplov.ba i ne smije se objavljivati \u200b\u200bili ponovno koristiti bez izri\u010ditog dopu\u0161tenja.<\/em><\/p>\n<p><img decoding=\"async\" class=\"ngg_displayed_gallery mceItem\" src=\"https:\/\/vremeplov.ba\/2025\/wp-admin\/?nextgen-attach_to_post=nextgen-attach_to_post\/preview\/id--9798\" alt=\"\" data-mce-placeholder=\"1\" \/><\/p>\n\n<div class=\"pgc-sgb-cb wp-block-pgcsimplygalleryblock-grid \" data-gallery-id=\"6e894271\"><div class=\"sgb-preloader\" id=\"pr_6e894271\">\n\t<div class=\"sgb-square\" style=\"background:#d4d4d4\"><\/div>\n\t<div class=\"sgb-square\" style=\"background:#d4d4d4\"><\/div>\n\t<div class=\"sgb-square\" style=\"background:#d4d4d4\"><\/div>\n\t<div class=\"sgb-square\" style=\"background:#d4d4d4\"><\/div><\/div><div class=\"simply-gallery-amp pgc_sgb_slider \"><noscript><div class=\"sgb-gallery\"><div class=\"sgb-item\"><a href=\"https:\/\/vremeplov.ba\/2025\/2015\/12\/01\/tehnicki-podaci-za-uzanu-prugu-lasva-gornji-vakuf-1964-godine\/tpp_lasva_gornji_vakuf-1\/\" target=\"_blank\"><img decoding=\"async\" alt=\"\" width=\"950\" height=\"1265\" loading=\"lazy\" src=\"https:\/\/vremeplov.ba\/2025\/wp-content\/uploads\/2015\/12\/TPP_Lasva_Gornji_Vakuf-1.jpg\" srcset=\",https:\/\/vremeplov.ba\/2025\/wp-content\/uploads\/2015\/12\/TPP_Lasva_Gornji_Vakuf-1.jpg 950w\" sizes=\"auto, 250px\"\/><\/a><\/div><div class=\"sgb-item\"><a href=\"https:\/\/vremeplov.ba\/2025\/2015\/12\/01\/tehnicki-podaci-za-uzanu-prugu-lasva-gornji-vakuf-1964-godine\/tpp_lasva_gornji_vakuf-2\/\" target=\"_blank\"><img decoding=\"async\" alt=\"\" width=\"950\" height=\"1335\" loading=\"lazy\" src=\"https:\/\/vremeplov.ba\/2025\/wp-content\/uploads\/2015\/12\/TPP_Lasva_Gornji_Vakuf-2.jpg\" srcset=\",https:\/\/vremeplov.ba\/2025\/wp-content\/uploads\/2015\/12\/TPP_Lasva_Gornji_Vakuf-2.jpg 950w\" sizes=\"auto, 250px\"\/><\/a><\/div><div class=\"sgb-item\"><a href=\"https:\/\/vremeplov.ba\/2025\/2015\/12\/01\/tehnicki-podaci-za-uzanu-prugu-lasva-gornji-vakuf-1964-godine\/tpp_lasva_gornji_vakuf-3\/\" target=\"_blank\"><img decoding=\"async\" alt=\"\" width=\"1890\" height=\"1364\" loading=\"lazy\" src=\"https:\/\/vremeplov.ba\/2025\/wp-content\/uploads\/2015\/12\/TPP_Lasva_Gornji_Vakuf-3.jpg\" srcset=\",https:\/\/vremeplov.ba\/2025\/wp-content\/uploads\/2015\/12\/TPP_Lasva_Gornji_Vakuf-3.jpg 1890w\" sizes=\"auto, 250px\"\/><\/a><\/div><div class=\"sgb-item\"><a href=\"https:\/\/vremeplov.ba\/2025\/2015\/12\/01\/tehnicki-podaci-za-uzanu-prugu-lasva-gornji-vakuf-1964-godine\/tpp_lasva_gornji_vakuf-4\/\" target=\"_blank\"><img decoding=\"async\" alt=\"\" width=\"950\" height=\"575\" loading=\"lazy\" src=\"https:\/\/vremeplov.ba\/2025\/wp-content\/uploads\/2015\/12\/TPP_Lasva_Gornji_Vakuf-4.jpg\" srcset=\",https:\/\/vremeplov.ba\/2025\/wp-content\/uploads\/2015\/12\/TPP_Lasva_Gornji_Vakuf-4.jpg 950w\" sizes=\"auto, 250px\"\/><\/a><\/div><div class=\"sgb-item\"><a href=\"https:\/\/vremeplov.ba\/2025\/2015\/12\/01\/tehnicki-podaci-za-uzanu-prugu-lasva-gornji-vakuf-1964-godine\/tpp_lasva_gornji_vakuf-5\/\" target=\"_blank\"><img decoding=\"async\" alt=\"\" width=\"1890\" height=\"1381\" loading=\"lazy\" src=\"https:\/\/vremeplov.ba\/2025\/wp-content\/uploads\/2015\/12\/TPP_Lasva_Gornji_Vakuf-5.jpg\" srcset=\",https:\/\/vremeplov.ba\/2025\/wp-content\/uploads\/2015\/12\/TPP_Lasva_Gornji_Vakuf-5.jpg 1890w\" sizes=\"auto, 250px\"\/><\/a><\/div><div class=\"sgb-item\"><a href=\"https:\/\/vremeplov.ba\/2025\/2015\/12\/01\/tehnicki-podaci-za-uzanu-prugu-lasva-gornji-vakuf-1964-godine\/tpp_lasva_gornji_vakuf-6\/\" target=\"_blank\"><img decoding=\"async\" alt=\"\" width=\"950\" height=\"617\" loading=\"lazy\" src=\"https:\/\/vremeplov.ba\/2025\/wp-content\/uploads\/2015\/12\/TPP_Lasva_Gornji_Vakuf-6.jpg\" srcset=\",https:\/\/vremeplov.ba\/2025\/wp-content\/uploads\/2015\/12\/TPP_Lasva_Gornji_Vakuf-6.jpg 950w\" sizes=\"auto, 250px\"\/><\/a><\/div><div class=\"sgb-item\"><a href=\"https:\/\/vremeplov.ba\/2025\/2015\/12\/01\/tehnicki-podaci-za-uzanu-prugu-lasva-gornji-vakuf-1964-godine\/tpp_lasva_gornji_vakuf-7\/\" target=\"_blank\"><img decoding=\"async\" alt=\"\" width=\"1890\" height=\"1333\" loading=\"lazy\" src=\"https:\/\/vremeplov.ba\/2025\/wp-content\/uploads\/2015\/12\/TPP_Lasva_Gornji_Vakuf-7.jpg\" srcset=\",https:\/\/vremeplov.ba\/2025\/wp-content\/uploads\/2015\/12\/TPP_Lasva_Gornji_Vakuf-7.jpg 1890w\" sizes=\"auto, 250px\"\/><\/a><\/div><div class=\"sgb-item\"><a href=\"https:\/\/vremeplov.ba\/2025\/2015\/12\/01\/tehnicki-podaci-za-uzanu-prugu-lasva-gornji-vakuf-1964-godine\/tpp_lasva_gornji_vakuf-8\/\" target=\"_blank\"><img decoding=\"async\" alt=\"\" width=\"950\" height=\"689\" loading=\"lazy\" src=\"https:\/\/vremeplov.ba\/2025\/wp-content\/uploads\/2015\/12\/TPP_Lasva_Gornji_Vakuf-8.jpg\" srcset=\",https:\/\/vremeplov.ba\/2025\/wp-content\/uploads\/2015\/12\/TPP_Lasva_Gornji_Vakuf-8.jpg 950w\" sizes=\"auto, 250px\"\/><\/a><\/div><div class=\"sgb-item\"><a href=\"https:\/\/vremeplov.ba\/2025\/2015\/12\/01\/tehnicki-podaci-za-uzanu-prugu-lasva-gornji-vakuf-1964-godine\/tpp_lasva_gornji_vakuf-9\/\" target=\"_blank\"><img decoding=\"async\" alt=\"\" width=\"1890\" height=\"1351\" loading=\"lazy\" src=\"https:\/\/vremeplov.ba\/2025\/wp-content\/uploads\/2015\/12\/TPP_Lasva_Gornji_Vakuf-9.jpg\" srcset=\",https:\/\/vremeplov.ba\/2025\/wp-content\/uploads\/2015\/12\/TPP_Lasva_Gornji_Vakuf-9.jpg 1890w\" sizes=\"auto, 250px\"\/><\/a><\/div><div class=\"sgb-item\"><a href=\"https:\/\/vremeplov.ba\/2025\/2015\/12\/01\/tehnicki-podaci-za-uzanu-prugu-lasva-gornji-vakuf-1964-godine\/tpp_lasva_gornji_vakuf-10\/\" target=\"_blank\"><img decoding=\"async\" alt=\"\" width=\"950\" height=\"737\" loading=\"lazy\" src=\"https:\/\/vremeplov.ba\/2025\/wp-content\/uploads\/2015\/12\/TPP_Lasva_Gornji_Vakuf-10.jpg\" srcset=\",https:\/\/vremeplov.ba\/2025\/wp-content\/uploads\/2015\/12\/TPP_Lasva_Gornji_Vakuf-10.jpg 950w\" sizes=\"auto, 250px\"\/><\/a><\/div><div class=\"sgb-item\"><a href=\"https:\/\/vremeplov.ba\/2025\/2015\/12\/01\/tehnicki-podaci-za-uzanu-prugu-lasva-gornji-vakuf-1964-godine\/tpp_lasva_gornji_vakuf-11\/\" target=\"_blank\"><img decoding=\"async\" alt=\"\" width=\"950\" height=\"737\" loading=\"lazy\" src=\"https:\/\/vremeplov.ba\/2025\/wp-content\/uploads\/2015\/12\/TPP_Lasva_Gornji_Vakuf-11.jpg\" srcset=\",https:\/\/vremeplov.ba\/2025\/wp-content\/uploads\/2015\/12\/TPP_Lasva_Gornji_Vakuf-11.jpg 950w\" sizes=\"auto, 250px\"\/><\/a><\/div><div class=\"sgb-item\"><a href=\"https:\/\/vremeplov.ba\/2025\/2015\/12\/01\/tehnicki-podaci-za-uzanu-prugu-lasva-gornji-vakuf-1964-godine\/tpp_lasva_gornji_vakuf-12\/\" target=\"_blank\"><img decoding=\"async\" alt=\"\" width=\"1890\" height=\"1287\" loading=\"lazy\" src=\"https:\/\/vremeplov.ba\/2025\/wp-content\/uploads\/2015\/12\/TPP_Lasva_Gornji_Vakuf-12.jpg\" srcset=\",https:\/\/vremeplov.ba\/2025\/wp-content\/uploads\/2015\/12\/TPP_Lasva_Gornji_Vakuf-12.jpg 1890w\" sizes=\"auto, 250px\"\/><\/a><\/div><div class=\"sgb-item\"><a href=\"https:\/\/vremeplov.ba\/2025\/2015\/12\/01\/tehnicki-podaci-za-uzanu-prugu-lasva-gornji-vakuf-1964-godine\/tpp_lasva_gornji_vakuf-13\/\" target=\"_blank\"><img decoding=\"async\" alt=\"\" width=\"950\" height=\"586\" loading=\"lazy\" src=\"https:\/\/vremeplov.ba\/2025\/wp-content\/uploads\/2015\/12\/TPP_Lasva_Gornji_Vakuf-13.jpg\" srcset=\",https:\/\/vremeplov.ba\/2025\/wp-content\/uploads\/2015\/12\/TPP_Lasva_Gornji_Vakuf-13.jpg 950w\" sizes=\"auto, 250px\"\/><\/a><\/div><div class=\"sgb-item\"><a href=\"https:\/\/vremeplov.ba\/2025\/2015\/12\/01\/tehnicki-podaci-za-uzanu-prugu-lasva-gornji-vakuf-1964-godine\/tpp_lasva_gornji_vakuf-14\/\" target=\"_blank\"><img decoding=\"async\" alt=\"\" width=\"1890\" height=\"1284\" loading=\"lazy\" src=\"https:\/\/vremeplov.ba\/2025\/wp-content\/uploads\/2015\/12\/TPP_Lasva_Gornji_Vakuf-14.jpg\" srcset=\",https:\/\/vremeplov.ba\/2025\/wp-content\/uploads\/2015\/12\/TPP_Lasva_Gornji_Vakuf-14.jpg 1890w\" sizes=\"auto, 250px\"\/><\/a><\/div><div class=\"sgb-item\"><a href=\"https:\/\/vremeplov.ba\/2025\/2015\/12\/01\/tehnicki-podaci-za-uzanu-prugu-lasva-gornji-vakuf-1964-godine\/tpp_lasva_gornji_vakuf-15\/\" target=\"_blank\"><img decoding=\"async\" alt=\"\" width=\"950\" height=\"654\" loading=\"lazy\" src=\"https:\/\/vremeplov.ba\/2025\/wp-content\/uploads\/2015\/12\/TPP_Lasva_Gornji_Vakuf-15.jpg\" srcset=\",https:\/\/vremeplov.ba\/2025\/wp-content\/uploads\/2015\/12\/TPP_Lasva_Gornji_Vakuf-15.jpg 950w\" sizes=\"auto, 250px\"\/><\/a><\/div><div class=\"sgb-item\"><a href=\"https:\/\/vremeplov.ba\/2025\/2015\/12\/01\/tehnicki-podaci-za-uzanu-prugu-lasva-gornji-vakuf-1964-godine\/tpp_lasva_gornji_vakuf-16\/\" target=\"_blank\"><img decoding=\"async\" alt=\"\" width=\"950\" height=\"712\" loading=\"lazy\" src=\"https:\/\/vremeplov.ba\/2025\/wp-content\/uploads\/2015\/12\/TPP_Lasva_Gornji_Vakuf-16.jpg\" srcset=\",https:\/\/vremeplov.ba\/2025\/wp-content\/uploads\/2015\/12\/TPP_Lasva_Gornji_Vakuf-16.jpg 950w\" sizes=\"auto, 250px\"\/><\/a><\/div><div class=\"sgb-item\"><a href=\"https:\/\/vremeplov.ba\/2025\/2015\/12\/01\/tehnicki-podaci-za-uzanu-prugu-lasva-gornji-vakuf-1964-godine\/tpp_lasva_gornji_vakuf-17\/\" target=\"_blank\"><img decoding=\"async\" alt=\"\" width=\"1890\" height=\"1315\" loading=\"lazy\" src=\"https:\/\/vremeplov.ba\/2025\/wp-content\/uploads\/2015\/12\/TPP_Lasva_Gornji_Vakuf-17.jpg\" srcset=\",https:\/\/vremeplov.ba\/2025\/wp-content\/uploads\/2015\/12\/TPP_Lasva_Gornji_Vakuf-17.jpg 1890w\" sizes=\"auto, 250px\"\/><\/a><\/div><div class=\"sgb-item\"><a href=\"https:\/\/vremeplov.ba\/2025\/2015\/12\/01\/tehnicki-podaci-za-uzanu-prugu-lasva-gornji-vakuf-1964-godine\/tpp_lasva_gornji_vakuf-18\/\" target=\"_blank\"><img decoding=\"async\" alt=\"\" width=\"950\" height=\"591\" loading=\"lazy\" src=\"https:\/\/vremeplov.ba\/2025\/wp-content\/uploads\/2015\/12\/TPP_Lasva_Gornji_Vakuf-18.jpg\" srcset=\",https:\/\/vremeplov.ba\/2025\/wp-content\/uploads\/2015\/12\/TPP_Lasva_Gornji_Vakuf-18.jpg 950w\" sizes=\"auto, 250px\"\/><\/a><\/div><div class=\"sgb-item\"><a href=\"https:\/\/vremeplov.ba\/2025\/2015\/12\/01\/tehnicki-podaci-za-uzanu-prugu-lasva-gornji-vakuf-1964-godine\/tpp_lasva_gornji_vakuf-19\/\" target=\"_blank\"><img decoding=\"async\" alt=\"\" width=\"1890\" height=\"1271\" loading=\"lazy\" src=\"https:\/\/vremeplov.ba\/2025\/wp-content\/uploads\/2015\/12\/TPP_Lasva_Gornji_Vakuf-19.jpg\" srcset=\",https:\/\/vremeplov.ba\/2025\/wp-content\/uploads\/2015\/12\/TPP_Lasva_Gornji_Vakuf-19.jpg 1890w\" sizes=\"auto, 250px\"\/><\/a><\/div><div class=\"sgb-item\"><a href=\"https:\/\/vremeplov.ba\/2025\/2015\/12\/01\/tehnicki-podaci-za-uzanu-prugu-lasva-gornji-vakuf-1964-godine\/tpp_lasva_gornji_vakuf-20\/\" target=\"_blank\"><img decoding=\"async\" alt=\"\" width=\"950\" height=\"473\" loading=\"lazy\" src=\"https:\/\/vremeplov.ba\/2025\/wp-content\/uploads\/2015\/12\/TPP_Lasva_Gornji_Vakuf-20.jpg\" srcset=\",https:\/\/vremeplov.ba\/2025\/wp-content\/uploads\/2015\/12\/TPP_Lasva_Gornji_Vakuf-20.jpg 950w\" sizes=\"auto, 250px\"\/><\/a><\/div><div class=\"sgb-item\"><a href=\"https:\/\/vremeplov.ba\/2025\/2015\/12\/01\/tehnicki-podaci-za-uzanu-prugu-lasva-gornji-vakuf-1964-godine\/tpp_lasva_gornji_vakuf-21\/\" target=\"_blank\"><img decoding=\"async\" alt=\"\" width=\"1890\" height=\"1322\" loading=\"lazy\" src=\"https:\/\/vremeplov.ba\/2025\/wp-content\/uploads\/2015\/12\/TPP_Lasva_Gornji_Vakuf-21.jpg\" srcset=\",https:\/\/vremeplov.ba\/2025\/wp-content\/uploads\/2015\/12\/TPP_Lasva_Gornji_Vakuf-21.jpg 1890w\" sizes=\"auto, 250px\"\/><\/a><\/div><div class=\"sgb-item\"><a href=\"https:\/\/vremeplov.ba\/2025\/2015\/12\/01\/tehnicki-podaci-za-uzanu-prugu-lasva-gornji-vakuf-1964-godine\/tpp_lasva_gornji_vakuf-22\/\" target=\"_blank\"><img decoding=\"async\" alt=\"\" width=\"950\" height=\"612\" loading=\"lazy\" src=\"https:\/\/vremeplov.ba\/2025\/wp-content\/uploads\/2015\/12\/TPP_Lasva_Gornji_Vakuf-22.jpg\" srcset=\",https:\/\/vremeplov.ba\/2025\/wp-content\/uploads\/2015\/12\/TPP_Lasva_Gornji_Vakuf-22.jpg 950w\" sizes=\"auto, 250px\"\/><\/a><\/div><div class=\"sgb-item\"><a href=\"https:\/\/vremeplov.ba\/2025\/2015\/12\/01\/tehnicki-podaci-za-uzanu-prugu-lasva-gornji-vakuf-1964-godine\/tpp_lasva_gornji_vakuf-23\/\" target=\"_blank\"><img decoding=\"async\" alt=\"\" width=\"1890\" height=\"1300\" loading=\"lazy\" src=\"https:\/\/vremeplov.ba\/2025\/wp-content\/uploads\/2015\/12\/TPP_Lasva_Gornji_Vakuf-23.jpg\" srcset=\",https:\/\/vremeplov.ba\/2025\/wp-content\/uploads\/2015\/12\/TPP_Lasva_Gornji_Vakuf-23.jpg 1890w\" sizes=\"auto, 250px\"\/><\/a><\/div><div class=\"sgb-item\"><a href=\"https:\/\/vremeplov.ba\/2025\/2015\/12\/01\/tehnicki-podaci-za-uzanu-prugu-lasva-gornji-vakuf-1964-godine\/tpp_lasva_gornji_vakuf-24\/\" target=\"_blank\"><img decoding=\"async\" alt=\"\" width=\"950\" height=\"621\" loading=\"lazy\" src=\"https:\/\/vremeplov.ba\/2025\/wp-content\/uploads\/2015\/12\/TPP_Lasva_Gornji_Vakuf-24.jpg\" srcset=\",https:\/\/vremeplov.ba\/2025\/wp-content\/uploads\/2015\/12\/TPP_Lasva_Gornji_Vakuf-24.jpg 950w\" sizes=\"auto, 250px\"\/><\/a><\/div><div class=\"sgb-item\"><a href=\"https:\/\/vremeplov.ba\/2025\/2015\/12\/01\/tehnicki-podaci-za-uzanu-prugu-lasva-gornji-vakuf-1964-godine\/tpp_lasva_gornji_vakuf-25\/\" target=\"_blank\"><img decoding=\"async\" alt=\"\" width=\"1890\" height=\"1300\" loading=\"lazy\" src=\"https:\/\/vremeplov.ba\/2025\/wp-content\/uploads\/2015\/12\/TPP_Lasva_Gornji_Vakuf-25.jpg\" srcset=\",https:\/\/vremeplov.ba\/2025\/wp-content\/uploads\/2015\/12\/TPP_Lasva_Gornji_Vakuf-25.jpg 1890w\" sizes=\"auto, 250px\"\/><\/a><\/div><div class=\"sgb-item\"><a href=\"https:\/\/vremeplov.ba\/2025\/2015\/12\/01\/tehnicki-podaci-za-uzanu-prugu-lasva-gornji-vakuf-1964-godine\/tpp_lasva_gornji_vakuf-26\/\" target=\"_blank\"><img decoding=\"async\" alt=\"\" width=\"950\" height=\"541\" loading=\"lazy\" src=\"https:\/\/vremeplov.ba\/2025\/wp-content\/uploads\/2015\/12\/TPP_Lasva_Gornji_Vakuf-26.jpg\" srcset=\",https:\/\/vremeplov.ba\/2025\/wp-content\/uploads\/2015\/12\/TPP_Lasva_Gornji_Vakuf-26.jpg 950w\" sizes=\"auto, 250px\"\/><\/a><\/div><div class=\"sgb-item\"><a href=\"https:\/\/vremeplov.ba\/2025\/2015\/12\/01\/tehnicki-podaci-za-uzanu-prugu-lasva-gornji-vakuf-1964-godine\/tpp_lasva_gornji_vakuf-27\/\" target=\"_blank\"><img decoding=\"async\" alt=\"\" width=\"1890\" height=\"1257\" loading=\"lazy\" src=\"https:\/\/vremeplov.ba\/2025\/wp-content\/uploads\/2015\/12\/TPP_Lasva_Gornji_Vakuf-27.jpg\" srcset=\",https:\/\/vremeplov.ba\/2025\/wp-content\/uploads\/2015\/12\/TPP_Lasva_Gornji_Vakuf-27.jpg 1890w\" sizes=\"auto, 250px\"\/><\/a><\/div><div class=\"sgb-item\"><a href=\"https:\/\/vremeplov.ba\/2025\/2015\/12\/01\/tehnicki-podaci-za-uzanu-prugu-lasva-gornji-vakuf-1964-godine\/tpp_lasva_gornji_vakuf-28\/\" target=\"_blank\"><img decoding=\"async\" alt=\"\" width=\"950\" height=\"707\" loading=\"lazy\" src=\"https:\/\/vremeplov.ba\/2025\/wp-content\/uploads\/2015\/12\/TPP_Lasva_Gornji_Vakuf-28.jpg\" srcset=\",https:\/\/vremeplov.ba\/2025\/wp-content\/uploads\/2015\/12\/TPP_Lasva_Gornji_Vakuf-28.jpg 950w\" sizes=\"auto, 250px\"\/><\/a><\/div><div class=\"sgb-item\"><a href=\"https:\/\/vremeplov.ba\/2025\/2015\/12\/01\/tehnicki-podaci-za-uzanu-prugu-lasva-gornji-vakuf-1964-godine\/tpp_lasva_gornji_vakuf-29\/\" target=\"_blank\"><img decoding=\"async\" alt=\"\" width=\"1890\" height=\"1300\" loading=\"lazy\" src=\"https:\/\/vremeplov.ba\/2025\/wp-content\/uploads\/2015\/12\/TPP_Lasva_Gornji_Vakuf-29.jpg\" srcset=\",https:\/\/vremeplov.ba\/2025\/wp-content\/uploads\/2015\/12\/TPP_Lasva_Gornji_Vakuf-29.jpg 1890w\" sizes=\"auto, 250px\"\/><\/a><\/div><div class=\"sgb-item\"><a href=\"https:\/\/vremeplov.ba\/2025\/2015\/12\/01\/tehnicki-podaci-za-uzanu-prugu-lasva-gornji-vakuf-1964-godine\/tpp_lasva_gornji_vakuf-30\/\" target=\"_blank\"><img decoding=\"async\" alt=\"\" width=\"950\" height=\"617\" loading=\"lazy\" src=\"https:\/\/vremeplov.ba\/2025\/wp-content\/uploads\/2015\/12\/TPP_Lasva_Gornji_Vakuf-30.jpg\" srcset=\",https:\/\/vremeplov.ba\/2025\/wp-content\/uploads\/2015\/12\/TPP_Lasva_Gornji_Vakuf-30.jpg 950w\" sizes=\"auto, 250px\"\/><\/a><\/div><div class=\"sgb-item\"><a href=\"https:\/\/vremeplov.ba\/2025\/2015\/12\/01\/tehnicki-podaci-za-uzanu-prugu-lasva-gornji-vakuf-1964-godine\/tpp_lasva_gornji_vakuf-31\/\" target=\"_blank\"><img decoding=\"async\" alt=\"\" width=\"1890\" height=\"1314\" loading=\"lazy\" src=\"https:\/\/vremeplov.ba\/2025\/wp-content\/uploads\/2015\/12\/TPP_Lasva_Gornji_Vakuf-31.jpg\" srcset=\",https:\/\/vremeplov.ba\/2025\/wp-content\/uploads\/2015\/12\/TPP_Lasva_Gornji_Vakuf-31.jpg 1890w\" sizes=\"auto, 250px\"\/><\/a><\/div><div class=\"sgb-item\"><a href=\"https:\/\/vremeplov.ba\/2025\/2015\/12\/01\/tehnicki-podaci-za-uzanu-prugu-lasva-gornji-vakuf-1964-godine\/tpp_lasva_gornji_vakuf-32\/\" target=\"_blank\"><img decoding=\"async\" alt=\"\" width=\"950\" height=\"662\" loading=\"lazy\" src=\"https:\/\/vremeplov.ba\/2025\/wp-content\/uploads\/2015\/12\/TPP_Lasva_Gornji_Vakuf-32.jpg\" srcset=\",https:\/\/vremeplov.ba\/2025\/wp-content\/uploads\/2015\/12\/TPP_Lasva_Gornji_Vakuf-32.jpg 950w\" sizes=\"auto, 250px\"\/><\/a><\/div><div class=\"sgb-item\"><a href=\"https:\/\/vremeplov.ba\/2025\/2015\/12\/01\/tehnicki-podaci-za-uzanu-prugu-lasva-gornji-vakuf-1964-godine\/tpp_lasva_gornji_vakuf-33\/\" target=\"_blank\"><img decoding=\"async\" alt=\"\" width=\"950\" height=\"662\" loading=\"lazy\" src=\"https:\/\/vremeplov.ba\/2025\/wp-content\/uploads\/2015\/12\/TPP_Lasva_Gornji_Vakuf-33.jpg\" srcset=\",https:\/\/vremeplov.ba\/2025\/wp-content\/uploads\/2015\/12\/TPP_Lasva_Gornji_Vakuf-33.jpg 950w\" sizes=\"auto, 250px\"\/><\/a><\/div><div class=\"sgb-item\"><a href=\"https:\/\/vremeplov.ba\/2025\/2015\/12\/01\/tehnicki-podaci-za-uzanu-prugu-lasva-gornji-vakuf-1964-godine\/tpp_lasva_gornji_vakuf-34\/\" target=\"_blank\"><img decoding=\"async\" alt=\"\" width=\"1890\" height=\"1301\" loading=\"lazy\" src=\"https:\/\/vremeplov.ba\/2025\/wp-content\/uploads\/2015\/12\/TPP_Lasva_Gornji_Vakuf-34.jpg\" srcset=\",https:\/\/vremeplov.ba\/2025\/wp-content\/uploads\/2015\/12\/TPP_Lasva_Gornji_Vakuf-34.jpg 1890w\" sizes=\"auto, 250px\"\/><\/a><\/div><div class=\"sgb-item\"><a href=\"https:\/\/vremeplov.ba\/2025\/2015\/12\/01\/tehnicki-podaci-za-uzanu-prugu-lasva-gornji-vakuf-1964-godine\/tpp_lasva_gornji_vakuf-35\/\" target=\"_blank\"><img decoding=\"async\" alt=\"\" width=\"950\" height=\"576\" loading=\"lazy\" src=\"https:\/\/vremeplov.ba\/2025\/wp-content\/uploads\/2015\/12\/TPP_Lasva_Gornji_Vakuf-35.jpg\" srcset=\",https:\/\/vremeplov.ba\/2025\/wp-content\/uploads\/2015\/12\/TPP_Lasva_Gornji_Vakuf-35.jpg 950w\" sizes=\"auto, 250px\"\/><\/a><\/div><div class=\"sgb-item\"><a href=\"https:\/\/vremeplov.ba\/2025\/2015\/12\/01\/tehnicki-podaci-za-uzanu-prugu-lasva-gornji-vakuf-1964-godine\/tpp_lasva_gornji_vakuf-36\/\" target=\"_blank\"><img decoding=\"async\" alt=\"\" width=\"1890\" height=\"1264\" loading=\"lazy\" src=\"https:\/\/vremeplov.ba\/2025\/wp-content\/uploads\/2015\/12\/TPP_Lasva_Gornji_Vakuf-36.jpg\" srcset=\",https:\/\/vremeplov.ba\/2025\/wp-content\/uploads\/2015\/12\/TPP_Lasva_Gornji_Vakuf-36.jpg 1890w\" sizes=\"auto, 250px\"\/><\/a><\/div><div class=\"sgb-item\"><a href=\"https:\/\/vremeplov.ba\/2025\/2015\/12\/01\/tehnicki-podaci-za-uzanu-prugu-lasva-gornji-vakuf-1964-godine\/tpp_lasva_gornji_vakuf-37\/\" target=\"_blank\"><img decoding=\"async\" alt=\"\" width=\"950\" height=\"629\" loading=\"lazy\" src=\"https:\/\/vremeplov.ba\/2025\/wp-content\/uploads\/2015\/12\/TPP_Lasva_Gornji_Vakuf-37.jpg\" srcset=\",https:\/\/vremeplov.ba\/2025\/wp-content\/uploads\/2015\/12\/TPP_Lasva_Gornji_Vakuf-37.jpg 950w\" sizes=\"auto, 250px\"\/><\/a><\/div><div class=\"sgb-item\"><a href=\"https:\/\/vremeplov.ba\/2025\/2015\/12\/01\/tehnicki-podaci-za-uzanu-prugu-lasva-gornji-vakuf-1964-godine\/tpp_lasva_gornji_vakuf-38\/\" target=\"_blank\"><img decoding=\"async\" alt=\"\" width=\"1890\" height=\"1642\" loading=\"lazy\" src=\"https:\/\/vremeplov.ba\/2025\/wp-content\/uploads\/2015\/12\/TPP_Lasva_Gornji_Vakuf-38.jpg\" srcset=\",https:\/\/vremeplov.ba\/2025\/wp-content\/uploads\/2015\/12\/TPP_Lasva_Gornji_Vakuf-38.jpg 1890w\" sizes=\"auto, 250px\"\/><\/a><\/div><div class=\"sgb-item\"><a href=\"https:\/\/vremeplov.ba\/2025\/2015\/12\/01\/tehnicki-podaci-za-uzanu-prugu-lasva-gornji-vakuf-1964-godine\/tpp_lasva_gornji_vakuf-39\/\" target=\"_blank\"><img decoding=\"async\" alt=\"\" width=\"950\" height=\"556\" loading=\"lazy\" src=\"https:\/\/vremeplov.ba\/2025\/wp-content\/uploads\/2015\/12\/TPP_Lasva_Gornji_Vakuf-39.jpg\" srcset=\",https:\/\/vremeplov.ba\/2025\/wp-content\/uploads\/2015\/12\/TPP_Lasva_Gornji_Vakuf-39.jpg 950w\" sizes=\"auto, 250px\"\/><\/a><\/div><div class=\"sgb-item\"><a href=\"https:\/\/vremeplov.ba\/2025\/2015\/12\/01\/tehnicki-podaci-za-uzanu-prugu-lasva-gornji-vakuf-1964-godine\/tpp_lasva_gornji_vakuf-40\/\" target=\"_blank\"><img decoding=\"async\" alt=\"\" width=\"950\" height=\"566\" loading=\"lazy\" src=\"https:\/\/vremeplov.ba\/2025\/wp-content\/uploads\/2015\/12\/TPP_Lasva_Gornji_Vakuf-40.jpg\" srcset=\",https:\/\/vremeplov.ba\/2025\/wp-content\/uploads\/2015\/12\/TPP_Lasva_Gornji_Vakuf-40.jpg 950w\" sizes=\"auto, 250px\"\/><\/a><\/div><div class=\"sgb-item\"><a href=\"https:\/\/vremeplov.ba\/2025\/2015\/12\/01\/tehnicki-podaci-za-uzanu-prugu-lasva-gornji-vakuf-1964-godine\/tpp_lasva_gornji_vakuf-41\/\" target=\"_blank\"><img decoding=\"async\" alt=\"\" width=\"2362\" height=\"1097\" loading=\"lazy\" src=\"https:\/\/vremeplov.ba\/2025\/wp-content\/uploads\/2015\/12\/TPP_Lasva_Gornji_Vakuf-41.jpg\" srcset=\",https:\/\/vremeplov.ba\/2025\/wp-content\/uploads\/2015\/12\/TPP_Lasva_Gornji_Vakuf-41.jpg 2362w\" sizes=\"auto, 250px\"\/><\/a><\/div><\/div><\/noscript><\/div><script type=\"application\/json\" class=\"sgb-data\">{\"collectionColumns\":5,\"collectionThumbRecomendedWidth\":100,\"externalLink\":false,\"captions\":false,\"collectionThumbSubMenuDownload\":false,\"collectionThumbSubMenuShare\":false,\"galleryType\":\"pgc_sgb_grid\",\"galleryId\":\"6e894271\",\"images\":[{\"id\":28649,\"title\":\"TPP_Lasva_Gornji_Vakuf-1\",\"url\":\"https:\/\/vremeplov.ba\/2025\/wp-content\/uploads\/2015\/12\/TPP_Lasva_Gornji_Vakuf-1.jpg\",\"link\":\"https:\/\/vremeplov.ba\/2025\/2015\/12\/01\/tehnicki-podaci-za-uzanu-prugu-lasva-gornji-vakuf-1964-godine\/tpp_lasva_gornji_vakuf-1\/\",\"alt\":\"\",\"description\":\"\",\"caption\":\"\",\"mime\":\"image\/jpeg\",\"type\":\"image\",\"width\":950,\"height\":1265,\"sizes\":{\"full\":{\"url\":\"https:\/\/vremeplov.ba\/2025\/wp-content\/uploads\/2015\/12\/TPP_Lasva_Gornji_Vakuf-1.jpg\",\"height\":1265,\"width\":950,\"orientation\":\"portrait\"}},\"imageMeta\":{\"aperture\":\"0\",\"credit\":\"Sre\u0107ko Ignjatovi\u0107 Sarajevo BiH\",\"camera\":\"\",\"caption\":\"\",\"created_timestamp\":\"0\",\"copyright\":\"www.photogalerija.com\",\"focal_length\":\"0\",\"iso\":\"0\",\"shutter_speed\":\"0\",\"title\":\"\",\"orientation\":\"1\",\"keywords\":[\"Tehni\u0107ki podaci\",\"\u0161eme stanica\",\"La\u0161va\",\"Gornji Vakuf\",\"Busova\u0107a\",\"Vitez\",\"Bila\",\"Travnik\",\"Dolac\",\"Komar\",\"Bugojno\"]},\"meta\":false,\"postlink\":\"https:\/\/vremeplov.ba\/2025\/2015\/12\/01\/tehnicki-podaci-za-uzanu-prugu-lasva-gornji-vakuf-1964-godine\/tpp_lasva_gornji_vakuf-1\/\"},{\"id\":28651,\"title\":\"TPP_Lasva_Gornji_Vakuf-2\",\"url\":\"https:\/\/vremeplov.ba\/2025\/wp-content\/uploads\/2015\/12\/TPP_Lasva_Gornji_Vakuf-2.jpg\",\"link\":\"https:\/\/vremeplov.ba\/2025\/2015\/12\/01\/tehnicki-podaci-za-uzanu-prugu-lasva-gornji-vakuf-1964-godine\/tpp_lasva_gornji_vakuf-2\/\",\"alt\":\"\",\"description\":\"\",\"caption\":\"\",\"mime\":\"image\/jpeg\",\"type\":\"image\",\"width\":950,\"height\":1335,\"sizes\":{\"full\":{\"url\":\"https:\/\/vremeplov.ba\/2025\/wp-content\/uploads\/2015\/12\/TPP_Lasva_Gornji_Vakuf-2.jpg\",\"height\":1335,\"width\":950,\"orientation\":\"portrait\"}},\"imageMeta\":{\"aperture\":\"0\",\"credit\":\"Sre\u0107ko Ignjatovi\u0107 Sarajevo BiH\",\"camera\":\"\",\"caption\":\"\",\"created_timestamp\":\"0\",\"copyright\":\"www.photogalerija.com\",\"focal_length\":\"0\",\"iso\":\"0\",\"shutter_speed\":\"0\",\"title\":\"\",\"orientation\":\"1\",\"keywords\":[\"Tehni\u0107ki podaci\",\"\u0161eme stanica\",\"La\u0161va\",\"Gornji Vakuf\",\"Busova\u0107a\",\"Vitez\",\"Bila\",\"Travnik\",\"Dolac\",\"Komar\",\"Bugojno\"]},\"meta\":false,\"postlink\":\"https:\/\/vremeplov.ba\/2025\/2015\/12\/01\/tehnicki-podaci-za-uzanu-prugu-lasva-gornji-vakuf-1964-godine\/tpp_lasva_gornji_vakuf-2\/\"},{\"id\":28652,\"title\":\"TPP_Lasva_Gornji_Vakuf-3\",\"url\":\"https:\/\/vremeplov.ba\/2025\/wp-content\/uploads\/2015\/12\/TPP_Lasva_Gornji_Vakuf-3.jpg\",\"link\":\"https:\/\/vremeplov.ba\/2025\/2015\/12\/01\/tehnicki-podaci-za-uzanu-prugu-lasva-gornji-vakuf-1964-godine\/tpp_lasva_gornji_vakuf-3\/\",\"alt\":\"\",\"description\":\"\",\"caption\":\"\",\"mime\":\"image\/jpeg\",\"type\":\"image\",\"width\":1890,\"height\":1364,\"sizes\":{\"full\":{\"url\":\"https:\/\/vremeplov.ba\/2025\/wp-content\/uploads\/2015\/12\/TPP_Lasva_Gornji_Vakuf-3.jpg\",\"height\":1364,\"width\":1890,\"orientation\":\"landscape\"}},\"imageMeta\":{\"aperture\":\"0\",\"credit\":\"Sre\u0107ko Ignjatovi\u0107 Sarajevo BiH\",\"camera\":\"\",\"caption\":\"\",\"created_timestamp\":\"0\",\"copyright\":\"www.photogalerija.com\",\"focal_length\":\"0\",\"iso\":\"0\",\"shutter_speed\":\"0\",\"title\":\"\",\"orientation\":\"1\",\"keywords\":[\"Tehni\u0107ki podaci\",\"\u0161eme stanica\",\"La\u0161va\",\"Gornji Vakuf\",\"Busova\u0107a\",\"Vitez\",\"Bila\",\"Travnik\",\"Dolac\",\"Komar\",\"Bugojno\"]},\"meta\":false,\"postlink\":\"https:\/\/vremeplov.ba\/2025\/2015\/12\/01\/tehnicki-podaci-za-uzanu-prugu-lasva-gornji-vakuf-1964-godine\/tpp_lasva_gornji_vakuf-3\/\"},{\"id\":28654,\"title\":\"TPP_Lasva_Gornji_Vakuf-4\",\"url\":\"https:\/\/vremeplov.ba\/2025\/wp-content\/uploads\/2015\/12\/TPP_Lasva_Gornji_Vakuf-4.jpg\",\"link\":\"https:\/\/vremeplov.ba\/2025\/2015\/12\/01\/tehnicki-podaci-za-uzanu-prugu-lasva-gornji-vakuf-1964-godine\/tpp_lasva_gornji_vakuf-4\/\",\"alt\":\"\",\"description\":\"\",\"caption\":\"\",\"mime\":\"image\/jpeg\",\"type\":\"image\",\"width\":950,\"height\":575,\"sizes\":{\"full\":{\"url\":\"https:\/\/vremeplov.ba\/2025\/wp-content\/uploads\/2015\/12\/TPP_Lasva_Gornji_Vakuf-4.jpg\",\"height\":575,\"width\":950,\"orientation\":\"landscape\"}},\"imageMeta\":{\"aperture\":\"0\",\"credit\":\"Sre\u0107ko Ignjatovi\u0107 Sarajevo BiH\",\"camera\":\"\",\"caption\":\"\",\"created_timestamp\":\"0\",\"copyright\":\"www.photogalerija.com\",\"focal_length\":\"0\",\"iso\":\"0\",\"shutter_speed\":\"0\",\"title\":\"\",\"orientation\":\"1\",\"keywords\":[\"Tehni\u0107ki podaci\",\"\u0161eme stanica\",\"La\u0161va\",\"Gornji Vakuf\",\"Busova\u0107a\",\"Vitez\",\"Bila\",\"Travnik\",\"Dolac\",\"Komar\",\"Bugojno\"]},\"meta\":false,\"postlink\":\"https:\/\/vremeplov.ba\/2025\/2015\/12\/01\/tehnicki-podaci-za-uzanu-prugu-lasva-gornji-vakuf-1964-godine\/tpp_lasva_gornji_vakuf-4\/\"},{\"id\":28656,\"title\":\"TPP_Lasva_Gornji_Vakuf-5\",\"url\":\"https:\/\/vremeplov.ba\/2025\/wp-content\/uploads\/2015\/12\/TPP_Lasva_Gornji_Vakuf-5.jpg\",\"link\":\"https:\/\/vremeplov.ba\/2025\/2015\/12\/01\/tehnicki-podaci-za-uzanu-prugu-lasva-gornji-vakuf-1964-godine\/tpp_lasva_gornji_vakuf-5\/\",\"alt\":\"\",\"description\":\"\",\"caption\":\"\",\"mime\":\"image\/jpeg\",\"type\":\"image\",\"width\":1890,\"height\":1381,\"sizes\":{\"full\":{\"url\":\"https:\/\/vremeplov.ba\/2025\/wp-content\/uploads\/2015\/12\/TPP_Lasva_Gornji_Vakuf-5.jpg\",\"height\":1381,\"width\":1890,\"orientation\":\"landscape\"}},\"imageMeta\":{\"aperture\":\"0\",\"credit\":\"Sre\u0107ko Ignjatovi\u0107 Sarajevo BiH\",\"camera\":\"\",\"caption\":\"\",\"created_timestamp\":\"0\",\"copyright\":\"www.photogalerija.com\",\"focal_length\":\"0\",\"iso\":\"0\",\"shutter_speed\":\"0\",\"title\":\"\",\"orientation\":\"1\",\"keywords\":[\"Tehni\u0107ki podaci\",\"\u0161eme stanica\",\"La\u0161va\",\"Gornji Vakuf\",\"Busova\u0107a\",\"Vitez\",\"Bila\",\"Travnik\",\"Dolac\",\"Komar\",\"Bugojno\"]},\"meta\":false,\"postlink\":\"https:\/\/vremeplov.ba\/2025\/2015\/12\/01\/tehnicki-podaci-za-uzanu-prugu-lasva-gornji-vakuf-1964-godine\/tpp_lasva_gornji_vakuf-5\/\"},{\"id\":28658,\"title\":\"TPP_Lasva_Gornji_Vakuf-6\",\"url\":\"https:\/\/vremeplov.ba\/2025\/wp-content\/uploads\/2015\/12\/TPP_Lasva_Gornji_Vakuf-6.jpg\",\"link\":\"https:\/\/vremeplov.ba\/2025\/2015\/12\/01\/tehnicki-podaci-za-uzanu-prugu-lasva-gornji-vakuf-1964-godine\/tpp_lasva_gornji_vakuf-6\/\",\"alt\":\"\",\"description\":\"\",\"caption\":\"\",\"mime\":\"image\/jpeg\",\"type\":\"image\",\"width\":950,\"height\":617,\"sizes\":{\"full\":{\"url\":\"https:\/\/vremeplov.ba\/2025\/wp-content\/uploads\/2015\/12\/TPP_Lasva_Gornji_Vakuf-6.jpg\",\"height\":617,\"width\":950,\"orientation\":\"landscape\"}},\"imageMeta\":{\"aperture\":\"0\",\"credit\":\"Sre\u0107ko Ignjatovi\u0107 Sarajevo BiH\",\"camera\":\"\",\"caption\":\"\",\"created_timestamp\":\"0\",\"copyright\":\"www.photogalerija.com\",\"focal_length\":\"0\",\"iso\":\"0\",\"shutter_speed\":\"0\",\"title\":\"\",\"orientation\":\"1\",\"keywords\":[\"Tehni\u0107ki podaci\",\"\u0161eme stanica\",\"La\u0161va\",\"Gornji Vakuf\",\"Busova\u0107a\",\"Vitez\",\"Bila\",\"Travnik\",\"Dolac\",\"Komar\",\"Bugojno\"]},\"meta\":false,\"postlink\":\"https:\/\/vremeplov.ba\/2025\/2015\/12\/01\/tehnicki-podaci-za-uzanu-prugu-lasva-gornji-vakuf-1964-godine\/tpp_lasva_gornji_vakuf-6\/\"},{\"id\":28660,\"title\":\"TPP_Lasva_Gornji_Vakuf-7\",\"url\":\"https:\/\/vremeplov.ba\/2025\/wp-content\/uploads\/2015\/12\/TPP_Lasva_Gornji_Vakuf-7.jpg\",\"link\":\"https:\/\/vremeplov.ba\/2025\/2015\/12\/01\/tehnicki-podaci-za-uzanu-prugu-lasva-gornji-vakuf-1964-godine\/tpp_lasva_gornji_vakuf-7\/\",\"alt\":\"\",\"description\":\"\",\"caption\":\"\",\"mime\":\"image\/jpeg\",\"type\":\"image\",\"width\":1890,\"height\":1333,\"sizes\":{\"full\":{\"url\":\"https:\/\/vremeplov.ba\/2025\/wp-content\/uploads\/2015\/12\/TPP_Lasva_Gornji_Vakuf-7.jpg\",\"height\":1333,\"width\":1890,\"orientation\":\"landscape\"}},\"imageMeta\":{\"aperture\":\"0\",\"credit\":\"Sre\u0107ko Ignjatovi\u0107 Sarajevo BiH\",\"camera\":\"\",\"caption\":\"\",\"created_timestamp\":\"0\",\"copyright\":\"www.photogalerija.com\",\"focal_length\":\"0\",\"iso\":\"0\",\"shutter_speed\":\"0\",\"title\":\"\",\"orientation\":\"1\",\"keywords\":[\"Tehni\u0107ki podaci\",\"\u0161eme stanica\",\"La\u0161va\",\"Gornji Vakuf\",\"Busova\u0107a\",\"Vitez\",\"Bila\",\"Travnik\",\"Dolac\",\"Komar\",\"Bugojno\"]},\"meta\":false,\"postlink\":\"https:\/\/vremeplov.ba\/2025\/2015\/12\/01\/tehnicki-podaci-za-uzanu-prugu-lasva-gornji-vakuf-1964-godine\/tpp_lasva_gornji_vakuf-7\/\"},{\"id\":28662,\"title\":\"TPP_Lasva_Gornji_Vakuf-8\",\"url\":\"https:\/\/vremeplov.ba\/2025\/wp-content\/uploads\/2015\/12\/TPP_Lasva_Gornji_Vakuf-8.jpg\",\"link\":\"https:\/\/vremeplov.ba\/2025\/2015\/12\/01\/tehnicki-podaci-za-uzanu-prugu-lasva-gornji-vakuf-1964-godine\/tpp_lasva_gornji_vakuf-8\/\",\"alt\":\"\",\"description\":\"\",\"caption\":\"\",\"mime\":\"image\/jpeg\",\"type\":\"image\",\"width\":950,\"height\":689,\"sizes\":{\"full\":{\"url\":\"https:\/\/vremeplov.ba\/2025\/wp-content\/uploads\/2015\/12\/TPP_Lasva_Gornji_Vakuf-8.jpg\",\"height\":689,\"width\":950,\"orientation\":\"landscape\"}},\"imageMeta\":{\"aperture\":\"0\",\"credit\":\"Sre\u0107ko Ignjatovi\u0107 Sarajevo BiH\",\"camera\":\"\",\"caption\":\"\",\"created_timestamp\":\"0\",\"copyright\":\"www.photogalerija.com\",\"focal_length\":\"0\",\"iso\":\"0\",\"shutter_speed\":\"0\",\"title\":\"\",\"orientation\":\"1\",\"keywords\":[\"Tehni\u0107ki podaci\",\"\u0161eme stanica\",\"La\u0161va\",\"Gornji Vakuf\",\"Busova\u0107a\",\"Vitez\",\"Bila\",\"Travnik\",\"Dolac\",\"Komar\",\"Bugojno\"]},\"meta\":false,\"postlink\":\"https:\/\/vremeplov.ba\/2025\/2015\/12\/01\/tehnicki-podaci-za-uzanu-prugu-lasva-gornji-vakuf-1964-godine\/tpp_lasva_gornji_vakuf-8\/\"},{\"id\":28663,\"title\":\"TPP_Lasva_Gornji_Vakuf-9\",\"url\":\"https:\/\/vremeplov.ba\/2025\/wp-content\/uploads\/2015\/12\/TPP_Lasva_Gornji_Vakuf-9.jpg\",\"link\":\"https:\/\/vremeplov.ba\/2025\/2015\/12\/01\/tehnicki-podaci-za-uzanu-prugu-lasva-gornji-vakuf-1964-godine\/tpp_lasva_gornji_vakuf-9\/\",\"alt\":\"\",\"description\":\"\",\"caption\":\"\",\"mime\":\"image\/jpeg\",\"type\":\"image\",\"width\":1890,\"height\":1351,\"sizes\":{\"full\":{\"url\":\"https:\/\/vremeplov.ba\/2025\/wp-content\/uploads\/2015\/12\/TPP_Lasva_Gornji_Vakuf-9.jpg\",\"height\":1351,\"width\":1890,\"orientation\":\"landscape\"}},\"imageMeta\":{\"aperture\":\"0\",\"credit\":\"Sre\u0107ko Ignjatovi\u0107 Sarajevo BiH\",\"camera\":\"\",\"caption\":\"\",\"created_timestamp\":\"0\",\"copyright\":\"www.photogalerija.com\",\"focal_length\":\"0\",\"iso\":\"0\",\"shutter_speed\":\"0\",\"title\":\"\",\"orientation\":\"1\",\"keywords\":[\"Tehni\u0107ki podaci\",\"\u0161eme stanica\",\"La\u0161va\",\"Gornji Vakuf\",\"Busova\u0107a\",\"Vitez\",\"Bila\",\"Travnik\",\"Dolac\",\"Komar\",\"Bugojno\"]},\"meta\":false,\"postlink\":\"https:\/\/vremeplov.ba\/2025\/2015\/12\/01\/tehnicki-podaci-za-uzanu-prugu-lasva-gornji-vakuf-1964-godine\/tpp_lasva_gornji_vakuf-9\/\"},{\"id\":28665,\"title\":\"TPP_Lasva_Gornji_Vakuf-10\",\"url\":\"https:\/\/vremeplov.ba\/2025\/wp-content\/uploads\/2015\/12\/TPP_Lasva_Gornji_Vakuf-10.jpg\",\"link\":\"https:\/\/vremeplov.ba\/2025\/2015\/12\/01\/tehnicki-podaci-za-uzanu-prugu-lasva-gornji-vakuf-1964-godine\/tpp_lasva_gornji_vakuf-10\/\",\"alt\":\"\",\"description\":\"\",\"caption\":\"\",\"mime\":\"image\/jpeg\",\"type\":\"image\",\"width\":950,\"height\":737,\"sizes\":{\"full\":{\"url\":\"https:\/\/vremeplov.ba\/2025\/wp-content\/uploads\/2015\/12\/TPP_Lasva_Gornji_Vakuf-10.jpg\",\"height\":737,\"width\":950,\"orientation\":\"landscape\"}},\"imageMeta\":{\"aperture\":\"0\",\"credit\":\"Sre\u0107ko Ignjatovi\u0107 Sarajevo BiH\",\"camera\":\"\",\"caption\":\"\",\"created_timestamp\":\"0\",\"copyright\":\"www.photogalerija.com\",\"focal_length\":\"0\",\"iso\":\"0\",\"shutter_speed\":\"0\",\"title\":\"\",\"orientation\":\"1\",\"keywords\":[\"Tehni\u0107ki podaci\",\"\u0161eme stanica\",\"La\u0161va\",\"Gornji Vakuf\",\"Busova\u0107a\",\"Vitez\",\"Bila\",\"Travnik\",\"Dolac\",\"Komar\",\"Bugojno\"]},\"meta\":false,\"postlink\":\"https:\/\/vremeplov.ba\/2025\/2015\/12\/01\/tehnicki-podaci-za-uzanu-prugu-lasva-gornji-vakuf-1964-godine\/tpp_lasva_gornji_vakuf-10\/\"},{\"id\":28667,\"title\":\"TPP_Lasva_Gornji_Vakuf-11\",\"url\":\"https:\/\/vremeplov.ba\/2025\/wp-content\/uploads\/2015\/12\/TPP_Lasva_Gornji_Vakuf-11.jpg\",\"link\":\"https:\/\/vremeplov.ba\/2025\/2015\/12\/01\/tehnicki-podaci-za-uzanu-prugu-lasva-gornji-vakuf-1964-godine\/tpp_lasva_gornji_vakuf-11\/\",\"alt\":\"\",\"description\":\"\",\"caption\":\"\",\"mime\":\"image\/jpeg\",\"type\":\"image\",\"width\":950,\"height\":737,\"sizes\":{\"full\":{\"url\":\"https:\/\/vremeplov.ba\/2025\/wp-content\/uploads\/2015\/12\/TPP_Lasva_Gornji_Vakuf-11.jpg\",\"height\":737,\"width\":950,\"orientation\":\"landscape\"}},\"imageMeta\":{\"aperture\":\"0\",\"credit\":\"Sre\u0107ko Ignjatovi\u0107 Sarajevo BiH\",\"camera\":\"\",\"caption\":\"\",\"created_timestamp\":\"0\",\"copyright\":\"www.photogalerija.com\",\"focal_length\":\"0\",\"iso\":\"0\",\"shutter_speed\":\"0\",\"title\":\"\",\"orientation\":\"1\",\"keywords\":[\"Tehni\u0107ki podaci\",\"\u0161eme stanica\",\"La\u0161va\",\"Gornji Vakuf\",\"Busova\u0107a\",\"Vitez\",\"Bila\",\"Travnik\",\"Dolac\",\"Komar\",\"Bugojno\"]},\"meta\":false,\"postlink\":\"https:\/\/vremeplov.ba\/2025\/2015\/12\/01\/tehnicki-podaci-za-uzanu-prugu-lasva-gornji-vakuf-1964-godine\/tpp_lasva_gornji_vakuf-11\/\"},{\"id\":28669,\"title\":\"TPP_Lasva_Gornji_Vakuf-12\",\"url\":\"https:\/\/vremeplov.ba\/2025\/wp-content\/uploads\/2015\/12\/TPP_Lasva_Gornji_Vakuf-12.jpg\",\"link\":\"https:\/\/vremeplov.ba\/2025\/2015\/12\/01\/tehnicki-podaci-za-uzanu-prugu-lasva-gornji-vakuf-1964-godine\/tpp_lasva_gornji_vakuf-12\/\",\"alt\":\"\",\"description\":\"\",\"caption\":\"\",\"mime\":\"image\/jpeg\",\"type\":\"image\",\"width\":1890,\"height\":1287,\"sizes\":{\"full\":{\"url\":\"https:\/\/vremeplov.ba\/2025\/wp-content\/uploads\/2015\/12\/TPP_Lasva_Gornji_Vakuf-12.jpg\",\"height\":1287,\"width\":1890,\"orientation\":\"landscape\"}},\"imageMeta\":{\"aperture\":\"0\",\"credit\":\"Sre\u0107ko Ignjatovi\u0107 Sarajevo BiH\",\"camera\":\"\",\"caption\":\"\",\"created_timestamp\":\"0\",\"copyright\":\"www.photogalerija.com\",\"focal_length\":\"0\",\"iso\":\"0\",\"shutter_speed\":\"0\",\"title\":\"\",\"orientation\":\"1\",\"keywords\":[\"Tehni\u0107ki podaci\",\"\u0161eme stanica\",\"La\u0161va\",\"Gornji Vakuf\",\"Busova\u0107a\",\"Vitez\",\"Bila\",\"Travnik\",\"Dolac\",\"Komar\",\"Bugojno\"]},\"meta\":false,\"postlink\":\"https:\/\/vremeplov.ba\/2025\/2015\/12\/01\/tehnicki-podaci-za-uzanu-prugu-lasva-gornji-vakuf-1964-godine\/tpp_lasva_gornji_vakuf-12\/\"},{\"id\":28671,\"title\":\"TPP_Lasva_Gornji_Vakuf-13\",\"url\":\"https:\/\/vremeplov.ba\/2025\/wp-content\/uploads\/2015\/12\/TPP_Lasva_Gornji_Vakuf-13.jpg\",\"link\":\"https:\/\/vremeplov.ba\/2025\/2015\/12\/01\/tehnicki-podaci-za-uzanu-prugu-lasva-gornji-vakuf-1964-godine\/tpp_lasva_gornji_vakuf-13\/\",\"alt\":\"\",\"description\":\"\",\"caption\":\"\",\"mime\":\"image\/jpeg\",\"type\":\"image\",\"width\":950,\"height\":586,\"sizes\":{\"full\":{\"url\":\"https:\/\/vremeplov.ba\/2025\/wp-content\/uploads\/2015\/12\/TPP_Lasva_Gornji_Vakuf-13.jpg\",\"height\":586,\"width\":950,\"orientation\":\"landscape\"}},\"imageMeta\":{\"aperture\":\"0\",\"credit\":\"Sre\u0107ko Ignjatovi\u0107 Sarajevo BiH\",\"camera\":\"\",\"caption\":\"\",\"created_timestamp\":\"0\",\"copyright\":\"www.photogalerija.com\",\"focal_length\":\"0\",\"iso\":\"0\",\"shutter_speed\":\"0\",\"title\":\"\",\"orientation\":\"1\",\"keywords\":[\"Tehni\u0107ki podaci\",\"\u0161eme stanica\",\"La\u0161va\",\"Gornji Vakuf\",\"Busova\u0107a\",\"Vitez\",\"Bila\",\"Travnik\",\"Dolac\",\"Komar\",\"Bugojno\"]},\"meta\":false,\"postlink\":\"https:\/\/vremeplov.ba\/2025\/2015\/12\/01\/tehnicki-podaci-za-uzanu-prugu-lasva-gornji-vakuf-1964-godine\/tpp_lasva_gornji_vakuf-13\/\"},{\"id\":28672,\"title\":\"TPP_Lasva_Gornji_Vakuf-14\",\"url\":\"https:\/\/vremeplov.ba\/2025\/wp-content\/uploads\/2015\/12\/TPP_Lasva_Gornji_Vakuf-14.jpg\",\"link\":\"https:\/\/vremeplov.ba\/2025\/2015\/12\/01\/tehnicki-podaci-za-uzanu-prugu-lasva-gornji-vakuf-1964-godine\/tpp_lasva_gornji_vakuf-14\/\",\"alt\":\"\",\"description\":\"\",\"caption\":\"\",\"mime\":\"image\/jpeg\",\"type\":\"image\",\"width\":1890,\"height\":1284,\"sizes\":{\"full\":{\"url\":\"https:\/\/vremeplov.ba\/2025\/wp-content\/uploads\/2015\/12\/TPP_Lasva_Gornji_Vakuf-14.jpg\",\"height\":1284,\"width\":1890,\"orientation\":\"landscape\"}},\"imageMeta\":{\"aperture\":\"0\",\"credit\":\"Sre\u0107ko Ignjatovi\u0107 Sarajevo BiH\",\"camera\":\"\",\"caption\":\"\",\"created_timestamp\":\"0\",\"copyright\":\"www.photogalerija.com\",\"focal_length\":\"0\",\"iso\":\"0\",\"shutter_speed\":\"0\",\"title\":\"\",\"orientation\":\"1\",\"keywords\":[\"Tehni\u0107ki podaci\",\"\u0161eme stanica\",\"La\u0161va\",\"Gornji Vakuf\",\"Busova\u0107a\",\"Vitez\",\"Bila\",\"Travnik\",\"Dolac\",\"Komar\",\"Bugojno\"]},\"meta\":false,\"postlink\":\"https:\/\/vremeplov.ba\/2025\/2015\/12\/01\/tehnicki-podaci-za-uzanu-prugu-lasva-gornji-vakuf-1964-godine\/tpp_lasva_gornji_vakuf-14\/\"},{\"id\":28674,\"title\":\"TPP_Lasva_Gornji_Vakuf-15\",\"url\":\"https:\/\/vremeplov.ba\/2025\/wp-content\/uploads\/2015\/12\/TPP_Lasva_Gornji_Vakuf-15.jpg\",\"link\":\"https:\/\/vremeplov.ba\/2025\/2015\/12\/01\/tehnicki-podaci-za-uzanu-prugu-lasva-gornji-vakuf-1964-godine\/tpp_lasva_gornji_vakuf-15\/\",\"alt\":\"\",\"description\":\"\",\"caption\":\"\",\"mime\":\"image\/jpeg\",\"type\":\"image\",\"width\":950,\"height\":654,\"sizes\":{\"full\":{\"url\":\"https:\/\/vremeplov.ba\/2025\/wp-content\/uploads\/2015\/12\/TPP_Lasva_Gornji_Vakuf-15.jpg\",\"height\":654,\"width\":950,\"orientation\":\"landscape\"}},\"imageMeta\":{\"aperture\":\"0\",\"credit\":\"Sre\u0107ko Ignjatovi\u0107 Sarajevo BiH\",\"camera\":\"\",\"caption\":\"\",\"created_timestamp\":\"0\",\"copyright\":\"www.photogalerija.com\",\"focal_length\":\"0\",\"iso\":\"0\",\"shutter_speed\":\"0\",\"title\":\"\",\"orientation\":\"1\",\"keywords\":[\"Tehni\u0107ki podaci\",\"\u0161eme stanica\",\"La\u0161va\",\"Gornji Vakuf\",\"Busova\u0107a\",\"Vitez\",\"Bila\",\"Travnik\",\"Dolac\",\"Komar\",\"Bugojno\"]},\"meta\":false,\"postlink\":\"https:\/\/vremeplov.ba\/2025\/2015\/12\/01\/tehnicki-podaci-za-uzanu-prugu-lasva-gornji-vakuf-1964-godine\/tpp_lasva_gornji_vakuf-15\/\"},{\"id\":28675,\"title\":\"TPP_Lasva_Gornji_Vakuf-16\",\"url\":\"https:\/\/vremeplov.ba\/2025\/wp-content\/uploads\/2015\/12\/TPP_Lasva_Gornji_Vakuf-16.jpg\",\"link\":\"https:\/\/vremeplov.ba\/2025\/2015\/12\/01\/tehnicki-podaci-za-uzanu-prugu-lasva-gornji-vakuf-1964-godine\/tpp_lasva_gornji_vakuf-16\/\",\"alt\":\"\",\"description\":\"\",\"caption\":\"\",\"mime\":\"image\/jpeg\",\"type\":\"image\",\"width\":950,\"height\":712,\"sizes\":{\"full\":{\"url\":\"https:\/\/vremeplov.ba\/2025\/wp-content\/uploads\/2015\/12\/TPP_Lasva_Gornji_Vakuf-16.jpg\",\"height\":712,\"width\":950,\"orientation\":\"landscape\"}},\"imageMeta\":{\"aperture\":\"0\",\"credit\":\"Sre\u0107ko Ignjatovi\u0107 Sarajevo BiH\",\"camera\":\"\",\"caption\":\"\",\"created_timestamp\":\"0\",\"copyright\":\"www.photogalerija.com\",\"focal_length\":\"0\",\"iso\":\"0\",\"shutter_speed\":\"0\",\"title\":\"\",\"orientation\":\"1\",\"keywords\":[\"Tehni\u0107ki podaci\",\"\u0161eme stanica\",\"La\u0161va\",\"Gornji Vakuf\",\"Busova\u0107a\",\"Vitez\",\"Bila\",\"Travnik\",\"Dolac\",\"Komar\",\"Bugojno\"]},\"meta\":false,\"postlink\":\"https:\/\/vremeplov.ba\/2025\/2015\/12\/01\/tehnicki-podaci-za-uzanu-prugu-lasva-gornji-vakuf-1964-godine\/tpp_lasva_gornji_vakuf-16\/\"},{\"id\":28676,\"title\":\"TPP_Lasva_Gornji_Vakuf-17\",\"url\":\"https:\/\/vremeplov.ba\/2025\/wp-content\/uploads\/2015\/12\/TPP_Lasva_Gornji_Vakuf-17.jpg\",\"link\":\"https:\/\/vremeplov.ba\/2025\/2015\/12\/01\/tehnicki-podaci-za-uzanu-prugu-lasva-gornji-vakuf-1964-godine\/tpp_lasva_gornji_vakuf-17\/\",\"alt\":\"\",\"description\":\"\",\"caption\":\"\",\"mime\":\"image\/jpeg\",\"type\":\"image\",\"width\":1890,\"height\":1315,\"sizes\":{\"full\":{\"url\":\"https:\/\/vremeplov.ba\/2025\/wp-content\/uploads\/2015\/12\/TPP_Lasva_Gornji_Vakuf-17.jpg\",\"height\":1315,\"width\":1890,\"orientation\":\"landscape\"}},\"imageMeta\":{\"aperture\":\"0\",\"credit\":\"Sre\u0107ko Ignjatovi\u0107 Sarajevo BiH\",\"camera\":\"\",\"caption\":\"\",\"created_timestamp\":\"0\",\"copyright\":\"www.photogalerija.com\",\"focal_length\":\"0\",\"iso\":\"0\",\"shutter_speed\":\"0\",\"title\":\"\",\"orientation\":\"1\",\"keywords\":[\"Tehni\u0107ki podaci\",\"\u0161eme stanica\",\"La\u0161va\",\"Gornji Vakuf\",\"Busova\u0107a\",\"Vitez\",\"Bila\",\"Travnik\",\"Dolac\",\"Komar\",\"Bugojno\"]},\"meta\":false,\"postlink\":\"https:\/\/vremeplov.ba\/2025\/2015\/12\/01\/tehnicki-podaci-za-uzanu-prugu-lasva-gornji-vakuf-1964-godine\/tpp_lasva_gornji_vakuf-17\/\"},{\"id\":28677,\"title\":\"TPP_Lasva_Gornji_Vakuf-18\",\"url\":\"https:\/\/vremeplov.ba\/2025\/wp-content\/uploads\/2015\/12\/TPP_Lasva_Gornji_Vakuf-18.jpg\",\"link\":\"https:\/\/vremeplov.ba\/2025\/2015\/12\/01\/tehnicki-podaci-za-uzanu-prugu-lasva-gornji-vakuf-1964-godine\/tpp_lasva_gornji_vakuf-18\/\",\"alt\":\"\",\"description\":\"\",\"caption\":\"\",\"mime\":\"image\/jpeg\",\"type\":\"image\",\"width\":950,\"height\":591,\"sizes\":{\"full\":{\"url\":\"https:\/\/vremeplov.ba\/2025\/wp-content\/uploads\/2015\/12\/TPP_Lasva_Gornji_Vakuf-18.jpg\",\"height\":591,\"width\":950,\"orientation\":\"landscape\"}},\"imageMeta\":{\"aperture\":\"0\",\"credit\":\"Sre\u0107ko Ignjatovi\u0107 Sarajevo BiH\",\"camera\":\"\",\"caption\":\"\",\"created_timestamp\":\"0\",\"copyright\":\"www.photogalerija.com\",\"focal_length\":\"0\",\"iso\":\"0\",\"shutter_speed\":\"0\",\"title\":\"\",\"orientation\":\"1\",\"keywords\":[\"Tehni\u0107ki podaci\",\"\u0161eme stanica\",\"La\u0161va\",\"Gornji Vakuf\",\"Busova\u0107a\",\"Vitez\",\"Bila\",\"Travnik\",\"Dolac\",\"Komar\",\"Bugojno\"]},\"meta\":false,\"postlink\":\"https:\/\/vremeplov.ba\/2025\/2015\/12\/01\/tehnicki-podaci-za-uzanu-prugu-lasva-gornji-vakuf-1964-godine\/tpp_lasva_gornji_vakuf-18\/\"},{\"id\":28678,\"title\":\"TPP_Lasva_Gornji_Vakuf-19\",\"url\":\"https:\/\/vremeplov.ba\/2025\/wp-content\/uploads\/2015\/12\/TPP_Lasva_Gornji_Vakuf-19.jpg\",\"link\":\"https:\/\/vremeplov.ba\/2025\/2015\/12\/01\/tehnicki-podaci-za-uzanu-prugu-lasva-gornji-vakuf-1964-godine\/tpp_lasva_gornji_vakuf-19\/\",\"alt\":\"\",\"description\":\"\",\"caption\":\"\",\"mime\":\"image\/jpeg\",\"type\":\"image\",\"width\":1890,\"height\":1271,\"sizes\":{\"full\":{\"url\":\"https:\/\/vremeplov.ba\/2025\/wp-content\/uploads\/2015\/12\/TPP_Lasva_Gornji_Vakuf-19.jpg\",\"height\":1271,\"width\":1890,\"orientation\":\"landscape\"}},\"imageMeta\":{\"aperture\":\"0\",\"credit\":\"Sre\u0107ko Ignjatovi\u0107 Sarajevo BiH\",\"camera\":\"\",\"caption\":\"\",\"created_timestamp\":\"0\",\"copyright\":\"www.photogalerija.com\",\"focal_length\":\"0\",\"iso\":\"0\",\"shutter_speed\":\"0\",\"title\":\"\",\"orientation\":\"1\",\"keywords\":[\"Tehni\u0107ki podaci\",\"\u0161eme stanica\",\"La\u0161va\",\"Gornji Vakuf\",\"Busova\u0107a\",\"Vitez\",\"Bila\",\"Travnik\",\"Dolac\",\"Komar\",\"Bugojno\"]},\"meta\":false,\"postlink\":\"https:\/\/vremeplov.ba\/2025\/2015\/12\/01\/tehnicki-podaci-za-uzanu-prugu-lasva-gornji-vakuf-1964-godine\/tpp_lasva_gornji_vakuf-19\/\"},{\"id\":28679,\"title\":\"TPP_Lasva_Gornji_Vakuf-20\",\"url\":\"https:\/\/vremeplov.ba\/2025\/wp-content\/uploads\/2015\/12\/TPP_Lasva_Gornji_Vakuf-20.jpg\",\"link\":\"https:\/\/vremeplov.ba\/2025\/2015\/12\/01\/tehnicki-podaci-za-uzanu-prugu-lasva-gornji-vakuf-1964-godine\/tpp_lasva_gornji_vakuf-20\/\",\"alt\":\"\",\"description\":\"\",\"caption\":\"\",\"mime\":\"image\/jpeg\",\"type\":\"image\",\"width\":950,\"height\":473,\"sizes\":{\"full\":{\"url\":\"https:\/\/vremeplov.ba\/2025\/wp-content\/uploads\/2015\/12\/TPP_Lasva_Gornji_Vakuf-20.jpg\",\"height\":473,\"width\":950,\"orientation\":\"landscape\"}},\"imageMeta\":{\"aperture\":\"0\",\"credit\":\"Sre\u0107ko Ignjatovi\u0107 Sarajevo BiH\",\"camera\":\"\",\"caption\":\"\",\"created_timestamp\":\"0\",\"copyright\":\"www.photogalerija.com\",\"focal_length\":\"0\",\"iso\":\"0\",\"shutter_speed\":\"0\",\"title\":\"\",\"orientation\":\"1\",\"keywords\":[\"Tehni\u0107ki podaci\",\"\u0161eme stanica\",\"La\u0161va\",\"Gornji Vakuf\",\"Busova\u0107a\",\"Vitez\",\"Bila\",\"Travnik\",\"Dolac\",\"Komar\",\"Bugojno\"]},\"meta\":false,\"postlink\":\"https:\/\/vremeplov.ba\/2025\/2015\/12\/01\/tehnicki-podaci-za-uzanu-prugu-lasva-gornji-vakuf-1964-godine\/tpp_lasva_gornji_vakuf-20\/\"},{\"id\":28680,\"title\":\"TPP_Lasva_Gornji_Vakuf-21\",\"url\":\"https:\/\/vremeplov.ba\/2025\/wp-content\/uploads\/2015\/12\/TPP_Lasva_Gornji_Vakuf-21.jpg\",\"link\":\"https:\/\/vremeplov.ba\/2025\/2015\/12\/01\/tehnicki-podaci-za-uzanu-prugu-lasva-gornji-vakuf-1964-godine\/tpp_lasva_gornji_vakuf-21\/\",\"alt\":\"\",\"description\":\"\",\"caption\":\"\",\"mime\":\"image\/jpeg\",\"type\":\"image\",\"width\":1890,\"height\":1322,\"sizes\":{\"full\":{\"url\":\"https:\/\/vremeplov.ba\/2025\/wp-content\/uploads\/2015\/12\/TPP_Lasva_Gornji_Vakuf-21.jpg\",\"height\":1322,\"width\":1890,\"orientation\":\"landscape\"}},\"imageMeta\":{\"aperture\":\"0\",\"credit\":\"Sre\u0107ko Ignjatovi\u0107 Sarajevo BiH\",\"camera\":\"\",\"caption\":\"\",\"created_timestamp\":\"0\",\"copyright\":\"www.photogalerija.com\",\"focal_length\":\"0\",\"iso\":\"0\",\"shutter_speed\":\"0\",\"title\":\"\",\"orientation\":\"1\",\"keywords\":[\"Tehni\u0107ki podaci\",\"\u0161eme stanica\",\"La\u0161va\",\"Gornji Vakuf\",\"Busova\u0107a\",\"Vitez\",\"Bila\",\"Travnik\",\"Dolac\",\"Komar\",\"Bugojno\"]},\"meta\":false,\"postlink\":\"https:\/\/vremeplov.ba\/2025\/2015\/12\/01\/tehnicki-podaci-za-uzanu-prugu-lasva-gornji-vakuf-1964-godine\/tpp_lasva_gornji_vakuf-21\/\"},{\"id\":28681,\"title\":\"TPP_Lasva_Gornji_Vakuf-22\",\"url\":\"https:\/\/vremeplov.ba\/2025\/wp-content\/uploads\/2015\/12\/TPP_Lasva_Gornji_Vakuf-22.jpg\",\"link\":\"https:\/\/vremeplov.ba\/2025\/2015\/12\/01\/tehnicki-podaci-za-uzanu-prugu-lasva-gornji-vakuf-1964-godine\/tpp_lasva_gornji_vakuf-22\/\",\"alt\":\"\",\"description\":\"\",\"caption\":\"\",\"mime\":\"image\/jpeg\",\"type\":\"image\",\"width\":950,\"height\":612,\"sizes\":{\"full\":{\"url\":\"https:\/\/vremeplov.ba\/2025\/wp-content\/uploads\/2015\/12\/TPP_Lasva_Gornji_Vakuf-22.jpg\",\"height\":612,\"width\":950,\"orientation\":\"landscape\"}},\"imageMeta\":{\"aperture\":\"0\",\"credit\":\"Sre\u0107ko Ignjatovi\u0107 Sarajevo BiH\",\"camera\":\"\",\"caption\":\"\",\"created_timestamp\":\"0\",\"copyright\":\"www.photogalerija.com\",\"focal_length\":\"0\",\"iso\":\"0\",\"shutter_speed\":\"0\",\"title\":\"\",\"orientation\":\"1\",\"keywords\":[\"Tehni\u0107ki podaci\",\"\u0161eme stanica\",\"La\u0161va\",\"Gornji Vakuf\",\"Busova\u0107a\",\"Vitez\",\"Bila\",\"Travnik\",\"Dolac\",\"Komar\",\"Bugojno\"]},\"meta\":false,\"postlink\":\"https:\/\/vremeplov.ba\/2025\/2015\/12\/01\/tehnicki-podaci-za-uzanu-prugu-lasva-gornji-vakuf-1964-godine\/tpp_lasva_gornji_vakuf-22\/\"},{\"id\":28682,\"title\":\"TPP_Lasva_Gornji_Vakuf-23\",\"url\":\"https:\/\/vremeplov.ba\/2025\/wp-content\/uploads\/2015\/12\/TPP_Lasva_Gornji_Vakuf-23.jpg\",\"link\":\"https:\/\/vremeplov.ba\/2025\/2015\/12\/01\/tehnicki-podaci-za-uzanu-prugu-lasva-gornji-vakuf-1964-godine\/tpp_lasva_gornji_vakuf-23\/\",\"alt\":\"\",\"description\":\"\",\"caption\":\"\",\"mime\":\"image\/jpeg\",\"type\":\"image\",\"width\":1890,\"height\":1300,\"sizes\":{\"full\":{\"url\":\"https:\/\/vremeplov.ba\/2025\/wp-content\/uploads\/2015\/12\/TPP_Lasva_Gornji_Vakuf-23.jpg\",\"height\":1300,\"width\":1890,\"orientation\":\"landscape\"}},\"imageMeta\":{\"aperture\":\"0\",\"credit\":\"Sre\u0107ko Ignjatovi\u0107 Sarajevo BiH\",\"camera\":\"\",\"caption\":\"\",\"created_timestamp\":\"0\",\"copyright\":\"www.photogalerija.com\",\"focal_length\":\"0\",\"iso\":\"0\",\"shutter_speed\":\"0\",\"title\":\"\",\"orientation\":\"1\",\"keywords\":[\"Tehni\u0107ki podaci\",\"\u0161eme stanica\",\"La\u0161va\",\"Gornji Vakuf\",\"Busova\u0107a\",\"Vitez\",\"Bila\",\"Travnik\",\"Dolac\",\"Komar\",\"Bugojno\"]},\"meta\":false,\"postlink\":\"https:\/\/vremeplov.ba\/2025\/2015\/12\/01\/tehnicki-podaci-za-uzanu-prugu-lasva-gornji-vakuf-1964-godine\/tpp_lasva_gornji_vakuf-23\/\"},{\"id\":28683,\"title\":\"TPP_Lasva_Gornji_Vakuf-24\",\"url\":\"https:\/\/vremeplov.ba\/2025\/wp-content\/uploads\/2015\/12\/TPP_Lasva_Gornji_Vakuf-24.jpg\",\"link\":\"https:\/\/vremeplov.ba\/2025\/2015\/12\/01\/tehnicki-podaci-za-uzanu-prugu-lasva-gornji-vakuf-1964-godine\/tpp_lasva_gornji_vakuf-24\/\",\"alt\":\"\",\"description\":\"\",\"caption\":\"\",\"mime\":\"image\/jpeg\",\"type\":\"image\",\"width\":950,\"height\":621,\"sizes\":{\"full\":{\"url\":\"https:\/\/vremeplov.ba\/2025\/wp-content\/uploads\/2015\/12\/TPP_Lasva_Gornji_Vakuf-24.jpg\",\"height\":621,\"width\":950,\"orientation\":\"landscape\"}},\"imageMeta\":{\"aperture\":\"0\",\"credit\":\"Sre\u0107ko Ignjatovi\u0107 Sarajevo BiH\",\"camera\":\"\",\"caption\":\"\",\"created_timestamp\":\"0\",\"copyright\":\"www.photogalerija.com\",\"focal_length\":\"0\",\"iso\":\"0\",\"shutter_speed\":\"0\",\"title\":\"\",\"orientation\":\"1\",\"keywords\":[\"Tehni\u0107ki podaci\",\"\u0161eme stanica\",\"La\u0161va\",\"Gornji Vakuf\",\"Busova\u0107a\",\"Vitez\",\"Bila\",\"Travnik\",\"Dolac\",\"Komar\",\"Bugojno\"]},\"meta\":false,\"postlink\":\"https:\/\/vremeplov.ba\/2025\/2015\/12\/01\/tehnicki-podaci-za-uzanu-prugu-lasva-gornji-vakuf-1964-godine\/tpp_lasva_gornji_vakuf-24\/\"},{\"id\":28684,\"title\":\"TPP_Lasva_Gornji_Vakuf-25\",\"url\":\"https:\/\/vremeplov.ba\/2025\/wp-content\/uploads\/2015\/12\/TPP_Lasva_Gornji_Vakuf-25.jpg\",\"link\":\"https:\/\/vremeplov.ba\/2025\/2015\/12\/01\/tehnicki-podaci-za-uzanu-prugu-lasva-gornji-vakuf-1964-godine\/tpp_lasva_gornji_vakuf-25\/\",\"alt\":\"\",\"description\":\"\",\"caption\":\"\",\"mime\":\"image\/jpeg\",\"type\":\"image\",\"width\":1890,\"height\":1300,\"sizes\":{\"full\":{\"url\":\"https:\/\/vremeplov.ba\/2025\/wp-content\/uploads\/2015\/12\/TPP_Lasva_Gornji_Vakuf-25.jpg\",\"height\":1300,\"width\":1890,\"orientation\":\"landscape\"}},\"imageMeta\":{\"aperture\":\"0\",\"credit\":\"Sre\u0107ko Ignjatovi\u0107 Sarajevo BiH\",\"camera\":\"\",\"caption\":\"\",\"created_timestamp\":\"0\",\"copyright\":\"www.photogalerija.com\",\"focal_length\":\"0\",\"iso\":\"0\",\"shutter_speed\":\"0\",\"title\":\"\",\"orientation\":\"1\",\"keywords\":[\"Tehni\u0107ki podaci\",\"\u0161eme stanica\",\"La\u0161va\",\"Gornji Vakuf\",\"Busova\u0107a\",\"Vitez\",\"Bila\",\"Travnik\",\"Dolac\",\"Komar\",\"Bugojno\"]},\"meta\":false,\"postlink\":\"https:\/\/vremeplov.ba\/2025\/2015\/12\/01\/tehnicki-podaci-za-uzanu-prugu-lasva-gornji-vakuf-1964-godine\/tpp_lasva_gornji_vakuf-25\/\"},{\"id\":28685,\"title\":\"TPP_Lasva_Gornji_Vakuf-26\",\"url\":\"https:\/\/vremeplov.ba\/2025\/wp-content\/uploads\/2015\/12\/TPP_Lasva_Gornji_Vakuf-26.jpg\",\"link\":\"https:\/\/vremeplov.ba\/2025\/2015\/12\/01\/tehnicki-podaci-za-uzanu-prugu-lasva-gornji-vakuf-1964-godine\/tpp_lasva_gornji_vakuf-26\/\",\"alt\":\"\",\"description\":\"\",\"caption\":\"\",\"mime\":\"image\/jpeg\",\"type\":\"image\",\"width\":950,\"height\":541,\"sizes\":{\"full\":{\"url\":\"https:\/\/vremeplov.ba\/2025\/wp-content\/uploads\/2015\/12\/TPP_Lasva_Gornji_Vakuf-26.jpg\",\"height\":541,\"width\":950,\"orientation\":\"landscape\"}},\"imageMeta\":{\"aperture\":\"0\",\"credit\":\"Sre\u0107ko Ignjatovi\u0107 Sarajevo BiH\",\"camera\":\"\",\"caption\":\"\",\"created_timestamp\":\"0\",\"copyright\":\"www.photogalerija.com\",\"focal_length\":\"0\",\"iso\":\"0\",\"shutter_speed\":\"0\",\"title\":\"\",\"orientation\":\"1\",\"keywords\":[\"Tehni\u0107ki podaci\",\"\u0161eme stanica\",\"La\u0161va\",\"Gornji Vakuf\",\"Busova\u0107a\",\"Vitez\",\"Bila\",\"Travnik\",\"Dolac\",\"Komar\",\"Bugojno\"]},\"meta\":false,\"postlink\":\"https:\/\/vremeplov.ba\/2025\/2015\/12\/01\/tehnicki-podaci-za-uzanu-prugu-lasva-gornji-vakuf-1964-godine\/tpp_lasva_gornji_vakuf-26\/\"},{\"id\":28686,\"title\":\"TPP_Lasva_Gornji_Vakuf-27\",\"url\":\"https:\/\/vremeplov.ba\/2025\/wp-content\/uploads\/2015\/12\/TPP_Lasva_Gornji_Vakuf-27.jpg\",\"link\":\"https:\/\/vremeplov.ba\/2025\/2015\/12\/01\/tehnicki-podaci-za-uzanu-prugu-lasva-gornji-vakuf-1964-godine\/tpp_lasva_gornji_vakuf-27\/\",\"alt\":\"\",\"description\":\"\",\"caption\":\"\",\"mime\":\"image\/jpeg\",\"type\":\"image\",\"width\":1890,\"height\":1257,\"sizes\":{\"full\":{\"url\":\"https:\/\/vremeplov.ba\/2025\/wp-content\/uploads\/2015\/12\/TPP_Lasva_Gornji_Vakuf-27.jpg\",\"height\":1257,\"width\":1890,\"orientation\":\"landscape\"}},\"imageMeta\":{\"aperture\":\"0\",\"credit\":\"Sre\u0107ko Ignjatovi\u0107 Sarajevo BiH\",\"camera\":\"\",\"caption\":\"\",\"created_timestamp\":\"0\",\"copyright\":\"www.photogalerija.com\",\"focal_length\":\"0\",\"iso\":\"0\",\"shutter_speed\":\"0\",\"title\":\"\",\"orientation\":\"1\",\"keywords\":[\"Tehni\u0107ki podaci\",\"\u0161eme stanica\",\"La\u0161va\",\"Gornji Vakuf\",\"Busova\u0107a\",\"Vitez\",\"Bila\",\"Travnik\",\"Dolac\",\"Komar\",\"Bugojno\"]},\"meta\":false,\"postlink\":\"https:\/\/vremeplov.ba\/2025\/2015\/12\/01\/tehnicki-podaci-za-uzanu-prugu-lasva-gornji-vakuf-1964-godine\/tpp_lasva_gornji_vakuf-27\/\"},{\"id\":28687,\"title\":\"TPP_Lasva_Gornji_Vakuf-28\",\"url\":\"https:\/\/vremeplov.ba\/2025\/wp-content\/uploads\/2015\/12\/TPP_Lasva_Gornji_Vakuf-28.jpg\",\"link\":\"https:\/\/vremeplov.ba\/2025\/2015\/12\/01\/tehnicki-podaci-za-uzanu-prugu-lasva-gornji-vakuf-1964-godine\/tpp_lasva_gornji_vakuf-28\/\",\"alt\":\"\",\"description\":\"\",\"caption\":\"\",\"mime\":\"image\/jpeg\",\"type\":\"image\",\"width\":950,\"height\":707,\"sizes\":{\"full\":{\"url\":\"https:\/\/vremeplov.ba\/2025\/wp-content\/uploads\/2015\/12\/TPP_Lasva_Gornji_Vakuf-28.jpg\",\"height\":707,\"width\":950,\"orientation\":\"landscape\"}},\"imageMeta\":{\"aperture\":\"0\",\"credit\":\"Sre\u0107ko Ignjatovi\u0107 Sarajevo BiH\",\"camera\":\"\",\"caption\":\"\",\"created_timestamp\":\"0\",\"copyright\":\"www.photogalerija.com\",\"focal_length\":\"0\",\"iso\":\"0\",\"shutter_speed\":\"0\",\"title\":\"\",\"orientation\":\"1\",\"keywords\":[\"Tehni\u0107ki podaci\",\"\u0161eme stanica\",\"La\u0161va\",\"Gornji Vakuf\",\"Busova\u0107a\",\"Vitez\",\"Bila\",\"Travnik\",\"Dolac\",\"Komar\",\"Bugojno\"]},\"meta\":false,\"postlink\":\"https:\/\/vremeplov.ba\/2025\/2015\/12\/01\/tehnicki-podaci-za-uzanu-prugu-lasva-gornji-vakuf-1964-godine\/tpp_lasva_gornji_vakuf-28\/\"},{\"id\":28688,\"title\":\"TPP_Lasva_Gornji_Vakuf-29\",\"url\":\"https:\/\/vremeplov.ba\/2025\/wp-content\/uploads\/2015\/12\/TPP_Lasva_Gornji_Vakuf-29.jpg\",\"link\":\"https:\/\/vremeplov.ba\/2025\/2015\/12\/01\/tehnicki-podaci-za-uzanu-prugu-lasva-gornji-vakuf-1964-godine\/tpp_lasva_gornji_vakuf-29\/\",\"alt\":\"\",\"description\":\"\",\"caption\":\"\",\"mime\":\"image\/jpeg\",\"type\":\"image\",\"width\":1890,\"height\":1300,\"sizes\":{\"full\":{\"url\":\"https:\/\/vremeplov.ba\/2025\/wp-content\/uploads\/2015\/12\/TPP_Lasva_Gornji_Vakuf-29.jpg\",\"height\":1300,\"width\":1890,\"orientation\":\"landscape\"}},\"imageMeta\":{\"aperture\":\"0\",\"credit\":\"Sre\u0107ko Ignjatovi\u0107 Sarajevo BiH\",\"camera\":\"\",\"caption\":\"\",\"created_timestamp\":\"0\",\"copyright\":\"www.photogalerija.com\",\"focal_length\":\"0\",\"iso\":\"0\",\"shutter_speed\":\"0\",\"title\":\"\",\"orientation\":\"1\",\"keywords\":[\"Tehni\u0107ki podaci\",\"\u0161eme stanica\",\"La\u0161va\",\"Gornji Vakuf\",\"Busova\u0107a\",\"Vitez\",\"Bila\",\"Travnik\",\"Dolac\",\"Komar\",\"Bugojno\"]},\"meta\":false,\"postlink\":\"https:\/\/vremeplov.ba\/2025\/2015\/12\/01\/tehnicki-podaci-za-uzanu-prugu-lasva-gornji-vakuf-1964-godine\/tpp_lasva_gornji_vakuf-29\/\"},{\"id\":28689,\"title\":\"TPP_Lasva_Gornji_Vakuf-30\",\"url\":\"https:\/\/vremeplov.ba\/2025\/wp-content\/uploads\/2015\/12\/TPP_Lasva_Gornji_Vakuf-30.jpg\",\"link\":\"https:\/\/vremeplov.ba\/2025\/2015\/12\/01\/tehnicki-podaci-za-uzanu-prugu-lasva-gornji-vakuf-1964-godine\/tpp_lasva_gornji_vakuf-30\/\",\"alt\":\"\",\"description\":\"\",\"caption\":\"\",\"mime\":\"image\/jpeg\",\"type\":\"image\",\"width\":950,\"height\":617,\"sizes\":{\"full\":{\"url\":\"https:\/\/vremeplov.ba\/2025\/wp-content\/uploads\/2015\/12\/TPP_Lasva_Gornji_Vakuf-30.jpg\",\"height\":617,\"width\":950,\"orientation\":\"landscape\"}},\"imageMeta\":{\"aperture\":\"0\",\"credit\":\"Sre\u0107ko Ignjatovi\u0107 Sarajevo BiH\",\"camera\":\"\",\"caption\":\"\",\"created_timestamp\":\"0\",\"copyright\":\"www.photogalerija.com\",\"focal_length\":\"0\",\"iso\":\"0\",\"shutter_speed\":\"0\",\"title\":\"\",\"orientation\":\"1\",\"keywords\":[\"Tehni\u0107ki podaci\",\"\u0161eme stanica\",\"La\u0161va\",\"Gornji Vakuf\",\"Busova\u0107a\",\"Vitez\",\"Bila\",\"Travnik\",\"Dolac\",\"Komar\",\"Bugojno\"]},\"meta\":false,\"postlink\":\"https:\/\/vremeplov.ba\/2025\/2015\/12\/01\/tehnicki-podaci-za-uzanu-prugu-lasva-gornji-vakuf-1964-godine\/tpp_lasva_gornji_vakuf-30\/\"},{\"id\":28690,\"title\":\"TPP_Lasva_Gornji_Vakuf-31\",\"url\":\"https:\/\/vremeplov.ba\/2025\/wp-content\/uploads\/2015\/12\/TPP_Lasva_Gornji_Vakuf-31.jpg\",\"link\":\"https:\/\/vremeplov.ba\/2025\/2015\/12\/01\/tehnicki-podaci-za-uzanu-prugu-lasva-gornji-vakuf-1964-godine\/tpp_lasva_gornji_vakuf-31\/\",\"alt\":\"\",\"description\":\"\",\"caption\":\"\",\"mime\":\"image\/jpeg\",\"type\":\"image\",\"width\":1890,\"height\":1314,\"sizes\":{\"full\":{\"url\":\"https:\/\/vremeplov.ba\/2025\/wp-content\/uploads\/2015\/12\/TPP_Lasva_Gornji_Vakuf-31.jpg\",\"height\":1314,\"width\":1890,\"orientation\":\"landscape\"}},\"imageMeta\":{\"aperture\":\"0\",\"credit\":\"Sre\u0107ko Ignjatovi\u0107 Sarajevo BiH\",\"camera\":\"\",\"caption\":\"\",\"created_timestamp\":\"0\",\"copyright\":\"www.photogalerija.com\",\"focal_length\":\"0\",\"iso\":\"0\",\"shutter_speed\":\"0\",\"title\":\"\",\"orientation\":\"1\",\"keywords\":[\"Tehni\u0107ki podaci\",\"\u0161eme stanica\",\"La\u0161va\",\"Gornji Vakuf\",\"Busova\u0107a\",\"Vitez\",\"Bila\",\"Travnik\",\"Dolac\",\"Komar\",\"Bugojno\"]},\"meta\":false,\"postlink\":\"https:\/\/vremeplov.ba\/2025\/2015\/12\/01\/tehnicki-podaci-za-uzanu-prugu-lasva-gornji-vakuf-1964-godine\/tpp_lasva_gornji_vakuf-31\/\"},{\"id\":28691,\"title\":\"TPP_Lasva_Gornji_Vakuf-32\",\"url\":\"https:\/\/vremeplov.ba\/2025\/wp-content\/uploads\/2015\/12\/TPP_Lasva_Gornji_Vakuf-32.jpg\",\"link\":\"https:\/\/vremeplov.ba\/2025\/2015\/12\/01\/tehnicki-podaci-za-uzanu-prugu-lasva-gornji-vakuf-1964-godine\/tpp_lasva_gornji_vakuf-32\/\",\"alt\":\"\",\"description\":\"\",\"caption\":\"\",\"mime\":\"image\/jpeg\",\"type\":\"image\",\"width\":950,\"height\":662,\"sizes\":{\"full\":{\"url\":\"https:\/\/vremeplov.ba\/2025\/wp-content\/uploads\/2015\/12\/TPP_Lasva_Gornji_Vakuf-32.jpg\",\"height\":662,\"width\":950,\"orientation\":\"landscape\"}},\"imageMeta\":{\"aperture\":\"0\",\"credit\":\"Sre\u0107ko Ignjatovi\u0107 Sarajevo BiH\",\"camera\":\"\",\"caption\":\"\",\"created_timestamp\":\"0\",\"copyright\":\"www.photogalerija.com\",\"focal_length\":\"0\",\"iso\":\"0\",\"shutter_speed\":\"0\",\"title\":\"\",\"orientation\":\"1\",\"keywords\":[\"Tehni\u0107ki podaci\",\"\u0161eme stanica\",\"La\u0161va\",\"Gornji Vakuf\",\"Busova\u0107a\",\"Vitez\",\"Bila\",\"Travnik\",\"Dolac\",\"Komar\",\"Bugojno\"]},\"meta\":false,\"postlink\":\"https:\/\/vremeplov.ba\/2025\/2015\/12\/01\/tehnicki-podaci-za-uzanu-prugu-lasva-gornji-vakuf-1964-godine\/tpp_lasva_gornji_vakuf-32\/\"},{\"id\":28692,\"title\":\"TPP_Lasva_Gornji_Vakuf-33\",\"url\":\"https:\/\/vremeplov.ba\/2025\/wp-content\/uploads\/2015\/12\/TPP_Lasva_Gornji_Vakuf-33.jpg\",\"link\":\"https:\/\/vremeplov.ba\/2025\/2015\/12\/01\/tehnicki-podaci-za-uzanu-prugu-lasva-gornji-vakuf-1964-godine\/tpp_lasva_gornji_vakuf-33\/\",\"alt\":\"\",\"description\":\"\",\"caption\":\"\",\"mime\":\"image\/jpeg\",\"type\":\"image\",\"width\":950,\"height\":662,\"sizes\":{\"full\":{\"url\":\"https:\/\/vremeplov.ba\/2025\/wp-content\/uploads\/2015\/12\/TPP_Lasva_Gornji_Vakuf-33.jpg\",\"height\":662,\"width\":950,\"orientation\":\"landscape\"}},\"imageMeta\":{\"aperture\":\"0\",\"credit\":\"Sre\u0107ko Ignjatovi\u0107 Sarajevo BiH\",\"camera\":\"\",\"caption\":\"\",\"created_timestamp\":\"0\",\"copyright\":\"www.photogalerija.com\",\"focal_length\":\"0\",\"iso\":\"0\",\"shutter_speed\":\"0\",\"title\":\"\",\"orientation\":\"1\",\"keywords\":[\"Tehni\u0107ki podaci\",\"\u0161eme stanica\",\"La\u0161va\",\"Gornji Vakuf\",\"Busova\u0107a\",\"Vitez\",\"Bila\",\"Travnik\",\"Dolac\",\"Komar\",\"Bugojno\"]},\"meta\":false,\"postlink\":\"https:\/\/vremeplov.ba\/2025\/2015\/12\/01\/tehnicki-podaci-za-uzanu-prugu-lasva-gornji-vakuf-1964-godine\/tpp_lasva_gornji_vakuf-33\/\"},{\"id\":28694,\"title\":\"TPP_Lasva_Gornji_Vakuf-34\",\"url\":\"https:\/\/vremeplov.ba\/2025\/wp-content\/uploads\/2015\/12\/TPP_Lasva_Gornji_Vakuf-34.jpg\",\"link\":\"https:\/\/vremeplov.ba\/2025\/2015\/12\/01\/tehnicki-podaci-za-uzanu-prugu-lasva-gornji-vakuf-1964-godine\/tpp_lasva_gornji_vakuf-34\/\",\"alt\":\"\",\"description\":\"\",\"caption\":\"\",\"mime\":\"image\/jpeg\",\"type\":\"image\",\"width\":1890,\"height\":1301,\"sizes\":{\"full\":{\"url\":\"https:\/\/vremeplov.ba\/2025\/wp-content\/uploads\/2015\/12\/TPP_Lasva_Gornji_Vakuf-34.jpg\",\"height\":1301,\"width\":1890,\"orientation\":\"landscape\"}},\"imageMeta\":{\"aperture\":\"0\",\"credit\":\"Sre\u0107ko Ignjatovi\u0107 Sarajevo BiH\",\"camera\":\"\",\"caption\":\"\",\"created_timestamp\":\"0\",\"copyright\":\"www.photogalerija.com\",\"focal_length\":\"0\",\"iso\":\"0\",\"shutter_speed\":\"0\",\"title\":\"\",\"orientation\":\"1\",\"keywords\":[\"Tehni\u0107ki podaci\",\"\u0161eme stanica\",\"La\u0161va\",\"Gornji Vakuf\",\"Busova\u0107a\",\"Vitez\",\"Bila\",\"Travnik\",\"Dolac\",\"Komar\",\"Bugojno\"]},\"meta\":false,\"postlink\":\"https:\/\/vremeplov.ba\/2025\/2015\/12\/01\/tehnicki-podaci-za-uzanu-prugu-lasva-gornji-vakuf-1964-godine\/tpp_lasva_gornji_vakuf-34\/\"},{\"id\":28695,\"title\":\"TPP_Lasva_Gornji_Vakuf-35\",\"url\":\"https:\/\/vremeplov.ba\/2025\/wp-content\/uploads\/2015\/12\/TPP_Lasva_Gornji_Vakuf-35.jpg\",\"link\":\"https:\/\/vremeplov.ba\/2025\/2015\/12\/01\/tehnicki-podaci-za-uzanu-prugu-lasva-gornji-vakuf-1964-godine\/tpp_lasva_gornji_vakuf-35\/\",\"alt\":\"\",\"description\":\"\",\"caption\":\"\",\"mime\":\"image\/jpeg\",\"type\":\"image\",\"width\":950,\"height\":576,\"sizes\":{\"full\":{\"url\":\"https:\/\/vremeplov.ba\/2025\/wp-content\/uploads\/2015\/12\/TPP_Lasva_Gornji_Vakuf-35.jpg\",\"height\":576,\"width\":950,\"orientation\":\"landscape\"}},\"imageMeta\":{\"aperture\":\"0\",\"credit\":\"Sre\u0107ko Ignjatovi\u0107 Sarajevo BiH\",\"camera\":\"\",\"caption\":\"\",\"created_timestamp\":\"0\",\"copyright\":\"www.photogalerija.com\",\"focal_length\":\"0\",\"iso\":\"0\",\"shutter_speed\":\"0\",\"title\":\"\",\"orientation\":\"1\",\"keywords\":[\"Tehni\u0107ki podaci\",\"\u0161eme stanica\",\"La\u0161va\",\"Gornji Vakuf\",\"Busova\u0107a\",\"Vitez\",\"Bila\",\"Travnik\",\"Dolac\",\"Komar\",\"Bugojno\"]},\"meta\":false,\"postlink\":\"https:\/\/vremeplov.ba\/2025\/2015\/12\/01\/tehnicki-podaci-za-uzanu-prugu-lasva-gornji-vakuf-1964-godine\/tpp_lasva_gornji_vakuf-35\/\"},{\"id\":28696,\"title\":\"TPP_Lasva_Gornji_Vakuf-36\",\"url\":\"https:\/\/vremeplov.ba\/2025\/wp-content\/uploads\/2015\/12\/TPP_Lasva_Gornji_Vakuf-36.jpg\",\"link\":\"https:\/\/vremeplov.ba\/2025\/2015\/12\/01\/tehnicki-podaci-za-uzanu-prugu-lasva-gornji-vakuf-1964-godine\/tpp_lasva_gornji_vakuf-36\/\",\"alt\":\"\",\"description\":\"\",\"caption\":\"\",\"mime\":\"image\/jpeg\",\"type\":\"image\",\"width\":1890,\"height\":1264,\"sizes\":{\"full\":{\"url\":\"https:\/\/vremeplov.ba\/2025\/wp-content\/uploads\/2015\/12\/TPP_Lasva_Gornji_Vakuf-36.jpg\",\"height\":1264,\"width\":1890,\"orientation\":\"landscape\"}},\"imageMeta\":{\"aperture\":\"0\",\"credit\":\"Sre\u0107ko Ignjatovi\u0107 Sarajevo BiH\",\"camera\":\"\",\"caption\":\"\",\"created_timestamp\":\"0\",\"copyright\":\"www.photogalerija.com\",\"focal_length\":\"0\",\"iso\":\"0\",\"shutter_speed\":\"0\",\"title\":\"\",\"orientation\":\"1\",\"keywords\":[\"Tehni\u0107ki podaci\",\"\u0161eme stanica\",\"La\u0161va\",\"Gornji Vakuf\",\"Busova\u0107a\",\"Vitez\",\"Bila\",\"Travnik\",\"Dolac\",\"Komar\",\"Bugojno\"]},\"meta\":false,\"postlink\":\"https:\/\/vremeplov.ba\/2025\/2015\/12\/01\/tehnicki-podaci-za-uzanu-prugu-lasva-gornji-vakuf-1964-godine\/tpp_lasva_gornji_vakuf-36\/\"},{\"id\":28697,\"title\":\"TPP_Lasva_Gornji_Vakuf-37\",\"url\":\"https:\/\/vremeplov.ba\/2025\/wp-content\/uploads\/2015\/12\/TPP_Lasva_Gornji_Vakuf-37.jpg\",\"link\":\"https:\/\/vremeplov.ba\/2025\/2015\/12\/01\/tehnicki-podaci-za-uzanu-prugu-lasva-gornji-vakuf-1964-godine\/tpp_lasva_gornji_vakuf-37\/\",\"alt\":\"\",\"description\":\"\",\"caption\":\"\",\"mime\":\"image\/jpeg\",\"type\":\"image\",\"width\":950,\"height\":629,\"sizes\":{\"full\":{\"url\":\"https:\/\/vremeplov.ba\/2025\/wp-content\/uploads\/2015\/12\/TPP_Lasva_Gornji_Vakuf-37.jpg\",\"height\":629,\"width\":950,\"orientation\":\"landscape\"}},\"imageMeta\":{\"aperture\":\"0\",\"credit\":\"Sre\u0107ko Ignjatovi\u0107 Sarajevo BiH\",\"camera\":\"\",\"caption\":\"\",\"created_timestamp\":\"0\",\"copyright\":\"www.photogalerija.com\",\"focal_length\":\"0\",\"iso\":\"0\",\"shutter_speed\":\"0\",\"title\":\"\",\"orientation\":\"1\",\"keywords\":[\"Tehni\u0107ki podaci\",\"\u0161eme stanica\",\"La\u0161va\",\"Gornji Vakuf\",\"Busova\u0107a\",\"Vitez\",\"Bila\",\"Travnik\",\"Dolac\",\"Komar\",\"Bugojno\"]},\"meta\":false,\"postlink\":\"https:\/\/vremeplov.ba\/2025\/2015\/12\/01\/tehnicki-podaci-za-uzanu-prugu-lasva-gornji-vakuf-1964-godine\/tpp_lasva_gornji_vakuf-37\/\"},{\"id\":28698,\"title\":\"TPP_Lasva_Gornji_Vakuf-38\",\"url\":\"https:\/\/vremeplov.ba\/2025\/wp-content\/uploads\/2015\/12\/TPP_Lasva_Gornji_Vakuf-38.jpg\",\"link\":\"https:\/\/vremeplov.ba\/2025\/2015\/12\/01\/tehnicki-podaci-za-uzanu-prugu-lasva-gornji-vakuf-1964-godine\/tpp_lasva_gornji_vakuf-38\/\",\"alt\":\"\",\"description\":\"\",\"caption\":\"\",\"mime\":\"image\/jpeg\",\"type\":\"image\",\"width\":1890,\"height\":1642,\"sizes\":{\"full\":{\"url\":\"https:\/\/vremeplov.ba\/2025\/wp-content\/uploads\/2015\/12\/TPP_Lasva_Gornji_Vakuf-38.jpg\",\"height\":1642,\"width\":1890,\"orientation\":\"landscape\"}},\"imageMeta\":{\"aperture\":\"0\",\"credit\":\"Sre\u0107ko Ignjatovi\u0107 Sarajevo BiH\",\"camera\":\"\",\"caption\":\"\",\"created_timestamp\":\"0\",\"copyright\":\"www.photogalerija.com\",\"focal_length\":\"0\",\"iso\":\"0\",\"shutter_speed\":\"0\",\"title\":\"\",\"orientation\":\"1\",\"keywords\":[\"Tehni\u0107ki podaci\",\"\u0161eme stanica\",\"La\u0161va\",\"Gornji Vakuf\",\"Busova\u0107a\",\"Vitez\",\"Bila\",\"Travnik\",\"Dolac\",\"Komar\",\"Bugojno\"]},\"meta\":false,\"postlink\":\"https:\/\/vremeplov.ba\/2025\/2015\/12\/01\/tehnicki-podaci-za-uzanu-prugu-lasva-gornji-vakuf-1964-godine\/tpp_lasva_gornji_vakuf-38\/\"},{\"id\":28699,\"title\":\"TPP_Lasva_Gornji_Vakuf-39\",\"url\":\"https:\/\/vremeplov.ba\/2025\/wp-content\/uploads\/2015\/12\/TPP_Lasva_Gornji_Vakuf-39.jpg\",\"link\":\"https:\/\/vremeplov.ba\/2025\/2015\/12\/01\/tehnicki-podaci-za-uzanu-prugu-lasva-gornji-vakuf-1964-godine\/tpp_lasva_gornji_vakuf-39\/\",\"alt\":\"\",\"description\":\"\",\"caption\":\"\",\"mime\":\"image\/jpeg\",\"type\":\"image\",\"width\":950,\"height\":556,\"sizes\":{\"full\":{\"url\":\"https:\/\/vremeplov.ba\/2025\/wp-content\/uploads\/2015\/12\/TPP_Lasva_Gornji_Vakuf-39.jpg\",\"height\":556,\"width\":950,\"orientation\":\"landscape\"}},\"imageMeta\":{\"aperture\":\"0\",\"credit\":\"Sre\u0107ko Ignjatovi\u0107 Sarajevo BiH\",\"camera\":\"\",\"caption\":\"\",\"created_timestamp\":\"0\",\"copyright\":\"www.photogalerija.com\",\"focal_length\":\"0\",\"iso\":\"0\",\"shutter_speed\":\"0\",\"title\":\"\",\"orientation\":\"1\",\"keywords\":[\"Tehni\u0107ki podaci\",\"\u0161eme stanica\",\"La\u0161va\",\"Gornji Vakuf\",\"Busova\u0107a\",\"Vitez\",\"Bila\",\"Travnik\",\"Dolac\",\"Komar\",\"Bugojno\"]},\"meta\":false,\"postlink\":\"https:\/\/vremeplov.ba\/2025\/2015\/12\/01\/tehnicki-podaci-za-uzanu-prugu-lasva-gornji-vakuf-1964-godine\/tpp_lasva_gornji_vakuf-39\/\"},{\"id\":28700,\"title\":\"TPP_Lasva_Gornji_Vakuf-40\",\"url\":\"https:\/\/vremeplov.ba\/2025\/wp-content\/uploads\/2015\/12\/TPP_Lasva_Gornji_Vakuf-40.jpg\",\"link\":\"https:\/\/vremeplov.ba\/2025\/2015\/12\/01\/tehnicki-podaci-za-uzanu-prugu-lasva-gornji-vakuf-1964-godine\/tpp_lasva_gornji_vakuf-40\/\",\"alt\":\"\",\"description\":\"\",\"caption\":\"\",\"mime\":\"image\/jpeg\",\"type\":\"image\",\"width\":950,\"height\":566,\"sizes\":{\"full\":{\"url\":\"https:\/\/vremeplov.ba\/2025\/wp-content\/uploads\/2015\/12\/TPP_Lasva_Gornji_Vakuf-40.jpg\",\"height\":566,\"width\":950,\"orientation\":\"landscape\"}},\"imageMeta\":{\"aperture\":\"0\",\"credit\":\"Sre\u0107ko Ignjatovi\u0107 Sarajevo BiH\",\"camera\":\"\",\"caption\":\"\",\"created_timestamp\":\"0\",\"copyright\":\"www.photogalerija.com\",\"focal_length\":\"0\",\"iso\":\"0\",\"shutter_speed\":\"0\",\"title\":\"\",\"orientation\":\"1\",\"keywords\":[\"Tehni\u0107ki podaci\",\"\u0161eme stanica\",\"La\u0161va\",\"Gornji Vakuf\",\"Busova\u0107a\",\"Vitez\",\"Bila\",\"Travnik\",\"Dolac\",\"Komar\",\"Bugojno\"]},\"meta\":false,\"postlink\":\"https:\/\/vremeplov.ba\/2025\/2015\/12\/01\/tehnicki-podaci-za-uzanu-prugu-lasva-gornji-vakuf-1964-godine\/tpp_lasva_gornji_vakuf-40\/\"},{\"id\":28701,\"title\":\"TPP_Lasva_Gornji_Vakuf-41\",\"url\":\"https:\/\/vremeplov.ba\/2025\/wp-content\/uploads\/2015\/12\/TPP_Lasva_Gornji_Vakuf-41.jpg\",\"link\":\"https:\/\/vremeplov.ba\/2025\/2015\/12\/01\/tehnicki-podaci-za-uzanu-prugu-lasva-gornji-vakuf-1964-godine\/tpp_lasva_gornji_vakuf-41\/\",\"alt\":\"\",\"description\":\"\",\"caption\":\"\",\"mime\":\"image\/jpeg\",\"type\":\"image\",\"width\":2362,\"height\":1097,\"sizes\":{\"full\":{\"url\":\"https:\/\/vremeplov.ba\/2025\/wp-content\/uploads\/2015\/12\/TPP_Lasva_Gornji_Vakuf-41.jpg\",\"height\":1097,\"width\":2362,\"orientation\":\"landscape\"}},\"imageMeta\":{\"aperture\":\"0\",\"credit\":\"Sre\u0107ko Ignjatovi\u0107 Sarajevo BiH\",\"camera\":\"\",\"caption\":\"\",\"created_timestamp\":\"1448882862\",\"copyright\":\"www.photogalerija.com\",\"focal_length\":\"0\",\"iso\":\"0\",\"shutter_speed\":\"0\",\"title\":\"\",\"orientation\":\"1\",\"keywords\":[\"Tehni\u0107ki podaci\",\"\u0161eme stanica\",\"La\u0161va\",\"Gornji Vakuf\",\"Busova\u0107a\",\"Vitez\",\"Bila\",\"Travnik\",\"Dolac\",\"Komar\",\"Bugojno\"]},\"meta\":false,\"postlink\":\"https:\/\/vremeplov.ba\/2025\/2015\/12\/01\/tehnicki-podaci-za-uzanu-prugu-lasva-gornji-vakuf-1964-godine\/tpp_lasva_gornji_vakuf-41\/\"}],\"hasCustomCSS\":false,\"customCSS\":\"\",\"otterConditions\":[],\"itemsMetaDataCollection\":[]}<\/script><script>(function(){if(window.PGC_SGB && window.PGC_SGB.searcher){window.PGC_SGB.searcher.initBlocks()}})()<\/script><\/div>","protected":false},"excerpt":{"rendered":"<p>Objavljujemo tehni\u010dku knji\u017eicu za uzanu prugu (uzdu\u017eni profil) La\u0161va \u2013 Gornji Vakuf u realizaciji \u017dTP-a Sarajevo, stanje na dan 01.01.1964. godine. Ovdje mo\u017eete pogledati administrativnu podjelu odr\u017eavanja (Sekcija ZOP-a), nadziranja (po Srezovima) i \u010duvanja (zgrada, tunela i mostova). Isto tako postoje \u0161eme stanica, tipovi \u0161ina, industrijski kolosijeci, tip skretnica, skice mostova, tunela, nadvo\u017enjaka, podaci o&hellip;&nbsp;<a href=\"https:\/\/vremeplov.ba\/2025\/2015\/12\/01\/tehnicki-podaci-za-uzanu-prugu-lasva-gornji-vakuf-1964-godine\/\" rel=\"bookmark\">Read More &raquo;<span class=\"screen-reader-text\">Tehni\u010dki podaci za uzanu prugu La\u0161va \u2013 Gornji Vakuf, 1964. godine<\/span><\/a><\/p>\n","protected":false},"author":2,"featured_media":0,"comment_status":"open","ping_status":"closed","sticky":false,"template":"","format":"standard","meta":{"give_campaign_id":0,"neve_meta_sidebar":"","neve_meta_container":"","neve_meta_enable_content_width":"","neve_meta_content_width":0,"neve_meta_title_alignment":"","neve_meta_author_avatar":"","neve_post_elements_order":"","neve_meta_disable_header":"","neve_meta_disable_footer":"","neve_meta_disable_title":"","ngg_post_thumbnail":0,"pgc_sgb_lightbox_settings":"","_themeisle_gutenberg_block_has_review":false,"footnotes":""},"categories":[29,24],"tags":[],"class_list":["post-9796","post","type-post","status-publish","format-standard","hentry","category-uzduzni-profili-pruga-tehnicka-dokumentacija","category-zeljeznicko-stivo"],"_links":{"self":[{"href":"https:\/\/vremeplov.ba\/2025\/wp-json\/wp\/v2\/posts\/9796","targetHints":{"allow":["GET"]}}],"collection":[{"href":"https:\/\/vremeplov.ba\/2025\/wp-json\/wp\/v2\/posts"}],"about":[{"href":"https:\/\/vremeplov.ba\/2025\/wp-json\/wp\/v2\/types\/post"}],"author":[{"embeddable":true,"href":"https:\/\/vremeplov.ba\/2025\/wp-json\/wp\/v2\/users\/2"}],"replies":[{"embeddable":true,"href":"https:\/\/vremeplov.ba\/2025\/wp-json\/wp\/v2\/comments?post=9796"}],"version-history":[{"count":2,"href":"https:\/\/vremeplov.ba\/2025\/wp-json\/wp\/v2\/posts\/9796\/revisions"}],"predecessor-version":[{"id":35390,"href":"https:\/\/vremeplov.ba\/2025\/wp-json\/wp\/v2\/posts\/9796\/revisions\/35390"}],"wp:attachment":[{"href":"https:\/\/vremeplov.ba\/2025\/wp-json\/wp\/v2\/media?parent=9796"}],"wp:term":[{"taxonomy":"category","embeddable":true,"href":"https:\/\/vremeplov.ba\/2025\/wp-json\/wp\/v2\/categories?post=9796"},{"taxonomy":"post_tag","embeddable":true,"href":"https:\/\/vremeplov.ba\/2025\/wp-json\/wp\/v2\/tags?post=9796"}],"curies":[{"name":"wp","href":"https:\/\/api.w.org\/{rel}","templated":true}]}}